{"id":11614,"date":"2023-01-10T06:28:58","date_gmt":"2023-01-10T09:28:58","guid":{"rendered":"https:\/?p=11614"},"modified":"2023-01-10T06:28:58","modified_gmt":"2023-01-10T09:28:58","slug":"prefeituras-de-cidades-pequenas-questionam-reducao-do-fpm-na-justica","status":"publish","type":"post","link":"https:\/\/serrafm879.com.br\/serrafm\/2023\/01\/prefeituras-de-cidades-pequenas-questionam-reducao-do-fpm-na-justica\/","title":{"rendered":"Prefeituras de cidades pequenas questionam redu\u00e7\u00e3o do FPM na Justi\u00e7a"},"content":{"rendered":"<p>Mais de 860 munic\u00edpios brasileiros ser\u00e3o prejudicados com a diminui\u00e7\u00e3o do repasse da primeira parcela do Fundo de Participa\u00e7\u00e3o dos Munic\u00edpios, o FPM, a partir desta ter\u00e7a-feira (10). O impasse veio \u00e0 baila ap\u00f3s decis\u00e3o do Tribunal de Contas da Uni\u00e3o, o TCU, de considerar a recontagem populacional do IBGE atualizada at\u00e9 25 de dezembro. O resultado do censo populacional \u00e9 requisito b\u00e1sico para a distribui\u00e7\u00e3o da verba federal.<\/p>\n<p>S\u00f3 na Bahia, s\u00e3o 101 munic\u00edpios que ter\u00e3o seus or\u00e7amentos comprometidos diante da decis\u00e3o do TCU. Uma dessas cidades, Central, pode perder recurso de R$ 600 mil mensais, impactando diretamente nos servi\u00e7os de sa\u00fade. \u00c9 o que diz o prefeito Jos\u00e9 Wilker, que j\u00e1 est\u00e1 pensando num plano B para, caso n\u00e3o consiga reverter a situa\u00e7\u00e3o. Segundo informa\u00e7\u00f5es da Uni\u00e3o de Munic\u00edpios da Bahia, a UPB, esses mais de 100 munic\u00edpios podem perder at\u00e9 R$ 467 milh\u00f5es do FPM em 2023.<\/p>\n<p>\u201cEssa baixa pode chegar at\u00e9 600 mil reais por m\u00eas, ent\u00e3o estamos bem preocupados, porque somos uma cidade pobre, que vive praticamente do FPM, n\u00e3o tem outra fonte. Estamos preocupados e correndo atr\u00e1s para ver se resolve essa problem\u00e1tica\u201d, lamenta. \u201cInfelizmente, diminuindo esse recurso, a gente vai ter que transformar o nosso hospital numa grande UPA, s\u00f3 de regula\u00e7\u00e3o, chegou paciente, regulou, porque a gente n\u00e3o vai ter capacidade nem de internamento\u201d, destaca.<\/p>\n<p>Prefeito da vizinha Barra, Artur Silva Filho tamb\u00e9m lamenta a decis\u00e3o do TCU que pode prejudicar o or\u00e7amento da cidade, j\u00e1 comprometido com a verba do Fundo de Participa\u00e7\u00e3o dos Munic\u00edpios. Para driblar o impasse, j\u00e1 marcou uma reuni\u00e3o com a equipe do IBGE para encontrar uma sa\u00edda positiva.<\/p>\n<p>\u201cComo n\u00e3o temos receita pr\u00f3pria, basicamente recebemos essas transfer\u00eancias constitucionais e o FPM \u00e9 o principal deles, um recurso bastante significativo que aplicamos na sa\u00fade, educa\u00e7\u00e3o. Onde precisam mais, a gente aplica\u201d, explica. \u201c\u00c9 uma decis\u00e3o que complica a vida dos munic\u00edpios, por isso estamos ajudando o IBGE com nossa estrutura para que eles estejam nos locais mais distantes da cidade e possam cadastrar as pessoas. Queremos fazer um pente fino neste levantamento para manter esse valor de R$ 600 mil que a gente ganhava do FPM\u201d, diz.<span id=\"more-124320\"><\/span><\/p>\n<p>A Uni\u00e3o dos Munic\u00edpios da Bahia, a UPB, entrou com uma a\u00e7\u00e3o coletiva na Justi\u00e7a Federal para evitar a queda nos repasses do Fundo de Participa\u00e7\u00e3o dos Munic\u00edpios, mas o pedido foi negado no plant\u00e3o deste fim de semana. A orienta\u00e7\u00e3o da associa\u00e7\u00e3o agora \u00e9 de que cada prefeitura fa\u00e7a um pedido de liminar contestando a decis\u00e3o at\u00e9 o dia 27 de janeiro. De acordo com a UPB, algumas cidades baianas, como Brej\u00f5es e Nilo Pe\u00e7anha, venceram a queda de bra\u00e7o.<\/p>\n<p>\u201cA UPB tem dado todos os suportes aos munic\u00edpios, desde a quest\u00e3o jur\u00eddica e administrativa e j\u00e1 entramos com o pedido de liminar conjunta, infelizmente foi negado, foi uma surpresa para n\u00f3s o TCU aceitar a estimativa do IBGE, haja vista que, na maioria dos munic\u00edpios brasileiros, n\u00e3o foi conclu\u00eddo o censo, um censo cal\u00e7a curta\u201d, desabafa o vice-presidente da UPB e prefeito da cidade de Belo Campo, Jos\u00e9 Henrique Tigre. \u201cMas se Deus quiser vamos vencer essas quest\u00f5es, unidos n\u00f3s podemos muito mais, alguns munic\u00edpios venceram individualmente com o pedido de liminares e acredito que solucionaremos esse problema\u201d, enfatiza.<\/p>\n","protected":false},"excerpt":{"rendered":"<p>Mais de 860 munic\u00edpios brasileiros ser\u00e3o prejudicados com a diminui\u00e7\u00e3o do repasse da primeira parcela do Fundo de Participa\u00e7\u00e3o dos Munic\u00edpios, o FPM, a partir desta ter\u00e7a-feira (10). O impasse veio \u00e0 baila ap\u00f3s decis\u00e3o do Tribunal de Contas da Uni\u00e3o, o TCU, de considerar a recontagem populacional do IBGE atualizada at\u00e9 25 de dezembro. O resultado do censo populacional \u00e9 requisito b\u00e1sico para a distribui\u00e7\u00e3o da verba federal. S\u00f3 na Bahia, s\u00e3o 101 munic\u00edpios que ter\u00e3o seus or\u00e7amentos comprometidos diante da decis\u00e3o do TCU. Uma dessas cidades, Central, pode perder recurso de R$ 600 mil mensais, impactando diretamente nos [&hellip;]<\/p>\n","protected":false},"author":2,"featured_media":8753,"comment_status":"open","ping_status":"open","sticky":false,"template":"","format":"standard","meta":{"_jetpack_memberships_contains_paid_content":false,"footnotes":"","jetpack_publicize_message":"","jetpack_publicize_feature_enabled":true,"jetpack_social_post_already_shared":true,"jetpack_social_options":{"image_generator_settings":{"template":"highway","enabled":false},"version":2}},"categories":[149],"tags":[],"class_list":["post-11614","post","type-post","status-publish","format-standard","has-post-thumbnail","hentry","category-brasil"],"jetpack_publicize_connections":[],"yoast_head":"<!-- This site is optimized with the Yoast SEO plugin v24.7 - https:\/\/yoast.com\/wordpress\/plugins\/seo\/ -->\n<title>Prefeituras de cidades pequenas questionam redu\u00e7\u00e3o do FPM na Justi\u00e7a - Serra FM 87,9<\/title>\n<meta name=\"robots\" content=\"index, follow, max-snippet:-1, max-image-preview:large, max-video-preview:-1\" \/>\n<link rel=\"canonical\" href=\"https:\/\/serrafm879.com.br\/serrafm\/2023\/01\/prefeituras-de-cidades-pequenas-questionam-reducao-do-fpm-na-justica\/\" \/>\n<meta property=\"og:locale\" content=\"pt_BR\" \/>\n<meta property=\"og:type\" content=\"article\" \/>\n<meta property=\"og:title\" content=\"Prefeituras de cidades pequenas questionam redu\u00e7\u00e3o do FPM na Justi\u00e7a - Serra FM 87,9\" \/>\n<meta property=\"og:description\" content=\"Mais de 860 munic\u00edpios brasileiros ser\u00e3o prejudicados com a diminui\u00e7\u00e3o do repasse da primeira parcela do Fundo de Participa\u00e7\u00e3o dos Munic\u00edpios, o FPM, a partir desta ter\u00e7a-feira (10). O impasse veio \u00e0 baila ap\u00f3s decis\u00e3o do Tribunal de Contas da Uni\u00e3o, o TCU, de considerar a recontagem populacional do IBGE atualizada at\u00e9 25 de dezembro. O resultado do censo populacional \u00e9 requisito b\u00e1sico para a distribui\u00e7\u00e3o da verba federal. S\u00f3 na Bahia, s\u00e3o 101 munic\u00edpios que ter\u00e3o seus or\u00e7amentos comprometidos diante da decis\u00e3o do TCU. Uma dessas cidades, Central, pode perder recurso de R$ 600 mil mensais, impactando diretamente nos [&hellip;]\" \/>\n<meta property=\"og:url\" content=\"https:\/\/serrafm879.com.br\/serrafm\/2023\/01\/prefeituras-de-cidades-pequenas-questionam-reducao-do-fpm-na-justica\/\" \/>\n<meta property=\"og:site_name\" content=\"Serra FM 87,9\" \/>\n<meta property=\"article:published_time\" content=\"2023-01-10T09:28:58+00:00\" \/>\n<meta property=\"og:image\" content=\"https:\/\/serrafm879.com.br\/serrafm\/wp-content\/uploads\/2022\/01\/real.jpg\" \/>\n\t<meta property=\"og:image:width\" content=\"1170\" \/>\n\t<meta property=\"og:image:height\" content=\"700\" \/>\n\t<meta property=\"og:image:type\" content=\"image\/jpeg\" \/>\n<meta name=\"author\" content=\"serrafm87\" \/>\n<meta name=\"twitter:card\" content=\"summary_large_image\" \/>\n<meta name=\"twitter:label1\" content=\"Escrito por\" \/>\n\t<meta name=\"twitter:data1\" content=\"serrafm87\" \/>\n\t<meta name=\"twitter:label2\" content=\"Est. tempo de leitura\" \/>\n\t<meta name=\"twitter:data2\" content=\"3 minutos\" \/>\n<script type=\"application\/ld+json\" class=\"yoast-schema-graph\">{\"@context\":\"https:\/\/schema.org\",\"@graph\":[{\"@type\":\"WebPage\",\"@id\":\"https:\/\/serrafm879.com.br\/serrafm\/2023\/01\/prefeituras-de-cidades-pequenas-questionam-reducao-do-fpm-na-justica\/\",\"url\":\"https:\/\/serrafm879.com.br\/serrafm\/2023\/01\/prefeituras-de-cidades-pequenas-questionam-reducao-do-fpm-na-justica\/\",\"name\":\"Prefeituras de cidades pequenas questionam redu\u00e7\u00e3o do FPM na Justi\u00e7a - Serra FM 87,9\",\"isPartOf\":{\"@id\":\"https:\/\/serrafm879.com.br\/serrafm\/#website\"},\"primaryImageOfPage\":{\"@id\":\"https:\/\/serrafm879.com.br\/serrafm\/2023\/01\/prefeituras-de-cidades-pequenas-questionam-reducao-do-fpm-na-justica\/#primaryimage\"},\"image\":{\"@id\":\"https:\/\/serrafm879.com.br\/serrafm\/2023\/01\/prefeituras-de-cidades-pequenas-questionam-reducao-do-fpm-na-justica\/#primaryimage\"},\"thumbnailUrl\":\"https:\/\/serrafm879.com.br\/serrafm\/wp-content\/uploads\/2022\/01\/real.jpg\",\"datePublished\":\"2023-01-10T09:28:58+00:00\",\"author\":{\"@id\":\"https:\/\/serrafm879.com.br\/serrafm\/#\/schema\/person\/c028a197030ff8b1c03c68dfba4a787a\"},\"breadcrumb\":{\"@id\":\"https:\/\/serrafm879.com.br\/serrafm\/2023\/01\/prefeituras-de-cidades-pequenas-questionam-reducao-do-fpm-na-justica\/#breadcrumb\"},\"inLanguage\":\"pt-BR\",\"potentialAction\":[{\"@type\":\"ReadAction\",\"target\":[\"https:\/\/serrafm879.com.br\/serrafm\/2023\/01\/prefeituras-de-cidades-pequenas-questionam-reducao-do-fpm-na-justica\/\"]}]},{\"@type\":\"ImageObject\",\"inLanguage\":\"pt-BR\",\"@id\":\"https:\/\/serrafm879.com.br\/serrafm\/2023\/01\/prefeituras-de-cidades-pequenas-questionam-reducao-do-fpm-na-justica\/#primaryimage\",\"url\":\"https:\/\/serrafm879.com.br\/serrafm\/wp-content\/uploads\/2022\/01\/real.jpg\",\"contentUrl\":\"https:\/\/serrafm879.com.br\/serrafm\/wp-content\/uploads\/2022\/01\/real.jpg\",\"width\":1170,\"height\":700,\"caption\":\"Dinheiro, Real Moeda brasileira\"},{\"@type\":\"BreadcrumbList\",\"@id\":\"https:\/\/serrafm879.com.br\/serrafm\/2023\/01\/prefeituras-de-cidades-pequenas-questionam-reducao-do-fpm-na-justica\/#breadcrumb\",\"itemListElement\":[{\"@type\":\"ListItem\",\"position\":1,\"name\":\"In\u00edcio\",\"item\":\"https:\/\/serrafm879.com.br\/serrafm\/\"},{\"@type\":\"ListItem\",\"position\":2,\"name\":\"Prefeituras de cidades pequenas questionam redu\u00e7\u00e3o do FPM na Justi\u00e7a\"}]},{\"@type\":\"WebSite\",\"@id\":\"https:\/\/serrafm879.com.br\/serrafm\/#website\",\"url\":\"https:\/\/serrafm879.com.br\/serrafm\/\",\"name\":\"Serra FM 87,9\",\"description\":\"O seu novo amor!\",\"potentialAction\":[{\"@type\":\"SearchAction\",\"target\":{\"@type\":\"EntryPoint\",\"urlTemplate\":\"https:\/\/serrafm879.com.br\/serrafm\/?s={search_term_string}\"},\"query-input\":{\"@type\":\"PropertyValueSpecification\",\"valueRequired\":true,\"valueName\":\"search_term_string\"}}],\"inLanguage\":\"pt-BR\"},{\"@type\":\"Person\",\"@id\":\"https:\/\/serrafm879.com.br\/serrafm\/#\/schema\/person\/c028a197030ff8b1c03c68dfba4a787a\",\"name\":\"serrafm87\",\"image\":{\"@type\":\"ImageObject\",\"inLanguage\":\"pt-BR\",\"@id\":\"https:\/\/serrafm879.com.br\/serrafm\/#\/schema\/person\/image\/\",\"url\":\"https:\/\/secure.gravatar.com\/avatar\/a743233f1112d34f48bb3dc9559b76eb930bab8b27175856cba6362608736235?s=96&d=mm&r=g\",\"contentUrl\":\"https:\/\/secure.gravatar.com\/avatar\/a743233f1112d34f48bb3dc9559b76eb930bab8b27175856cba6362608736235?s=96&d=mm&r=g\",\"caption\":\"serrafm87\"},\"sameAs\":[\"http:\/\/serrafm879.com.br\/\"],\"url\":\"https:\/\/serrafm879.com.br\/serrafm\/author\/serrafm87\/\"}]}<\/script>\n<!-- \/ Yoast SEO plugin. -->","yoast_head_json":{"title":"Prefeituras de cidades pequenas questionam redu\u00e7\u00e3o do FPM na Justi\u00e7a - Serra FM 87,9","robots":{"index":"index","follow":"follow","max-snippet":"max-snippet:-1","max-image-preview":"max-image-preview:large","max-video-preview":"max-video-preview:-1"},"canonical":"https:\/\/serrafm879.com.br\/serrafm\/2023\/01\/prefeituras-de-cidades-pequenas-questionam-reducao-do-fpm-na-justica\/","og_locale":"pt_BR","og_type":"article","og_title":"Prefeituras de cidades pequenas questionam redu\u00e7\u00e3o do FPM na Justi\u00e7a - Serra FM 87,9","og_description":"Mais de 860 munic\u00edpios brasileiros ser\u00e3o prejudicados com a diminui\u00e7\u00e3o do repasse da primeira parcela do Fundo de Participa\u00e7\u00e3o dos Munic\u00edpios, o FPM, a partir desta ter\u00e7a-feira (10). O impasse veio \u00e0 baila ap\u00f3s decis\u00e3o do Tribunal de Contas da Uni\u00e3o, o TCU, de considerar a recontagem populacional do IBGE atualizada at\u00e9 25 de dezembro. O resultado do censo populacional \u00e9 requisito b\u00e1sico para a distribui\u00e7\u00e3o da verba federal. S\u00f3 na Bahia, s\u00e3o 101 munic\u00edpios que ter\u00e3o seus or\u00e7amentos comprometidos diante da decis\u00e3o do TCU. Uma dessas cidades, Central, pode perder recurso de R$ 600 mil mensais, impactando diretamente nos [&hellip;]","og_url":"https:\/\/serrafm879.com.br\/serrafm\/2023\/01\/prefeituras-de-cidades-pequenas-questionam-reducao-do-fpm-na-justica\/","og_site_name":"Serra FM 87,9","article_published_time":"2023-01-10T09:28:58+00:00","og_image":[{"width":1170,"height":700,"url":"https:\/\/serrafm879.com.br\/serrafm\/wp-content\/uploads\/2022\/01\/real.jpg","type":"image\/jpeg"}],"author":"serrafm87","twitter_card":"summary_large_image","twitter_misc":{"Escrito por":"serrafm87","Est. tempo de leitura":"3 minutos"},"schema":{"@context":"https:\/\/schema.org","@graph":[{"@type":"WebPage","@id":"https:\/\/serrafm879.com.br\/serrafm\/2023\/01\/prefeituras-de-cidades-pequenas-questionam-reducao-do-fpm-na-justica\/","url":"https:\/\/serrafm879.com.br\/serrafm\/2023\/01\/prefeituras-de-cidades-pequenas-questionam-reducao-do-fpm-na-justica\/","name":"Prefeituras de cidades pequenas questionam redu\u00e7\u00e3o do FPM na Justi\u00e7a - Serra FM 87,9","isPartOf":{"@id":"https:\/\/serrafm879.com.br\/serrafm\/#website"},"primaryImageOfPage":{"@id":"https:\/\/serrafm879.com.br\/serrafm\/2023\/01\/prefeituras-de-cidades-pequenas-questionam-reducao-do-fpm-na-justica\/#primaryimage"},"image":{"@id":"https:\/\/serrafm879.com.br\/serrafm\/2023\/01\/prefeituras-de-cidades-pequenas-questionam-reducao-do-fpm-na-justica\/#primaryimage"},"thumbnailUrl":"https:\/\/serrafm879.com.br\/serrafm\/wp-content\/uploads\/2022\/01\/real.jpg","datePublished":"2023-01-10T09:28:58+00:00","author":{"@id":"https:\/\/serrafm879.com.br\/serrafm\/#\/schema\/person\/c028a197030ff8b1c03c68dfba4a787a"},"breadcrumb":{"@id":"https:\/\/serrafm879.com.br\/serrafm\/2023\/01\/prefeituras-de-cidades-pequenas-questionam-reducao-do-fpm-na-justica\/#breadcrumb"},"inLanguage":"pt-BR","potentialAction":[{"@type":"ReadAction","target":["https:\/\/serrafm879.com.br\/serrafm\/2023\/01\/prefeituras-de-cidades-pequenas-questionam-reducao-do-fpm-na-justica\/"]}]},{"@type":"ImageObject","inLanguage":"pt-BR","@id":"https:\/\/serrafm879.com.br\/serrafm\/2023\/01\/prefeituras-de-cidades-pequenas-questionam-reducao-do-fpm-na-justica\/#primaryimage","url":"https:\/\/serrafm879.com.br\/serrafm\/wp-content\/uploads\/2022\/01\/real.jpg","contentUrl":"https:\/\/serrafm879.com.br\/serrafm\/wp-content\/uploads\/2022\/01\/real.jpg","width":1170,"height":700,"caption":"Dinheiro, Real Moeda brasileira"},{"@type":"BreadcrumbList","@id":"https:\/\/serrafm879.com.br\/serrafm\/2023\/01\/prefeituras-de-cidades-pequenas-questionam-reducao-do-fpm-na-justica\/#breadcrumb","itemListElement":[{"@type":"ListItem","position":1,"name":"In\u00edcio","item":"https:\/\/serrafm879.com.br\/serrafm\/"},{"@type":"ListItem","position":2,"name":"Prefeituras de cidades pequenas questionam redu\u00e7\u00e3o do FPM na Justi\u00e7a"}]},{"@type":"WebSite","@id":"https:\/\/serrafm879.com.br\/serrafm\/#website","url":"https:\/\/serrafm879.com.br\/serrafm\/","name":"Serra FM 87,9","description":"O seu novo amor!","potentialAction":[{"@type":"SearchAction","target":{"@type":"EntryPoint","urlTemplate":"https:\/\/serrafm879.com.br\/serrafm\/?s={search_term_string}"},"query-input":{"@type":"PropertyValueSpecification","valueRequired":true,"valueName":"search_term_string"}}],"inLanguage":"pt-BR"},{"@type":"Person","@id":"https:\/\/serrafm879.com.br\/serrafm\/#\/schema\/person\/c028a197030ff8b1c03c68dfba4a787a","name":"serrafm87","image":{"@type":"ImageObject","inLanguage":"pt-BR","@id":"https:\/\/serrafm879.com.br\/serrafm\/#\/schema\/person\/image\/","url":"https:\/\/secure.gravatar.com\/avatar\/a743233f1112d34f48bb3dc9559b76eb930bab8b27175856cba6362608736235?s=96&d=mm&r=g","contentUrl":"https:\/\/secure.gravatar.com\/avatar\/a743233f1112d34f48bb3dc9559b76eb930bab8b27175856cba6362608736235?s=96&d=mm&r=g","caption":"serrafm87"},"sameAs":["http:\/\/serrafm879.com.br\/"],"url":"https:\/\/serrafm879.com.br\/serrafm\/author\/serrafm87\/"}]}},"jetpack_featured_media_url":"https:\/\/serrafm879.com.br\/serrafm\/wp-content\/uploads\/2022\/01\/real.jpg","jetpack_shortlink":"https:\/\/wp.me\/p7HyXg-31k","jetpack_sharing_enabled":true,"_links":{"self":[{"href":"https:\/\/serrafm879.com.br\/serrafm\/wp-json\/wp\/v2\/posts\/11614","targetHints":{"allow":["GET"]}}],"collection":[{"href":"https:\/\/serrafm879.com.br\/serrafm\/wp-json\/wp\/v2\/posts"}],"about":[{"href":"https:\/\/serrafm879.com.br\/serrafm\/wp-json\/wp\/v2\/types\/post"}],"author":[{"embeddable":true,"href":"https:\/\/serrafm879.com.br\/serrafm\/wp-json\/wp\/v2\/users\/2"}],"replies":[{"embeddable":true,"href":"https:\/\/serrafm879.com.br\/serrafm\/wp-json\/wp\/v2\/comments?post=11614"}],"version-history":[{"count":1,"href":"https:\/\/serrafm879.com.br\/serrafm\/wp-json\/wp\/v2\/posts\/11614\/revisions"}],"predecessor-version":[{"id":11615,"href":"https:\/\/serrafm879.com.br\/serrafm\/wp-json\/wp\/v2\/posts\/11614\/revisions\/11615"}],"wp:featuredmedia":[{"embeddable":true,"href":"https:\/\/serrafm879.com.br\/serrafm\/wp-json\/wp\/v2\/media\/8753"}],"wp:attachment":[{"href":"https:\/\/serrafm879.com.br\/serrafm\/wp-json\/wp\/v2\/media?parent=11614"}],"wp:term":[{"taxonomy":"category","embeddable":true,"href":"https:\/\/serrafm879.com.br\/serrafm\/wp-json\/wp\/v2\/categories?post=11614"},{"taxonomy":"post_tag","embeddable":true,"href":"https:\/\/serrafm879.com.br\/serrafm\/wp-json\/wp\/v2\/tags?post=11614"}],"curies":[{"name":"wp","href":"https:\/\/api.w.org\/{rel}","templated":true}]}}