{"id":14191,"date":"2023-09-15T05:02:19","date_gmt":"2023-09-15T08:02:19","guid":{"rendered":"https:\/?p=14191"},"modified":"2023-09-15T05:02:19","modified_gmt":"2023-09-15T08:02:19","slug":"tse-marca-julgamento-de-recurso-de-bolsonaro-contra-inelegibilidade","status":"publish","type":"post","link":"https:\/\/serrafm879.com.br\/serrafm\/2023\/09\/tse-marca-julgamento-de-recurso-de-bolsonaro-contra-inelegibilidade\/","title":{"rendered":"TSE marca julgamento de recurso de Bolsonaro contra inelegibilidade"},"content":{"rendered":"<p>O Tribunal Superior Eleitoral (TSE) marcou para 22 de setembro o in\u00edcio do julgamento virtual do recurso contra a decis\u00e3o que tornou o ex-presidente Jair Bolsonaro ineleg\u00edvel por 8 anos.<\/p>\n<p>O caso ser\u00e1 julgado no plen\u00e1rio virtual, modalidade na qual os ministros inserem os votos no sistema eletr\u00f4nico e n\u00e3o h\u00e1 delibera\u00e7\u00e3o presencial. A an\u00e1lise do recurso est\u00e1 prevista para terminar no dia 28 deste m\u00eas.<\/p>\n<p>Bolsonaro foi condenado pelo TSE por ter realizado reuni\u00e3o com embaixadores, em julho do ano passado, no Pal\u00e1cio da Alvorada, para atacar o sistema eletr\u00f4nico de vota\u00e7\u00e3o. A legalidade do encontro foi questionada pelo PDT. O tribunal reconheceu que o ex-presidente cometeu abuso de poder pol\u00edtico e uso indevido dos meios de comunica\u00e7\u00e3o.<\/p>\n<p>Na ocasi\u00e3o, a defesa de Bolsonaro alegou que a reuni\u00e3o ocorreu em 18 de julho de 2022, antes do per\u00edodo eleitoral e quando Bolsonaro n\u00e3o era candidato oficial ao pleito presidencial. Dessa forma, segundo a defesa, caberia apenas multa como puni\u00e7\u00e3o, e n\u00e3o a decreta\u00e7\u00e3o da inelegibilidade.<\/p>\n","protected":false},"excerpt":{"rendered":"<p>O Tribunal Superior Eleitoral (TSE) marcou para 22 de setembro o in\u00edcio do julgamento virtual do recurso contra a decis\u00e3o que tornou o ex-presidente Jair Bolsonaro ineleg\u00edvel por 8 anos. O caso ser\u00e1 julgado no plen\u00e1rio virtual, modalidade na qual os ministros inserem os votos no sistema eletr\u00f4nico e n\u00e3o h\u00e1 delibera\u00e7\u00e3o presencial. A an\u00e1lise do recurso est\u00e1 prevista para terminar no dia 28 deste m\u00eas. Bolsonaro foi condenado pelo TSE por ter realizado reuni\u00e3o com embaixadores, em julho do ano passado, no Pal\u00e1cio da Alvorada, para atacar o sistema eletr\u00f4nico de vota\u00e7\u00e3o. A legalidade do encontro foi questionada pelo [&hellip;]<\/p>\n","protected":false},"author":2,"featured_media":2781,"comment_status":"open","ping_status":"open","sticky":false,"template":"","format":"standard","meta":{"_jetpack_memberships_contains_paid_content":false,"footnotes":"","jetpack_publicize_message":"","jetpack_publicize_feature_enabled":true,"jetpack_social_post_already_shared":true,"jetpack_social_options":{"image_generator_settings":{"template":"highway","enabled":false},"version":2}},"categories":[149],"tags":[],"class_list":["post-14191","post","type-post","status-publish","format-standard","has-post-thumbnail","hentry","category-brasil"],"jetpack_publicize_connections":[],"yoast_head":"<!-- This site is optimized with the Yoast SEO plugin v24.7 - https:\/\/yoast.com\/wordpress\/plugins\/seo\/ -->\n<title>TSE marca julgamento de recurso de Bolsonaro contra inelegibilidade - Serra FM 87,9<\/title>\n<meta name=\"robots\" content=\"index, follow, max-snippet:-1, max-image-preview:large, max-video-preview:-1\" \/>\n<link rel=\"canonical\" href=\"https:\/\/serrafm879.com.br\/serrafm\/2023\/09\/tse-marca-julgamento-de-recurso-de-bolsonaro-contra-inelegibilidade\/\" \/>\n<meta property=\"og:locale\" content=\"pt_BR\" \/>\n<meta property=\"og:type\" content=\"article\" \/>\n<meta property=\"og:title\" content=\"TSE marca julgamento de recurso de Bolsonaro contra inelegibilidade - Serra FM 87,9\" \/>\n<meta property=\"og:description\" content=\"O Tribunal Superior Eleitoral (TSE) marcou para 22 de setembro o in\u00edcio do julgamento virtual do recurso contra a decis\u00e3o que tornou o ex-presidente Jair Bolsonaro ineleg\u00edvel por 8 anos. O caso ser\u00e1 julgado no plen\u00e1rio virtual, modalidade na qual os ministros inserem os votos no sistema eletr\u00f4nico e n\u00e3o h\u00e1 delibera\u00e7\u00e3o presencial. A an\u00e1lise do recurso est\u00e1 prevista para terminar no dia 28 deste m\u00eas. Bolsonaro foi condenado pelo TSE por ter realizado reuni\u00e3o com embaixadores, em julho do ano passado, no Pal\u00e1cio da Alvorada, para atacar o sistema eletr\u00f4nico de vota\u00e7\u00e3o. A legalidade do encontro foi questionada pelo [&hellip;]\" \/>\n<meta property=\"og:url\" content=\"https:\/\/serrafm879.com.br\/serrafm\/2023\/09\/tse-marca-julgamento-de-recurso-de-bolsonaro-contra-inelegibilidade\/\" \/>\n<meta property=\"og:site_name\" content=\"Serra FM 87,9\" \/>\n<meta property=\"article:published_time\" content=\"2023-09-15T08:02:19+00:00\" \/>\n<meta property=\"og:image\" content=\"https:\/\/serrafm879.com.br\/serrafm\/wp-content\/uploads\/2020\/05\/x88069573_Brazils-President-Jair-Bolsonaro-looks-on-during-a-news-conference-after-a-meeting-with-Pr.jpg.pagespeed.ic_.k2hZixgZfZ.jpg\" \/>\n\t<meta property=\"og:image:width\" content=\"1086\" \/>\n\t<meta property=\"og:image:height\" content=\"652\" \/>\n\t<meta property=\"og:image:type\" content=\"image\/jpeg\" \/>\n<meta name=\"author\" content=\"serrafm87\" \/>\n<meta name=\"twitter:card\" content=\"summary_large_image\" \/>\n<meta name=\"twitter:label1\" content=\"Escrito por\" \/>\n\t<meta name=\"twitter:data1\" content=\"serrafm87\" \/>\n\t<meta name=\"twitter:label2\" content=\"Est. tempo de leitura\" \/>\n\t<meta name=\"twitter:data2\" content=\"1 minuto\" \/>\n<script type=\"application\/ld+json\" class=\"yoast-schema-graph\">{\"@context\":\"https:\/\/schema.org\",\"@graph\":[{\"@type\":\"WebPage\",\"@id\":\"https:\/\/serrafm879.com.br\/serrafm\/2023\/09\/tse-marca-julgamento-de-recurso-de-bolsonaro-contra-inelegibilidade\/\",\"url\":\"https:\/\/serrafm879.com.br\/serrafm\/2023\/09\/tse-marca-julgamento-de-recurso-de-bolsonaro-contra-inelegibilidade\/\",\"name\":\"TSE marca julgamento de recurso de Bolsonaro contra inelegibilidade - Serra FM 87,9\",\"isPartOf\":{\"@id\":\"https:\/\/serrafm879.com.br\/serrafm\/#website\"},\"primaryImageOfPage\":{\"@id\":\"https:\/\/serrafm879.com.br\/serrafm\/2023\/09\/tse-marca-julgamento-de-recurso-de-bolsonaro-contra-inelegibilidade\/#primaryimage\"},\"image\":{\"@id\":\"https:\/\/serrafm879.com.br\/serrafm\/2023\/09\/tse-marca-julgamento-de-recurso-de-bolsonaro-contra-inelegibilidade\/#primaryimage\"},\"thumbnailUrl\":\"https:\/\/serrafm879.com.br\/serrafm\/wp-content\/uploads\/2020\/05\/x88069573_Brazils-President-Jair-Bolsonaro-looks-on-during-a-news-conference-after-a-meeting-with-Pr.jpg.pagespeed.ic_.k2hZixgZfZ.jpg\",\"datePublished\":\"2023-09-15T08:02:19+00:00\",\"author\":{\"@id\":\"https:\/\/serrafm879.com.br\/serrafm\/#\/schema\/person\/c028a197030ff8b1c03c68dfba4a787a\"},\"breadcrumb\":{\"@id\":\"https:\/\/serrafm879.com.br\/serrafm\/2023\/09\/tse-marca-julgamento-de-recurso-de-bolsonaro-contra-inelegibilidade\/#breadcrumb\"},\"inLanguage\":\"pt-BR\",\"potentialAction\":[{\"@type\":\"ReadAction\",\"target\":[\"https:\/\/serrafm879.com.br\/serrafm\/2023\/09\/tse-marca-julgamento-de-recurso-de-bolsonaro-contra-inelegibilidade\/\"]}]},{\"@type\":\"ImageObject\",\"inLanguage\":\"pt-BR\",\"@id\":\"https:\/\/serrafm879.com.br\/serrafm\/2023\/09\/tse-marca-julgamento-de-recurso-de-bolsonaro-contra-inelegibilidade\/#primaryimage\",\"url\":\"https:\/\/serrafm879.com.br\/serrafm\/wp-content\/uploads\/2020\/05\/x88069573_Brazils-President-Jair-Bolsonaro-looks-on-during-a-news-conference-after-a-meeting-with-Pr.jpg.pagespeed.ic_.k2hZixgZfZ.jpg\",\"contentUrl\":\"https:\/\/serrafm879.com.br\/serrafm\/wp-content\/uploads\/2020\/05\/x88069573_Brazils-President-Jair-Bolsonaro-looks-on-during-a-news-conference-after-a-meeting-with-Pr.jpg.pagespeed.ic_.k2hZixgZfZ.jpg\",\"width\":1086,\"height\":652},{\"@type\":\"BreadcrumbList\",\"@id\":\"https:\/\/serrafm879.com.br\/serrafm\/2023\/09\/tse-marca-julgamento-de-recurso-de-bolsonaro-contra-inelegibilidade\/#breadcrumb\",\"itemListElement\":[{\"@type\":\"ListItem\",\"position\":1,\"name\":\"In\u00edcio\",\"item\":\"https:\/\/serrafm879.com.br\/serrafm\/\"},{\"@type\":\"ListItem\",\"position\":2,\"name\":\"TSE marca julgamento de recurso de Bolsonaro contra inelegibilidade\"}]},{\"@type\":\"WebSite\",\"@id\":\"https:\/\/serrafm879.com.br\/serrafm\/#website\",\"url\":\"https:\/\/serrafm879.com.br\/serrafm\/\",\"name\":\"Serra FM 87,9\",\"description\":\"O seu novo amor!\",\"potentialAction\":[{\"@type\":\"SearchAction\",\"target\":{\"@type\":\"EntryPoint\",\"urlTemplate\":\"https:\/\/serrafm879.com.br\/serrafm\/?s={search_term_string}\"},\"query-input\":{\"@type\":\"PropertyValueSpecification\",\"valueRequired\":true,\"valueName\":\"search_term_string\"}}],\"inLanguage\":\"pt-BR\"},{\"@type\":\"Person\",\"@id\":\"https:\/\/serrafm879.com.br\/serrafm\/#\/schema\/person\/c028a197030ff8b1c03c68dfba4a787a\",\"name\":\"serrafm87\",\"image\":{\"@type\":\"ImageObject\",\"inLanguage\":\"pt-BR\",\"@id\":\"https:\/\/serrafm879.com.br\/serrafm\/#\/schema\/person\/image\/\",\"url\":\"https:\/\/secure.gravatar.com\/avatar\/a743233f1112d34f48bb3dc9559b76eb930bab8b27175856cba6362608736235?s=96&d=mm&r=g\",\"contentUrl\":\"https:\/\/secure.gravatar.com\/avatar\/a743233f1112d34f48bb3dc9559b76eb930bab8b27175856cba6362608736235?s=96&d=mm&r=g\",\"caption\":\"serrafm87\"},\"sameAs\":[\"http:\/\/serrafm879.com.br\/\"],\"url\":\"https:\/\/serrafm879.com.br\/serrafm\/author\/serrafm87\/\"}]}<\/script>\n<!-- \/ Yoast SEO plugin. -->","yoast_head_json":{"title":"TSE marca julgamento de recurso de Bolsonaro contra inelegibilidade - Serra FM 87,9","robots":{"index":"index","follow":"follow","max-snippet":"max-snippet:-1","max-image-preview":"max-image-preview:large","max-video-preview":"max-video-preview:-1"},"canonical":"https:\/\/serrafm879.com.br\/serrafm\/2023\/09\/tse-marca-julgamento-de-recurso-de-bolsonaro-contra-inelegibilidade\/","og_locale":"pt_BR","og_type":"article","og_title":"TSE marca julgamento de recurso de Bolsonaro contra inelegibilidade - Serra FM 87,9","og_description":"O Tribunal Superior Eleitoral (TSE) marcou para 22 de setembro o in\u00edcio do julgamento virtual do recurso contra a decis\u00e3o que tornou o ex-presidente Jair Bolsonaro ineleg\u00edvel por 8 anos. O caso ser\u00e1 julgado no plen\u00e1rio virtual, modalidade na qual os ministros inserem os votos no sistema eletr\u00f4nico e n\u00e3o h\u00e1 delibera\u00e7\u00e3o presencial. A an\u00e1lise do recurso est\u00e1 prevista para terminar no dia 28 deste m\u00eas. Bolsonaro foi condenado pelo TSE por ter realizado reuni\u00e3o com embaixadores, em julho do ano passado, no Pal\u00e1cio da Alvorada, para atacar o sistema eletr\u00f4nico de vota\u00e7\u00e3o. A legalidade do encontro foi questionada pelo [&hellip;]","og_url":"https:\/\/serrafm879.com.br\/serrafm\/2023\/09\/tse-marca-julgamento-de-recurso-de-bolsonaro-contra-inelegibilidade\/","og_site_name":"Serra FM 87,9","article_published_time":"2023-09-15T08:02:19+00:00","og_image":[{"width":1086,"height":652,"url":"https:\/\/serrafm879.com.br\/serrafm\/wp-content\/uploads\/2020\/05\/x88069573_Brazils-President-Jair-Bolsonaro-looks-on-during-a-news-conference-after-a-meeting-with-Pr.jpg.pagespeed.ic_.k2hZixgZfZ.jpg","type":"image\/jpeg"}],"author":"serrafm87","twitter_card":"summary_large_image","twitter_misc":{"Escrito por":"serrafm87","Est. tempo de leitura":"1 minuto"},"schema":{"@context":"https:\/\/schema.org","@graph":[{"@type":"WebPage","@id":"https:\/\/serrafm879.com.br\/serrafm\/2023\/09\/tse-marca-julgamento-de-recurso-de-bolsonaro-contra-inelegibilidade\/","url":"https:\/\/serrafm879.com.br\/serrafm\/2023\/09\/tse-marca-julgamento-de-recurso-de-bolsonaro-contra-inelegibilidade\/","name":"TSE marca julgamento de recurso de Bolsonaro contra inelegibilidade - Serra FM 87,9","isPartOf":{"@id":"https:\/\/serrafm879.com.br\/serrafm\/#website"},"primaryImageOfPage":{"@id":"https:\/\/serrafm879.com.br\/serrafm\/2023\/09\/tse-marca-julgamento-de-recurso-de-bolsonaro-contra-inelegibilidade\/#primaryimage"},"image":{"@id":"https:\/\/serrafm879.com.br\/serrafm\/2023\/09\/tse-marca-julgamento-de-recurso-de-bolsonaro-contra-inelegibilidade\/#primaryimage"},"thumbnailUrl":"https:\/\/serrafm879.com.br\/serrafm\/wp-content\/uploads\/2020\/05\/x88069573_Brazils-President-Jair-Bolsonaro-looks-on-during-a-news-conference-after-a-meeting-with-Pr.jpg.pagespeed.ic_.k2hZixgZfZ.jpg","datePublished":"2023-09-15T08:02:19+00:00","author":{"@id":"https:\/\/serrafm879.com.br\/serrafm\/#\/schema\/person\/c028a197030ff8b1c03c68dfba4a787a"},"breadcrumb":{"@id":"https:\/\/serrafm879.com.br\/serrafm\/2023\/09\/tse-marca-julgamento-de-recurso-de-bolsonaro-contra-inelegibilidade\/#breadcrumb"},"inLanguage":"pt-BR","potentialAction":[{"@type":"ReadAction","target":["https:\/\/serrafm879.com.br\/serrafm\/2023\/09\/tse-marca-julgamento-de-recurso-de-bolsonaro-contra-inelegibilidade\/"]}]},{"@type":"ImageObject","inLanguage":"pt-BR","@id":"https:\/\/serrafm879.com.br\/serrafm\/2023\/09\/tse-marca-julgamento-de-recurso-de-bolsonaro-contra-inelegibilidade\/#primaryimage","url":"https:\/\/serrafm879.com.br\/serrafm\/wp-content\/uploads\/2020\/05\/x88069573_Brazils-President-Jair-Bolsonaro-looks-on-during-a-news-conference-after-a-meeting-with-Pr.jpg.pagespeed.ic_.k2hZixgZfZ.jpg","contentUrl":"https:\/\/serrafm879.com.br\/serrafm\/wp-content\/uploads\/2020\/05\/x88069573_Brazils-President-Jair-Bolsonaro-looks-on-during-a-news-conference-after-a-meeting-with-Pr.jpg.pagespeed.ic_.k2hZixgZfZ.jpg","width":1086,"height":652},{"@type":"BreadcrumbList","@id":"https:\/\/serrafm879.com.br\/serrafm\/2023\/09\/tse-marca-julgamento-de-recurso-de-bolsonaro-contra-inelegibilidade\/#breadcrumb","itemListElement":[{"@type":"ListItem","position":1,"name":"In\u00edcio","item":"https:\/\/serrafm879.com.br\/serrafm\/"},{"@type":"ListItem","position":2,"name":"TSE marca julgamento de recurso de Bolsonaro contra inelegibilidade"}]},{"@type":"WebSite","@id":"https:\/\/serrafm879.com.br\/serrafm\/#website","url":"https:\/\/serrafm879.com.br\/serrafm\/","name":"Serra FM 87,9","description":"O seu novo amor!","potentialAction":[{"@type":"SearchAction","target":{"@type":"EntryPoint","urlTemplate":"https:\/\/serrafm879.com.br\/serrafm\/?s={search_term_string}"},"query-input":{"@type":"PropertyValueSpecification","valueRequired":true,"valueName":"search_term_string"}}],"inLanguage":"pt-BR"},{"@type":"Person","@id":"https:\/\/serrafm879.com.br\/serrafm\/#\/schema\/person\/c028a197030ff8b1c03c68dfba4a787a","name":"serrafm87","image":{"@type":"ImageObject","inLanguage":"pt-BR","@id":"https:\/\/serrafm879.com.br\/serrafm\/#\/schema\/person\/image\/","url":"https:\/\/secure.gravatar.com\/avatar\/a743233f1112d34f48bb3dc9559b76eb930bab8b27175856cba6362608736235?s=96&d=mm&r=g","contentUrl":"https:\/\/secure.gravatar.com\/avatar\/a743233f1112d34f48bb3dc9559b76eb930bab8b27175856cba6362608736235?s=96&d=mm&r=g","caption":"serrafm87"},"sameAs":["http:\/\/serrafm879.com.br\/"],"url":"https:\/\/serrafm879.com.br\/serrafm\/author\/serrafm87\/"}]}},"jetpack_featured_media_url":"https:\/\/serrafm879.com.br\/serrafm\/wp-content\/uploads\/2020\/05\/x88069573_Brazils-President-Jair-Bolsonaro-looks-on-during-a-news-conference-after-a-meeting-with-Pr.jpg.pagespeed.ic_.k2hZixgZfZ.jpg","jetpack_shortlink":"https:\/\/wp.me\/p7HyXg-3GT","jetpack_sharing_enabled":true,"_links":{"self":[{"href":"https:\/\/serrafm879.com.br\/serrafm\/wp-json\/wp\/v2\/posts\/14191","targetHints":{"allow":["GET"]}}],"collection":[{"href":"https:\/\/serrafm879.com.br\/serrafm\/wp-json\/wp\/v2\/posts"}],"about":[{"href":"https:\/\/serrafm879.com.br\/serrafm\/wp-json\/wp\/v2\/types\/post"}],"author":[{"embeddable":true,"href":"https:\/\/serrafm879.com.br\/serrafm\/wp-json\/wp\/v2\/users\/2"}],"replies":[{"embeddable":true,"href":"https:\/\/serrafm879.com.br\/serrafm\/wp-json\/wp\/v2\/comments?post=14191"}],"version-history":[{"count":1,"href":"https:\/\/serrafm879.com.br\/serrafm\/wp-json\/wp\/v2\/posts\/14191\/revisions"}],"predecessor-version":[{"id":14192,"href":"https:\/\/serrafm879.com.br\/serrafm\/wp-json\/wp\/v2\/posts\/14191\/revisions\/14192"}],"wp:featuredmedia":[{"embeddable":true,"href":"https:\/\/serrafm879.com.br\/serrafm\/wp-json\/wp\/v2\/media\/2781"}],"wp:attachment":[{"href":"https:\/\/serrafm879.com.br\/serrafm\/wp-json\/wp\/v2\/media?parent=14191"}],"wp:term":[{"taxonomy":"category","embeddable":true,"href":"https:\/\/serrafm879.com.br\/serrafm\/wp-json\/wp\/v2\/categories?post=14191"},{"taxonomy":"post_tag","embeddable":true,"href":"https:\/\/serrafm879.com.br\/serrafm\/wp-json\/wp\/v2\/tags?post=14191"}],"curies":[{"name":"wp","href":"https:\/\/api.w.org\/{rel}","templated":true}]}}