{"id":14280,"date":"2023-09-22T05:23:26","date_gmt":"2023-09-22T08:23:26","guid":{"rendered":"https:\/?p=14280"},"modified":"2023-09-22T05:24:03","modified_gmt":"2023-09-22T08:24:03","slug":"governadora-raquel-lyra-anuncia-duplicacao-da-br-104-construcao-de-estacao-de-tratamento-de-agua-em-santa-cruz-do-capibaribe-e-nova-escola-em-toritama","status":"publish","type":"post","link":"https:\/\/serrafm879.com.br\/serrafm\/2023\/09\/governadora-raquel-lyra-anuncia-duplicacao-da-br-104-construcao-de-estacao-de-tratamento-de-agua-em-santa-cruz-do-capibaribe-e-nova-escola-em-toritama\/","title":{"rendered":"Governadora Raquel Lyra anuncia duplica\u00e7\u00e3o da BR-104, constru\u00e7\u00e3o de esta\u00e7\u00e3o de tratamento de \u00e1gua em Santa Cruz do Capibaribe e nova escola em Toritama"},"content":{"rendered":"<div><span style=\"font-family: Arial; font-size: medium;\">Em Santa Cruz do Capibaribe, no Agreste Setentrional, durante a realiza\u00e7\u00e3o do Ouvir para Mudar, a governadora Raquel Lyra assinou a autoriza\u00e7\u00e3o da licita\u00e7\u00e3o para implantar uma nova esta\u00e7\u00e3o de tratamento de \u00e1gua no munic\u00edpio. O equipamento ir\u00e1 melhorar o abastecimento de \u00e1gua para toda a popula\u00e7\u00e3o. Ainda durante o evento, realizado na Escola T\u00e9cnica Estadual Jos\u00e9 Nivaldo, a gestora assinou a ordem de servi\u00e7o da duplica\u00e7\u00e3o e restaura\u00e7\u00e3o da BR-104. A chefe do Executivo estadual tamb\u00e9m anunciou a constru\u00e7\u00e3o de uma nova escola de refer\u00eancia no munic\u00edpio de Toritama.\u00a0<\/span><\/div>\n<div><span style=\"font-family: Arial; font-size: medium;\">\u00a0<\/span><\/div>\n<div><span style=\"font-family: Arial; font-size: medium;\">\u201cDepois de tanto esfor\u00e7o, conseguimos somar R$ 3,5 bilh\u00f5es junto ao Governo Federal para retomar e anunciar novas obras que, de fato, ser\u00e3o entregues \u00e0 popula\u00e7\u00e3o. S\u00e3o investimentos que fazemos com responsabilidade, ouvindo a popula\u00e7\u00e3o e dialogando com os prefeitos. Para n\u00f3s, filhos do Agreste pernambucano, \u00e1gua e estrada s\u00e3o demandas pedidas h\u00e1 muito tempo e o nosso governo est\u00e1 trabalhando para garantir. Estamos tamb\u00e9m com dinheiro em caixa para fazer uma nova escola em Toritama para fortalecer a educa\u00e7\u00e3o, que sempre \u00e9 uma prioridade\u201d, destacou a governadora Raquel Lyra.<\/span><\/div>\n<div><span style=\"font-family: Arial; font-size: medium;\">\u00a0<\/span><\/div>\n<div><span style=\"font-family: Arial; font-size: medium;\">Com investimento de R$ 6,6 milh\u00f5es, a obra da escola em Toritama ter\u00e1 tr\u00eas pavimentos, com dois blocos interligados. A estrutura contar\u00e1 com 13 salas de aula, sendo uma delas multiuso, laborat\u00f3rios de inform\u00e1tica, matem\u00e1tica e ci\u00eancias, audit\u00f3rio, biblioteca, setor administrativo e pedag\u00f3gico, al\u00e9m de outros espa\u00e7os.\u00a0<\/span><\/div>\n<div><span style=\"font-family: Arial; font-size: medium;\">\u00a0<\/span><\/div>\n<div><span style=\"font-family: Arial; font-size: medium;\">Sobre o an\u00fancio da BR-104, o Estado j\u00e1 iniciou a retomada das obras no trecho que liga os munic\u00edpios de Toritama e Taquaritinga do Norte. Fruto de articula\u00e7\u00e3o da atual gest\u00e3o com o Minist\u00e9rio de Transportes, a duplica\u00e7\u00e3o da rodovia ser\u00e1 executada num trecho de 13,2 quil\u00f4metros. Mais cedo, na tarde desta quinta, a governadora visitou uma parte da obra. A rodovia \u00e9 um importante eixo ao estado da Para\u00edba, passando pelos munic\u00edpios de Toritama e Taquaritinga do Norte.<\/span><\/div>\n<div><span style=\"font-family: Arial; font-size: medium;\">\u00a0<\/span><\/div>\n<div><span style=\"font-family: Arial; font-size: medium;\">A via tamb\u00e9m vai fortalecer a economia e o turismo da regi\u00e3o, que tem o segundo maior polo de confec\u00e7\u00f5es do pa\u00eds, beneficiando diversos munic\u00edpios, como Toritama, Caruaru, Santa Cruz do Capibaribe e Taquaritinga do Norte.<\/span><\/div>\n<div><span style=\"font-family: Arial; font-size: medium;\">\u00a0<\/span><\/div>\n<div><span style=\"font-family: Arial; font-size: medium;\">Importante pleito da popula\u00e7\u00e3o do Agreste, a seguran\u00e7a h\u00eddrica ser\u00e1 garantida com a Esta\u00e7\u00e3o de Tratamento de \u00c1gua Alto Capibaribe, que ir\u00e1 atender 50 mil habitantes do munic\u00edpio, eliminando o rod\u00edzio na maior parte da cidade. Com capacidade para tratar at\u00e9 200 litros de \u00e1gua por segundo, o equipamento tem investimento de R$ 15,8 milh\u00f5es e previs\u00e3o de come\u00e7ar a funcionar no primeiro semestre de 2024.<\/span><\/div>\n<div><span style=\"font-family: Arial; font-size: medium;\">\u00a0<\/span><\/div>\n<div><span style=\"font-family: Arial; font-size: medium;\">Essa esta\u00e7\u00e3o ser\u00e1 fundamental para a popula\u00e7\u00e3o, que durante a plen\u00e1ria do Ouvir para Mudar fez diversos pedidos para a governadora, entre eles o de mais \u00e1gua. \u201cA gente pediu muito a melhoria no abastecimento de \u00e1gua para a popula\u00e7\u00e3o na cidade de Santa Cruz do Capibaribe, j\u00e1 que somos uma cidade polo da confec\u00e7\u00e3o, que recebe um p\u00fablico muito grande nas feiras, e que vai aumentar na alta temporada\u201d, registrou a participante da sala tem\u00e1tica de \u00c1gua e Habita\u00e7\u00e3o, Maria Aparecida Anjos.<\/span><\/div>\n<div><span style=\"font-family: Arial; font-size: medium;\">\u00a0<\/span><\/div>\n<div><span style=\"font-family: Arial; font-size: medium;\">As plen\u00e1rias fazem parte da constru\u00e7\u00e3o do Plano Plurianual (2024-2027) para planejar o uso do or\u00e7amento da gest\u00e3o nos pr\u00f3ximos anos. Nas salas tem\u00e1ticas, a popula\u00e7\u00e3o pode expressar as principais demandas ao governo estadual.\u00a0<\/span><\/div>\n<div><span style=\"font-family: Arial; font-size: medium;\">\u00a0<\/span><\/div>\n<div><span style=\"font-family: Arial; font-size: medium;\">\u201cTemos a responsabilidade de ouvir cada pessoa e muitas dessas pautas apresentadas aqui pela popula\u00e7\u00e3o tamb\u00e9m s\u00e3o defendidas pela nossa gest\u00e3o, como a quest\u00e3o da \u00e1gua e estradas. Por isso, temos trabalhado junto ao Governo de Pernambuco para alcan\u00e7ar as melhorias e darmos mais qualidade de vida ao nosso povo\u201d, disse o prefeito de Santa Cruz do Capibaribe, F\u00e1bio Arag\u00e3o.\u00a0<\/span><\/div>\n<div><span style=\"font-family: Arial; font-size: medium;\">\u00a0<\/span><\/div>\n<div><span style=\"font-family: Arial; font-size: medium;\">Participaram do evento os secret\u00e1rios de estado, os deputados federais Lula da Fonte e\u00a0 Mendon\u00e7a Filho; os deputados estaduais Kaio Mani\u00e7oba, Abimael Santos, Jo\u00e3ozinho Ten\u00f3rio e Diogo Morais; as prefeitas Mariana Medeiros (Cumaru), Adriana Assun\u00e7\u00e3o (Frei Miguelinho), Ana C\u00e9lia Farias (Surubim) e C\u00e1tia Ribeiro (Jata\u00faba); os prefeitos Lero (Taquaritinga do Norte), Edilson Tavares (Toritama), Romero Leal (Vertentes), Roberto Asfora (Brejo da Madre de Deus) e Gustavo Adolfo (Bonito).<\/span><\/div>\n<div>\n<p>&nbsp;<\/p>\n<p>&nbsp;<\/p>\n<div><b>Confira algumas propostas solicitadas pela popula\u00e7\u00e3o no Agreste Setentrional, divididas por temas<\/b><\/div>\n<div><\/div>\n<div><b>Educa\u00e7\u00e3o, Cultura, Ci\u00eancia e Tecnologia<\/b><\/div>\n<div>&#8211; Cria\u00e7\u00e3o de programa para apoiar as ONGs que trabalham com creches<\/div>\n<div>&#8211; Cria\u00e7\u00e3o de polo da UPE em Santa Cruz<\/div>\n<div>&#8211; Reforma das Escolas Professora Maria L\u00facia e Escola Malaquias Cardoso<\/div>\n<div>&#8211; Constru\u00e7\u00e3o de teatro no munic\u00edpio de Toritama.<\/div>\n<div><\/div>\n<div><b>Infraestrutura e Dinamismo Econ\u00f4mico<\/b><\/div>\n<div>&#8211; Constru\u00e7\u00e3o da nova rodovi\u00e1ria<\/div>\n<div>&#8211; Constru\u00e7\u00e3o do hospital regional<\/div>\n<div>&#8211; Recupera\u00e7\u00e3o da PE-160 (constru\u00e7\u00e3o de uma passarela na PE-160 &#8211; em frente ao atacad\u00e3o),\u00a0 conclus\u00e3o da BR-104, reconstru\u00e7\u00e3o da PE-187 e pavimenta\u00e7\u00e3o asf\u00e1ltica da PE-156 (Vila do Par\u00e1)<\/div>\n<div><\/div>\n<div><b>Seguran\u00e7a e Cidadania<\/b><\/div>\n<div>&#8211; Incentivo de pol\u00edticas p\u00fablicas para as mulheres no setor de seguran\u00e7a<\/div>\n<div>&#8211; Oferta de cursos profissionalizantes para desenvolver gera\u00e7\u00e3o de renda<\/div>\n<div>&#8211; Fortalecimento de pol\u00edticas p\u00fablicas de ressocializa\u00e7\u00e3o e amplia\u00e7\u00e3o de vagas no sistema prisional.<\/div>\n<div>&#8211; Fortalecimento de pol\u00edticas p\u00fablicas de seguran\u00e7a<\/div>\n<div><\/div>\n<div><b>\u00c1gua e Habita\u00e7\u00e3o<\/b><\/div>\n<div>&#8211; Rever o problema de faturamento das contas de \u00e1gua de Surubim<\/div>\n<div>&#8211; Melhoria do abastecimento de \u00e1gua em Santa Cruz do Capibaribe<\/div>\n<div>&#8211; Constru\u00e7\u00e3o de novos empreendimentos para atender habita\u00e7\u00f5es de interesse social.<\/div>\n<div><\/div>\n<div><b>Agricultura e Meio Ambiente<\/b><\/div>\n<div>&#8211; Canal de transposi\u00e7\u00e3o de \u00e1gua para Santa Cruz do Capibaribe<\/div>\n<div>Capacita\u00e7\u00e3o t\u00e9cnica para pequenos agricultores<\/div>\n<div>&#8211; Assist\u00eancia de sa\u00fade aos agricultores<\/div>\n<div>&#8211; Aquisi\u00e7\u00e3o de equipamentos de apoio \u00e0s feiras de agricultura familiar (Kit feira).<\/div>\n<div><\/div>\n<div><b>Sa\u00fade e Qualidade de Vida<\/b><\/div>\n<div>&#8211; Implanta\u00e7\u00e3o de um hospital regional na cidade<\/div>\n<div>&#8211; Cria\u00e7\u00e3o de uma maternidade de alto risco em Surubim<\/div>\n<div>&#8211; Implanta\u00e7\u00e3o de uma central para surdos nas unidades de sa\u00fade<\/div>\n<div>&#8211; Fortalecimento da pol\u00edtica da sa\u00fade do idoso<\/div>\n<\/div>\n","protected":false},"excerpt":{"rendered":"<p>Em Santa Cruz do Capibaribe, no Agreste Setentrional, durante a realiza\u00e7\u00e3o do Ouvir para Mudar, a governadora Raquel Lyra assinou a autoriza\u00e7\u00e3o da licita\u00e7\u00e3o para implantar uma nova esta\u00e7\u00e3o de tratamento de \u00e1gua no munic\u00edpio. O equipamento ir\u00e1 melhorar o abastecimento de \u00e1gua para toda a popula\u00e7\u00e3o. Ainda durante o evento, realizado na Escola T\u00e9cnica Estadual Jos\u00e9 Nivaldo, a gestora assinou a ordem de servi\u00e7o da duplica\u00e7\u00e3o e restaura\u00e7\u00e3o da BR-104. A chefe do Executivo estadual tamb\u00e9m anunciou a constru\u00e7\u00e3o de uma nova escola de refer\u00eancia no munic\u00edpio de Toritama.\u00a0 \u00a0 \u201cDepois de tanto esfor\u00e7o, conseguimos somar R$ 3,5 bilh\u00f5es [&hellip;]<\/p>\n","protected":false},"author":2,"featured_media":14281,"comment_status":"open","ping_status":"open","sticky":false,"template":"","format":"standard","meta":{"_jetpack_memberships_contains_paid_content":false,"footnotes":"","jetpack_publicize_message":"","jetpack_publicize_feature_enabled":true,"jetpack_social_post_already_shared":true,"jetpack_social_options":{"image_generator_settings":{"template":"highway","enabled":false},"version":2}},"categories":[1],"tags":[],"class_list":["post-14280","post","type-post","status-publish","format-standard","has-post-thumbnail","hentry","category-uncategorized"],"jetpack_publicize_connections":[],"yoast_head":"<!-- This site is optimized with the Yoast SEO plugin v24.7 - https:\/\/yoast.com\/wordpress\/plugins\/seo\/ -->\n<title>Governadora Raquel Lyra anuncia duplica\u00e7\u00e3o da BR-104, constru\u00e7\u00e3o de esta\u00e7\u00e3o de tratamento de \u00e1gua em Santa Cruz do Capibaribe e nova escola em Toritama - Serra FM 87,9<\/title>\n<meta name=\"robots\" content=\"index, follow, max-snippet:-1, max-image-preview:large, max-video-preview:-1\" \/>\n<link rel=\"canonical\" href=\"https:\/\/serrafm879.com.br\/serrafm\/2023\/09\/governadora-raquel-lyra-anuncia-duplicacao-da-br-104-construcao-de-estacao-de-tratamento-de-agua-em-santa-cruz-do-capibaribe-e-nova-escola-em-toritama\/\" \/>\n<meta property=\"og:locale\" content=\"pt_BR\" \/>\n<meta property=\"og:type\" content=\"article\" \/>\n<meta property=\"og:title\" content=\"Governadora Raquel Lyra anuncia duplica\u00e7\u00e3o da BR-104, constru\u00e7\u00e3o de esta\u00e7\u00e3o de tratamento de \u00e1gua em Santa Cruz do Capibaribe e nova escola em Toritama - Serra FM 87,9\" \/>\n<meta property=\"og:description\" content=\"Em Santa Cruz do Capibaribe, no Agreste Setentrional, durante a realiza\u00e7\u00e3o do Ouvir para Mudar, a governadora Raquel Lyra assinou a autoriza\u00e7\u00e3o da licita\u00e7\u00e3o para implantar uma nova esta\u00e7\u00e3o de tratamento de \u00e1gua no munic\u00edpio. O equipamento ir\u00e1 melhorar o abastecimento de \u00e1gua para toda a popula\u00e7\u00e3o. Ainda durante o evento, realizado na Escola T\u00e9cnica Estadual Jos\u00e9 Nivaldo, a gestora assinou a ordem de servi\u00e7o da duplica\u00e7\u00e3o e restaura\u00e7\u00e3o da BR-104. A chefe do Executivo estadual tamb\u00e9m anunciou a constru\u00e7\u00e3o de uma nova escola de refer\u00eancia no munic\u00edpio de Toritama.\u00a0 \u00a0 \u201cDepois de tanto esfor\u00e7o, conseguimos somar R$ 3,5 bilh\u00f5es [&hellip;]\" \/>\n<meta property=\"og:url\" content=\"https:\/\/serrafm879.com.br\/serrafm\/2023\/09\/governadora-raquel-lyra-anuncia-duplicacao-da-br-104-construcao-de-estacao-de-tratamento-de-agua-em-santa-cruz-do-capibaribe-e-nova-escola-em-toritama\/\" \/>\n<meta property=\"og:site_name\" content=\"Serra FM 87,9\" \/>\n<meta property=\"article:published_time\" content=\"2023-09-22T08:23:26+00:00\" \/>\n<meta property=\"article:modified_time\" content=\"2023-09-22T08:24:03+00:00\" \/>\n<meta property=\"og:image\" content=\"https:\/\/serrafm879.com.br\/serrafm\/wp-content\/uploads\/2023\/09\/Janaina.Pepeu_.Secom2_.jpeg\" \/>\n\t<meta property=\"og:image:width\" content=\"1600\" \/>\n\t<meta property=\"og:image:height\" content=\"1066\" \/>\n\t<meta property=\"og:image:type\" content=\"image\/jpeg\" \/>\n<meta name=\"author\" content=\"serrafm87\" \/>\n<meta name=\"twitter:card\" content=\"summary_large_image\" \/>\n<meta name=\"twitter:label1\" content=\"Escrito por\" \/>\n\t<meta name=\"twitter:data1\" content=\"serrafm87\" \/>\n\t<meta name=\"twitter:label2\" content=\"Est. tempo de leitura\" \/>\n\t<meta name=\"twitter:data2\" content=\"5 minutos\" \/>\n<script type=\"application\/ld+json\" class=\"yoast-schema-graph\">{\"@context\":\"https:\/\/schema.org\",\"@graph\":[{\"@type\":\"WebPage\",\"@id\":\"https:\/\/serrafm879.com.br\/serrafm\/2023\/09\/governadora-raquel-lyra-anuncia-duplicacao-da-br-104-construcao-de-estacao-de-tratamento-de-agua-em-santa-cruz-do-capibaribe-e-nova-escola-em-toritama\/\",\"url\":\"https:\/\/serrafm879.com.br\/serrafm\/2023\/09\/governadora-raquel-lyra-anuncia-duplicacao-da-br-104-construcao-de-estacao-de-tratamento-de-agua-em-santa-cruz-do-capibaribe-e-nova-escola-em-toritama\/\",\"name\":\"Governadora Raquel Lyra anuncia duplica\u00e7\u00e3o da BR-104, constru\u00e7\u00e3o de esta\u00e7\u00e3o de tratamento de \u00e1gua em Santa Cruz do Capibaribe e nova escola em Toritama - Serra FM 87,9\",\"isPartOf\":{\"@id\":\"https:\/\/serrafm879.com.br\/serrafm\/#website\"},\"primaryImageOfPage\":{\"@id\":\"https:\/\/serrafm879.com.br\/serrafm\/2023\/09\/governadora-raquel-lyra-anuncia-duplicacao-da-br-104-construcao-de-estacao-de-tratamento-de-agua-em-santa-cruz-do-capibaribe-e-nova-escola-em-toritama\/#primaryimage\"},\"image\":{\"@id\":\"https:\/\/serrafm879.com.br\/serrafm\/2023\/09\/governadora-raquel-lyra-anuncia-duplicacao-da-br-104-construcao-de-estacao-de-tratamento-de-agua-em-santa-cruz-do-capibaribe-e-nova-escola-em-toritama\/#primaryimage\"},\"thumbnailUrl\":\"https:\/\/serrafm879.com.br\/serrafm\/wp-content\/uploads\/2023\/09\/Janaina.Pepeu_.Secom2_.jpeg\",\"datePublished\":\"2023-09-22T08:23:26+00:00\",\"dateModified\":\"2023-09-22T08:24:03+00:00\",\"author\":{\"@id\":\"https:\/\/serrafm879.com.br\/serrafm\/#\/schema\/person\/c028a197030ff8b1c03c68dfba4a787a\"},\"breadcrumb\":{\"@id\":\"https:\/\/serrafm879.com.br\/serrafm\/2023\/09\/governadora-raquel-lyra-anuncia-duplicacao-da-br-104-construcao-de-estacao-de-tratamento-de-agua-em-santa-cruz-do-capibaribe-e-nova-escola-em-toritama\/#breadcrumb\"},\"inLanguage\":\"pt-BR\",\"potentialAction\":[{\"@type\":\"ReadAction\",\"target\":[\"https:\/\/serrafm879.com.br\/serrafm\/2023\/09\/governadora-raquel-lyra-anuncia-duplicacao-da-br-104-construcao-de-estacao-de-tratamento-de-agua-em-santa-cruz-do-capibaribe-e-nova-escola-em-toritama\/\"]}]},{\"@type\":\"ImageObject\",\"inLanguage\":\"pt-BR\",\"@id\":\"https:\/\/serrafm879.com.br\/serrafm\/2023\/09\/governadora-raquel-lyra-anuncia-duplicacao-da-br-104-construcao-de-estacao-de-tratamento-de-agua-em-santa-cruz-do-capibaribe-e-nova-escola-em-toritama\/#primaryimage\",\"url\":\"https:\/\/serrafm879.com.br\/serrafm\/wp-content\/uploads\/2023\/09\/Janaina.Pepeu_.Secom2_.jpeg\",\"contentUrl\":\"https:\/\/serrafm879.com.br\/serrafm\/wp-content\/uploads\/2023\/09\/Janaina.Pepeu_.Secom2_.jpeg\",\"width\":1600,\"height\":1066},{\"@type\":\"BreadcrumbList\",\"@id\":\"https:\/\/serrafm879.com.br\/serrafm\/2023\/09\/governadora-raquel-lyra-anuncia-duplicacao-da-br-104-construcao-de-estacao-de-tratamento-de-agua-em-santa-cruz-do-capibaribe-e-nova-escola-em-toritama\/#breadcrumb\",\"itemListElement\":[{\"@type\":\"ListItem\",\"position\":1,\"name\":\"In\u00edcio\",\"item\":\"https:\/\/serrafm879.com.br\/serrafm\/\"},{\"@type\":\"ListItem\",\"position\":2,\"name\":\"Governadora Raquel Lyra anuncia duplica\u00e7\u00e3o da BR-104, constru\u00e7\u00e3o de esta\u00e7\u00e3o de tratamento de \u00e1gua em Santa Cruz do Capibaribe e nova escola em Toritama\"}]},{\"@type\":\"WebSite\",\"@id\":\"https:\/\/serrafm879.com.br\/serrafm\/#website\",\"url\":\"https:\/\/serrafm879.com.br\/serrafm\/\",\"name\":\"Serra FM 87,9\",\"description\":\"O seu novo amor!\",\"potentialAction\":[{\"@type\":\"SearchAction\",\"target\":{\"@type\":\"EntryPoint\",\"urlTemplate\":\"https:\/\/serrafm879.com.br\/serrafm\/?s={search_term_string}\"},\"query-input\":{\"@type\":\"PropertyValueSpecification\",\"valueRequired\":true,\"valueName\":\"search_term_string\"}}],\"inLanguage\":\"pt-BR\"},{\"@type\":\"Person\",\"@id\":\"https:\/\/serrafm879.com.br\/serrafm\/#\/schema\/person\/c028a197030ff8b1c03c68dfba4a787a\",\"name\":\"serrafm87\",\"image\":{\"@type\":\"ImageObject\",\"inLanguage\":\"pt-BR\",\"@id\":\"https:\/\/serrafm879.com.br\/serrafm\/#\/schema\/person\/image\/\",\"url\":\"https:\/\/secure.gravatar.com\/avatar\/a743233f1112d34f48bb3dc9559b76eb930bab8b27175856cba6362608736235?s=96&d=mm&r=g\",\"contentUrl\":\"https:\/\/secure.gravatar.com\/avatar\/a743233f1112d34f48bb3dc9559b76eb930bab8b27175856cba6362608736235?s=96&d=mm&r=g\",\"caption\":\"serrafm87\"},\"sameAs\":[\"http:\/\/serrafm879.com.br\/\"],\"url\":\"https:\/\/serrafm879.com.br\/serrafm\/author\/serrafm87\/\"}]}<\/script>\n<!-- \/ Yoast SEO plugin. -->","yoast_head_json":{"title":"Governadora Raquel Lyra anuncia duplica\u00e7\u00e3o da BR-104, constru\u00e7\u00e3o de esta\u00e7\u00e3o de tratamento de \u00e1gua em Santa Cruz do Capibaribe e nova escola em Toritama - Serra FM 87,9","robots":{"index":"index","follow":"follow","max-snippet":"max-snippet:-1","max-image-preview":"max-image-preview:large","max-video-preview":"max-video-preview:-1"},"canonical":"https:\/\/serrafm879.com.br\/serrafm\/2023\/09\/governadora-raquel-lyra-anuncia-duplicacao-da-br-104-construcao-de-estacao-de-tratamento-de-agua-em-santa-cruz-do-capibaribe-e-nova-escola-em-toritama\/","og_locale":"pt_BR","og_type":"article","og_title":"Governadora Raquel Lyra anuncia duplica\u00e7\u00e3o da BR-104, constru\u00e7\u00e3o de esta\u00e7\u00e3o de tratamento de \u00e1gua em Santa Cruz do Capibaribe e nova escola em Toritama - Serra FM 87,9","og_description":"Em Santa Cruz do Capibaribe, no Agreste Setentrional, durante a realiza\u00e7\u00e3o do Ouvir para Mudar, a governadora Raquel Lyra assinou a autoriza\u00e7\u00e3o da licita\u00e7\u00e3o para implantar uma nova esta\u00e7\u00e3o de tratamento de \u00e1gua no munic\u00edpio. O equipamento ir\u00e1 melhorar o abastecimento de \u00e1gua para toda a popula\u00e7\u00e3o. Ainda durante o evento, realizado na Escola T\u00e9cnica Estadual Jos\u00e9 Nivaldo, a gestora assinou a ordem de servi\u00e7o da duplica\u00e7\u00e3o e restaura\u00e7\u00e3o da BR-104. A chefe do Executivo estadual tamb\u00e9m anunciou a constru\u00e7\u00e3o de uma nova escola de refer\u00eancia no munic\u00edpio de Toritama.\u00a0 \u00a0 \u201cDepois de tanto esfor\u00e7o, conseguimos somar R$ 3,5 bilh\u00f5es [&hellip;]","og_url":"https:\/\/serrafm879.com.br\/serrafm\/2023\/09\/governadora-raquel-lyra-anuncia-duplicacao-da-br-104-construcao-de-estacao-de-tratamento-de-agua-em-santa-cruz-do-capibaribe-e-nova-escola-em-toritama\/","og_site_name":"Serra FM 87,9","article_published_time":"2023-09-22T08:23:26+00:00","article_modified_time":"2023-09-22T08:24:03+00:00","og_image":[{"width":1600,"height":1066,"url":"https:\/\/serrafm879.com.br\/serrafm\/wp-content\/uploads\/2023\/09\/Janaina.Pepeu_.Secom2_.jpeg","type":"image\/jpeg"}],"author":"serrafm87","twitter_card":"summary_large_image","twitter_misc":{"Escrito por":"serrafm87","Est. tempo de leitura":"5 minutos"},"schema":{"@context":"https:\/\/schema.org","@graph":[{"@type":"WebPage","@id":"https:\/\/serrafm879.com.br\/serrafm\/2023\/09\/governadora-raquel-lyra-anuncia-duplicacao-da-br-104-construcao-de-estacao-de-tratamento-de-agua-em-santa-cruz-do-capibaribe-e-nova-escola-em-toritama\/","url":"https:\/\/serrafm879.com.br\/serrafm\/2023\/09\/governadora-raquel-lyra-anuncia-duplicacao-da-br-104-construcao-de-estacao-de-tratamento-de-agua-em-santa-cruz-do-capibaribe-e-nova-escola-em-toritama\/","name":"Governadora Raquel Lyra anuncia duplica\u00e7\u00e3o da BR-104, constru\u00e7\u00e3o de esta\u00e7\u00e3o de tratamento de \u00e1gua em Santa Cruz do Capibaribe e nova escola em Toritama - Serra FM 87,9","isPartOf":{"@id":"https:\/\/serrafm879.com.br\/serrafm\/#website"},"primaryImageOfPage":{"@id":"https:\/\/serrafm879.com.br\/serrafm\/2023\/09\/governadora-raquel-lyra-anuncia-duplicacao-da-br-104-construcao-de-estacao-de-tratamento-de-agua-em-santa-cruz-do-capibaribe-e-nova-escola-em-toritama\/#primaryimage"},"image":{"@id":"https:\/\/serrafm879.com.br\/serrafm\/2023\/09\/governadora-raquel-lyra-anuncia-duplicacao-da-br-104-construcao-de-estacao-de-tratamento-de-agua-em-santa-cruz-do-capibaribe-e-nova-escola-em-toritama\/#primaryimage"},"thumbnailUrl":"https:\/\/serrafm879.com.br\/serrafm\/wp-content\/uploads\/2023\/09\/Janaina.Pepeu_.Secom2_.jpeg","datePublished":"2023-09-22T08:23:26+00:00","dateModified":"2023-09-22T08:24:03+00:00","author":{"@id":"https:\/\/serrafm879.com.br\/serrafm\/#\/schema\/person\/c028a197030ff8b1c03c68dfba4a787a"},"breadcrumb":{"@id":"https:\/\/serrafm879.com.br\/serrafm\/2023\/09\/governadora-raquel-lyra-anuncia-duplicacao-da-br-104-construcao-de-estacao-de-tratamento-de-agua-em-santa-cruz-do-capibaribe-e-nova-escola-em-toritama\/#breadcrumb"},"inLanguage":"pt-BR","potentialAction":[{"@type":"ReadAction","target":["https:\/\/serrafm879.com.br\/serrafm\/2023\/09\/governadora-raquel-lyra-anuncia-duplicacao-da-br-104-construcao-de-estacao-de-tratamento-de-agua-em-santa-cruz-do-capibaribe-e-nova-escola-em-toritama\/"]}]},{"@type":"ImageObject","inLanguage":"pt-BR","@id":"https:\/\/serrafm879.com.br\/serrafm\/2023\/09\/governadora-raquel-lyra-anuncia-duplicacao-da-br-104-construcao-de-estacao-de-tratamento-de-agua-em-santa-cruz-do-capibaribe-e-nova-escola-em-toritama\/#primaryimage","url":"https:\/\/serrafm879.com.br\/serrafm\/wp-content\/uploads\/2023\/09\/Janaina.Pepeu_.Secom2_.jpeg","contentUrl":"https:\/\/serrafm879.com.br\/serrafm\/wp-content\/uploads\/2023\/09\/Janaina.Pepeu_.Secom2_.jpeg","width":1600,"height":1066},{"@type":"BreadcrumbList","@id":"https:\/\/serrafm879.com.br\/serrafm\/2023\/09\/governadora-raquel-lyra-anuncia-duplicacao-da-br-104-construcao-de-estacao-de-tratamento-de-agua-em-santa-cruz-do-capibaribe-e-nova-escola-em-toritama\/#breadcrumb","itemListElement":[{"@type":"ListItem","position":1,"name":"In\u00edcio","item":"https:\/\/serrafm879.com.br\/serrafm\/"},{"@type":"ListItem","position":2,"name":"Governadora Raquel Lyra anuncia duplica\u00e7\u00e3o da BR-104, constru\u00e7\u00e3o de esta\u00e7\u00e3o de tratamento de \u00e1gua em Santa Cruz do Capibaribe e nova escola em Toritama"}]},{"@type":"WebSite","@id":"https:\/\/serrafm879.com.br\/serrafm\/#website","url":"https:\/\/serrafm879.com.br\/serrafm\/","name":"Serra FM 87,9","description":"O seu novo amor!","potentialAction":[{"@type":"SearchAction","target":{"@type":"EntryPoint","urlTemplate":"https:\/\/serrafm879.com.br\/serrafm\/?s={search_term_string}"},"query-input":{"@type":"PropertyValueSpecification","valueRequired":true,"valueName":"search_term_string"}}],"inLanguage":"pt-BR"},{"@type":"Person","@id":"https:\/\/serrafm879.com.br\/serrafm\/#\/schema\/person\/c028a197030ff8b1c03c68dfba4a787a","name":"serrafm87","image":{"@type":"ImageObject","inLanguage":"pt-BR","@id":"https:\/\/serrafm879.com.br\/serrafm\/#\/schema\/person\/image\/","url":"https:\/\/secure.gravatar.com\/avatar\/a743233f1112d34f48bb3dc9559b76eb930bab8b27175856cba6362608736235?s=96&d=mm&r=g","contentUrl":"https:\/\/secure.gravatar.com\/avatar\/a743233f1112d34f48bb3dc9559b76eb930bab8b27175856cba6362608736235?s=96&d=mm&r=g","caption":"serrafm87"},"sameAs":["http:\/\/serrafm879.com.br\/"],"url":"https:\/\/serrafm879.com.br\/serrafm\/author\/serrafm87\/"}]}},"jetpack_featured_media_url":"https:\/\/serrafm879.com.br\/serrafm\/wp-content\/uploads\/2023\/09\/Janaina.Pepeu_.Secom2_.jpeg","jetpack_shortlink":"https:\/\/wp.me\/p7HyXg-3Ik","jetpack_sharing_enabled":true,"_links":{"self":[{"href":"https:\/\/serrafm879.com.br\/serrafm\/wp-json\/wp\/v2\/posts\/14280","targetHints":{"allow":["GET"]}}],"collection":[{"href":"https:\/\/serrafm879.com.br\/serrafm\/wp-json\/wp\/v2\/posts"}],"about":[{"href":"https:\/\/serrafm879.com.br\/serrafm\/wp-json\/wp\/v2\/types\/post"}],"author":[{"embeddable":true,"href":"https:\/\/serrafm879.com.br\/serrafm\/wp-json\/wp\/v2\/users\/2"}],"replies":[{"embeddable":true,"href":"https:\/\/serrafm879.com.br\/serrafm\/wp-json\/wp\/v2\/comments?post=14280"}],"version-history":[{"count":2,"href":"https:\/\/serrafm879.com.br\/serrafm\/wp-json\/wp\/v2\/posts\/14280\/revisions"}],"predecessor-version":[{"id":14283,"href":"https:\/\/serrafm879.com.br\/serrafm\/wp-json\/wp\/v2\/posts\/14280\/revisions\/14283"}],"wp:featuredmedia":[{"embeddable":true,"href":"https:\/\/serrafm879.com.br\/serrafm\/wp-json\/wp\/v2\/media\/14281"}],"wp:attachment":[{"href":"https:\/\/serrafm879.com.br\/serrafm\/wp-json\/wp\/v2\/media?parent=14280"}],"wp:term":[{"taxonomy":"category","embeddable":true,"href":"https:\/\/serrafm879.com.br\/serrafm\/wp-json\/wp\/v2\/categories?post=14280"},{"taxonomy":"post_tag","embeddable":true,"href":"https:\/\/serrafm879.com.br\/serrafm\/wp-json\/wp\/v2\/tags?post=14280"}],"curies":[{"name":"wp","href":"https:\/\/api.w.org\/{rel}","templated":true}]}}