{"id":14402,"date":"2023-10-02T04:31:55","date_gmt":"2023-10-02T07:31:55","guid":{"rendered":"https:\/?p=14402"},"modified":"2023-10-02T04:31:55","modified_gmt":"2023-10-02T07:31:55","slug":"homem-de-29-anos-foi-assassinado-a-tiros-no-sabado-em-serra-talhada","status":"publish","type":"post","link":"https:\/\/serrafm879.com.br\/serrafm\/2023\/10\/homem-de-29-anos-foi-assassinado-a-tiros-no-sabado-em-serra-talhada\/","title":{"rendered":"Homem de 29 anos foi assassinado a tiros no s\u00e1bado em Serra Talhada"},"content":{"rendered":"<p>Foi registrado um homic\u00eddio na madrugada do s\u00e1bado, 30, na Avenida Triunfo, em Serra Talhada. Um homem identificado como Welyson Ferreira de Souza, 29 anos, morreu ap\u00f3s ser atingido por disparos de arma de fogo.<\/p>\n<p>Segundo o site Farol de Not\u00edcias, policiais militares e civis, al\u00e9m do Corpo de Bombeiros, foram chamados ao local, mas a v\u00edtima j\u00e1 n\u00e3o esbo\u00e7ava sinais de vida.<\/p>\n<p>At\u00e9 o momento n\u00e3o h\u00e1 informa\u00e7\u00e3o sobre a autoria e motiva\u00e7\u00e3o do crime, mas a Delegacia de Pol\u00edcia Civil local abriu inqu\u00e9rito para investig\u00e1-lo.<\/p>\n","protected":false},"excerpt":{"rendered":"<p>Foi registrado um homic\u00eddio na madrugada do s\u00e1bado, 30, na Avenida Triunfo, em Serra Talhada. Um homem identificado como Welyson Ferreira de Souza, 29 anos, morreu ap\u00f3s ser atingido por disparos de arma de fogo. Segundo o site Farol de Not\u00edcias, policiais militares e civis, al\u00e9m do Corpo de Bombeiros, foram chamados ao local, mas a v\u00edtima j\u00e1 n\u00e3o esbo\u00e7ava sinais de vida. At\u00e9 o momento n\u00e3o h\u00e1 informa\u00e7\u00e3o sobre a autoria e motiva\u00e7\u00e3o do crime, mas a Delegacia de Pol\u00edcia Civil local abriu inqu\u00e9rito para investig\u00e1-lo.<\/p>\n","protected":false},"author":2,"featured_media":4096,"comment_status":"open","ping_status":"open","sticky":false,"template":"","format":"standard","meta":{"_jetpack_newsletter_access":"","_jetpack_dont_email_post_to_subs":false,"_jetpack_newsletter_tier_id":0,"_jetpack_memberships_contains_paywalled_content":false,"_jetpack_feature_clip_id":0,"_jetpack_memberships_contains_paid_content":false,"footnotes":"","jetpack_publicize_message":"","jetpack_publicize_feature_enabled":true,"jetpack_social_post_already_shared":true,"jetpack_social_options":{"image_generator_settings":{"template":"highway","default_image_id":0,"font":"","enabled":false},"version":2},"jetpack_post_was_ever_published":false},"categories":[151],"tags":[],"class_list":["post-14402","post","type-post","status-publish","format-standard","has-post-thumbnail","hentry","category-policia"],"aioseo_notices":[],"aioseo_head":"\n\t\t<!-- All in One SEO 4.9.10 - aioseo.com -->\n\t<meta name=\"description\" content=\"Foi registrado um homic\u00eddio na madrugada do s\u00e1bado, 30, na Avenida Triunfo, em Serra Talhada. Um homem identificado como Welyson Ferreira de Souza, 29 anos, morreu ap\u00f3s ser atingido por disparos de arma de fogo. Segundo o site Farol de Not\u00edcias, policiais militares e civis, al\u00e9m do Corpo de Bombeiros, foram chamados ao local, mas\" \/>\n\t<meta name=\"robots\" content=\"max-image-preview:large\" \/>\n\t<meta name=\"author\" content=\"serrafm87\"\/>\n\t<link rel=\"canonical\" href=\"https:\/\/serrafm879.com.br\/serrafm\/2023\/10\/homem-de-29-anos-foi-assassinado-a-tiros-no-sabado-em-serra-talhada\/\" \/>\n\t<meta name=\"generator\" content=\"All in One SEO (AIOSEO) 4.9.10\" \/>\n\t\t<meta name=\"twitter:card\" content=\"summary_large_image\" \/>\n\t\t<meta name=\"twitter:title\" content=\"Homem de 29 anos foi assassinado a tiros no s\u00e1bado em Serra Talhada - Serra FM 87,9\" \/>\n\t\t<meta name=\"twitter:description\" content=\"Foi registrado um homic\u00eddio na madrugada do s\u00e1bado, 30, na Avenida Triunfo, em Serra Talhada. Um homem identificado como Welyson Ferreira de Souza, 29 anos, morreu ap\u00f3s ser atingido por disparos de arma de fogo. Segundo o site Farol de Not\u00edcias, policiais militares e civis, al\u00e9m do Corpo de Bombeiros, foram chamados ao local, mas\" \/>\n\t\t<meta name=\"twitter:image\" content=\"https:\/\/serrafm879.com.br\/serrafm\/wp-content\/uploads\/2020\/12\/sirene-noturna43-policia-728x405-1.jpg\" \/>\n\t\t<script type=\"application\/ld+json\" class=\"aioseo-schema\">\n\t\t\t{\"@context\":\"https:\\\/\\\/schema.org\",\"@graph\":[{\"@type\":\"BlogPosting\",\"@id\":\"https:\\\/\\\/serrafm879.com.br\\\/serrafm\\\/2023\\\/10\\\/homem-de-29-anos-foi-assassinado-a-tiros-no-sabado-em-serra-talhada\\\/#blogposting\",\"name\":\"Homem de 29 anos foi assassinado a tiros no s\\u00e1bado em Serra Talhada - Serra FM 87,9\",\"headline\":\"Homem de 29 anos foi assassinado a tiros no s\\u00e1bado em Serra Talhada\",\"author\":{\"@id\":\"https:\\\/\\\/serrafm879.com.br\\\/serrafm\\\/author\\\/serrafm87\\\/#author\"},\"publisher\":{\"@id\":\"https:\\\/\\\/serrafm879.com.br\\\/serrafm\\\/#organization\"},\"image\":{\"@type\":\"ImageObject\",\"url\":\"https:\\\/\\\/serrafm879.com.br\\\/serrafm\\\/wp-content\\\/uploads\\\/2020\\\/12\\\/sirene-noturna43-policia-728x405-1.jpg\",\"width\":728,\"height\":405},\"datePublished\":\"2023-10-02T04:31:55-03:00\",\"dateModified\":\"2023-10-02T04:31:55-03:00\",\"inLanguage\":\"pt-BR\",\"mainEntityOfPage\":{\"@id\":\"https:\\\/\\\/serrafm879.com.br\\\/serrafm\\\/2023\\\/10\\\/homem-de-29-anos-foi-assassinado-a-tiros-no-sabado-em-serra-talhada\\\/#webpage\"},\"isPartOf\":{\"@id\":\"https:\\\/\\\/serrafm879.com.br\\\/serrafm\\\/2023\\\/10\\\/homem-de-29-anos-foi-assassinado-a-tiros-no-sabado-em-serra-talhada\\\/#webpage\"},\"articleSection\":\"Pol\\u00edcia\"},{\"@type\":\"BreadcrumbList\",\"@id\":\"https:\\\/\\\/serrafm879.com.br\\\/serrafm\\\/2023\\\/10\\\/homem-de-29-anos-foi-assassinado-a-tiros-no-sabado-em-serra-talhada\\\/#breadcrumblist\",\"itemListElement\":[{\"@type\":\"ListItem\",\"@id\":\"https:\\\/\\\/serrafm879.com.br\\\/serrafm#listItem\",\"position\":1,\"name\":\"Home\",\"item\":\"https:\\\/\\\/serrafm879.com.br\\\/serrafm\",\"nextItem\":{\"@type\":\"ListItem\",\"@id\":\"https:\\\/\\\/serrafm879.com.br\\\/serrafm\\\/categoria\\\/policia\\\/#listItem\",\"name\":\"Pol\\u00edcia\"}},{\"@type\":\"ListItem\",\"@id\":\"https:\\\/\\\/serrafm879.com.br\\\/serrafm\\\/categoria\\\/policia\\\/#listItem\",\"position\":2,\"name\":\"Pol\\u00edcia\",\"item\":\"https:\\\/\\\/serrafm879.com.br\\\/serrafm\\\/categoria\\\/policia\\\/\",\"nextItem\":{\"@type\":\"ListItem\",\"@id\":\"https:\\\/\\\/serrafm879.com.br\\\/serrafm\\\/2023\\\/10\\\/homem-de-29-anos-foi-assassinado-a-tiros-no-sabado-em-serra-talhada\\\/#listItem\",\"name\":\"Homem de 29 anos foi assassinado a tiros no s\\u00e1bado em Serra Talhada\"},\"previousItem\":{\"@type\":\"ListItem\",\"@id\":\"https:\\\/\\\/serrafm879.com.br\\\/serrafm#listItem\",\"name\":\"Home\"}},{\"@type\":\"ListItem\",\"@id\":\"https:\\\/\\\/serrafm879.com.br\\\/serrafm\\\/2023\\\/10\\\/homem-de-29-anos-foi-assassinado-a-tiros-no-sabado-em-serra-talhada\\\/#listItem\",\"position\":3,\"name\":\"Homem de 29 anos foi assassinado a tiros no s\\u00e1bado em Serra Talhada\",\"previousItem\":{\"@type\":\"ListItem\",\"@id\":\"https:\\\/\\\/serrafm879.com.br\\\/serrafm\\\/categoria\\\/policia\\\/#listItem\",\"name\":\"Pol\\u00edcia\"}}]},{\"@type\":\"Organization\",\"@id\":\"https:\\\/\\\/serrafm879.com.br\\\/serrafm\\\/#organization\",\"name\":\"Serra FM 87,9\",\"description\":\"O seu novo amor!\",\"url\":\"https:\\\/\\\/serrafm879.com.br\\\/serrafm\\\/\"},{\"@type\":\"Person\",\"@id\":\"https:\\\/\\\/serrafm879.com.br\\\/serrafm\\\/author\\\/serrafm87\\\/#author\",\"url\":\"https:\\\/\\\/serrafm879.com.br\\\/serrafm\\\/author\\\/serrafm87\\\/\",\"name\":\"serrafm87\",\"image\":{\"@type\":\"ImageObject\",\"@id\":\"https:\\\/\\\/serrafm879.com.br\\\/serrafm\\\/2023\\\/10\\\/homem-de-29-anos-foi-assassinado-a-tiros-no-sabado-em-serra-talhada\\\/#authorImage\",\"url\":\"https:\\\/\\\/secure.gravatar.com\\\/avatar\\\/a743233f1112d34f48bb3dc9559b76eb930bab8b27175856cba6362608736235?s=96&d=mm&r=g\",\"width\":96,\"height\":96,\"caption\":\"serrafm87\"}},{\"@type\":\"WebPage\",\"@id\":\"https:\\\/\\\/serrafm879.com.br\\\/serrafm\\\/2023\\\/10\\\/homem-de-29-anos-foi-assassinado-a-tiros-no-sabado-em-serra-talhada\\\/#webpage\",\"url\":\"https:\\\/\\\/serrafm879.com.br\\\/serrafm\\\/2023\\\/10\\\/homem-de-29-anos-foi-assassinado-a-tiros-no-sabado-em-serra-talhada\\\/\",\"name\":\"Homem de 29 anos foi assassinado a tiros no s\\u00e1bado em Serra Talhada - Serra FM 87,9\",\"description\":\"Foi registrado um homic\\u00eddio na madrugada do s\\u00e1bado, 30, na Avenida Triunfo, em Serra Talhada. Um homem identificado como Welyson Ferreira de Souza, 29 anos, morreu ap\\u00f3s ser atingido por disparos de arma de fogo. Segundo o site Farol de Not\\u00edcias, policiais militares e civis, al\\u00e9m do Corpo de Bombeiros, foram chamados ao local, mas\",\"inLanguage\":\"pt-BR\",\"isPartOf\":{\"@id\":\"https:\\\/\\\/serrafm879.com.br\\\/serrafm\\\/#website\"},\"breadcrumb\":{\"@id\":\"https:\\\/\\\/serrafm879.com.br\\\/serrafm\\\/2023\\\/10\\\/homem-de-29-anos-foi-assassinado-a-tiros-no-sabado-em-serra-talhada\\\/#breadcrumblist\"},\"author\":{\"@id\":\"https:\\\/\\\/serrafm879.com.br\\\/serrafm\\\/author\\\/serrafm87\\\/#author\"},\"creator\":{\"@id\":\"https:\\\/\\\/serrafm879.com.br\\\/serrafm\\\/author\\\/serrafm87\\\/#author\"},\"image\":{\"@type\":\"ImageObject\",\"url\":\"https:\\\/\\\/serrafm879.com.br\\\/serrafm\\\/wp-content\\\/uploads\\\/2020\\\/12\\\/sirene-noturna43-policia-728x405-1.jpg\",\"@id\":\"https:\\\/\\\/serrafm879.com.br\\\/serrafm\\\/2023\\\/10\\\/homem-de-29-anos-foi-assassinado-a-tiros-no-sabado-em-serra-talhada\\\/#mainImage\",\"width\":728,\"height\":405},\"primaryImageOfPage\":{\"@id\":\"https:\\\/\\\/serrafm879.com.br\\\/serrafm\\\/2023\\\/10\\\/homem-de-29-anos-foi-assassinado-a-tiros-no-sabado-em-serra-talhada\\\/#mainImage\"},\"datePublished\":\"2023-10-02T04:31:55-03:00\",\"dateModified\":\"2023-10-02T04:31:55-03:00\"},{\"@type\":\"WebSite\",\"@id\":\"https:\\\/\\\/serrafm879.com.br\\\/serrafm\\\/#website\",\"url\":\"https:\\\/\\\/serrafm879.com.br\\\/serrafm\\\/\",\"name\":\"Serra FM 87,9\",\"description\":\"O seu novo amor!\",\"inLanguage\":\"pt-BR\",\"publisher\":{\"@id\":\"https:\\\/\\\/serrafm879.com.br\\\/serrafm\\\/#organization\"}}]}\n\t\t<\/script>\n\t\t<!-- All in One SEO -->\n\n","aioseo_head_json":{"title":"Homem de 29 anos foi assassinado a tiros no s\u00e1bado em Serra Talhada - Serra FM 87,9","description":"Foi registrado um homic\u00eddio na madrugada do s\u00e1bado, 30, na Avenida Triunfo, em Serra Talhada. Um homem identificado como Welyson Ferreira de Souza, 29 anos, morreu ap\u00f3s ser atingido por disparos de arma de fogo. Segundo o site Farol de Not\u00edcias, policiais militares e civis, al\u00e9m do Corpo de Bombeiros, foram chamados ao local, mas","canonical_url":"https:\/\/serrafm879.com.br\/serrafm\/2023\/10\/homem-de-29-anos-foi-assassinado-a-tiros-no-sabado-em-serra-talhada\/","robots":"max-image-preview:large","keywords":"","webmasterTools":{"miscellaneous":""},"schema":{"@context":"https:\/\/schema.org","@graph":[{"@type":"BlogPosting","@id":"https:\/\/serrafm879.com.br\/serrafm\/2023\/10\/homem-de-29-anos-foi-assassinado-a-tiros-no-sabado-em-serra-talhada\/#blogposting","name":"Homem de 29 anos foi assassinado a tiros no s\u00e1bado em Serra Talhada - Serra FM 87,9","headline":"Homem de 29 anos foi assassinado a tiros no s\u00e1bado em Serra Talhada","author":{"@id":"https:\/\/serrafm879.com.br\/serrafm\/author\/serrafm87\/#author"},"publisher":{"@id":"https:\/\/serrafm879.com.br\/serrafm\/#organization"},"image":{"@type":"ImageObject","url":"https:\/\/serrafm879.com.br\/serrafm\/wp-content\/uploads\/2020\/12\/sirene-noturna43-policia-728x405-1.jpg","width":728,"height":405},"datePublished":"2023-10-02T04:31:55-03:00","dateModified":"2023-10-02T04:31:55-03:00","inLanguage":"pt-BR","mainEntityOfPage":{"@id":"https:\/\/serrafm879.com.br\/serrafm\/2023\/10\/homem-de-29-anos-foi-assassinado-a-tiros-no-sabado-em-serra-talhada\/#webpage"},"isPartOf":{"@id":"https:\/\/serrafm879.com.br\/serrafm\/2023\/10\/homem-de-29-anos-foi-assassinado-a-tiros-no-sabado-em-serra-talhada\/#webpage"},"articleSection":"Pol\u00edcia"},{"@type":"BreadcrumbList","@id":"https:\/\/serrafm879.com.br\/serrafm\/2023\/10\/homem-de-29-anos-foi-assassinado-a-tiros-no-sabado-em-serra-talhada\/#breadcrumblist","itemListElement":[{"@type":"ListItem","@id":"https:\/\/serrafm879.com.br\/serrafm#listItem","position":1,"name":"Home","item":"https:\/\/serrafm879.com.br\/serrafm","nextItem":{"@type":"ListItem","@id":"https:\/\/serrafm879.com.br\/serrafm\/categoria\/policia\/#listItem","name":"Pol\u00edcia"}},{"@type":"ListItem","@id":"https:\/\/serrafm879.com.br\/serrafm\/categoria\/policia\/#listItem","position":2,"name":"Pol\u00edcia","item":"https:\/\/serrafm879.com.br\/serrafm\/categoria\/policia\/","nextItem":{"@type":"ListItem","@id":"https:\/\/serrafm879.com.br\/serrafm\/2023\/10\/homem-de-29-anos-foi-assassinado-a-tiros-no-sabado-em-serra-talhada\/#listItem","name":"Homem de 29 anos foi assassinado a tiros no s\u00e1bado em Serra Talhada"},"previousItem":{"@type":"ListItem","@id":"https:\/\/serrafm879.com.br\/serrafm#listItem","name":"Home"}},{"@type":"ListItem","@id":"https:\/\/serrafm879.com.br\/serrafm\/2023\/10\/homem-de-29-anos-foi-assassinado-a-tiros-no-sabado-em-serra-talhada\/#listItem","position":3,"name":"Homem de 29 anos foi assassinado a tiros no s\u00e1bado em Serra Talhada","previousItem":{"@type":"ListItem","@id":"https:\/\/serrafm879.com.br\/serrafm\/categoria\/policia\/#listItem","name":"Pol\u00edcia"}}]},{"@type":"Organization","@id":"https:\/\/serrafm879.com.br\/serrafm\/#organization","name":"Serra FM 87,9","description":"O seu novo amor!","url":"https:\/\/serrafm879.com.br\/serrafm\/"},{"@type":"Person","@id":"https:\/\/serrafm879.com.br\/serrafm\/author\/serrafm87\/#author","url":"https:\/\/serrafm879.com.br\/serrafm\/author\/serrafm87\/","name":"serrafm87","image":{"@type":"ImageObject","@id":"https:\/\/serrafm879.com.br\/serrafm\/2023\/10\/homem-de-29-anos-foi-assassinado-a-tiros-no-sabado-em-serra-talhada\/#authorImage","url":"https:\/\/secure.gravatar.com\/avatar\/a743233f1112d34f48bb3dc9559b76eb930bab8b27175856cba6362608736235?s=96&d=mm&r=g","width":96,"height":96,"caption":"serrafm87"}},{"@type":"WebPage","@id":"https:\/\/serrafm879.com.br\/serrafm\/2023\/10\/homem-de-29-anos-foi-assassinado-a-tiros-no-sabado-em-serra-talhada\/#webpage","url":"https:\/\/serrafm879.com.br\/serrafm\/2023\/10\/homem-de-29-anos-foi-assassinado-a-tiros-no-sabado-em-serra-talhada\/","name":"Homem de 29 anos foi assassinado a tiros no s\u00e1bado em Serra Talhada - Serra FM 87,9","description":"Foi registrado um homic\u00eddio na madrugada do s\u00e1bado, 30, na Avenida Triunfo, em Serra Talhada. Um homem identificado como Welyson Ferreira de Souza, 29 anos, morreu ap\u00f3s ser atingido por disparos de arma de fogo. Segundo o site Farol de Not\u00edcias, policiais militares e civis, al\u00e9m do Corpo de Bombeiros, foram chamados ao local, mas","inLanguage":"pt-BR","isPartOf":{"@id":"https:\/\/serrafm879.com.br\/serrafm\/#website"},"breadcrumb":{"@id":"https:\/\/serrafm879.com.br\/serrafm\/2023\/10\/homem-de-29-anos-foi-assassinado-a-tiros-no-sabado-em-serra-talhada\/#breadcrumblist"},"author":{"@id":"https:\/\/serrafm879.com.br\/serrafm\/author\/serrafm87\/#author"},"creator":{"@id":"https:\/\/serrafm879.com.br\/serrafm\/author\/serrafm87\/#author"},"image":{"@type":"ImageObject","url":"https:\/\/serrafm879.com.br\/serrafm\/wp-content\/uploads\/2020\/12\/sirene-noturna43-policia-728x405-1.jpg","@id":"https:\/\/serrafm879.com.br\/serrafm\/2023\/10\/homem-de-29-anos-foi-assassinado-a-tiros-no-sabado-em-serra-talhada\/#mainImage","width":728,"height":405},"primaryImageOfPage":{"@id":"https:\/\/serrafm879.com.br\/serrafm\/2023\/10\/homem-de-29-anos-foi-assassinado-a-tiros-no-sabado-em-serra-talhada\/#mainImage"},"datePublished":"2023-10-02T04:31:55-03:00","dateModified":"2023-10-02T04:31:55-03:00"},{"@type":"WebSite","@id":"https:\/\/serrafm879.com.br\/serrafm\/#website","url":"https:\/\/serrafm879.com.br\/serrafm\/","name":"Serra FM 87,9","description":"O seu novo amor!","inLanguage":"pt-BR","publisher":{"@id":"https:\/\/serrafm879.com.br\/serrafm\/#organization"}}]},"twitter:card":"summary_large_image","twitter:title":"Homem de 29 anos foi assassinado a tiros no s\u00e1bado em Serra Talhada - Serra FM 87,9","twitter:description":"Foi registrado um homic\u00eddio na madrugada do s\u00e1bado, 30, na Avenida Triunfo, em Serra Talhada. Um homem identificado como Welyson Ferreira de Souza, 29 anos, morreu ap\u00f3s ser atingido por disparos de arma de fogo. Segundo o site Farol de Not\u00edcias, policiais militares e civis, al\u00e9m do Corpo de Bombeiros, foram chamados ao local, mas","twitter:image":"https:\/\/serrafm879.com.br\/serrafm\/wp-content\/uploads\/2020\/12\/sirene-noturna43-policia-728x405-1.jpg"},"aioseo_meta_data":{"post_id":"14402","title":null,"description":null,"keywords":null,"keyphrases":null,"primary_term":null,"canonical_url":null,"og_title":null,"og_description":null,"og_object_type":"default","og_image_type":"default","og_image_custom_url":null,"og_image_custom_fields":null,"og_image_url":null,"og_image_width":null,"og_image_height":null,"og_video":null,"og_custom_url":null,"og_article_section":null,"og_article_tags":null,"twitter_use_og":false,"twitter_card":"default","twitter_image_type":"default","twitter_image_custom_url":null,"twitter_image_custom_fields":null,"twitter_image_url":null,"twitter_title":null,"twitter_description":null,"schema_type":"default","schema_type_options":null,"schema":{"blockGraphs":[],"customGraphs":[],"default":{"data":{"Article":[],"Course":[],"Dataset":[],"FAQPage":[],"Movie":[],"Person":[],"Product":[],"ProductReview":[],"Car":[],"Recipe":[],"Service":[],"SoftwareApplication":[],"WebPage":[]},"graphName":"","isEnabled":true},"graphs":[]},"pillar_content":false,"robots_default":true,"robots_noindex":false,"robots_noarchive":false,"robots_nosnippet":false,"robots_nofollow":false,"robots_noimageindex":false,"robots_noodp":false,"robots_notranslate":false,"robots_max_snippet":null,"robots_max_videopreview":null,"robots_max_imagepreview":"large","priority":null,"frequency":null,"local_seo":null,"limit_modified_date":false,"ai":null,"breadcrumb_settings":null,"seo_analyzer_scan_date":null,"created":"2026-07-21 08:20:35","updated":"2026-07-21 08:20:35"},"aioseo_breadcrumb":"<div class=\"aioseo-breadcrumbs\"><span class=\"aioseo-breadcrumb\">\n\t\t\t<a href=\"https:\/\/serrafm879.com.br\/serrafm\" title=\"Home\">Home<\/a>\n\t\t<\/span><span class=\"aioseo-breadcrumb-separator\">&raquo;<\/span><span class=\"aioseo-breadcrumb\">\n\t\t\t<a href=\"https:\/\/serrafm879.com.br\/serrafm\/categoria\/policia\/\" title=\"Pol\u00edcia\">Pol\u00edcia<\/a>\n\t\t<\/span><span class=\"aioseo-breadcrumb-separator\">&raquo;<\/span><span class=\"aioseo-breadcrumb\">\n\t\t\tHomem de 29 anos foi assassinado a tiros no s\u00e1bado em Serra Talhada\n\t\t<\/span><\/div>","aioseo_breadcrumb_json":[{"label":"Home","link":"https:\/\/serrafm879.com.br\/serrafm"},{"label":"Pol\u00edcia","link":"https:\/\/serrafm879.com.br\/serrafm\/categoria\/policia\/"},{"label":"Homem de 29 anos foi assassinado a tiros no s\u00e1bado em Serra Talhada","link":"https:\/\/serrafm879.com.br\/serrafm\/2023\/10\/homem-de-29-anos-foi-assassinado-a-tiros-no-sabado-em-serra-talhada\/"}],"jetpack_publicize_connections":[],"jetpack_featured_media_url":"https:\/\/serrafm879.com.br\/serrafm\/wp-content\/uploads\/2020\/12\/sirene-noturna43-policia-728x405-1.jpg","jetpack_shortlink":"https:\/\/wp.me\/p7HyXg-3Ki","jetpack_sharing_enabled":true,"_links":{"self":[{"href":"https:\/\/serrafm879.com.br\/serrafm\/wp-json\/wp\/v2\/posts\/14402","targetHints":{"allow":["GET"]}}],"collection":[{"href":"https:\/\/serrafm879.com.br\/serrafm\/wp-json\/wp\/v2\/posts"}],"about":[{"href":"https:\/\/serrafm879.com.br\/serrafm\/wp-json\/wp\/v2\/types\/post"}],"author":[{"embeddable":true,"href":"https:\/\/serrafm879.com.br\/serrafm\/wp-json\/wp\/v2\/users\/2"}],"replies":[{"embeddable":true,"href":"https:\/\/serrafm879.com.br\/serrafm\/wp-json\/wp\/v2\/comments?post=14402"}],"version-history":[{"count":1,"href":"https:\/\/serrafm879.com.br\/serrafm\/wp-json\/wp\/v2\/posts\/14402\/revisions"}],"predecessor-version":[{"id":14403,"href":"https:\/\/serrafm879.com.br\/serrafm\/wp-json\/wp\/v2\/posts\/14402\/revisions\/14403"}],"wp:featuredmedia":[{"embeddable":true,"href":"https:\/\/serrafm879.com.br\/serrafm\/wp-json\/wp\/v2\/media\/4096"}],"wp:attachment":[{"href":"https:\/\/serrafm879.com.br\/serrafm\/wp-json\/wp\/v2\/media?parent=14402"}],"wp:term":[{"taxonomy":"category","embeddable":true,"href":"https:\/\/serrafm879.com.br\/serrafm\/wp-json\/wp\/v2\/categories?post=14402"},{"taxonomy":"post_tag","embeddable":true,"href":"https:\/\/serrafm879.com.br\/serrafm\/wp-json\/wp\/v2\/tags?post=14402"}],"curies":[{"name":"wp","href":"https:\/\/api.w.org\/{rel}","templated":true}]}}