{"id":14444,"date":"2023-10-05T05:15:48","date_gmt":"2023-10-05T08:15:48","guid":{"rendered":"https:\/?p=14444"},"modified":"2023-10-05T05:15:48","modified_gmt":"2023-10-05T08:15:48","slug":"mobilizacao-municipalista-tem-25-mil-prefeitos-presentes-no-1o-dia-amupe-marca-presenca","status":"publish","type":"post","link":"https:\/\/serrafm879.com.br\/serrafm\/2023\/10\/mobilizacao-municipalista-tem-25-mil-prefeitos-presentes-no-1o-dia-amupe-marca-presenca\/","title":{"rendered":"Mobiliza\u00e7\u00e3o municipalista tem 2,5 mil prefeitos presentes no 1\u00ba dia. Amupe marca presen\u00e7a"},"content":{"rendered":"<div>A presidente da Associa\u00e7\u00e3o Municipalista de Pernambuco (Amupe) e prefeita de Serra Talhada, M\u00e1rcia Conrado, a diretoria executiva e 2,5 mil prefeitos e prefeitas do Brasil inteiro est\u00e3o reunidos nestes dias 3 e 4 de outubro, em Bras\u00edlia, em mobiliza\u00e7\u00e3o municipalista realizada pela Confedera\u00e7\u00e3o Nacional de Munic\u00edpios (CNM). Pernambuco conta com uma delega\u00e7\u00e3o de cerca de 100 participantes entre prefeitos, assessores e t\u00e9cnicos municipais.<\/div>\n<div><\/div>\n<div>Na manh\u00e3 da ter\u00e7a-feira (03), os gestores e gestoras participaram de um momento onde foram apresentadas, pelo presidente da CNM, Paulo Ziulkoski, informa\u00e7\u00f5es sobre a atual situa\u00e7\u00e3o financeira dos munic\u00edpios no Brasil. \u201cA crise n\u00e3o \u00e9 conjuntural, n\u00e3o \u00e9 s\u00f3 do FPM, ela \u00e9 estrutural, ela vem de uma soma de quest\u00f5es que fizeram com que cheg\u00e1ssemos a esse ponto\u201d, lembrou Ziulkoski.<\/div>\n<div><\/div>\n<div>Segundo estudo da CNM, \u00a0apenas na Assist\u00eancia Social, o or\u00e7amento da Uni\u00e3o para 2023 \u00e9 o mesmo de 2015 para o Sistema \u00danico de Assist\u00eancia Social (Suas). Enquanto na \u00e1rea da Sa\u00fade, os especialistas destacaram que \u00a0todos os Estados do pa\u00eds, os Munic\u00edpios juntos destinam \u00e0 \u00e1rea de sa\u00fade mais do que 15% do or\u00e7amento, percentual m\u00ednimo obrigat\u00f3rio. Em 2022, a m\u00e9dia nacional ficou em 22,27%. Na educa\u00e7\u00e3o, o presidente falou sobre as obras paradas que impedem o funcionamento de creches e escolas, por exemplo.<\/div>\n<div><\/div>\n<div>Durante a tarde e noite da ter\u00e7a-feira, o grupo teve encontros na Controladoria-Geral da Uni\u00e3o (CGU), Sal\u00e3o Verde da C\u00e2mara Federal e Tribunal de Contas da Uni\u00e3o (TCU).\u00a0 Para a presidente da Amupe e prefeita de Serra Talhada, M\u00e1rcia Conrado \u201co municipalismo mais uma vez mostrou sua for\u00e7a. A uni\u00e3o de todos \u00e9 pe\u00e7a chave no processo para que os munic\u00edpios sejam ouvidos. Foram mais de 2,5 mil gestores e gestoras que est\u00e3o em busca de levar a melhoria de vida para quem vive nos munic\u00edpios\u201d, frisou.<\/div>\n<div><\/div>\n<div>Nesta quarta-feira (04), a programa\u00e7\u00e3o segue com reuni\u00e3o no Centro de Conven\u00e7\u00f5es Ulisses Guimar\u00e3es, tamb\u00e9m na Capital Federal, com a expectativa de receber ministros de estado e representantes da Uni\u00e3o.<\/div>\n<div><\/div>\n<div>Por Assessoria de comunica\u00e7\u00e3o da Amupe com informa\u00e7\u00f5es da Ag\u00eancia de Not\u00edcias CNM<\/div>\n","protected":false},"excerpt":{"rendered":"<p>A presidente da Associa\u00e7\u00e3o Municipalista de Pernambuco (Amupe) e prefeita de Serra Talhada, M\u00e1rcia Conrado, a diretoria executiva e 2,5 mil prefeitos e prefeitas do Brasil inteiro est\u00e3o reunidos nestes dias 3 e 4 de outubro, em Bras\u00edlia, em mobiliza\u00e7\u00e3o municipalista realizada pela Confedera\u00e7\u00e3o Nacional de Munic\u00edpios (CNM). Pernambuco conta com uma delega\u00e7\u00e3o de cerca de 100 participantes entre prefeitos, assessores e t\u00e9cnicos municipais. Na manh\u00e3 da ter\u00e7a-feira (03), os gestores e gestoras participaram de um momento onde foram apresentadas, pelo presidente da CNM, Paulo Ziulkoski, informa\u00e7\u00f5es sobre a atual situa\u00e7\u00e3o financeira dos munic\u00edpios no Brasil. \u201cA crise n\u00e3o \u00e9 [&hellip;]<\/p>\n","protected":false},"author":2,"featured_media":14445,"comment_status":"open","ping_status":"open","sticky":false,"template":"","format":"standard","meta":{"_jetpack_memberships_contains_paid_content":false,"footnotes":"","jetpack_publicize_message":"","jetpack_publicize_feature_enabled":true,"jetpack_social_post_already_shared":true,"jetpack_social_options":{"image_generator_settings":{"template":"highway","enabled":false},"version":2}},"categories":[1],"tags":[],"class_list":["post-14444","post","type-post","status-publish","format-standard","has-post-thumbnail","hentry","category-uncategorized"],"jetpack_publicize_connections":[],"yoast_head":"<!-- This site is optimized with the Yoast SEO plugin v24.7 - https:\/\/yoast.com\/wordpress\/plugins\/seo\/ -->\n<title>Mobiliza\u00e7\u00e3o municipalista tem 2,5 mil prefeitos presentes no 1\u00ba dia. Amupe marca presen\u00e7a - Serra FM 87,9<\/title>\n<meta name=\"robots\" content=\"index, follow, max-snippet:-1, max-image-preview:large, max-video-preview:-1\" \/>\n<link rel=\"canonical\" href=\"https:\/\/serrafm879.com.br\/serrafm\/2023\/10\/mobilizacao-municipalista-tem-25-mil-prefeitos-presentes-no-1o-dia-amupe-marca-presenca\/\" \/>\n<meta property=\"og:locale\" content=\"pt_BR\" \/>\n<meta property=\"og:type\" content=\"article\" \/>\n<meta property=\"og:title\" content=\"Mobiliza\u00e7\u00e3o municipalista tem 2,5 mil prefeitos presentes no 1\u00ba dia. Amupe marca presen\u00e7a - Serra FM 87,9\" \/>\n<meta property=\"og:description\" content=\"A presidente da Associa\u00e7\u00e3o Municipalista de Pernambuco (Amupe) e prefeita de Serra Talhada, M\u00e1rcia Conrado, a diretoria executiva e 2,5 mil prefeitos e prefeitas do Brasil inteiro est\u00e3o reunidos nestes dias 3 e 4 de outubro, em Bras\u00edlia, em mobiliza\u00e7\u00e3o municipalista realizada pela Confedera\u00e7\u00e3o Nacional de Munic\u00edpios (CNM). Pernambuco conta com uma delega\u00e7\u00e3o de cerca de 100 participantes entre prefeitos, assessores e t\u00e9cnicos municipais. Na manh\u00e3 da ter\u00e7a-feira (03), os gestores e gestoras participaram de um momento onde foram apresentadas, pelo presidente da CNM, Paulo Ziulkoski, informa\u00e7\u00f5es sobre a atual situa\u00e7\u00e3o financeira dos munic\u00edpios no Brasil. \u201cA crise n\u00e3o \u00e9 [&hellip;]\" \/>\n<meta property=\"og:url\" content=\"https:\/\/serrafm879.com.br\/serrafm\/2023\/10\/mobilizacao-municipalista-tem-25-mil-prefeitos-presentes-no-1o-dia-amupe-marca-presenca\/\" \/>\n<meta property=\"og:site_name\" content=\"Serra FM 87,9\" \/>\n<meta property=\"article:published_time\" content=\"2023-10-05T08:15:48+00:00\" \/>\n<meta property=\"og:image\" content=\"https:\/\/serrafm879.com.br\/serrafm\/wp-content\/uploads\/2023\/10\/maciabrasilia.jpeg\" \/>\n\t<meta property=\"og:image:width\" content=\"400\" \/>\n\t<meta property=\"og:image:height\" content=\"266\" \/>\n\t<meta property=\"og:image:type\" content=\"image\/jpeg\" \/>\n<meta name=\"author\" content=\"serrafm87\" \/>\n<meta name=\"twitter:card\" content=\"summary_large_image\" \/>\n<meta name=\"twitter:label1\" content=\"Escrito por\" \/>\n\t<meta name=\"twitter:data1\" content=\"serrafm87\" \/>\n\t<meta name=\"twitter:label2\" content=\"Est. tempo de leitura\" \/>\n\t<meta name=\"twitter:data2\" content=\"2 minutos\" \/>\n<script type=\"application\/ld+json\" class=\"yoast-schema-graph\">{\"@context\":\"https:\/\/schema.org\",\"@graph\":[{\"@type\":\"WebPage\",\"@id\":\"https:\/\/serrafm879.com.br\/serrafm\/2023\/10\/mobilizacao-municipalista-tem-25-mil-prefeitos-presentes-no-1o-dia-amupe-marca-presenca\/\",\"url\":\"https:\/\/serrafm879.com.br\/serrafm\/2023\/10\/mobilizacao-municipalista-tem-25-mil-prefeitos-presentes-no-1o-dia-amupe-marca-presenca\/\",\"name\":\"Mobiliza\u00e7\u00e3o municipalista tem 2,5 mil prefeitos presentes no 1\u00ba dia. Amupe marca presen\u00e7a - Serra FM 87,9\",\"isPartOf\":{\"@id\":\"https:\/\/serrafm879.com.br\/serrafm\/#website\"},\"primaryImageOfPage\":{\"@id\":\"https:\/\/serrafm879.com.br\/serrafm\/2023\/10\/mobilizacao-municipalista-tem-25-mil-prefeitos-presentes-no-1o-dia-amupe-marca-presenca\/#primaryimage\"},\"image\":{\"@id\":\"https:\/\/serrafm879.com.br\/serrafm\/2023\/10\/mobilizacao-municipalista-tem-25-mil-prefeitos-presentes-no-1o-dia-amupe-marca-presenca\/#primaryimage\"},\"thumbnailUrl\":\"https:\/\/serrafm879.com.br\/serrafm\/wp-content\/uploads\/2023\/10\/maciabrasilia.jpeg\",\"datePublished\":\"2023-10-05T08:15:48+00:00\",\"author\":{\"@id\":\"https:\/\/serrafm879.com.br\/serrafm\/#\/schema\/person\/c028a197030ff8b1c03c68dfba4a787a\"},\"breadcrumb\":{\"@id\":\"https:\/\/serrafm879.com.br\/serrafm\/2023\/10\/mobilizacao-municipalista-tem-25-mil-prefeitos-presentes-no-1o-dia-amupe-marca-presenca\/#breadcrumb\"},\"inLanguage\":\"pt-BR\",\"potentialAction\":[{\"@type\":\"ReadAction\",\"target\":[\"https:\/\/serrafm879.com.br\/serrafm\/2023\/10\/mobilizacao-municipalista-tem-25-mil-prefeitos-presentes-no-1o-dia-amupe-marca-presenca\/\"]}]},{\"@type\":\"ImageObject\",\"inLanguage\":\"pt-BR\",\"@id\":\"https:\/\/serrafm879.com.br\/serrafm\/2023\/10\/mobilizacao-municipalista-tem-25-mil-prefeitos-presentes-no-1o-dia-amupe-marca-presenca\/#primaryimage\",\"url\":\"https:\/\/serrafm879.com.br\/serrafm\/wp-content\/uploads\/2023\/10\/maciabrasilia.jpeg\",\"contentUrl\":\"https:\/\/serrafm879.com.br\/serrafm\/wp-content\/uploads\/2023\/10\/maciabrasilia.jpeg\",\"width\":400,\"height\":266},{\"@type\":\"BreadcrumbList\",\"@id\":\"https:\/\/serrafm879.com.br\/serrafm\/2023\/10\/mobilizacao-municipalista-tem-25-mil-prefeitos-presentes-no-1o-dia-amupe-marca-presenca\/#breadcrumb\",\"itemListElement\":[{\"@type\":\"ListItem\",\"position\":1,\"name\":\"In\u00edcio\",\"item\":\"https:\/\/serrafm879.com.br\/serrafm\/\"},{\"@type\":\"ListItem\",\"position\":2,\"name\":\"Mobiliza\u00e7\u00e3o municipalista tem 2,5 mil prefeitos presentes no 1\u00ba dia. Amupe marca presen\u00e7a\"}]},{\"@type\":\"WebSite\",\"@id\":\"https:\/\/serrafm879.com.br\/serrafm\/#website\",\"url\":\"https:\/\/serrafm879.com.br\/serrafm\/\",\"name\":\"Serra FM 87,9\",\"description\":\"O seu novo amor!\",\"potentialAction\":[{\"@type\":\"SearchAction\",\"target\":{\"@type\":\"EntryPoint\",\"urlTemplate\":\"https:\/\/serrafm879.com.br\/serrafm\/?s={search_term_string}\"},\"query-input\":{\"@type\":\"PropertyValueSpecification\",\"valueRequired\":true,\"valueName\":\"search_term_string\"}}],\"inLanguage\":\"pt-BR\"},{\"@type\":\"Person\",\"@id\":\"https:\/\/serrafm879.com.br\/serrafm\/#\/schema\/person\/c028a197030ff8b1c03c68dfba4a787a\",\"name\":\"serrafm87\",\"image\":{\"@type\":\"ImageObject\",\"inLanguage\":\"pt-BR\",\"@id\":\"https:\/\/serrafm879.com.br\/serrafm\/#\/schema\/person\/image\/\",\"url\":\"https:\/\/secure.gravatar.com\/avatar\/a743233f1112d34f48bb3dc9559b76eb930bab8b27175856cba6362608736235?s=96&d=mm&r=g\",\"contentUrl\":\"https:\/\/secure.gravatar.com\/avatar\/a743233f1112d34f48bb3dc9559b76eb930bab8b27175856cba6362608736235?s=96&d=mm&r=g\",\"caption\":\"serrafm87\"},\"sameAs\":[\"http:\/\/serrafm879.com.br\/\"],\"url\":\"https:\/\/serrafm879.com.br\/serrafm\/author\/serrafm87\/\"}]}<\/script>\n<!-- \/ Yoast SEO plugin. -->","yoast_head_json":{"title":"Mobiliza\u00e7\u00e3o municipalista tem 2,5 mil prefeitos presentes no 1\u00ba dia. Amupe marca presen\u00e7a - Serra FM 87,9","robots":{"index":"index","follow":"follow","max-snippet":"max-snippet:-1","max-image-preview":"max-image-preview:large","max-video-preview":"max-video-preview:-1"},"canonical":"https:\/\/serrafm879.com.br\/serrafm\/2023\/10\/mobilizacao-municipalista-tem-25-mil-prefeitos-presentes-no-1o-dia-amupe-marca-presenca\/","og_locale":"pt_BR","og_type":"article","og_title":"Mobiliza\u00e7\u00e3o municipalista tem 2,5 mil prefeitos presentes no 1\u00ba dia. Amupe marca presen\u00e7a - Serra FM 87,9","og_description":"A presidente da Associa\u00e7\u00e3o Municipalista de Pernambuco (Amupe) e prefeita de Serra Talhada, M\u00e1rcia Conrado, a diretoria executiva e 2,5 mil prefeitos e prefeitas do Brasil inteiro est\u00e3o reunidos nestes dias 3 e 4 de outubro, em Bras\u00edlia, em mobiliza\u00e7\u00e3o municipalista realizada pela Confedera\u00e7\u00e3o Nacional de Munic\u00edpios (CNM). Pernambuco conta com uma delega\u00e7\u00e3o de cerca de 100 participantes entre prefeitos, assessores e t\u00e9cnicos municipais. Na manh\u00e3 da ter\u00e7a-feira (03), os gestores e gestoras participaram de um momento onde foram apresentadas, pelo presidente da CNM, Paulo Ziulkoski, informa\u00e7\u00f5es sobre a atual situa\u00e7\u00e3o financeira dos munic\u00edpios no Brasil. \u201cA crise n\u00e3o \u00e9 [&hellip;]","og_url":"https:\/\/serrafm879.com.br\/serrafm\/2023\/10\/mobilizacao-municipalista-tem-25-mil-prefeitos-presentes-no-1o-dia-amupe-marca-presenca\/","og_site_name":"Serra FM 87,9","article_published_time":"2023-10-05T08:15:48+00:00","og_image":[{"width":400,"height":266,"url":"https:\/\/serrafm879.com.br\/serrafm\/wp-content\/uploads\/2023\/10\/maciabrasilia.jpeg","type":"image\/jpeg"}],"author":"serrafm87","twitter_card":"summary_large_image","twitter_misc":{"Escrito por":"serrafm87","Est. tempo de leitura":"2 minutos"},"schema":{"@context":"https:\/\/schema.org","@graph":[{"@type":"WebPage","@id":"https:\/\/serrafm879.com.br\/serrafm\/2023\/10\/mobilizacao-municipalista-tem-25-mil-prefeitos-presentes-no-1o-dia-amupe-marca-presenca\/","url":"https:\/\/serrafm879.com.br\/serrafm\/2023\/10\/mobilizacao-municipalista-tem-25-mil-prefeitos-presentes-no-1o-dia-amupe-marca-presenca\/","name":"Mobiliza\u00e7\u00e3o municipalista tem 2,5 mil prefeitos presentes no 1\u00ba dia. Amupe marca presen\u00e7a - Serra FM 87,9","isPartOf":{"@id":"https:\/\/serrafm879.com.br\/serrafm\/#website"},"primaryImageOfPage":{"@id":"https:\/\/serrafm879.com.br\/serrafm\/2023\/10\/mobilizacao-municipalista-tem-25-mil-prefeitos-presentes-no-1o-dia-amupe-marca-presenca\/#primaryimage"},"image":{"@id":"https:\/\/serrafm879.com.br\/serrafm\/2023\/10\/mobilizacao-municipalista-tem-25-mil-prefeitos-presentes-no-1o-dia-amupe-marca-presenca\/#primaryimage"},"thumbnailUrl":"https:\/\/serrafm879.com.br\/serrafm\/wp-content\/uploads\/2023\/10\/maciabrasilia.jpeg","datePublished":"2023-10-05T08:15:48+00:00","author":{"@id":"https:\/\/serrafm879.com.br\/serrafm\/#\/schema\/person\/c028a197030ff8b1c03c68dfba4a787a"},"breadcrumb":{"@id":"https:\/\/serrafm879.com.br\/serrafm\/2023\/10\/mobilizacao-municipalista-tem-25-mil-prefeitos-presentes-no-1o-dia-amupe-marca-presenca\/#breadcrumb"},"inLanguage":"pt-BR","potentialAction":[{"@type":"ReadAction","target":["https:\/\/serrafm879.com.br\/serrafm\/2023\/10\/mobilizacao-municipalista-tem-25-mil-prefeitos-presentes-no-1o-dia-amupe-marca-presenca\/"]}]},{"@type":"ImageObject","inLanguage":"pt-BR","@id":"https:\/\/serrafm879.com.br\/serrafm\/2023\/10\/mobilizacao-municipalista-tem-25-mil-prefeitos-presentes-no-1o-dia-amupe-marca-presenca\/#primaryimage","url":"https:\/\/serrafm879.com.br\/serrafm\/wp-content\/uploads\/2023\/10\/maciabrasilia.jpeg","contentUrl":"https:\/\/serrafm879.com.br\/serrafm\/wp-content\/uploads\/2023\/10\/maciabrasilia.jpeg","width":400,"height":266},{"@type":"BreadcrumbList","@id":"https:\/\/serrafm879.com.br\/serrafm\/2023\/10\/mobilizacao-municipalista-tem-25-mil-prefeitos-presentes-no-1o-dia-amupe-marca-presenca\/#breadcrumb","itemListElement":[{"@type":"ListItem","position":1,"name":"In\u00edcio","item":"https:\/\/serrafm879.com.br\/serrafm\/"},{"@type":"ListItem","position":2,"name":"Mobiliza\u00e7\u00e3o municipalista tem 2,5 mil prefeitos presentes no 1\u00ba dia. Amupe marca presen\u00e7a"}]},{"@type":"WebSite","@id":"https:\/\/serrafm879.com.br\/serrafm\/#website","url":"https:\/\/serrafm879.com.br\/serrafm\/","name":"Serra FM 87,9","description":"O seu novo amor!","potentialAction":[{"@type":"SearchAction","target":{"@type":"EntryPoint","urlTemplate":"https:\/\/serrafm879.com.br\/serrafm\/?s={search_term_string}"},"query-input":{"@type":"PropertyValueSpecification","valueRequired":true,"valueName":"search_term_string"}}],"inLanguage":"pt-BR"},{"@type":"Person","@id":"https:\/\/serrafm879.com.br\/serrafm\/#\/schema\/person\/c028a197030ff8b1c03c68dfba4a787a","name":"serrafm87","image":{"@type":"ImageObject","inLanguage":"pt-BR","@id":"https:\/\/serrafm879.com.br\/serrafm\/#\/schema\/person\/image\/","url":"https:\/\/secure.gravatar.com\/avatar\/a743233f1112d34f48bb3dc9559b76eb930bab8b27175856cba6362608736235?s=96&d=mm&r=g","contentUrl":"https:\/\/secure.gravatar.com\/avatar\/a743233f1112d34f48bb3dc9559b76eb930bab8b27175856cba6362608736235?s=96&d=mm&r=g","caption":"serrafm87"},"sameAs":["http:\/\/serrafm879.com.br\/"],"url":"https:\/\/serrafm879.com.br\/serrafm\/author\/serrafm87\/"}]}},"jetpack_featured_media_url":"https:\/\/serrafm879.com.br\/serrafm\/wp-content\/uploads\/2023\/10\/maciabrasilia.jpeg","jetpack_shortlink":"https:\/\/wp.me\/p7HyXg-3KY","jetpack_sharing_enabled":true,"_links":{"self":[{"href":"https:\/\/serrafm879.com.br\/serrafm\/wp-json\/wp\/v2\/posts\/14444","targetHints":{"allow":["GET"]}}],"collection":[{"href":"https:\/\/serrafm879.com.br\/serrafm\/wp-json\/wp\/v2\/posts"}],"about":[{"href":"https:\/\/serrafm879.com.br\/serrafm\/wp-json\/wp\/v2\/types\/post"}],"author":[{"embeddable":true,"href":"https:\/\/serrafm879.com.br\/serrafm\/wp-json\/wp\/v2\/users\/2"}],"replies":[{"embeddable":true,"href":"https:\/\/serrafm879.com.br\/serrafm\/wp-json\/wp\/v2\/comments?post=14444"}],"version-history":[{"count":1,"href":"https:\/\/serrafm879.com.br\/serrafm\/wp-json\/wp\/v2\/posts\/14444\/revisions"}],"predecessor-version":[{"id":14446,"href":"https:\/\/serrafm879.com.br\/serrafm\/wp-json\/wp\/v2\/posts\/14444\/revisions\/14446"}],"wp:featuredmedia":[{"embeddable":true,"href":"https:\/\/serrafm879.com.br\/serrafm\/wp-json\/wp\/v2\/media\/14445"}],"wp:attachment":[{"href":"https:\/\/serrafm879.com.br\/serrafm\/wp-json\/wp\/v2\/media?parent=14444"}],"wp:term":[{"taxonomy":"category","embeddable":true,"href":"https:\/\/serrafm879.com.br\/serrafm\/wp-json\/wp\/v2\/categories?post=14444"},{"taxonomy":"post_tag","embeddable":true,"href":"https:\/\/serrafm879.com.br\/serrafm\/wp-json\/wp\/v2\/tags?post=14444"}],"curies":[{"name":"wp","href":"https:\/\/api.w.org\/{rel}","templated":true}]}}