{"id":14468,"date":"2023-10-06T04:49:50","date_gmt":"2023-10-06T07:49:50","guid":{"rendered":"https:\/?p=14468"},"modified":"2023-10-06T04:49:50","modified_gmt":"2023-10-06T07:49:50","slug":"serra-talhada-vai-receber-a-carreta-da-saude-para-prevencao-e-diagnostico-do-cancer-de-mama","status":"publish","type":"post","link":"https:\/\/serrafm879.com.br\/serrafm\/2023\/10\/serra-talhada-vai-receber-a-carreta-da-saude-para-prevencao-e-diagnostico-do-cancer-de-mama\/","title":{"rendered":"Serra Talhada vai receber a &#8216;Carreta da Sa\u00fade&#8217; para preven\u00e7\u00e3o e diagn\u00f3stico do c\u00e2ncer de mama"},"content":{"rendered":"<p>Em aten\u00e7\u00e3o \u00e0 sa\u00fade da mulher e \u00e0 campanha do Outubro Rosa, a governadora Raquel Lyra lan\u00e7ou refor\u00e7os para a preven\u00e7\u00e3o e diagn\u00f3stico do c\u00e2ncer de mama, atrav\u00e9s da iniciativa da Carreta da Sa\u00fade.<\/p>\n<p>Apresentada na ultima quarta-feira (4), no Pal\u00e1cio do Campo das Princesas, a a\u00e7\u00e3o vai disponibilizar unidades m\u00f3veis que ir\u00e3o percorrer munic\u00edpios pernambucanos para oferecer uma s\u00e9rie de procedimentos a mulheres como uma forma de aproxim\u00e1-las do atendimento m\u00e9dico.<\/p>\n<p>Na ocasi\u00e3o, a gestora anunciou a autoriza\u00e7\u00e3o para o credenciamento das carretas. Al\u00e9m disso, ser\u00e3o realizados mutir\u00f5es de rastreamento, detec\u00e7\u00e3o precoce e controle do c\u00e2ncer de mama e do colo de \u00fatero em unidades de sa\u00fade do Estado.<\/p>\n<p>Para esse atendimento haver\u00e1 quatro carretas munidas de equipamentos de tecnologia avan\u00e7ada e espa\u00e7os funcionais, que v\u00e3o operar como consult\u00f3rios, recep\u00e7\u00e3o para pacientes e salas de exame<\/p>\n<p>As unidades m\u00f3veis v\u00e3o ser destinadas \u00e0s quatro macrorregionais de sa\u00fade (com sede em Recife, Caruaru, Serra Talhada e Petrolina) e circular\u00e3o nos munic\u00edpios correspondentes a elas. Alguns dos procedimentos disponibilizados ser\u00e3o ultrassonografia das mamas, pun\u00e7\u00e3o por agulha grossa (PAG) e consulta especializada com mastologista.<\/p>\n<p>Ainda ser\u00e3o ofertados servi\u00e7os estaduais em unidades de sa\u00fade, durante o m\u00eas de outubro, que v\u00e3o ampliar o acesso ao diagn\u00f3stico e tratamento do c\u00e2ncer de mama e de colo de \u00fatero, por meio de mutir\u00f5es voltados a essas linhas de cuidado. Em algumas unidades, haver\u00e1 o atendimento por meio da demanda espont\u00e2nea, e, em outros, haver\u00e1 o atendimento para pacientes com agendamento, reduzindo as filas de espera para procedimentos no Estado.<\/p>\n<p>Os mutir\u00f5es acontecer\u00e3o em praticamente todas as Ger\u00eancias Regionais de Sa\u00fade (GERES), abrangendo 12 hospitais e 11 UPAEs. Alguns dos procedimentos a serem realizados nos mutir\u00f5es s\u00e3o exames de mamografia, papanicolau e ultrassom de mama, colposcopia, cirurgias de histerectomia e reconstru\u00e7\u00e3o mam\u00e1ria, al\u00e9m de consultas e outros pequenos procedimentos, de demanda espont\u00e2nea e regulada.<\/p>\n","protected":false},"excerpt":{"rendered":"<p>Em aten\u00e7\u00e3o \u00e0 sa\u00fade da mulher e \u00e0 campanha do Outubro Rosa, a governadora Raquel Lyra lan\u00e7ou refor\u00e7os para a preven\u00e7\u00e3o e diagn\u00f3stico do c\u00e2ncer de mama, atrav\u00e9s da iniciativa da Carreta da Sa\u00fade. Apresentada na ultima quarta-feira (4), no Pal\u00e1cio do Campo das Princesas, a a\u00e7\u00e3o vai disponibilizar unidades m\u00f3veis que ir\u00e3o percorrer munic\u00edpios pernambucanos para oferecer uma s\u00e9rie de procedimentos a mulheres como uma forma de aproxim\u00e1-las do atendimento m\u00e9dico. Na ocasi\u00e3o, a gestora anunciou a autoriza\u00e7\u00e3o para o credenciamento das carretas. Al\u00e9m disso, ser\u00e3o realizados mutir\u00f5es de rastreamento, detec\u00e7\u00e3o precoce e controle do c\u00e2ncer de mama e [&hellip;]<\/p>\n","protected":false},"author":2,"featured_media":14429,"comment_status":"open","ping_status":"open","sticky":false,"template":"","format":"standard","meta":{"_jetpack_newsletter_access":"","_jetpack_dont_email_post_to_subs":false,"_jetpack_newsletter_tier_id":0,"_jetpack_memberships_contains_paywalled_content":false,"_jetpack_feature_clip_id":0,"_jetpack_memberships_contains_paid_content":false,"footnotes":"","jetpack_publicize_message":"","jetpack_publicize_feature_enabled":true,"jetpack_social_post_already_shared":true,"jetpack_social_options":{"image_generator_settings":{"template":"highway","default_image_id":0,"font":"","enabled":false},"version":2},"jetpack_post_was_ever_published":false},"categories":[1],"tags":[],"class_list":["post-14468","post","type-post","status-publish","format-standard","has-post-thumbnail","hentry","category-uncategorized"],"aioseo_notices":[],"aioseo_head":"\n\t\t<!-- All in One SEO 4.9.10 - aioseo.com -->\n\t<meta name=\"description\" content=\"Em aten\u00e7\u00e3o \u00e0 sa\u00fade da mulher e \u00e0 campanha do Outubro Rosa, a governadora Raquel Lyra lan\u00e7ou refor\u00e7os para a preven\u00e7\u00e3o e diagn\u00f3stico do c\u00e2ncer de mama, atrav\u00e9s da iniciativa da Carreta da Sa\u00fade. Apresentada na ultima quarta-feira (4), no Pal\u00e1cio do Campo das Princesas, a a\u00e7\u00e3o vai disponibilizar unidades m\u00f3veis que ir\u00e3o percorrer munic\u00edpios\" \/>\n\t<meta name=\"robots\" content=\"max-image-preview:large\" \/>\n\t<meta name=\"author\" content=\"serrafm87\"\/>\n\t<link rel=\"canonical\" href=\"https:\/\/serrafm879.com.br\/serrafm\/2023\/10\/serra-talhada-vai-receber-a-carreta-da-saude-para-prevencao-e-diagnostico-do-cancer-de-mama\/\" \/>\n\t<meta name=\"generator\" content=\"All in One SEO (AIOSEO) 4.9.10\" \/>\n\t\t<meta name=\"twitter:card\" content=\"summary_large_image\" \/>\n\t\t<meta name=\"twitter:title\" content=\"Serra Talhada vai receber a \u2018Carreta da Sa\u00fade\u2019 para preven\u00e7\u00e3o e diagn\u00f3stico do c\u00e2ncer de mama - Serra FM 87,9\" \/>\n\t\t<meta name=\"twitter:description\" content=\"Em aten\u00e7\u00e3o \u00e0 sa\u00fade da mulher e \u00e0 campanha do Outubro Rosa, a governadora Raquel Lyra lan\u00e7ou refor\u00e7os para a preven\u00e7\u00e3o e diagn\u00f3stico do c\u00e2ncer de mama, atrav\u00e9s da iniciativa da Carreta da Sa\u00fade. Apresentada na ultima quarta-feira (4), no Pal\u00e1cio do Campo das Princesas, a a\u00e7\u00e3o vai disponibilizar unidades m\u00f3veis que ir\u00e3o percorrer munic\u00edpios\" \/>\n\t\t<meta name=\"twitter:image\" content=\"https:\/\/serrafm879.com.br\/serrafm\/wp-content\/uploads\/2023\/10\/OoutubroRosa.jpg\" \/>\n\t\t<script type=\"application\/ld+json\" class=\"aioseo-schema\">\n\t\t\t{\"@context\":\"https:\\\/\\\/schema.org\",\"@graph\":[{\"@type\":\"BlogPosting\",\"@id\":\"https:\\\/\\\/serrafm879.com.br\\\/serrafm\\\/2023\\\/10\\\/serra-talhada-vai-receber-a-carreta-da-saude-para-prevencao-e-diagnostico-do-cancer-de-mama\\\/#blogposting\",\"name\":\"Serra Talhada vai receber a \\u2018Carreta da Sa\\u00fade\\u2019 para preven\\u00e7\\u00e3o e diagn\\u00f3stico do c\\u00e2ncer de mama - Serra FM 87,9\",\"headline\":\"Serra Talhada vai receber a &#8216;Carreta da Sa\\u00fade&#8217; para preven\\u00e7\\u00e3o e diagn\\u00f3stico do c\\u00e2ncer de mama\",\"author\":{\"@id\":\"https:\\\/\\\/serrafm879.com.br\\\/serrafm\\\/author\\\/serrafm87\\\/#author\"},\"publisher\":{\"@id\":\"https:\\\/\\\/serrafm879.com.br\\\/serrafm\\\/#organization\"},\"image\":{\"@type\":\"ImageObject\",\"url\":\"https:\\\/\\\/serrafm879.com.br\\\/serrafm\\\/wp-content\\\/uploads\\\/2023\\\/10\\\/OoutubroRosa.jpg\",\"width\":400,\"height\":266},\"datePublished\":\"2023-10-06T04:49:50-03:00\",\"dateModified\":\"2023-10-06T04:49:50-03:00\",\"inLanguage\":\"pt-BR\",\"mainEntityOfPage\":{\"@id\":\"https:\\\/\\\/serrafm879.com.br\\\/serrafm\\\/2023\\\/10\\\/serra-talhada-vai-receber-a-carreta-da-saude-para-prevencao-e-diagnostico-do-cancer-de-mama\\\/#webpage\"},\"isPartOf\":{\"@id\":\"https:\\\/\\\/serrafm879.com.br\\\/serrafm\\\/2023\\\/10\\\/serra-talhada-vai-receber-a-carreta-da-saude-para-prevencao-e-diagnostico-do-cancer-de-mama\\\/#webpage\"},\"articleSection\":\"Uncategorized\"},{\"@type\":\"BreadcrumbList\",\"@id\":\"https:\\\/\\\/serrafm879.com.br\\\/serrafm\\\/2023\\\/10\\\/serra-talhada-vai-receber-a-carreta-da-saude-para-prevencao-e-diagnostico-do-cancer-de-mama\\\/#breadcrumblist\",\"itemListElement\":[{\"@type\":\"ListItem\",\"@id\":\"https:\\\/\\\/serrafm879.com.br\\\/serrafm#listItem\",\"position\":1,\"name\":\"Home\",\"item\":\"https:\\\/\\\/serrafm879.com.br\\\/serrafm\",\"nextItem\":{\"@type\":\"ListItem\",\"@id\":\"https:\\\/\\\/serrafm879.com.br\\\/serrafm\\\/categoria\\\/uncategorized\\\/#listItem\",\"name\":\"Uncategorized\"}},{\"@type\":\"ListItem\",\"@id\":\"https:\\\/\\\/serrafm879.com.br\\\/serrafm\\\/categoria\\\/uncategorized\\\/#listItem\",\"position\":2,\"name\":\"Uncategorized\",\"item\":\"https:\\\/\\\/serrafm879.com.br\\\/serrafm\\\/categoria\\\/uncategorized\\\/\",\"nextItem\":{\"@type\":\"ListItem\",\"@id\":\"https:\\\/\\\/serrafm879.com.br\\\/serrafm\\\/2023\\\/10\\\/serra-talhada-vai-receber-a-carreta-da-saude-para-prevencao-e-diagnostico-do-cancer-de-mama\\\/#listItem\",\"name\":\"Serra Talhada vai receber a &#8216;Carreta da Sa\\u00fade&#8217; para preven\\u00e7\\u00e3o e diagn\\u00f3stico do c\\u00e2ncer de mama\"},\"previousItem\":{\"@type\":\"ListItem\",\"@id\":\"https:\\\/\\\/serrafm879.com.br\\\/serrafm#listItem\",\"name\":\"Home\"}},{\"@type\":\"ListItem\",\"@id\":\"https:\\\/\\\/serrafm879.com.br\\\/serrafm\\\/2023\\\/10\\\/serra-talhada-vai-receber-a-carreta-da-saude-para-prevencao-e-diagnostico-do-cancer-de-mama\\\/#listItem\",\"position\":3,\"name\":\"Serra Talhada vai receber a &#8216;Carreta da Sa\\u00fade&#8217; para preven\\u00e7\\u00e3o e diagn\\u00f3stico do c\\u00e2ncer de mama\",\"previousItem\":{\"@type\":\"ListItem\",\"@id\":\"https:\\\/\\\/serrafm879.com.br\\\/serrafm\\\/categoria\\\/uncategorized\\\/#listItem\",\"name\":\"Uncategorized\"}}]},{\"@type\":\"Organization\",\"@id\":\"https:\\\/\\\/serrafm879.com.br\\\/serrafm\\\/#organization\",\"name\":\"Serra FM 87,9\",\"description\":\"O seu novo amor!\",\"url\":\"https:\\\/\\\/serrafm879.com.br\\\/serrafm\\\/\"},{\"@type\":\"Person\",\"@id\":\"https:\\\/\\\/serrafm879.com.br\\\/serrafm\\\/author\\\/serrafm87\\\/#author\",\"url\":\"https:\\\/\\\/serrafm879.com.br\\\/serrafm\\\/author\\\/serrafm87\\\/\",\"name\":\"serrafm87\",\"image\":{\"@type\":\"ImageObject\",\"@id\":\"https:\\\/\\\/serrafm879.com.br\\\/serrafm\\\/2023\\\/10\\\/serra-talhada-vai-receber-a-carreta-da-saude-para-prevencao-e-diagnostico-do-cancer-de-mama\\\/#authorImage\",\"url\":\"https:\\\/\\\/secure.gravatar.com\\\/avatar\\\/a743233f1112d34f48bb3dc9559b76eb930bab8b27175856cba6362608736235?s=96&d=mm&r=g\",\"width\":96,\"height\":96,\"caption\":\"serrafm87\"}},{\"@type\":\"WebPage\",\"@id\":\"https:\\\/\\\/serrafm879.com.br\\\/serrafm\\\/2023\\\/10\\\/serra-talhada-vai-receber-a-carreta-da-saude-para-prevencao-e-diagnostico-do-cancer-de-mama\\\/#webpage\",\"url\":\"https:\\\/\\\/serrafm879.com.br\\\/serrafm\\\/2023\\\/10\\\/serra-talhada-vai-receber-a-carreta-da-saude-para-prevencao-e-diagnostico-do-cancer-de-mama\\\/\",\"name\":\"Serra Talhada vai receber a \\u2018Carreta da Sa\\u00fade\\u2019 para preven\\u00e7\\u00e3o e diagn\\u00f3stico do c\\u00e2ncer de mama - Serra FM 87,9\",\"description\":\"Em aten\\u00e7\\u00e3o \\u00e0 sa\\u00fade da mulher e \\u00e0 campanha do Outubro Rosa, a governadora Raquel Lyra lan\\u00e7ou refor\\u00e7os para a preven\\u00e7\\u00e3o e diagn\\u00f3stico do c\\u00e2ncer de mama, atrav\\u00e9s da iniciativa da Carreta da Sa\\u00fade. Apresentada na ultima quarta-feira (4), no Pal\\u00e1cio do Campo das Princesas, a a\\u00e7\\u00e3o vai disponibilizar unidades m\\u00f3veis que ir\\u00e3o percorrer munic\\u00edpios\",\"inLanguage\":\"pt-BR\",\"isPartOf\":{\"@id\":\"https:\\\/\\\/serrafm879.com.br\\\/serrafm\\\/#website\"},\"breadcrumb\":{\"@id\":\"https:\\\/\\\/serrafm879.com.br\\\/serrafm\\\/2023\\\/10\\\/serra-talhada-vai-receber-a-carreta-da-saude-para-prevencao-e-diagnostico-do-cancer-de-mama\\\/#breadcrumblist\"},\"author\":{\"@id\":\"https:\\\/\\\/serrafm879.com.br\\\/serrafm\\\/author\\\/serrafm87\\\/#author\"},\"creator\":{\"@id\":\"https:\\\/\\\/serrafm879.com.br\\\/serrafm\\\/author\\\/serrafm87\\\/#author\"},\"image\":{\"@type\":\"ImageObject\",\"url\":\"https:\\\/\\\/serrafm879.com.br\\\/serrafm\\\/wp-content\\\/uploads\\\/2023\\\/10\\\/OoutubroRosa.jpg\",\"@id\":\"https:\\\/\\\/serrafm879.com.br\\\/serrafm\\\/2023\\\/10\\\/serra-talhada-vai-receber-a-carreta-da-saude-para-prevencao-e-diagnostico-do-cancer-de-mama\\\/#mainImage\",\"width\":400,\"height\":266},\"primaryImageOfPage\":{\"@id\":\"https:\\\/\\\/serrafm879.com.br\\\/serrafm\\\/2023\\\/10\\\/serra-talhada-vai-receber-a-carreta-da-saude-para-prevencao-e-diagnostico-do-cancer-de-mama\\\/#mainImage\"},\"datePublished\":\"2023-10-06T04:49:50-03:00\",\"dateModified\":\"2023-10-06T04:49:50-03:00\"},{\"@type\":\"WebSite\",\"@id\":\"https:\\\/\\\/serrafm879.com.br\\\/serrafm\\\/#website\",\"url\":\"https:\\\/\\\/serrafm879.com.br\\\/serrafm\\\/\",\"name\":\"Serra FM 87,9\",\"description\":\"O seu novo amor!\",\"inLanguage\":\"pt-BR\",\"publisher\":{\"@id\":\"https:\\\/\\\/serrafm879.com.br\\\/serrafm\\\/#organization\"}}]}\n\t\t<\/script>\n\t\t<!-- All in One SEO -->\n\n","aioseo_head_json":{"title":"Serra Talhada vai receber a \u2018Carreta da Sa\u00fade\u2019 para preven\u00e7\u00e3o e diagn\u00f3stico do c\u00e2ncer de mama - Serra FM 87,9","description":"Em aten\u00e7\u00e3o \u00e0 sa\u00fade da mulher e \u00e0 campanha do Outubro Rosa, a governadora Raquel Lyra lan\u00e7ou refor\u00e7os para a preven\u00e7\u00e3o e diagn\u00f3stico do c\u00e2ncer de mama, atrav\u00e9s da iniciativa da Carreta da Sa\u00fade. Apresentada na ultima quarta-feira (4), no Pal\u00e1cio do Campo das Princesas, a a\u00e7\u00e3o vai disponibilizar unidades m\u00f3veis que ir\u00e3o percorrer munic\u00edpios","canonical_url":"https:\/\/serrafm879.com.br\/serrafm\/2023\/10\/serra-talhada-vai-receber-a-carreta-da-saude-para-prevencao-e-diagnostico-do-cancer-de-mama\/","robots":"max-image-preview:large","keywords":"","webmasterTools":{"miscellaneous":""},"schema":{"@context":"https:\/\/schema.org","@graph":[{"@type":"BlogPosting","@id":"https:\/\/serrafm879.com.br\/serrafm\/2023\/10\/serra-talhada-vai-receber-a-carreta-da-saude-para-prevencao-e-diagnostico-do-cancer-de-mama\/#blogposting","name":"Serra Talhada vai receber a \u2018Carreta da Sa\u00fade\u2019 para preven\u00e7\u00e3o e diagn\u00f3stico do c\u00e2ncer de mama - Serra FM 87,9","headline":"Serra Talhada vai receber a &#8216;Carreta da Sa\u00fade&#8217; para preven\u00e7\u00e3o e diagn\u00f3stico do c\u00e2ncer de mama","author":{"@id":"https:\/\/serrafm879.com.br\/serrafm\/author\/serrafm87\/#author"},"publisher":{"@id":"https:\/\/serrafm879.com.br\/serrafm\/#organization"},"image":{"@type":"ImageObject","url":"https:\/\/serrafm879.com.br\/serrafm\/wp-content\/uploads\/2023\/10\/OoutubroRosa.jpg","width":400,"height":266},"datePublished":"2023-10-06T04:49:50-03:00","dateModified":"2023-10-06T04:49:50-03:00","inLanguage":"pt-BR","mainEntityOfPage":{"@id":"https:\/\/serrafm879.com.br\/serrafm\/2023\/10\/serra-talhada-vai-receber-a-carreta-da-saude-para-prevencao-e-diagnostico-do-cancer-de-mama\/#webpage"},"isPartOf":{"@id":"https:\/\/serrafm879.com.br\/serrafm\/2023\/10\/serra-talhada-vai-receber-a-carreta-da-saude-para-prevencao-e-diagnostico-do-cancer-de-mama\/#webpage"},"articleSection":"Uncategorized"},{"@type":"BreadcrumbList","@id":"https:\/\/serrafm879.com.br\/serrafm\/2023\/10\/serra-talhada-vai-receber-a-carreta-da-saude-para-prevencao-e-diagnostico-do-cancer-de-mama\/#breadcrumblist","itemListElement":[{"@type":"ListItem","@id":"https:\/\/serrafm879.com.br\/serrafm#listItem","position":1,"name":"Home","item":"https:\/\/serrafm879.com.br\/serrafm","nextItem":{"@type":"ListItem","@id":"https:\/\/serrafm879.com.br\/serrafm\/categoria\/uncategorized\/#listItem","name":"Uncategorized"}},{"@type":"ListItem","@id":"https:\/\/serrafm879.com.br\/serrafm\/categoria\/uncategorized\/#listItem","position":2,"name":"Uncategorized","item":"https:\/\/serrafm879.com.br\/serrafm\/categoria\/uncategorized\/","nextItem":{"@type":"ListItem","@id":"https:\/\/serrafm879.com.br\/serrafm\/2023\/10\/serra-talhada-vai-receber-a-carreta-da-saude-para-prevencao-e-diagnostico-do-cancer-de-mama\/#listItem","name":"Serra Talhada vai receber a &#8216;Carreta da Sa\u00fade&#8217; para preven\u00e7\u00e3o e diagn\u00f3stico do c\u00e2ncer de mama"},"previousItem":{"@type":"ListItem","@id":"https:\/\/serrafm879.com.br\/serrafm#listItem","name":"Home"}},{"@type":"ListItem","@id":"https:\/\/serrafm879.com.br\/serrafm\/2023\/10\/serra-talhada-vai-receber-a-carreta-da-saude-para-prevencao-e-diagnostico-do-cancer-de-mama\/#listItem","position":3,"name":"Serra Talhada vai receber a &#8216;Carreta da Sa\u00fade&#8217; para preven\u00e7\u00e3o e diagn\u00f3stico do c\u00e2ncer de mama","previousItem":{"@type":"ListItem","@id":"https:\/\/serrafm879.com.br\/serrafm\/categoria\/uncategorized\/#listItem","name":"Uncategorized"}}]},{"@type":"Organization","@id":"https:\/\/serrafm879.com.br\/serrafm\/#organization","name":"Serra FM 87,9","description":"O seu novo amor!","url":"https:\/\/serrafm879.com.br\/serrafm\/"},{"@type":"Person","@id":"https:\/\/serrafm879.com.br\/serrafm\/author\/serrafm87\/#author","url":"https:\/\/serrafm879.com.br\/serrafm\/author\/serrafm87\/","name":"serrafm87","image":{"@type":"ImageObject","@id":"https:\/\/serrafm879.com.br\/serrafm\/2023\/10\/serra-talhada-vai-receber-a-carreta-da-saude-para-prevencao-e-diagnostico-do-cancer-de-mama\/#authorImage","url":"https:\/\/secure.gravatar.com\/avatar\/a743233f1112d34f48bb3dc9559b76eb930bab8b27175856cba6362608736235?s=96&d=mm&r=g","width":96,"height":96,"caption":"serrafm87"}},{"@type":"WebPage","@id":"https:\/\/serrafm879.com.br\/serrafm\/2023\/10\/serra-talhada-vai-receber-a-carreta-da-saude-para-prevencao-e-diagnostico-do-cancer-de-mama\/#webpage","url":"https:\/\/serrafm879.com.br\/serrafm\/2023\/10\/serra-talhada-vai-receber-a-carreta-da-saude-para-prevencao-e-diagnostico-do-cancer-de-mama\/","name":"Serra Talhada vai receber a \u2018Carreta da Sa\u00fade\u2019 para preven\u00e7\u00e3o e diagn\u00f3stico do c\u00e2ncer de mama - Serra FM 87,9","description":"Em aten\u00e7\u00e3o \u00e0 sa\u00fade da mulher e \u00e0 campanha do Outubro Rosa, a governadora Raquel Lyra lan\u00e7ou refor\u00e7os para a preven\u00e7\u00e3o e diagn\u00f3stico do c\u00e2ncer de mama, atrav\u00e9s da iniciativa da Carreta da Sa\u00fade. Apresentada na ultima quarta-feira (4), no Pal\u00e1cio do Campo das Princesas, a a\u00e7\u00e3o vai disponibilizar unidades m\u00f3veis que ir\u00e3o percorrer munic\u00edpios","inLanguage":"pt-BR","isPartOf":{"@id":"https:\/\/serrafm879.com.br\/serrafm\/#website"},"breadcrumb":{"@id":"https:\/\/serrafm879.com.br\/serrafm\/2023\/10\/serra-talhada-vai-receber-a-carreta-da-saude-para-prevencao-e-diagnostico-do-cancer-de-mama\/#breadcrumblist"},"author":{"@id":"https:\/\/serrafm879.com.br\/serrafm\/author\/serrafm87\/#author"},"creator":{"@id":"https:\/\/serrafm879.com.br\/serrafm\/author\/serrafm87\/#author"},"image":{"@type":"ImageObject","url":"https:\/\/serrafm879.com.br\/serrafm\/wp-content\/uploads\/2023\/10\/OoutubroRosa.jpg","@id":"https:\/\/serrafm879.com.br\/serrafm\/2023\/10\/serra-talhada-vai-receber-a-carreta-da-saude-para-prevencao-e-diagnostico-do-cancer-de-mama\/#mainImage","width":400,"height":266},"primaryImageOfPage":{"@id":"https:\/\/serrafm879.com.br\/serrafm\/2023\/10\/serra-talhada-vai-receber-a-carreta-da-saude-para-prevencao-e-diagnostico-do-cancer-de-mama\/#mainImage"},"datePublished":"2023-10-06T04:49:50-03:00","dateModified":"2023-10-06T04:49:50-03:00"},{"@type":"WebSite","@id":"https:\/\/serrafm879.com.br\/serrafm\/#website","url":"https:\/\/serrafm879.com.br\/serrafm\/","name":"Serra FM 87,9","description":"O seu novo amor!","inLanguage":"pt-BR","publisher":{"@id":"https:\/\/serrafm879.com.br\/serrafm\/#organization"}}]},"twitter:card":"summary_large_image","twitter:title":"Serra Talhada vai receber a \u2018Carreta da Sa\u00fade\u2019 para preven\u00e7\u00e3o e diagn\u00f3stico do c\u00e2ncer de mama - Serra FM 87,9","twitter:description":"Em aten\u00e7\u00e3o \u00e0 sa\u00fade da mulher e \u00e0 campanha do Outubro Rosa, a governadora Raquel Lyra lan\u00e7ou refor\u00e7os para a preven\u00e7\u00e3o e diagn\u00f3stico do c\u00e2ncer de mama, atrav\u00e9s da iniciativa da Carreta da Sa\u00fade. Apresentada na ultima quarta-feira (4), no Pal\u00e1cio do Campo das Princesas, a a\u00e7\u00e3o vai disponibilizar unidades m\u00f3veis que ir\u00e3o percorrer munic\u00edpios","twitter:image":"https:\/\/serrafm879.com.br\/serrafm\/wp-content\/uploads\/2023\/10\/OoutubroRosa.jpg"},"aioseo_meta_data":{"post_id":"14468","title":null,"description":null,"keywords":null,"keyphrases":null,"primary_term":null,"canonical_url":null,"og_title":null,"og_description":null,"og_object_type":"default","og_image_type":"default","og_image_custom_url":null,"og_image_custom_fields":null,"og_image_url":null,"og_image_width":null,"og_image_height":null,"og_video":null,"og_custom_url":null,"og_article_section":null,"og_article_tags":null,"twitter_use_og":false,"twitter_card":"default","twitter_image_type":"default","twitter_image_custom_url":null,"twitter_image_custom_fields":null,"twitter_image_url":null,"twitter_title":null,"twitter_description":null,"schema_type":"default","schema_type_options":null,"schema":{"blockGraphs":[],"customGraphs":[],"default":{"data":{"Article":[],"Course":[],"Dataset":[],"FAQPage":[],"Movie":[],"Person":[],"Product":[],"ProductReview":[],"Car":[],"Recipe":[],"Service":[],"SoftwareApplication":[],"WebPage":[]},"graphName":"","isEnabled":true},"graphs":[]},"pillar_content":false,"robots_default":true,"robots_noindex":false,"robots_noarchive":false,"robots_nosnippet":false,"robots_nofollow":false,"robots_noimageindex":false,"robots_noodp":false,"robots_notranslate":false,"robots_max_snippet":null,"robots_max_videopreview":null,"robots_max_imagepreview":"large","priority":null,"frequency":null,"local_seo":null,"limit_modified_date":false,"ai":null,"breadcrumb_settings":null,"seo_analyzer_scan_date":null,"created":"2026-07-21 08:27:12","updated":"2026-07-21 08:27:12"},"aioseo_breadcrumb":"<div class=\"aioseo-breadcrumbs\"><span class=\"aioseo-breadcrumb\">\n\t\t\t<a href=\"https:\/\/serrafm879.com.br\/serrafm\" title=\"Home\">Home<\/a>\n\t\t<\/span><span class=\"aioseo-breadcrumb-separator\">&raquo;<\/span><span class=\"aioseo-breadcrumb\">\n\t\t\t<a href=\"https:\/\/serrafm879.com.br\/serrafm\/categoria\/uncategorized\/\" title=\"Uncategorized\">Uncategorized<\/a>\n\t\t<\/span><span class=\"aioseo-breadcrumb-separator\">&raquo;<\/span><span class=\"aioseo-breadcrumb\">\n\t\t\tSerra Talhada vai receber a \u2018Carreta da Sa\u00fade\u2019 para preven\u00e7\u00e3o e diagn\u00f3stico do c\u00e2ncer de mama\n\t\t<\/span><\/div>","aioseo_breadcrumb_json":[{"label":"Home","link":"https:\/\/serrafm879.com.br\/serrafm"},{"label":"Uncategorized","link":"https:\/\/serrafm879.com.br\/serrafm\/categoria\/uncategorized\/"},{"label":"Serra Talhada vai receber a &#8216;Carreta da Sa\u00fade&#8217; para preven\u00e7\u00e3o e diagn\u00f3stico do c\u00e2ncer de mama","link":"https:\/\/serrafm879.com.br\/serrafm\/2023\/10\/serra-talhada-vai-receber-a-carreta-da-saude-para-prevencao-e-diagnostico-do-cancer-de-mama\/"}],"jetpack_publicize_connections":[],"jetpack_featured_media_url":"https:\/\/serrafm879.com.br\/serrafm\/wp-content\/uploads\/2023\/10\/OoutubroRosa.jpg","jetpack_shortlink":"https:\/\/wp.me\/p7HyXg-3Lm","jetpack_sharing_enabled":true,"_links":{"self":[{"href":"https:\/\/serrafm879.com.br\/serrafm\/wp-json\/wp\/v2\/posts\/14468","targetHints":{"allow":["GET"]}}],"collection":[{"href":"https:\/\/serrafm879.com.br\/serrafm\/wp-json\/wp\/v2\/posts"}],"about":[{"href":"https:\/\/serrafm879.com.br\/serrafm\/wp-json\/wp\/v2\/types\/post"}],"author":[{"embeddable":true,"href":"https:\/\/serrafm879.com.br\/serrafm\/wp-json\/wp\/v2\/users\/2"}],"replies":[{"embeddable":true,"href":"https:\/\/serrafm879.com.br\/serrafm\/wp-json\/wp\/v2\/comments?post=14468"}],"version-history":[{"count":1,"href":"https:\/\/serrafm879.com.br\/serrafm\/wp-json\/wp\/v2\/posts\/14468\/revisions"}],"predecessor-version":[{"id":14470,"href":"https:\/\/serrafm879.com.br\/serrafm\/wp-json\/wp\/v2\/posts\/14468\/revisions\/14470"}],"wp:featuredmedia":[{"embeddable":true,"href":"https:\/\/serrafm879.com.br\/serrafm\/wp-json\/wp\/v2\/media\/14429"}],"wp:attachment":[{"href":"https:\/\/serrafm879.com.br\/serrafm\/wp-json\/wp\/v2\/media?parent=14468"}],"wp:term":[{"taxonomy":"category","embeddable":true,"href":"https:\/\/serrafm879.com.br\/serrafm\/wp-json\/wp\/v2\/categories?post=14468"},{"taxonomy":"post_tag","embeddable":true,"href":"https:\/\/serrafm879.com.br\/serrafm\/wp-json\/wp\/v2\/tags?post=14468"}],"curies":[{"name":"wp","href":"https:\/\/api.w.org\/{rel}","templated":true}]}}