{"id":14498,"date":"2023-10-11T05:30:50","date_gmt":"2023-10-11T08:30:50","guid":{"rendered":"https:\/?p=14498"},"modified":"2023-10-11T05:30:50","modified_gmt":"2023-10-11T08:30:50","slug":"primeiro-aviao-da-fab-com-211-brasileiros-deve-chegar-ao-pais-na-madrugada-desta-quarta-feira","status":"publish","type":"post","link":"https:\/\/serrafm879.com.br\/serrafm\/2023\/10\/primeiro-aviao-da-fab-com-211-brasileiros-deve-chegar-ao-pais-na-madrugada-desta-quarta-feira\/","title":{"rendered":"Primeiro avi\u00e3o da FAB com 211 brasileiros deve chegar ao pa\u00eds na madrugada desta quarta-feira"},"content":{"rendered":"<p>A primeira aeronave da For\u00e7a A\u00e9rea Brasileira (FAB) usada para repatriar brasileiros em Israel decolou nesta ter\u00e7a-feira para Bras\u00edlia \u00e0s 14h12 (hor\u00e1rio de BSB). Ele est\u00e1 retornando ao Brasil com 211 passageiros. A previs\u00e3o \u00e9 que a aeronave chegue nesta madrugada, pousando em Bras\u00edlia por volta das 4h.<\/p>\n<p>Ao todo, seis aeronaves da FAB foram mobilizadas para a opera\u00e7\u00e3o, que come\u00e7ou no domingo. Ainda nesta ter\u00e7a-feira, a terceira aeronave disponibilizada pela For\u00e7a A\u00e9rea ser\u00e1 enviada para a repatria\u00e7\u00e3o de brasileiros. O KC-390 Millennium (Embraer) deve decolar \u00e0s 16h da Base A\u00e9rea de Bras\u00edlia, e ter\u00e1 Roma como destino inicial.<\/p>\n<p>De acordo com a FAB, 900 brasileiros devem ser repatriados at\u00e9 s\u00e1bado, e a opera\u00e7\u00e3o poder\u00e1 se repetir na pr\u00f3xima semana. Em comunicado, o Itamaraty disse que a Embaixada do Brasil em Tel Aviv recolheu, por meio de formul\u00e1rio online, os dados de cerca de 2,3 mil brasileiros com interesse na repatria\u00e7\u00e3o, sendo a maior parte deles turistas.<\/p>\n<p>\u201cOs candidatos \u00e0 repatria\u00e7\u00e3o ser\u00e3o acomodados em listas de prioridade. Em um primeiro momento, dever\u00e3o ser priorizados os residentes no Brasil, sem passagem a\u00e9rea\u201d, diz a nota.<\/p>\n","protected":false},"excerpt":{"rendered":"<p>A primeira aeronave da For\u00e7a A\u00e9rea Brasileira (FAB) usada para repatriar brasileiros em Israel decolou nesta ter\u00e7a-feira para Bras\u00edlia \u00e0s 14h12 (hor\u00e1rio de BSB). Ele est\u00e1 retornando ao Brasil com 211 passageiros. A previs\u00e3o \u00e9 que a aeronave chegue nesta madrugada, pousando em Bras\u00edlia por volta das 4h. Ao todo, seis aeronaves da FAB foram mobilizadas para a opera\u00e7\u00e3o, que come\u00e7ou no domingo. Ainda nesta ter\u00e7a-feira, a terceira aeronave disponibilizada pela For\u00e7a A\u00e9rea ser\u00e1 enviada para a repatria\u00e7\u00e3o de brasileiros. O KC-390 Millennium (Embraer) deve decolar \u00e0s 16h da Base A\u00e9rea de Bras\u00edlia, e ter\u00e1 Roma como destino inicial. De [&hellip;]<\/p>\n","protected":false},"author":2,"featured_media":5167,"comment_status":"open","ping_status":"open","sticky":false,"template":"","format":"standard","meta":{"_jetpack_newsletter_access":"","_jetpack_dont_email_post_to_subs":false,"_jetpack_newsletter_tier_id":0,"_jetpack_memberships_contains_paywalled_content":false,"_jetpack_feature_clip_id":0,"_jetpack_memberships_contains_paid_content":false,"footnotes":"","jetpack_publicize_message":"","jetpack_publicize_feature_enabled":true,"jetpack_social_post_already_shared":true,"jetpack_social_options":{"image_generator_settings":{"template":"highway","default_image_id":0,"font":"","enabled":false},"version":2},"jetpack_post_was_ever_published":false},"categories":[149],"tags":[],"class_list":["post-14498","post","type-post","status-publish","format-standard","has-post-thumbnail","hentry","category-brasil"],"aioseo_notices":[],"aioseo_head":"\n\t\t<!-- All in One SEO 4.9.10 - aioseo.com -->\n\t<meta name=\"description\" content=\"A primeira aeronave da For\u00e7a A\u00e9rea Brasileira (FAB) usada para repatriar brasileiros em Israel decolou nesta ter\u00e7a-feira para Bras\u00edlia \u00e0s 14h12 (hor\u00e1rio de BSB). Ele est\u00e1 retornando ao Brasil com 211 passageiros. A previs\u00e3o \u00e9 que a aeronave chegue nesta madrugada, pousando em Bras\u00edlia por volta das 4h. Ao todo, seis aeronaves da FAB foram\" \/>\n\t<meta name=\"robots\" content=\"max-image-preview:large\" \/>\n\t<meta name=\"author\" content=\"serrafm87\"\/>\n\t<link rel=\"canonical\" href=\"https:\/\/serrafm879.com.br\/serrafm\/2023\/10\/primeiro-aviao-da-fab-com-211-brasileiros-deve-chegar-ao-pais-na-madrugada-desta-quarta-feira\/\" \/>\n\t<meta name=\"generator\" content=\"All in One SEO (AIOSEO) 4.9.10\" \/>\n\t\t<meta name=\"twitter:card\" content=\"summary_large_image\" \/>\n\t\t<meta name=\"twitter:title\" content=\"Primeiro avi\u00e3o da FAB com 211 brasileiros deve chegar ao pa\u00eds na madrugada desta quarta-feira - Serra FM 87,9\" \/>\n\t\t<meta name=\"twitter:description\" content=\"A primeira aeronave da For\u00e7a A\u00e9rea Brasileira (FAB) usada para repatriar brasileiros em Israel decolou nesta ter\u00e7a-feira para Bras\u00edlia \u00e0s 14h12 (hor\u00e1rio de BSB). Ele est\u00e1 retornando ao Brasil com 211 passageiros. A previs\u00e3o \u00e9 que a aeronave chegue nesta madrugada, pousando em Bras\u00edlia por volta das 4h. Ao todo, seis aeronaves da FAB foram\" \/>\n\t\t<meta name=\"twitter:image\" content=\"https:\/\/serrafm879.com.br\/serrafm\/wp-content\/uploads\/2021\/03\/serrafm.jpg\" \/>\n\t\t<script type=\"application\/ld+json\" class=\"aioseo-schema\">\n\t\t\t{\"@context\":\"https:\\\/\\\/schema.org\",\"@graph\":[{\"@type\":\"BlogPosting\",\"@id\":\"https:\\\/\\\/serrafm879.com.br\\\/serrafm\\\/2023\\\/10\\\/primeiro-aviao-da-fab-com-211-brasileiros-deve-chegar-ao-pais-na-madrugada-desta-quarta-feira\\\/#blogposting\",\"name\":\"Primeiro avi\\u00e3o da FAB com 211 brasileiros deve chegar ao pa\\u00eds na madrugada desta quarta-feira - Serra FM 87,9\",\"headline\":\"Primeiro avi\\u00e3o da FAB com 211 brasileiros deve chegar ao pa\\u00eds na madrugada desta quarta-feira\",\"author\":{\"@id\":\"https:\\\/\\\/serrafm879.com.br\\\/serrafm\\\/author\\\/serrafm87\\\/#author\"},\"publisher\":{\"@id\":\"https:\\\/\\\/serrafm879.com.br\\\/serrafm\\\/#organization\"},\"image\":{\"@type\":\"ImageObject\",\"url\":\"https:\\\/\\\/serrafm879.com.br\\\/serrafm\\\/wp-content\\\/uploads\\\/2021\\\/03\\\/serrafm.jpg\",\"width\":800,\"height\":400},\"datePublished\":\"2023-10-11T05:30:50-03:00\",\"dateModified\":\"2023-10-11T05:30:50-03:00\",\"inLanguage\":\"pt-BR\",\"mainEntityOfPage\":{\"@id\":\"https:\\\/\\\/serrafm879.com.br\\\/serrafm\\\/2023\\\/10\\\/primeiro-aviao-da-fab-com-211-brasileiros-deve-chegar-ao-pais-na-madrugada-desta-quarta-feira\\\/#webpage\"},\"isPartOf\":{\"@id\":\"https:\\\/\\\/serrafm879.com.br\\\/serrafm\\\/2023\\\/10\\\/primeiro-aviao-da-fab-com-211-brasileiros-deve-chegar-ao-pais-na-madrugada-desta-quarta-feira\\\/#webpage\"},\"articleSection\":\"Brasil\"},{\"@type\":\"BreadcrumbList\",\"@id\":\"https:\\\/\\\/serrafm879.com.br\\\/serrafm\\\/2023\\\/10\\\/primeiro-aviao-da-fab-com-211-brasileiros-deve-chegar-ao-pais-na-madrugada-desta-quarta-feira\\\/#breadcrumblist\",\"itemListElement\":[{\"@type\":\"ListItem\",\"@id\":\"https:\\\/\\\/serrafm879.com.br\\\/serrafm#listItem\",\"position\":1,\"name\":\"Home\",\"item\":\"https:\\\/\\\/serrafm879.com.br\\\/serrafm\",\"nextItem\":{\"@type\":\"ListItem\",\"@id\":\"https:\\\/\\\/serrafm879.com.br\\\/serrafm\\\/categoria\\\/brasil\\\/#listItem\",\"name\":\"Brasil\"}},{\"@type\":\"ListItem\",\"@id\":\"https:\\\/\\\/serrafm879.com.br\\\/serrafm\\\/categoria\\\/brasil\\\/#listItem\",\"position\":2,\"name\":\"Brasil\",\"item\":\"https:\\\/\\\/serrafm879.com.br\\\/serrafm\\\/categoria\\\/brasil\\\/\",\"nextItem\":{\"@type\":\"ListItem\",\"@id\":\"https:\\\/\\\/serrafm879.com.br\\\/serrafm\\\/2023\\\/10\\\/primeiro-aviao-da-fab-com-211-brasileiros-deve-chegar-ao-pais-na-madrugada-desta-quarta-feira\\\/#listItem\",\"name\":\"Primeiro avi\\u00e3o da FAB com 211 brasileiros deve chegar ao pa\\u00eds na madrugada desta quarta-feira\"},\"previousItem\":{\"@type\":\"ListItem\",\"@id\":\"https:\\\/\\\/serrafm879.com.br\\\/serrafm#listItem\",\"name\":\"Home\"}},{\"@type\":\"ListItem\",\"@id\":\"https:\\\/\\\/serrafm879.com.br\\\/serrafm\\\/2023\\\/10\\\/primeiro-aviao-da-fab-com-211-brasileiros-deve-chegar-ao-pais-na-madrugada-desta-quarta-feira\\\/#listItem\",\"position\":3,\"name\":\"Primeiro avi\\u00e3o da FAB com 211 brasileiros deve chegar ao pa\\u00eds na madrugada desta quarta-feira\",\"previousItem\":{\"@type\":\"ListItem\",\"@id\":\"https:\\\/\\\/serrafm879.com.br\\\/serrafm\\\/categoria\\\/brasil\\\/#listItem\",\"name\":\"Brasil\"}}]},{\"@type\":\"Organization\",\"@id\":\"https:\\\/\\\/serrafm879.com.br\\\/serrafm\\\/#organization\",\"name\":\"Serra FM 87,9\",\"description\":\"O seu novo amor!\",\"url\":\"https:\\\/\\\/serrafm879.com.br\\\/serrafm\\\/\"},{\"@type\":\"Person\",\"@id\":\"https:\\\/\\\/serrafm879.com.br\\\/serrafm\\\/author\\\/serrafm87\\\/#author\",\"url\":\"https:\\\/\\\/serrafm879.com.br\\\/serrafm\\\/author\\\/serrafm87\\\/\",\"name\":\"serrafm87\",\"image\":{\"@type\":\"ImageObject\",\"@id\":\"https:\\\/\\\/serrafm879.com.br\\\/serrafm\\\/2023\\\/10\\\/primeiro-aviao-da-fab-com-211-brasileiros-deve-chegar-ao-pais-na-madrugada-desta-quarta-feira\\\/#authorImage\",\"url\":\"https:\\\/\\\/secure.gravatar.com\\\/avatar\\\/a743233f1112d34f48bb3dc9559b76eb930bab8b27175856cba6362608736235?s=96&d=mm&r=g\",\"width\":96,\"height\":96,\"caption\":\"serrafm87\"}},{\"@type\":\"WebPage\",\"@id\":\"https:\\\/\\\/serrafm879.com.br\\\/serrafm\\\/2023\\\/10\\\/primeiro-aviao-da-fab-com-211-brasileiros-deve-chegar-ao-pais-na-madrugada-desta-quarta-feira\\\/#webpage\",\"url\":\"https:\\\/\\\/serrafm879.com.br\\\/serrafm\\\/2023\\\/10\\\/primeiro-aviao-da-fab-com-211-brasileiros-deve-chegar-ao-pais-na-madrugada-desta-quarta-feira\\\/\",\"name\":\"Primeiro avi\\u00e3o da FAB com 211 brasileiros deve chegar ao pa\\u00eds na madrugada desta quarta-feira - Serra FM 87,9\",\"description\":\"A primeira aeronave da For\\u00e7a A\\u00e9rea Brasileira (FAB) usada para repatriar brasileiros em Israel decolou nesta ter\\u00e7a-feira para Bras\\u00edlia \\u00e0s 14h12 (hor\\u00e1rio de BSB). Ele est\\u00e1 retornando ao Brasil com 211 passageiros. A previs\\u00e3o \\u00e9 que a aeronave chegue nesta madrugada, pousando em Bras\\u00edlia por volta das 4h. Ao todo, seis aeronaves da FAB foram\",\"inLanguage\":\"pt-BR\",\"isPartOf\":{\"@id\":\"https:\\\/\\\/serrafm879.com.br\\\/serrafm\\\/#website\"},\"breadcrumb\":{\"@id\":\"https:\\\/\\\/serrafm879.com.br\\\/serrafm\\\/2023\\\/10\\\/primeiro-aviao-da-fab-com-211-brasileiros-deve-chegar-ao-pais-na-madrugada-desta-quarta-feira\\\/#breadcrumblist\"},\"author\":{\"@id\":\"https:\\\/\\\/serrafm879.com.br\\\/serrafm\\\/author\\\/serrafm87\\\/#author\"},\"creator\":{\"@id\":\"https:\\\/\\\/serrafm879.com.br\\\/serrafm\\\/author\\\/serrafm87\\\/#author\"},\"image\":{\"@type\":\"ImageObject\",\"url\":\"https:\\\/\\\/serrafm879.com.br\\\/serrafm\\\/wp-content\\\/uploads\\\/2021\\\/03\\\/serrafm.jpg\",\"@id\":\"https:\\\/\\\/serrafm879.com.br\\\/serrafm\\\/2023\\\/10\\\/primeiro-aviao-da-fab-com-211-brasileiros-deve-chegar-ao-pais-na-madrugada-desta-quarta-feira\\\/#mainImage\",\"width\":800,\"height\":400},\"primaryImageOfPage\":{\"@id\":\"https:\\\/\\\/serrafm879.com.br\\\/serrafm\\\/2023\\\/10\\\/primeiro-aviao-da-fab-com-211-brasileiros-deve-chegar-ao-pais-na-madrugada-desta-quarta-feira\\\/#mainImage\"},\"datePublished\":\"2023-10-11T05:30:50-03:00\",\"dateModified\":\"2023-10-11T05:30:50-03:00\"},{\"@type\":\"WebSite\",\"@id\":\"https:\\\/\\\/serrafm879.com.br\\\/serrafm\\\/#website\",\"url\":\"https:\\\/\\\/serrafm879.com.br\\\/serrafm\\\/\",\"name\":\"Serra FM 87,9\",\"description\":\"O seu novo amor!\",\"inLanguage\":\"pt-BR\",\"publisher\":{\"@id\":\"https:\\\/\\\/serrafm879.com.br\\\/serrafm\\\/#organization\"}}]}\n\t\t<\/script>\n\t\t<!-- All in One SEO -->\n\n","aioseo_head_json":{"title":"Primeiro avi\u00e3o da FAB com 211 brasileiros deve chegar ao pa\u00eds na madrugada desta quarta-feira - Serra FM 87,9","description":"A primeira aeronave da For\u00e7a A\u00e9rea Brasileira (FAB) usada para repatriar brasileiros em Israel decolou nesta ter\u00e7a-feira para Bras\u00edlia \u00e0s 14h12 (hor\u00e1rio de BSB). Ele est\u00e1 retornando ao Brasil com 211 passageiros. A previs\u00e3o \u00e9 que a aeronave chegue nesta madrugada, pousando em Bras\u00edlia por volta das 4h. Ao todo, seis aeronaves da FAB foram","canonical_url":"https:\/\/serrafm879.com.br\/serrafm\/2023\/10\/primeiro-aviao-da-fab-com-211-brasileiros-deve-chegar-ao-pais-na-madrugada-desta-quarta-feira\/","robots":"max-image-preview:large","keywords":"","webmasterTools":{"miscellaneous":""},"schema":{"@context":"https:\/\/schema.org","@graph":[{"@type":"BlogPosting","@id":"https:\/\/serrafm879.com.br\/serrafm\/2023\/10\/primeiro-aviao-da-fab-com-211-brasileiros-deve-chegar-ao-pais-na-madrugada-desta-quarta-feira\/#blogposting","name":"Primeiro avi\u00e3o da FAB com 211 brasileiros deve chegar ao pa\u00eds na madrugada desta quarta-feira - Serra FM 87,9","headline":"Primeiro avi\u00e3o da FAB com 211 brasileiros deve chegar ao pa\u00eds na madrugada desta quarta-feira","author":{"@id":"https:\/\/serrafm879.com.br\/serrafm\/author\/serrafm87\/#author"},"publisher":{"@id":"https:\/\/serrafm879.com.br\/serrafm\/#organization"},"image":{"@type":"ImageObject","url":"https:\/\/serrafm879.com.br\/serrafm\/wp-content\/uploads\/2021\/03\/serrafm.jpg","width":800,"height":400},"datePublished":"2023-10-11T05:30:50-03:00","dateModified":"2023-10-11T05:30:50-03:00","inLanguage":"pt-BR","mainEntityOfPage":{"@id":"https:\/\/serrafm879.com.br\/serrafm\/2023\/10\/primeiro-aviao-da-fab-com-211-brasileiros-deve-chegar-ao-pais-na-madrugada-desta-quarta-feira\/#webpage"},"isPartOf":{"@id":"https:\/\/serrafm879.com.br\/serrafm\/2023\/10\/primeiro-aviao-da-fab-com-211-brasileiros-deve-chegar-ao-pais-na-madrugada-desta-quarta-feira\/#webpage"},"articleSection":"Brasil"},{"@type":"BreadcrumbList","@id":"https:\/\/serrafm879.com.br\/serrafm\/2023\/10\/primeiro-aviao-da-fab-com-211-brasileiros-deve-chegar-ao-pais-na-madrugada-desta-quarta-feira\/#breadcrumblist","itemListElement":[{"@type":"ListItem","@id":"https:\/\/serrafm879.com.br\/serrafm#listItem","position":1,"name":"Home","item":"https:\/\/serrafm879.com.br\/serrafm","nextItem":{"@type":"ListItem","@id":"https:\/\/serrafm879.com.br\/serrafm\/categoria\/brasil\/#listItem","name":"Brasil"}},{"@type":"ListItem","@id":"https:\/\/serrafm879.com.br\/serrafm\/categoria\/brasil\/#listItem","position":2,"name":"Brasil","item":"https:\/\/serrafm879.com.br\/serrafm\/categoria\/brasil\/","nextItem":{"@type":"ListItem","@id":"https:\/\/serrafm879.com.br\/serrafm\/2023\/10\/primeiro-aviao-da-fab-com-211-brasileiros-deve-chegar-ao-pais-na-madrugada-desta-quarta-feira\/#listItem","name":"Primeiro avi\u00e3o da FAB com 211 brasileiros deve chegar ao pa\u00eds na madrugada desta quarta-feira"},"previousItem":{"@type":"ListItem","@id":"https:\/\/serrafm879.com.br\/serrafm#listItem","name":"Home"}},{"@type":"ListItem","@id":"https:\/\/serrafm879.com.br\/serrafm\/2023\/10\/primeiro-aviao-da-fab-com-211-brasileiros-deve-chegar-ao-pais-na-madrugada-desta-quarta-feira\/#listItem","position":3,"name":"Primeiro avi\u00e3o da FAB com 211 brasileiros deve chegar ao pa\u00eds na madrugada desta quarta-feira","previousItem":{"@type":"ListItem","@id":"https:\/\/serrafm879.com.br\/serrafm\/categoria\/brasil\/#listItem","name":"Brasil"}}]},{"@type":"Organization","@id":"https:\/\/serrafm879.com.br\/serrafm\/#organization","name":"Serra FM 87,9","description":"O seu novo amor!","url":"https:\/\/serrafm879.com.br\/serrafm\/"},{"@type":"Person","@id":"https:\/\/serrafm879.com.br\/serrafm\/author\/serrafm87\/#author","url":"https:\/\/serrafm879.com.br\/serrafm\/author\/serrafm87\/","name":"serrafm87","image":{"@type":"ImageObject","@id":"https:\/\/serrafm879.com.br\/serrafm\/2023\/10\/primeiro-aviao-da-fab-com-211-brasileiros-deve-chegar-ao-pais-na-madrugada-desta-quarta-feira\/#authorImage","url":"https:\/\/secure.gravatar.com\/avatar\/a743233f1112d34f48bb3dc9559b76eb930bab8b27175856cba6362608736235?s=96&d=mm&r=g","width":96,"height":96,"caption":"serrafm87"}},{"@type":"WebPage","@id":"https:\/\/serrafm879.com.br\/serrafm\/2023\/10\/primeiro-aviao-da-fab-com-211-brasileiros-deve-chegar-ao-pais-na-madrugada-desta-quarta-feira\/#webpage","url":"https:\/\/serrafm879.com.br\/serrafm\/2023\/10\/primeiro-aviao-da-fab-com-211-brasileiros-deve-chegar-ao-pais-na-madrugada-desta-quarta-feira\/","name":"Primeiro avi\u00e3o da FAB com 211 brasileiros deve chegar ao pa\u00eds na madrugada desta quarta-feira - Serra FM 87,9","description":"A primeira aeronave da For\u00e7a A\u00e9rea Brasileira (FAB) usada para repatriar brasileiros em Israel decolou nesta ter\u00e7a-feira para Bras\u00edlia \u00e0s 14h12 (hor\u00e1rio de BSB). Ele est\u00e1 retornando ao Brasil com 211 passageiros. A previs\u00e3o \u00e9 que a aeronave chegue nesta madrugada, pousando em Bras\u00edlia por volta das 4h. Ao todo, seis aeronaves da FAB foram","inLanguage":"pt-BR","isPartOf":{"@id":"https:\/\/serrafm879.com.br\/serrafm\/#website"},"breadcrumb":{"@id":"https:\/\/serrafm879.com.br\/serrafm\/2023\/10\/primeiro-aviao-da-fab-com-211-brasileiros-deve-chegar-ao-pais-na-madrugada-desta-quarta-feira\/#breadcrumblist"},"author":{"@id":"https:\/\/serrafm879.com.br\/serrafm\/author\/serrafm87\/#author"},"creator":{"@id":"https:\/\/serrafm879.com.br\/serrafm\/author\/serrafm87\/#author"},"image":{"@type":"ImageObject","url":"https:\/\/serrafm879.com.br\/serrafm\/wp-content\/uploads\/2021\/03\/serrafm.jpg","@id":"https:\/\/serrafm879.com.br\/serrafm\/2023\/10\/primeiro-aviao-da-fab-com-211-brasileiros-deve-chegar-ao-pais-na-madrugada-desta-quarta-feira\/#mainImage","width":800,"height":400},"primaryImageOfPage":{"@id":"https:\/\/serrafm879.com.br\/serrafm\/2023\/10\/primeiro-aviao-da-fab-com-211-brasileiros-deve-chegar-ao-pais-na-madrugada-desta-quarta-feira\/#mainImage"},"datePublished":"2023-10-11T05:30:50-03:00","dateModified":"2023-10-11T05:30:50-03:00"},{"@type":"WebSite","@id":"https:\/\/serrafm879.com.br\/serrafm\/#website","url":"https:\/\/serrafm879.com.br\/serrafm\/","name":"Serra FM 87,9","description":"O seu novo amor!","inLanguage":"pt-BR","publisher":{"@id":"https:\/\/serrafm879.com.br\/serrafm\/#organization"}}]},"twitter:card":"summary_large_image","twitter:title":"Primeiro avi\u00e3o da FAB com 211 brasileiros deve chegar ao pa\u00eds na madrugada desta quarta-feira - Serra FM 87,9","twitter:description":"A primeira aeronave da For\u00e7a A\u00e9rea Brasileira (FAB) usada para repatriar brasileiros em Israel decolou nesta ter\u00e7a-feira para Bras\u00edlia \u00e0s 14h12 (hor\u00e1rio de BSB). Ele est\u00e1 retornando ao Brasil com 211 passageiros. A previs\u00e3o \u00e9 que a aeronave chegue nesta madrugada, pousando em Bras\u00edlia por volta das 4h. Ao todo, seis aeronaves da FAB foram","twitter:image":"https:\/\/serrafm879.com.br\/serrafm\/wp-content\/uploads\/2021\/03\/serrafm.jpg"},"aioseo_meta_data":{"post_id":"14498","title":null,"description":null,"keywords":null,"keyphrases":null,"primary_term":null,"canonical_url":null,"og_title":null,"og_description":null,"og_object_type":"default","og_image_type":"default","og_image_custom_url":null,"og_image_custom_fields":null,"og_image_url":null,"og_image_width":null,"og_image_height":null,"og_video":null,"og_custom_url":null,"og_article_section":null,"og_article_tags":null,"twitter_use_og":false,"twitter_card":"default","twitter_image_type":"default","twitter_image_custom_url":null,"twitter_image_custom_fields":null,"twitter_image_url":null,"twitter_title":null,"twitter_description":null,"schema_type":"default","schema_type_options":null,"schema":{"blockGraphs":[],"customGraphs":[],"default":{"data":{"Article":[],"Course":[],"Dataset":[],"FAQPage":[],"Movie":[],"Person":[],"Product":[],"ProductReview":[],"Car":[],"Recipe":[],"Service":[],"SoftwareApplication":[],"WebPage":[]},"graphName":"","isEnabled":true},"graphs":[]},"pillar_content":false,"robots_default":true,"robots_noindex":false,"robots_noarchive":false,"robots_nosnippet":false,"robots_nofollow":false,"robots_noimageindex":false,"robots_noodp":false,"robots_notranslate":false,"robots_max_snippet":null,"robots_max_videopreview":null,"robots_max_imagepreview":"large","priority":null,"frequency":null,"local_seo":null,"limit_modified_date":false,"ai":null,"breadcrumb_settings":null,"seo_analyzer_scan_date":null,"created":"2026-07-21 08:28:58","updated":"2026-07-21 08:28:58"},"aioseo_breadcrumb":"<div class=\"aioseo-breadcrumbs\"><span class=\"aioseo-breadcrumb\">\n\t\t\t<a href=\"https:\/\/serrafm879.com.br\/serrafm\" title=\"Home\">Home<\/a>\n\t\t<\/span><span class=\"aioseo-breadcrumb-separator\">&raquo;<\/span><span class=\"aioseo-breadcrumb\">\n\t\t\t<a href=\"https:\/\/serrafm879.com.br\/serrafm\/categoria\/brasil\/\" title=\"Brasil\">Brasil<\/a>\n\t\t<\/span><span class=\"aioseo-breadcrumb-separator\">&raquo;<\/span><span class=\"aioseo-breadcrumb\">\n\t\t\tPrimeiro avi\u00e3o da FAB com 211 brasileiros deve chegar ao pa\u00eds na madrugada desta quarta-feira\n\t\t<\/span><\/div>","aioseo_breadcrumb_json":[{"label":"Home","link":"https:\/\/serrafm879.com.br\/serrafm"},{"label":"Brasil","link":"https:\/\/serrafm879.com.br\/serrafm\/categoria\/brasil\/"},{"label":"Primeiro avi\u00e3o da FAB com 211 brasileiros deve chegar ao pa\u00eds na madrugada desta quarta-feira","link":"https:\/\/serrafm879.com.br\/serrafm\/2023\/10\/primeiro-aviao-da-fab-com-211-brasileiros-deve-chegar-ao-pais-na-madrugada-desta-quarta-feira\/"}],"jetpack_publicize_connections":[],"jetpack_featured_media_url":"https:\/\/serrafm879.com.br\/serrafm\/wp-content\/uploads\/2021\/03\/serrafm.jpg","jetpack_shortlink":"https:\/\/wp.me\/p7HyXg-3LQ","jetpack_sharing_enabled":true,"_links":{"self":[{"href":"https:\/\/serrafm879.com.br\/serrafm\/wp-json\/wp\/v2\/posts\/14498","targetHints":{"allow":["GET"]}}],"collection":[{"href":"https:\/\/serrafm879.com.br\/serrafm\/wp-json\/wp\/v2\/posts"}],"about":[{"href":"https:\/\/serrafm879.com.br\/serrafm\/wp-json\/wp\/v2\/types\/post"}],"author":[{"embeddable":true,"href":"https:\/\/serrafm879.com.br\/serrafm\/wp-json\/wp\/v2\/users\/2"}],"replies":[{"embeddable":true,"href":"https:\/\/serrafm879.com.br\/serrafm\/wp-json\/wp\/v2\/comments?post=14498"}],"version-history":[{"count":1,"href":"https:\/\/serrafm879.com.br\/serrafm\/wp-json\/wp\/v2\/posts\/14498\/revisions"}],"predecessor-version":[{"id":14499,"href":"https:\/\/serrafm879.com.br\/serrafm\/wp-json\/wp\/v2\/posts\/14498\/revisions\/14499"}],"wp:featuredmedia":[{"embeddable":true,"href":"https:\/\/serrafm879.com.br\/serrafm\/wp-json\/wp\/v2\/media\/5167"}],"wp:attachment":[{"href":"https:\/\/serrafm879.com.br\/serrafm\/wp-json\/wp\/v2\/media?parent=14498"}],"wp:term":[{"taxonomy":"category","embeddable":true,"href":"https:\/\/serrafm879.com.br\/serrafm\/wp-json\/wp\/v2\/categories?post=14498"},{"taxonomy":"post_tag","embeddable":true,"href":"https:\/\/serrafm879.com.br\/serrafm\/wp-json\/wp\/v2\/tags?post=14498"}],"curies":[{"name":"wp","href":"https:\/\/api.w.org\/{rel}","templated":true}]}}