{"id":15180,"date":"2023-12-14T05:11:46","date_gmt":"2023-12-14T08:11:46","guid":{"rendered":"https:\/?p=15180"},"modified":"2023-12-14T05:11:46","modified_gmt":"2023-12-14T08:11:46","slug":"isaias-lima-vence-a-eleicao-para-a-direcao-geral-do-campus-serra-talhada-do-ifsertaope","status":"publish","type":"post","link":"https:\/\/serrafm879.com.br\/serrafm\/2023\/12\/isaias-lima-vence-a-eleicao-para-a-direcao-geral-do-campus-serra-talhada-do-ifsertaope\/","title":{"rendered":"Isa\u00edas Lima vence a elei\u00e7\u00e3o para a dire\u00e7\u00e3o geral do Campus Serra Talhada do IFSert\u00e3oPE"},"content":{"rendered":"<p>O professor Isa\u00edas Jos\u00e9 de Lima ser\u00e1 o respons\u00e1vel pela dire\u00e7\u00e3o geral do Campus Serra Talhada do IFSert\u00e3oPE a partir de 2024. Ele venceu a elei\u00e7\u00e3o realizada pelo instituto no dia 6 de dezembro com 72,03% dos votos v\u00e1lidos, contra o tamb\u00e9m professor kleyton Michell.<\/p>\n<p>\u201cCom 12 anos de experi\u00eancia na institui\u00e7\u00e3o e um pouco mais de 4 anos em cargos de gest\u00e3o, estou preparado para enfrentar essa miss\u00e3o. Espero poder atender \u00e0s necessidades e expectativas da nossa comunidade acad\u00eamica, e, sobretudo, contribuir ainda mais para o desenvolvimento e evolu\u00e7\u00e3o da nossa institui\u00e7\u00e3o\u201d, disse o novo diretor.<\/p>\n<p>Natural de Serra Talhada, Isa\u00edas tem 37 anos e \u00e9 formado em Matem\u00e1tica, com mestrado pela Universidade Federal do Cear\u00e1 (UFC). Tem uma trajet\u00f3ria de 12 anos no IFSert\u00e3oPE, tendo iniciado no Campus Floresta e atuando desde 2015 no Campus Serra Talhada. Ele j\u00e1 ocupou cargos de coordenador de curso e Diretor de Ensino.<\/p>\n","protected":false},"excerpt":{"rendered":"<p>O professor Isa\u00edas Jos\u00e9 de Lima ser\u00e1 o respons\u00e1vel pela dire\u00e7\u00e3o geral do Campus Serra Talhada do IFSert\u00e3oPE a partir de 2024. Ele venceu a elei\u00e7\u00e3o realizada pelo instituto no dia 6 de dezembro com 72,03% dos votos v\u00e1lidos, contra o tamb\u00e9m professor kleyton Michell. \u201cCom 12 anos de experi\u00eancia na institui\u00e7\u00e3o e um pouco mais de 4 anos em cargos de gest\u00e3o, estou preparado para enfrentar essa miss\u00e3o. Espero poder atender \u00e0s necessidades e expectativas da nossa comunidade acad\u00eamica, e, sobretudo, contribuir ainda mais para o desenvolvimento e evolu\u00e7\u00e3o da nossa institui\u00e7\u00e3o\u201d, disse o novo diretor. Natural de Serra [&hellip;]<\/p>\n","protected":false},"author":2,"featured_media":15181,"comment_status":"open","ping_status":"open","sticky":false,"template":"","format":"standard","meta":{"_jetpack_newsletter_access":"","_jetpack_dont_email_post_to_subs":false,"_jetpack_newsletter_tier_id":0,"_jetpack_memberships_contains_paywalled_content":false,"_jetpack_feature_clip_id":0,"_jetpack_memberships_contains_paid_content":false,"footnotes":"","jetpack_publicize_message":"","jetpack_publicize_feature_enabled":true,"jetpack_social_post_already_shared":true,"jetpack_social_options":{"image_generator_settings":{"template":"highway","default_image_id":0,"font":"","enabled":false},"version":2},"jetpack_post_was_ever_published":false},"categories":[1],"tags":[],"class_list":["post-15180","post","type-post","status-publish","format-standard","has-post-thumbnail","hentry","category-uncategorized"],"aioseo_notices":[],"aioseo_head":"\n\t\t<!-- All in One SEO 4.9.10 - aioseo.com -->\n\t<meta name=\"description\" content=\"O professor Isa\u00edas Jos\u00e9 de Lima ser\u00e1 o respons\u00e1vel pela dire\u00e7\u00e3o geral do Campus Serra Talhada do IFSert\u00e3oPE a partir de 2024. Ele venceu a elei\u00e7\u00e3o realizada pelo instituto no dia 6 de dezembro com 72,03% dos votos v\u00e1lidos, contra o tamb\u00e9m professor kleyton Michell. \u201cCom 12 anos de experi\u00eancia na institui\u00e7\u00e3o e um pouco\" \/>\n\t<meta name=\"robots\" content=\"max-image-preview:large\" \/>\n\t<meta name=\"author\" content=\"serrafm87\"\/>\n\t<link rel=\"canonical\" href=\"https:\/\/serrafm879.com.br\/serrafm\/2023\/12\/isaias-lima-vence-a-eleicao-para-a-direcao-geral-do-campus-serra-talhada-do-ifsertaope\/\" \/>\n\t<meta name=\"generator\" content=\"All in One SEO (AIOSEO) 4.9.10\" \/>\n\t\t<meta name=\"twitter:card\" content=\"summary_large_image\" \/>\n\t\t<meta name=\"twitter:title\" content=\"Isa\u00edas Lima vence a elei\u00e7\u00e3o para a dire\u00e7\u00e3o geral do Campus Serra Talhada do IFSert\u00e3oPE - Serra FM 87,9\" \/>\n\t\t<meta name=\"twitter:description\" content=\"O professor Isa\u00edas Jos\u00e9 de Lima ser\u00e1 o respons\u00e1vel pela dire\u00e7\u00e3o geral do Campus Serra Talhada do IFSert\u00e3oPE a partir de 2024. Ele venceu a elei\u00e7\u00e3o realizada pelo instituto no dia 6 de dezembro com 72,03% dos votos v\u00e1lidos, contra o tamb\u00e9m professor kleyton Michell. \u201cCom 12 anos de experi\u00eancia na institui\u00e7\u00e3o e um pouco\" \/>\n\t\t<meta name=\"twitter:image\" content=\"https:\/\/serrafm879.com.br\/serrafm\/wp-content\/uploads\/2023\/12\/isais.jpeg\" \/>\n\t\t<script type=\"application\/ld+json\" class=\"aioseo-schema\">\n\t\t\t{\"@context\":\"https:\\\/\\\/schema.org\",\"@graph\":[{\"@type\":\"BlogPosting\",\"@id\":\"https:\\\/\\\/serrafm879.com.br\\\/serrafm\\\/2023\\\/12\\\/isaias-lima-vence-a-eleicao-para-a-direcao-geral-do-campus-serra-talhada-do-ifsertaope\\\/#blogposting\",\"name\":\"Isa\\u00edas Lima vence a elei\\u00e7\\u00e3o para a dire\\u00e7\\u00e3o geral do Campus Serra Talhada do IFSert\\u00e3oPE - Serra FM 87,9\",\"headline\":\"Isa\\u00edas Lima vence a elei\\u00e7\\u00e3o para a dire\\u00e7\\u00e3o geral do Campus Serra Talhada do IFSert\\u00e3oPE\",\"author\":{\"@id\":\"https:\\\/\\\/serrafm879.com.br\\\/serrafm\\\/author\\\/serrafm87\\\/#author\"},\"publisher\":{\"@id\":\"https:\\\/\\\/serrafm879.com.br\\\/serrafm\\\/#organization\"},\"image\":{\"@type\":\"ImageObject\",\"url\":\"https:\\\/\\\/serrafm879.com.br\\\/serrafm\\\/wp-content\\\/uploads\\\/2023\\\/12\\\/isais.jpeg\",\"width\":400,\"height\":332},\"datePublished\":\"2023-12-14T05:11:46-03:00\",\"dateModified\":\"2023-12-14T05:11:46-03:00\",\"inLanguage\":\"pt-BR\",\"mainEntityOfPage\":{\"@id\":\"https:\\\/\\\/serrafm879.com.br\\\/serrafm\\\/2023\\\/12\\\/isaias-lima-vence-a-eleicao-para-a-direcao-geral-do-campus-serra-talhada-do-ifsertaope\\\/#webpage\"},\"isPartOf\":{\"@id\":\"https:\\\/\\\/serrafm879.com.br\\\/serrafm\\\/2023\\\/12\\\/isaias-lima-vence-a-eleicao-para-a-direcao-geral-do-campus-serra-talhada-do-ifsertaope\\\/#webpage\"},\"articleSection\":\"Uncategorized\"},{\"@type\":\"BreadcrumbList\",\"@id\":\"https:\\\/\\\/serrafm879.com.br\\\/serrafm\\\/2023\\\/12\\\/isaias-lima-vence-a-eleicao-para-a-direcao-geral-do-campus-serra-talhada-do-ifsertaope\\\/#breadcrumblist\",\"itemListElement\":[{\"@type\":\"ListItem\",\"@id\":\"https:\\\/\\\/serrafm879.com.br\\\/serrafm#listItem\",\"position\":1,\"name\":\"Home\",\"item\":\"https:\\\/\\\/serrafm879.com.br\\\/serrafm\",\"nextItem\":{\"@type\":\"ListItem\",\"@id\":\"https:\\\/\\\/serrafm879.com.br\\\/serrafm\\\/categoria\\\/uncategorized\\\/#listItem\",\"name\":\"Uncategorized\"}},{\"@type\":\"ListItem\",\"@id\":\"https:\\\/\\\/serrafm879.com.br\\\/serrafm\\\/categoria\\\/uncategorized\\\/#listItem\",\"position\":2,\"name\":\"Uncategorized\",\"item\":\"https:\\\/\\\/serrafm879.com.br\\\/serrafm\\\/categoria\\\/uncategorized\\\/\",\"nextItem\":{\"@type\":\"ListItem\",\"@id\":\"https:\\\/\\\/serrafm879.com.br\\\/serrafm\\\/2023\\\/12\\\/isaias-lima-vence-a-eleicao-para-a-direcao-geral-do-campus-serra-talhada-do-ifsertaope\\\/#listItem\",\"name\":\"Isa\\u00edas Lima vence a elei\\u00e7\\u00e3o para a dire\\u00e7\\u00e3o geral do Campus Serra Talhada do IFSert\\u00e3oPE\"},\"previousItem\":{\"@type\":\"ListItem\",\"@id\":\"https:\\\/\\\/serrafm879.com.br\\\/serrafm#listItem\",\"name\":\"Home\"}},{\"@type\":\"ListItem\",\"@id\":\"https:\\\/\\\/serrafm879.com.br\\\/serrafm\\\/2023\\\/12\\\/isaias-lima-vence-a-eleicao-para-a-direcao-geral-do-campus-serra-talhada-do-ifsertaope\\\/#listItem\",\"position\":3,\"name\":\"Isa\\u00edas Lima vence a elei\\u00e7\\u00e3o para a dire\\u00e7\\u00e3o geral do Campus Serra Talhada do IFSert\\u00e3oPE\",\"previousItem\":{\"@type\":\"ListItem\",\"@id\":\"https:\\\/\\\/serrafm879.com.br\\\/serrafm\\\/categoria\\\/uncategorized\\\/#listItem\",\"name\":\"Uncategorized\"}}]},{\"@type\":\"Organization\",\"@id\":\"https:\\\/\\\/serrafm879.com.br\\\/serrafm\\\/#organization\",\"name\":\"Serra FM 87,9\",\"description\":\"O seu novo amor!\",\"url\":\"https:\\\/\\\/serrafm879.com.br\\\/serrafm\\\/\"},{\"@type\":\"Person\",\"@id\":\"https:\\\/\\\/serrafm879.com.br\\\/serrafm\\\/author\\\/serrafm87\\\/#author\",\"url\":\"https:\\\/\\\/serrafm879.com.br\\\/serrafm\\\/author\\\/serrafm87\\\/\",\"name\":\"serrafm87\",\"image\":{\"@type\":\"ImageObject\",\"@id\":\"https:\\\/\\\/serrafm879.com.br\\\/serrafm\\\/2023\\\/12\\\/isaias-lima-vence-a-eleicao-para-a-direcao-geral-do-campus-serra-talhada-do-ifsertaope\\\/#authorImage\",\"url\":\"https:\\\/\\\/secure.gravatar.com\\\/avatar\\\/a743233f1112d34f48bb3dc9559b76eb930bab8b27175856cba6362608736235?s=96&d=mm&r=g\",\"width\":96,\"height\":96,\"caption\":\"serrafm87\"}},{\"@type\":\"WebPage\",\"@id\":\"https:\\\/\\\/serrafm879.com.br\\\/serrafm\\\/2023\\\/12\\\/isaias-lima-vence-a-eleicao-para-a-direcao-geral-do-campus-serra-talhada-do-ifsertaope\\\/#webpage\",\"url\":\"https:\\\/\\\/serrafm879.com.br\\\/serrafm\\\/2023\\\/12\\\/isaias-lima-vence-a-eleicao-para-a-direcao-geral-do-campus-serra-talhada-do-ifsertaope\\\/\",\"name\":\"Isa\\u00edas Lima vence a elei\\u00e7\\u00e3o para a dire\\u00e7\\u00e3o geral do Campus Serra Talhada do IFSert\\u00e3oPE - Serra FM 87,9\",\"description\":\"O professor Isa\\u00edas Jos\\u00e9 de Lima ser\\u00e1 o respons\\u00e1vel pela dire\\u00e7\\u00e3o geral do Campus Serra Talhada do IFSert\\u00e3oPE a partir de 2024. Ele venceu a elei\\u00e7\\u00e3o realizada pelo instituto no dia 6 de dezembro com 72,03% dos votos v\\u00e1lidos, contra o tamb\\u00e9m professor kleyton Michell. \\u201cCom 12 anos de experi\\u00eancia na institui\\u00e7\\u00e3o e um pouco\",\"inLanguage\":\"pt-BR\",\"isPartOf\":{\"@id\":\"https:\\\/\\\/serrafm879.com.br\\\/serrafm\\\/#website\"},\"breadcrumb\":{\"@id\":\"https:\\\/\\\/serrafm879.com.br\\\/serrafm\\\/2023\\\/12\\\/isaias-lima-vence-a-eleicao-para-a-direcao-geral-do-campus-serra-talhada-do-ifsertaope\\\/#breadcrumblist\"},\"author\":{\"@id\":\"https:\\\/\\\/serrafm879.com.br\\\/serrafm\\\/author\\\/serrafm87\\\/#author\"},\"creator\":{\"@id\":\"https:\\\/\\\/serrafm879.com.br\\\/serrafm\\\/author\\\/serrafm87\\\/#author\"},\"image\":{\"@type\":\"ImageObject\",\"url\":\"https:\\\/\\\/serrafm879.com.br\\\/serrafm\\\/wp-content\\\/uploads\\\/2023\\\/12\\\/isais.jpeg\",\"@id\":\"https:\\\/\\\/serrafm879.com.br\\\/serrafm\\\/2023\\\/12\\\/isaias-lima-vence-a-eleicao-para-a-direcao-geral-do-campus-serra-talhada-do-ifsertaope\\\/#mainImage\",\"width\":400,\"height\":332},\"primaryImageOfPage\":{\"@id\":\"https:\\\/\\\/serrafm879.com.br\\\/serrafm\\\/2023\\\/12\\\/isaias-lima-vence-a-eleicao-para-a-direcao-geral-do-campus-serra-talhada-do-ifsertaope\\\/#mainImage\"},\"datePublished\":\"2023-12-14T05:11:46-03:00\",\"dateModified\":\"2023-12-14T05:11:46-03:00\"},{\"@type\":\"WebSite\",\"@id\":\"https:\\\/\\\/serrafm879.com.br\\\/serrafm\\\/#website\",\"url\":\"https:\\\/\\\/serrafm879.com.br\\\/serrafm\\\/\",\"name\":\"Serra FM 87,9\",\"description\":\"O seu novo amor!\",\"inLanguage\":\"pt-BR\",\"publisher\":{\"@id\":\"https:\\\/\\\/serrafm879.com.br\\\/serrafm\\\/#organization\"}}]}\n\t\t<\/script>\n\t\t<!-- All in One SEO -->\n\n","aioseo_head_json":{"title":"Isa\u00edas Lima vence a elei\u00e7\u00e3o para a dire\u00e7\u00e3o geral do Campus Serra Talhada do IFSert\u00e3oPE - Serra FM 87,9","description":"O professor Isa\u00edas Jos\u00e9 de Lima ser\u00e1 o respons\u00e1vel pela dire\u00e7\u00e3o geral do Campus Serra Talhada do IFSert\u00e3oPE a partir de 2024. Ele venceu a elei\u00e7\u00e3o realizada pelo instituto no dia 6 de dezembro com 72,03% dos votos v\u00e1lidos, contra o tamb\u00e9m professor kleyton Michell. \u201cCom 12 anos de experi\u00eancia na institui\u00e7\u00e3o e um pouco","canonical_url":"https:\/\/serrafm879.com.br\/serrafm\/2023\/12\/isaias-lima-vence-a-eleicao-para-a-direcao-geral-do-campus-serra-talhada-do-ifsertaope\/","robots":"max-image-preview:large","keywords":"","webmasterTools":{"miscellaneous":""},"schema":{"@context":"https:\/\/schema.org","@graph":[{"@type":"BlogPosting","@id":"https:\/\/serrafm879.com.br\/serrafm\/2023\/12\/isaias-lima-vence-a-eleicao-para-a-direcao-geral-do-campus-serra-talhada-do-ifsertaope\/#blogposting","name":"Isa\u00edas Lima vence a elei\u00e7\u00e3o para a dire\u00e7\u00e3o geral do Campus Serra Talhada do IFSert\u00e3oPE - Serra FM 87,9","headline":"Isa\u00edas Lima vence a elei\u00e7\u00e3o para a dire\u00e7\u00e3o geral do Campus Serra Talhada do IFSert\u00e3oPE","author":{"@id":"https:\/\/serrafm879.com.br\/serrafm\/author\/serrafm87\/#author"},"publisher":{"@id":"https:\/\/serrafm879.com.br\/serrafm\/#organization"},"image":{"@type":"ImageObject","url":"https:\/\/serrafm879.com.br\/serrafm\/wp-content\/uploads\/2023\/12\/isais.jpeg","width":400,"height":332},"datePublished":"2023-12-14T05:11:46-03:00","dateModified":"2023-12-14T05:11:46-03:00","inLanguage":"pt-BR","mainEntityOfPage":{"@id":"https:\/\/serrafm879.com.br\/serrafm\/2023\/12\/isaias-lima-vence-a-eleicao-para-a-direcao-geral-do-campus-serra-talhada-do-ifsertaope\/#webpage"},"isPartOf":{"@id":"https:\/\/serrafm879.com.br\/serrafm\/2023\/12\/isaias-lima-vence-a-eleicao-para-a-direcao-geral-do-campus-serra-talhada-do-ifsertaope\/#webpage"},"articleSection":"Uncategorized"},{"@type":"BreadcrumbList","@id":"https:\/\/serrafm879.com.br\/serrafm\/2023\/12\/isaias-lima-vence-a-eleicao-para-a-direcao-geral-do-campus-serra-talhada-do-ifsertaope\/#breadcrumblist","itemListElement":[{"@type":"ListItem","@id":"https:\/\/serrafm879.com.br\/serrafm#listItem","position":1,"name":"Home","item":"https:\/\/serrafm879.com.br\/serrafm","nextItem":{"@type":"ListItem","@id":"https:\/\/serrafm879.com.br\/serrafm\/categoria\/uncategorized\/#listItem","name":"Uncategorized"}},{"@type":"ListItem","@id":"https:\/\/serrafm879.com.br\/serrafm\/categoria\/uncategorized\/#listItem","position":2,"name":"Uncategorized","item":"https:\/\/serrafm879.com.br\/serrafm\/categoria\/uncategorized\/","nextItem":{"@type":"ListItem","@id":"https:\/\/serrafm879.com.br\/serrafm\/2023\/12\/isaias-lima-vence-a-eleicao-para-a-direcao-geral-do-campus-serra-talhada-do-ifsertaope\/#listItem","name":"Isa\u00edas Lima vence a elei\u00e7\u00e3o para a dire\u00e7\u00e3o geral do Campus Serra Talhada do IFSert\u00e3oPE"},"previousItem":{"@type":"ListItem","@id":"https:\/\/serrafm879.com.br\/serrafm#listItem","name":"Home"}},{"@type":"ListItem","@id":"https:\/\/serrafm879.com.br\/serrafm\/2023\/12\/isaias-lima-vence-a-eleicao-para-a-direcao-geral-do-campus-serra-talhada-do-ifsertaope\/#listItem","position":3,"name":"Isa\u00edas Lima vence a elei\u00e7\u00e3o para a dire\u00e7\u00e3o geral do Campus Serra Talhada do IFSert\u00e3oPE","previousItem":{"@type":"ListItem","@id":"https:\/\/serrafm879.com.br\/serrafm\/categoria\/uncategorized\/#listItem","name":"Uncategorized"}}]},{"@type":"Organization","@id":"https:\/\/serrafm879.com.br\/serrafm\/#organization","name":"Serra FM 87,9","description":"O seu novo amor!","url":"https:\/\/serrafm879.com.br\/serrafm\/"},{"@type":"Person","@id":"https:\/\/serrafm879.com.br\/serrafm\/author\/serrafm87\/#author","url":"https:\/\/serrafm879.com.br\/serrafm\/author\/serrafm87\/","name":"serrafm87","image":{"@type":"ImageObject","@id":"https:\/\/serrafm879.com.br\/serrafm\/2023\/12\/isaias-lima-vence-a-eleicao-para-a-direcao-geral-do-campus-serra-talhada-do-ifsertaope\/#authorImage","url":"https:\/\/secure.gravatar.com\/avatar\/a743233f1112d34f48bb3dc9559b76eb930bab8b27175856cba6362608736235?s=96&d=mm&r=g","width":96,"height":96,"caption":"serrafm87"}},{"@type":"WebPage","@id":"https:\/\/serrafm879.com.br\/serrafm\/2023\/12\/isaias-lima-vence-a-eleicao-para-a-direcao-geral-do-campus-serra-talhada-do-ifsertaope\/#webpage","url":"https:\/\/serrafm879.com.br\/serrafm\/2023\/12\/isaias-lima-vence-a-eleicao-para-a-direcao-geral-do-campus-serra-talhada-do-ifsertaope\/","name":"Isa\u00edas Lima vence a elei\u00e7\u00e3o para a dire\u00e7\u00e3o geral do Campus Serra Talhada do IFSert\u00e3oPE - Serra FM 87,9","description":"O professor Isa\u00edas Jos\u00e9 de Lima ser\u00e1 o respons\u00e1vel pela dire\u00e7\u00e3o geral do Campus Serra Talhada do IFSert\u00e3oPE a partir de 2024. Ele venceu a elei\u00e7\u00e3o realizada pelo instituto no dia 6 de dezembro com 72,03% dos votos v\u00e1lidos, contra o tamb\u00e9m professor kleyton Michell. \u201cCom 12 anos de experi\u00eancia na institui\u00e7\u00e3o e um pouco","inLanguage":"pt-BR","isPartOf":{"@id":"https:\/\/serrafm879.com.br\/serrafm\/#website"},"breadcrumb":{"@id":"https:\/\/serrafm879.com.br\/serrafm\/2023\/12\/isaias-lima-vence-a-eleicao-para-a-direcao-geral-do-campus-serra-talhada-do-ifsertaope\/#breadcrumblist"},"author":{"@id":"https:\/\/serrafm879.com.br\/serrafm\/author\/serrafm87\/#author"},"creator":{"@id":"https:\/\/serrafm879.com.br\/serrafm\/author\/serrafm87\/#author"},"image":{"@type":"ImageObject","url":"https:\/\/serrafm879.com.br\/serrafm\/wp-content\/uploads\/2023\/12\/isais.jpeg","@id":"https:\/\/serrafm879.com.br\/serrafm\/2023\/12\/isaias-lima-vence-a-eleicao-para-a-direcao-geral-do-campus-serra-talhada-do-ifsertaope\/#mainImage","width":400,"height":332},"primaryImageOfPage":{"@id":"https:\/\/serrafm879.com.br\/serrafm\/2023\/12\/isaias-lima-vence-a-eleicao-para-a-direcao-geral-do-campus-serra-talhada-do-ifsertaope\/#mainImage"},"datePublished":"2023-12-14T05:11:46-03:00","dateModified":"2023-12-14T05:11:46-03:00"},{"@type":"WebSite","@id":"https:\/\/serrafm879.com.br\/serrafm\/#website","url":"https:\/\/serrafm879.com.br\/serrafm\/","name":"Serra FM 87,9","description":"O seu novo amor!","inLanguage":"pt-BR","publisher":{"@id":"https:\/\/serrafm879.com.br\/serrafm\/#organization"}}]},"twitter:card":"summary_large_image","twitter:title":"Isa\u00edas Lima vence a elei\u00e7\u00e3o para a dire\u00e7\u00e3o geral do Campus Serra Talhada do IFSert\u00e3oPE - Serra FM 87,9","twitter:description":"O professor Isa\u00edas Jos\u00e9 de Lima ser\u00e1 o respons\u00e1vel pela dire\u00e7\u00e3o geral do Campus Serra Talhada do IFSert\u00e3oPE a partir de 2024. Ele venceu a elei\u00e7\u00e3o realizada pelo instituto no dia 6 de dezembro com 72,03% dos votos v\u00e1lidos, contra o tamb\u00e9m professor kleyton Michell. \u201cCom 12 anos de experi\u00eancia na institui\u00e7\u00e3o e um pouco","twitter:image":"https:\/\/serrafm879.com.br\/serrafm\/wp-content\/uploads\/2023\/12\/isais.jpeg"},"aioseo_meta_data":{"post_id":"15180","title":null,"description":null,"keywords":null,"keyphrases":null,"primary_term":null,"canonical_url":null,"og_title":null,"og_description":null,"og_object_type":"default","og_image_type":"default","og_image_custom_url":null,"og_image_custom_fields":null,"og_image_url":null,"og_image_width":null,"og_image_height":null,"og_video":null,"og_custom_url":null,"og_article_section":null,"og_article_tags":null,"twitter_use_og":false,"twitter_card":"default","twitter_image_type":"default","twitter_image_custom_url":null,"twitter_image_custom_fields":null,"twitter_image_url":null,"twitter_title":null,"twitter_description":null,"schema_type":"default","schema_type_options":null,"schema":{"blockGraphs":[],"customGraphs":[],"default":{"data":{"Article":[],"Course":[],"Dataset":[],"FAQPage":[],"Movie":[],"Person":[],"Product":[],"ProductReview":[],"Car":[],"Recipe":[],"Service":[],"SoftwareApplication":[],"WebPage":[]},"graphName":"","isEnabled":true},"graphs":[]},"pillar_content":false,"robots_default":true,"robots_noindex":false,"robots_noarchive":false,"robots_nosnippet":false,"robots_nofollow":false,"robots_noimageindex":false,"robots_noodp":false,"robots_notranslate":false,"robots_max_snippet":null,"robots_max_videopreview":null,"robots_max_imagepreview":"large","priority":null,"frequency":null,"local_seo":null,"limit_modified_date":false,"ai":null,"breadcrumb_settings":null,"seo_analyzer_scan_date":null,"created":"2026-07-21 09:16:56","updated":"2026-07-21 09:16:56"},"aioseo_breadcrumb":"<div class=\"aioseo-breadcrumbs\"><span class=\"aioseo-breadcrumb\">\n\t\t\t<a href=\"https:\/\/serrafm879.com.br\/serrafm\" title=\"Home\">Home<\/a>\n\t\t<\/span><span class=\"aioseo-breadcrumb-separator\">&raquo;<\/span><span class=\"aioseo-breadcrumb\">\n\t\t\t<a href=\"https:\/\/serrafm879.com.br\/serrafm\/categoria\/uncategorized\/\" title=\"Uncategorized\">Uncategorized<\/a>\n\t\t<\/span><span class=\"aioseo-breadcrumb-separator\">&raquo;<\/span><span class=\"aioseo-breadcrumb\">\n\t\t\tIsa\u00edas Lima vence a elei\u00e7\u00e3o para a dire\u00e7\u00e3o geral do Campus Serra Talhada do IFSert\u00e3oPE\n\t\t<\/span><\/div>","aioseo_breadcrumb_json":[{"label":"Home","link":"https:\/\/serrafm879.com.br\/serrafm"},{"label":"Uncategorized","link":"https:\/\/serrafm879.com.br\/serrafm\/categoria\/uncategorized\/"},{"label":"Isa\u00edas Lima vence a elei\u00e7\u00e3o para a dire\u00e7\u00e3o geral do Campus Serra Talhada do IFSert\u00e3oPE","link":"https:\/\/serrafm879.com.br\/serrafm\/2023\/12\/isaias-lima-vence-a-eleicao-para-a-direcao-geral-do-campus-serra-talhada-do-ifsertaope\/"}],"jetpack_publicize_connections":[],"jetpack_featured_media_url":"https:\/\/serrafm879.com.br\/serrafm\/wp-content\/uploads\/2023\/12\/isais.jpeg","jetpack_shortlink":"https:\/\/wp.me\/p7HyXg-3WQ","jetpack_sharing_enabled":true,"_links":{"self":[{"href":"https:\/\/serrafm879.com.br\/serrafm\/wp-json\/wp\/v2\/posts\/15180","targetHints":{"allow":["GET"]}}],"collection":[{"href":"https:\/\/serrafm879.com.br\/serrafm\/wp-json\/wp\/v2\/posts"}],"about":[{"href":"https:\/\/serrafm879.com.br\/serrafm\/wp-json\/wp\/v2\/types\/post"}],"author":[{"embeddable":true,"href":"https:\/\/serrafm879.com.br\/serrafm\/wp-json\/wp\/v2\/users\/2"}],"replies":[{"embeddable":true,"href":"https:\/\/serrafm879.com.br\/serrafm\/wp-json\/wp\/v2\/comments?post=15180"}],"version-history":[{"count":1,"href":"https:\/\/serrafm879.com.br\/serrafm\/wp-json\/wp\/v2\/posts\/15180\/revisions"}],"predecessor-version":[{"id":15182,"href":"https:\/\/serrafm879.com.br\/serrafm\/wp-json\/wp\/v2\/posts\/15180\/revisions\/15182"}],"wp:featuredmedia":[{"embeddable":true,"href":"https:\/\/serrafm879.com.br\/serrafm\/wp-json\/wp\/v2\/media\/15181"}],"wp:attachment":[{"href":"https:\/\/serrafm879.com.br\/serrafm\/wp-json\/wp\/v2\/media?parent=15180"}],"wp:term":[{"taxonomy":"category","embeddable":true,"href":"https:\/\/serrafm879.com.br\/serrafm\/wp-json\/wp\/v2\/categories?post=15180"},{"taxonomy":"post_tag","embeddable":true,"href":"https:\/\/serrafm879.com.br\/serrafm\/wp-json\/wp\/v2\/tags?post=15180"}],"curies":[{"name":"wp","href":"https:\/\/api.w.org\/{rel}","templated":true}]}}