{"id":15229,"date":"2023-12-18T05:05:09","date_gmt":"2023-12-18T08:05:09","guid":{"rendered":"https:\/?p=15229"},"modified":"2023-12-18T05:05:09","modified_gmt":"2023-12-18T08:05:09","slug":"prefeitura-de-serra-talhada-realiza-novo-processo-seletivo","status":"publish","type":"post","link":"https:\/\/serrafm879.com.br\/serrafm\/2023\/12\/prefeitura-de-serra-talhada-realiza-novo-processo-seletivo\/","title":{"rendered":"Prefeitura de Serra Talhada realiza novo Processo Seletivo"},"content":{"rendered":"<p>No estado de Pernambuco, a\u00a0Prefeitura de Serra Talhada\u00a0anuncia a realiza\u00e7\u00e3o de um novo Processo Seletivo, com o objetivo de formar cadastro reserva para profissionais de n\u00edveis fundamental, m\u00e9dio, magist\u00e9rio e superior.<\/p>\n<p>De acordo com o edital, as oportunidades s\u00e3o para os seguintes cargos: Professor I; Merendeira; Assist\u00eancia Social; Instrutor de Braille; Instrutor de Libras; Psicopedagogo; Professor de Laborat\u00f3rio de Inform\u00e1tica; Motorista de \u00d4nibus Escolar.<\/p>\n<p>Para concorrer a uma das oportunidades \u00e9 necess\u00e1rio que o candidato comprove o n\u00edvel de escolaridade exigido para a fun\u00e7\u00e3o em que deseja atuar, tenha idade m\u00ednima de 18 anos, dentre outros requisitos.<\/p>\n<p>Ao serem admitidos, os profissionais dever\u00e3o cumprir jornadas de 30 a 40 horas semanais e contar\u00e3o com remunera\u00e7\u00e3o mensal de R$ 1.302,00 a R$ 2.884,22.<\/p>\n<p><b><u>Inscri\u00e7\u00e3o e sele\u00e7\u00e3o<\/u><\/b><\/p>\n<p>Os interessados poder\u00e3o se inscrever de 12 a 21 de dezembro de 2023,\u00a0<a href=\"https:\/\/www.tiged.dev.br\/eprocesso\/site\/edital\/iniciarInscricao\/sest-2023-12\" target=\"_blank\" rel=\"noopener\">via internet<\/a>.<\/p>\n<p>A sele\u00e7\u00e3o dos candidatos ser\u00e1 realizada por meio de Avalia\u00e7\u00e3o Curricular, de car\u00e1ter classificat\u00f3rio e eliminat\u00f3rio, conforme os crit\u00e9rios de pontua\u00e7\u00e3o estabelecidos no edital.<\/p>\n<p>O Processo Seletivo ter\u00e1 validade de um ano, podendo ser renovado por igual per\u00edodo. Mais detalhes podem ser encontrados no edital completo, dispon\u00edvel em anexo.<\/p>\n","protected":false},"excerpt":{"rendered":"<p>No estado de Pernambuco, a\u00a0Prefeitura de Serra Talhada\u00a0anuncia a realiza\u00e7\u00e3o de um novo Processo Seletivo, com o objetivo de formar cadastro reserva para profissionais de n\u00edveis fundamental, m\u00e9dio, magist\u00e9rio e superior. De acordo com o edital, as oportunidades s\u00e3o para os seguintes cargos: Professor I; Merendeira; Assist\u00eancia Social; Instrutor de Braille; Instrutor de Libras; Psicopedagogo; Professor de Laborat\u00f3rio de Inform\u00e1tica; Motorista de \u00d4nibus Escolar. Para concorrer a uma das oportunidades \u00e9 necess\u00e1rio que o candidato comprove o n\u00edvel de escolaridade exigido para a fun\u00e7\u00e3o em que deseja atuar, tenha idade m\u00ednima de 18 anos, dentre outros requisitos. Ao serem admitidos, [&hellip;]<\/p>\n","protected":false},"author":2,"featured_media":2194,"comment_status":"open","ping_status":"open","sticky":false,"template":"","format":"standard","meta":{"_jetpack_newsletter_access":"","_jetpack_dont_email_post_to_subs":false,"_jetpack_newsletter_tier_id":0,"_jetpack_memberships_contains_paywalled_content":false,"_jetpack_feature_clip_id":0,"_jetpack_memberships_contains_paid_content":false,"footnotes":"","jetpack_publicize_message":"","jetpack_publicize_feature_enabled":true,"jetpack_social_post_already_shared":true,"jetpack_social_options":{"image_generator_settings":{"template":"highway","default_image_id":0,"font":"","enabled":false},"version":2},"jetpack_post_was_ever_published":false},"categories":[1],"tags":[],"class_list":["post-15229","post","type-post","status-publish","format-standard","has-post-thumbnail","hentry","category-uncategorized"],"aioseo_notices":[],"aioseo_head":"\n\t\t<!-- All in One SEO 4.9.10 - aioseo.com -->\n\t<meta name=\"description\" content=\"No estado de Pernambuco, a Prefeitura de Serra Talhada anuncia a realiza\u00e7\u00e3o de um novo Processo Seletivo, com o objetivo de formar cadastro reserva para profissionais de n\u00edveis fundamental, m\u00e9dio, magist\u00e9rio e superior. De acordo com o edital, as oportunidades s\u00e3o para os seguintes cargos: Professor I; Merendeira; Assist\u00eancia Social; Instrutor de Braille; Instrutor de Libras; Psicopedagogo;\" \/>\n\t<meta name=\"robots\" content=\"max-image-preview:large\" \/>\n\t<meta name=\"author\" content=\"serrafm87\"\/>\n\t<link rel=\"canonical\" href=\"https:\/\/serrafm879.com.br\/serrafm\/2023\/12\/prefeitura-de-serra-talhada-realiza-novo-processo-seletivo\/\" \/>\n\t<meta name=\"generator\" content=\"All in One SEO (AIOSEO) 4.9.10\" \/>\n\t\t<meta name=\"twitter:card\" content=\"summary_large_image\" \/>\n\t\t<meta name=\"twitter:title\" content=\"Prefeitura de Serra Talhada realiza novo Processo Seletivo - Serra FM 87,9\" \/>\n\t\t<meta name=\"twitter:description\" content=\"No estado de Pernambuco, a Prefeitura de Serra Talhada anuncia a realiza\u00e7\u00e3o de um novo Processo Seletivo, com o objetivo de formar cadastro reserva para profissionais de n\u00edveis fundamental, m\u00e9dio, magist\u00e9rio e superior. De acordo com o edital, as oportunidades s\u00e3o para os seguintes cargos: Professor I; Merendeira; Assist\u00eancia Social; Instrutor de Braille; Instrutor de Libras; Psicopedagogo;\" \/>\n\t\t<meta name=\"twitter:image\" content=\"https:\/\/serrafm879.com.br\/serrafm\/wp-content\/uploads\/2020\/01\/Prefeitura_Municipal_de_Serra_Talhada_Pernambuco_Brasil.jpg\" \/>\n\t\t<script type=\"application\/ld+json\" class=\"aioseo-schema\">\n\t\t\t{\"@context\":\"https:\\\/\\\/schema.org\",\"@graph\":[{\"@type\":\"BlogPosting\",\"@id\":\"https:\\\/\\\/serrafm879.com.br\\\/serrafm\\\/2023\\\/12\\\/prefeitura-de-serra-talhada-realiza-novo-processo-seletivo\\\/#blogposting\",\"name\":\"Prefeitura de Serra Talhada realiza novo Processo Seletivo - Serra FM 87,9\",\"headline\":\"Prefeitura de Serra Talhada realiza novo Processo Seletivo\",\"author\":{\"@id\":\"https:\\\/\\\/serrafm879.com.br\\\/serrafm\\\/author\\\/serrafm87\\\/#author\"},\"publisher\":{\"@id\":\"https:\\\/\\\/serrafm879.com.br\\\/serrafm\\\/#organization\"},\"image\":{\"@type\":\"ImageObject\",\"url\":\"https:\\\/\\\/serrafm879.com.br\\\/serrafm\\\/wp-content\\\/uploads\\\/2020\\\/01\\\/Prefeitura_Municipal_de_Serra_Talhada_Pernambuco_Brasil.jpg\",\"width\":3022,\"height\":2352},\"datePublished\":\"2023-12-18T05:05:09-03:00\",\"dateModified\":\"2023-12-18T05:05:09-03:00\",\"inLanguage\":\"pt-BR\",\"mainEntityOfPage\":{\"@id\":\"https:\\\/\\\/serrafm879.com.br\\\/serrafm\\\/2023\\\/12\\\/prefeitura-de-serra-talhada-realiza-novo-processo-seletivo\\\/#webpage\"},\"isPartOf\":{\"@id\":\"https:\\\/\\\/serrafm879.com.br\\\/serrafm\\\/2023\\\/12\\\/prefeitura-de-serra-talhada-realiza-novo-processo-seletivo\\\/#webpage\"},\"articleSection\":\"Uncategorized\"},{\"@type\":\"BreadcrumbList\",\"@id\":\"https:\\\/\\\/serrafm879.com.br\\\/serrafm\\\/2023\\\/12\\\/prefeitura-de-serra-talhada-realiza-novo-processo-seletivo\\\/#breadcrumblist\",\"itemListElement\":[{\"@type\":\"ListItem\",\"@id\":\"https:\\\/\\\/serrafm879.com.br\\\/serrafm#listItem\",\"position\":1,\"name\":\"Home\",\"item\":\"https:\\\/\\\/serrafm879.com.br\\\/serrafm\",\"nextItem\":{\"@type\":\"ListItem\",\"@id\":\"https:\\\/\\\/serrafm879.com.br\\\/serrafm\\\/categoria\\\/uncategorized\\\/#listItem\",\"name\":\"Uncategorized\"}},{\"@type\":\"ListItem\",\"@id\":\"https:\\\/\\\/serrafm879.com.br\\\/serrafm\\\/categoria\\\/uncategorized\\\/#listItem\",\"position\":2,\"name\":\"Uncategorized\",\"item\":\"https:\\\/\\\/serrafm879.com.br\\\/serrafm\\\/categoria\\\/uncategorized\\\/\",\"nextItem\":{\"@type\":\"ListItem\",\"@id\":\"https:\\\/\\\/serrafm879.com.br\\\/serrafm\\\/2023\\\/12\\\/prefeitura-de-serra-talhada-realiza-novo-processo-seletivo\\\/#listItem\",\"name\":\"Prefeitura de Serra Talhada realiza novo Processo Seletivo\"},\"previousItem\":{\"@type\":\"ListItem\",\"@id\":\"https:\\\/\\\/serrafm879.com.br\\\/serrafm#listItem\",\"name\":\"Home\"}},{\"@type\":\"ListItem\",\"@id\":\"https:\\\/\\\/serrafm879.com.br\\\/serrafm\\\/2023\\\/12\\\/prefeitura-de-serra-talhada-realiza-novo-processo-seletivo\\\/#listItem\",\"position\":3,\"name\":\"Prefeitura de Serra Talhada realiza novo Processo Seletivo\",\"previousItem\":{\"@type\":\"ListItem\",\"@id\":\"https:\\\/\\\/serrafm879.com.br\\\/serrafm\\\/categoria\\\/uncategorized\\\/#listItem\",\"name\":\"Uncategorized\"}}]},{\"@type\":\"Organization\",\"@id\":\"https:\\\/\\\/serrafm879.com.br\\\/serrafm\\\/#organization\",\"name\":\"Serra FM 87,9\",\"description\":\"O seu novo amor!\",\"url\":\"https:\\\/\\\/serrafm879.com.br\\\/serrafm\\\/\"},{\"@type\":\"Person\",\"@id\":\"https:\\\/\\\/serrafm879.com.br\\\/serrafm\\\/author\\\/serrafm87\\\/#author\",\"url\":\"https:\\\/\\\/serrafm879.com.br\\\/serrafm\\\/author\\\/serrafm87\\\/\",\"name\":\"serrafm87\",\"image\":{\"@type\":\"ImageObject\",\"@id\":\"https:\\\/\\\/serrafm879.com.br\\\/serrafm\\\/2023\\\/12\\\/prefeitura-de-serra-talhada-realiza-novo-processo-seletivo\\\/#authorImage\",\"url\":\"https:\\\/\\\/secure.gravatar.com\\\/avatar\\\/a743233f1112d34f48bb3dc9559b76eb930bab8b27175856cba6362608736235?s=96&d=mm&r=g\",\"width\":96,\"height\":96,\"caption\":\"serrafm87\"}},{\"@type\":\"WebPage\",\"@id\":\"https:\\\/\\\/serrafm879.com.br\\\/serrafm\\\/2023\\\/12\\\/prefeitura-de-serra-talhada-realiza-novo-processo-seletivo\\\/#webpage\",\"url\":\"https:\\\/\\\/serrafm879.com.br\\\/serrafm\\\/2023\\\/12\\\/prefeitura-de-serra-talhada-realiza-novo-processo-seletivo\\\/\",\"name\":\"Prefeitura de Serra Talhada realiza novo Processo Seletivo - Serra FM 87,9\",\"description\":\"No estado de Pernambuco, a Prefeitura de Serra Talhada anuncia a realiza\\u00e7\\u00e3o de um novo Processo Seletivo, com o objetivo de formar cadastro reserva para profissionais de n\\u00edveis fundamental, m\\u00e9dio, magist\\u00e9rio e superior. De acordo com o edital, as oportunidades s\\u00e3o para os seguintes cargos: Professor I; Merendeira; Assist\\u00eancia Social; Instrutor de Braille; Instrutor de Libras; Psicopedagogo;\",\"inLanguage\":\"pt-BR\",\"isPartOf\":{\"@id\":\"https:\\\/\\\/serrafm879.com.br\\\/serrafm\\\/#website\"},\"breadcrumb\":{\"@id\":\"https:\\\/\\\/serrafm879.com.br\\\/serrafm\\\/2023\\\/12\\\/prefeitura-de-serra-talhada-realiza-novo-processo-seletivo\\\/#breadcrumblist\"},\"author\":{\"@id\":\"https:\\\/\\\/serrafm879.com.br\\\/serrafm\\\/author\\\/serrafm87\\\/#author\"},\"creator\":{\"@id\":\"https:\\\/\\\/serrafm879.com.br\\\/serrafm\\\/author\\\/serrafm87\\\/#author\"},\"image\":{\"@type\":\"ImageObject\",\"url\":\"https:\\\/\\\/serrafm879.com.br\\\/serrafm\\\/wp-content\\\/uploads\\\/2020\\\/01\\\/Prefeitura_Municipal_de_Serra_Talhada_Pernambuco_Brasil.jpg\",\"@id\":\"https:\\\/\\\/serrafm879.com.br\\\/serrafm\\\/2023\\\/12\\\/prefeitura-de-serra-talhada-realiza-novo-processo-seletivo\\\/#mainImage\",\"width\":3022,\"height\":2352},\"primaryImageOfPage\":{\"@id\":\"https:\\\/\\\/serrafm879.com.br\\\/serrafm\\\/2023\\\/12\\\/prefeitura-de-serra-talhada-realiza-novo-processo-seletivo\\\/#mainImage\"},\"datePublished\":\"2023-12-18T05:05:09-03:00\",\"dateModified\":\"2023-12-18T05:05:09-03:00\"},{\"@type\":\"WebSite\",\"@id\":\"https:\\\/\\\/serrafm879.com.br\\\/serrafm\\\/#website\",\"url\":\"https:\\\/\\\/serrafm879.com.br\\\/serrafm\\\/\",\"name\":\"Serra FM 87,9\",\"description\":\"O seu novo amor!\",\"inLanguage\":\"pt-BR\",\"publisher\":{\"@id\":\"https:\\\/\\\/serrafm879.com.br\\\/serrafm\\\/#organization\"}}]}\n\t\t<\/script>\n\t\t<!-- All in One SEO -->\n\n","aioseo_head_json":{"title":"Prefeitura de Serra Talhada realiza novo Processo Seletivo - Serra FM 87,9","description":"No estado de Pernambuco, a Prefeitura de Serra Talhada anuncia a realiza\u00e7\u00e3o de um novo Processo Seletivo, com o objetivo de formar cadastro reserva para profissionais de n\u00edveis fundamental, m\u00e9dio, magist\u00e9rio e superior. De acordo com o edital, as oportunidades s\u00e3o para os seguintes cargos: Professor I; Merendeira; Assist\u00eancia Social; Instrutor de Braille; Instrutor de Libras; Psicopedagogo;","canonical_url":"https:\/\/serrafm879.com.br\/serrafm\/2023\/12\/prefeitura-de-serra-talhada-realiza-novo-processo-seletivo\/","robots":"max-image-preview:large","keywords":"","webmasterTools":{"miscellaneous":""},"schema":{"@context":"https:\/\/schema.org","@graph":[{"@type":"BlogPosting","@id":"https:\/\/serrafm879.com.br\/serrafm\/2023\/12\/prefeitura-de-serra-talhada-realiza-novo-processo-seletivo\/#blogposting","name":"Prefeitura de Serra Talhada realiza novo Processo Seletivo - Serra FM 87,9","headline":"Prefeitura de Serra Talhada realiza novo Processo Seletivo","author":{"@id":"https:\/\/serrafm879.com.br\/serrafm\/author\/serrafm87\/#author"},"publisher":{"@id":"https:\/\/serrafm879.com.br\/serrafm\/#organization"},"image":{"@type":"ImageObject","url":"https:\/\/serrafm879.com.br\/serrafm\/wp-content\/uploads\/2020\/01\/Prefeitura_Municipal_de_Serra_Talhada_Pernambuco_Brasil.jpg","width":3022,"height":2352},"datePublished":"2023-12-18T05:05:09-03:00","dateModified":"2023-12-18T05:05:09-03:00","inLanguage":"pt-BR","mainEntityOfPage":{"@id":"https:\/\/serrafm879.com.br\/serrafm\/2023\/12\/prefeitura-de-serra-talhada-realiza-novo-processo-seletivo\/#webpage"},"isPartOf":{"@id":"https:\/\/serrafm879.com.br\/serrafm\/2023\/12\/prefeitura-de-serra-talhada-realiza-novo-processo-seletivo\/#webpage"},"articleSection":"Uncategorized"},{"@type":"BreadcrumbList","@id":"https:\/\/serrafm879.com.br\/serrafm\/2023\/12\/prefeitura-de-serra-talhada-realiza-novo-processo-seletivo\/#breadcrumblist","itemListElement":[{"@type":"ListItem","@id":"https:\/\/serrafm879.com.br\/serrafm#listItem","position":1,"name":"Home","item":"https:\/\/serrafm879.com.br\/serrafm","nextItem":{"@type":"ListItem","@id":"https:\/\/serrafm879.com.br\/serrafm\/categoria\/uncategorized\/#listItem","name":"Uncategorized"}},{"@type":"ListItem","@id":"https:\/\/serrafm879.com.br\/serrafm\/categoria\/uncategorized\/#listItem","position":2,"name":"Uncategorized","item":"https:\/\/serrafm879.com.br\/serrafm\/categoria\/uncategorized\/","nextItem":{"@type":"ListItem","@id":"https:\/\/serrafm879.com.br\/serrafm\/2023\/12\/prefeitura-de-serra-talhada-realiza-novo-processo-seletivo\/#listItem","name":"Prefeitura de Serra Talhada realiza novo Processo Seletivo"},"previousItem":{"@type":"ListItem","@id":"https:\/\/serrafm879.com.br\/serrafm#listItem","name":"Home"}},{"@type":"ListItem","@id":"https:\/\/serrafm879.com.br\/serrafm\/2023\/12\/prefeitura-de-serra-talhada-realiza-novo-processo-seletivo\/#listItem","position":3,"name":"Prefeitura de Serra Talhada realiza novo Processo Seletivo","previousItem":{"@type":"ListItem","@id":"https:\/\/serrafm879.com.br\/serrafm\/categoria\/uncategorized\/#listItem","name":"Uncategorized"}}]},{"@type":"Organization","@id":"https:\/\/serrafm879.com.br\/serrafm\/#organization","name":"Serra FM 87,9","description":"O seu novo amor!","url":"https:\/\/serrafm879.com.br\/serrafm\/"},{"@type":"Person","@id":"https:\/\/serrafm879.com.br\/serrafm\/author\/serrafm87\/#author","url":"https:\/\/serrafm879.com.br\/serrafm\/author\/serrafm87\/","name":"serrafm87","image":{"@type":"ImageObject","@id":"https:\/\/serrafm879.com.br\/serrafm\/2023\/12\/prefeitura-de-serra-talhada-realiza-novo-processo-seletivo\/#authorImage","url":"https:\/\/secure.gravatar.com\/avatar\/a743233f1112d34f48bb3dc9559b76eb930bab8b27175856cba6362608736235?s=96&d=mm&r=g","width":96,"height":96,"caption":"serrafm87"}},{"@type":"WebPage","@id":"https:\/\/serrafm879.com.br\/serrafm\/2023\/12\/prefeitura-de-serra-talhada-realiza-novo-processo-seletivo\/#webpage","url":"https:\/\/serrafm879.com.br\/serrafm\/2023\/12\/prefeitura-de-serra-talhada-realiza-novo-processo-seletivo\/","name":"Prefeitura de Serra Talhada realiza novo Processo Seletivo - Serra FM 87,9","description":"No estado de Pernambuco, a Prefeitura de Serra Talhada anuncia a realiza\u00e7\u00e3o de um novo Processo Seletivo, com o objetivo de formar cadastro reserva para profissionais de n\u00edveis fundamental, m\u00e9dio, magist\u00e9rio e superior. De acordo com o edital, as oportunidades s\u00e3o para os seguintes cargos: Professor I; Merendeira; Assist\u00eancia Social; Instrutor de Braille; Instrutor de Libras; Psicopedagogo;","inLanguage":"pt-BR","isPartOf":{"@id":"https:\/\/serrafm879.com.br\/serrafm\/#website"},"breadcrumb":{"@id":"https:\/\/serrafm879.com.br\/serrafm\/2023\/12\/prefeitura-de-serra-talhada-realiza-novo-processo-seletivo\/#breadcrumblist"},"author":{"@id":"https:\/\/serrafm879.com.br\/serrafm\/author\/serrafm87\/#author"},"creator":{"@id":"https:\/\/serrafm879.com.br\/serrafm\/author\/serrafm87\/#author"},"image":{"@type":"ImageObject","url":"https:\/\/serrafm879.com.br\/serrafm\/wp-content\/uploads\/2020\/01\/Prefeitura_Municipal_de_Serra_Talhada_Pernambuco_Brasil.jpg","@id":"https:\/\/serrafm879.com.br\/serrafm\/2023\/12\/prefeitura-de-serra-talhada-realiza-novo-processo-seletivo\/#mainImage","width":3022,"height":2352},"primaryImageOfPage":{"@id":"https:\/\/serrafm879.com.br\/serrafm\/2023\/12\/prefeitura-de-serra-talhada-realiza-novo-processo-seletivo\/#mainImage"},"datePublished":"2023-12-18T05:05:09-03:00","dateModified":"2023-12-18T05:05:09-03:00"},{"@type":"WebSite","@id":"https:\/\/serrafm879.com.br\/serrafm\/#website","url":"https:\/\/serrafm879.com.br\/serrafm\/","name":"Serra FM 87,9","description":"O seu novo amor!","inLanguage":"pt-BR","publisher":{"@id":"https:\/\/serrafm879.com.br\/serrafm\/#organization"}}]},"twitter:card":"summary_large_image","twitter:title":"Prefeitura de Serra Talhada realiza novo Processo Seletivo - Serra FM 87,9","twitter:description":"No estado de Pernambuco, a Prefeitura de Serra Talhada anuncia a realiza\u00e7\u00e3o de um novo Processo Seletivo, com o objetivo de formar cadastro reserva para profissionais de n\u00edveis fundamental, m\u00e9dio, magist\u00e9rio e superior. De acordo com o edital, as oportunidades s\u00e3o para os seguintes cargos: Professor I; Merendeira; Assist\u00eancia Social; Instrutor de Braille; Instrutor de Libras; Psicopedagogo;","twitter:image":"https:\/\/serrafm879.com.br\/serrafm\/wp-content\/uploads\/2020\/01\/Prefeitura_Municipal_de_Serra_Talhada_Pernambuco_Brasil.jpg"},"aioseo_meta_data":{"post_id":"15229","title":null,"description":null,"keywords":null,"keyphrases":null,"primary_term":null,"canonical_url":null,"og_title":null,"og_description":null,"og_object_type":"default","og_image_type":"default","og_image_custom_url":null,"og_image_custom_fields":null,"og_image_url":null,"og_image_width":null,"og_image_height":null,"og_video":null,"og_custom_url":null,"og_article_section":null,"og_article_tags":null,"twitter_use_og":false,"twitter_card":"default","twitter_image_type":"default","twitter_image_custom_url":null,"twitter_image_custom_fields":null,"twitter_image_url":null,"twitter_title":null,"twitter_description":null,"schema_type":"default","schema_type_options":null,"schema":{"blockGraphs":[],"customGraphs":[],"default":{"data":{"Article":[],"Course":[],"Dataset":[],"FAQPage":[],"Movie":[],"Person":[],"Product":[],"ProductReview":[],"Car":[],"Recipe":[],"Service":[],"SoftwareApplication":[],"WebPage":[]},"graphName":"","isEnabled":true},"graphs":[]},"pillar_content":false,"robots_default":true,"robots_noindex":false,"robots_noarchive":false,"robots_nosnippet":false,"robots_nofollow":false,"robots_noimageindex":false,"robots_noodp":false,"robots_notranslate":false,"robots_max_snippet":null,"robots_max_videopreview":null,"robots_max_imagepreview":"large","priority":null,"frequency":null,"local_seo":null,"limit_modified_date":false,"ai":null,"breadcrumb_settings":null,"seo_analyzer_scan_date":null,"created":"2026-07-21 09:20:48","updated":"2026-07-21 09:20:48"},"aioseo_breadcrumb":"<div class=\"aioseo-breadcrumbs\"><span class=\"aioseo-breadcrumb\">\n\t\t\t<a href=\"https:\/\/serrafm879.com.br\/serrafm\" title=\"Home\">Home<\/a>\n\t\t<\/span><span class=\"aioseo-breadcrumb-separator\">&raquo;<\/span><span class=\"aioseo-breadcrumb\">\n\t\t\t<a href=\"https:\/\/serrafm879.com.br\/serrafm\/categoria\/uncategorized\/\" title=\"Uncategorized\">Uncategorized<\/a>\n\t\t<\/span><span class=\"aioseo-breadcrumb-separator\">&raquo;<\/span><span class=\"aioseo-breadcrumb\">\n\t\t\tPrefeitura de Serra Talhada realiza novo Processo Seletivo\n\t\t<\/span><\/div>","aioseo_breadcrumb_json":[{"label":"Home","link":"https:\/\/serrafm879.com.br\/serrafm"},{"label":"Uncategorized","link":"https:\/\/serrafm879.com.br\/serrafm\/categoria\/uncategorized\/"},{"label":"Prefeitura de Serra Talhada realiza novo Processo Seletivo","link":"https:\/\/serrafm879.com.br\/serrafm\/2023\/12\/prefeitura-de-serra-talhada-realiza-novo-processo-seletivo\/"}],"jetpack_publicize_connections":[],"jetpack_featured_media_url":"https:\/\/serrafm879.com.br\/serrafm\/wp-content\/uploads\/2020\/01\/Prefeitura_Municipal_de_Serra_Talhada_Pernambuco_Brasil.jpg","jetpack_shortlink":"https:\/\/wp.me\/p7HyXg-3XD","jetpack_sharing_enabled":true,"_links":{"self":[{"href":"https:\/\/serrafm879.com.br\/serrafm\/wp-json\/wp\/v2\/posts\/15229","targetHints":{"allow":["GET"]}}],"collection":[{"href":"https:\/\/serrafm879.com.br\/serrafm\/wp-json\/wp\/v2\/posts"}],"about":[{"href":"https:\/\/serrafm879.com.br\/serrafm\/wp-json\/wp\/v2\/types\/post"}],"author":[{"embeddable":true,"href":"https:\/\/serrafm879.com.br\/serrafm\/wp-json\/wp\/v2\/users\/2"}],"replies":[{"embeddable":true,"href":"https:\/\/serrafm879.com.br\/serrafm\/wp-json\/wp\/v2\/comments?post=15229"}],"version-history":[{"count":1,"href":"https:\/\/serrafm879.com.br\/serrafm\/wp-json\/wp\/v2\/posts\/15229\/revisions"}],"predecessor-version":[{"id":15230,"href":"https:\/\/serrafm879.com.br\/serrafm\/wp-json\/wp\/v2\/posts\/15229\/revisions\/15230"}],"wp:featuredmedia":[{"embeddable":true,"href":"https:\/\/serrafm879.com.br\/serrafm\/wp-json\/wp\/v2\/media\/2194"}],"wp:attachment":[{"href":"https:\/\/serrafm879.com.br\/serrafm\/wp-json\/wp\/v2\/media?parent=15229"}],"wp:term":[{"taxonomy":"category","embeddable":true,"href":"https:\/\/serrafm879.com.br\/serrafm\/wp-json\/wp\/v2\/categories?post=15229"},{"taxonomy":"post_tag","embeddable":true,"href":"https:\/\/serrafm879.com.br\/serrafm\/wp-json\/wp\/v2\/tags?post=15229"}],"curies":[{"name":"wp","href":"https:\/\/api.w.org\/{rel}","templated":true}]}}