{"id":15249,"date":"2023-12-19T04:47:09","date_gmt":"2023-12-19T07:47:09","guid":{"rendered":"https:\/?p=15249"},"modified":"2023-12-19T04:50:10","modified_gmt":"2023-12-19T07:50:10","slug":"policial-grave-acidente-em-serra-talhada-colisao-de-moto-em-ponto-de-mototaxi","status":"publish","type":"post","link":"https:\/\/serrafm879.com.br\/serrafm\/2023\/12\/policial-grave-acidente-em-serra-talhada-colisao-de-moto-em-ponto-de-mototaxi\/","title":{"rendered":"Grave acidente em Serra Talhada: Colis\u00e3o de moto em ponto de motot\u00e1xi"},"content":{"rendered":"<div id=\"page-container\" class=\"\">\n<div id=\"wrapper\" class=\"layout-default\">\n<div class=\"content-container sh-page-layout-default\">\n<div class=\"container entry-content\">\n<div id=\"content-wrapper\" class=\"content-wrapper-with-sidebar\">\n<div id=\"content\" class=\"content-layout-sidebar-right content-with-sidebar-right\">\n<div class=\"blog-single blog-style-single blog-style-single-share blog-blockquote-style1 blog-style-post-toptitle\">\n<article id=\"post-20739\" class=\"post-item post-item-single post-20739 post type-post status-publish format-standard has-post-thumbnail hentry category-policial\">\n<div class=\"post-item-single-container\">\n<div class=\"post-content post-single-content\">\n<p>Um acidente chocante abalou a tranquilidade da cidade de Serra Talhada, quando um motociclista, ainda n\u00e3o identificado, perdeu o controle de sua moto enquanto trafegava pela Avenida Afonso Magalh\u00e3es.<\/p>\n<p>As c\u00e2meras registraram o momento angustiante em que o piloto avan\u00e7ou descontroladamente, colidindo com extrema viol\u00eancia contra um ponto de motot\u00e1xi, resultando na destrui\u00e7\u00e3o parcial da estrutura e atingindo motos e mototaxistas que se encontravam no local.<\/p>\n<p>O impacto foi t\u00e3o intenso que provocou danos severos \u00e0 parede do ponto de motot\u00e1xi, deixando os presentes em estado de choque e p\u00e2nico. Equipes de resgate foram acionadas imediatamente para prestar assist\u00eancia \u00e0s v\u00edtimas e controlar a situa\u00e7\u00e3o.<\/p>\n<p>Do Junior Campos<\/p>\n<figure class=\"wp-block-video\"><\/figure>\n<\/div>\n<div class=\"sh-page-links\"><\/div>\n<div class=\"post-tags-container\">\n<div class=\"sh-clear\"><\/div>\n<\/div>\n<div class=\"post-content-share-mobile-contaner\"><\/div>\n<\/div>\n<div class=\"post-switch post-swtich-style1\">\n<div class=\"row\">\n<div class=\"col-md-6\">\n<div class=\"post-switch-item \">\n<div class=\"post-switch-item-content\">\n<p>&nbsp;<\/p>\n<div class=\"post-switch-item-right\">\n<div class=\"post-categories-container\"><\/div>\n<\/div>\n<\/div>\n<\/div>\n<\/div>\n<\/div>\n<\/div>\n<\/article>\n<\/div>\n<\/div>\n<\/div>\n<\/div>\n<\/div>\n<\/div>\n<\/div>\n<div class=\"sh-back-to-top sh-back-to-top1 active\"><\/div>\n","protected":false},"excerpt":{"rendered":"<p>Um acidente chocante abalou a tranquilidade da cidade de Serra Talhada, quando um motociclista, ainda n\u00e3o identificado, perdeu o controle de sua moto enquanto trafegava pela Avenida Afonso Magalh\u00e3es. As c\u00e2meras registraram o momento angustiante em que o piloto avan\u00e7ou descontroladamente, colidindo com extrema viol\u00eancia contra um ponto de motot\u00e1xi, resultando na destrui\u00e7\u00e3o parcial da estrutura e atingindo motos e mototaxistas que se encontravam no local. O impacto foi t\u00e3o intenso que provocou danos severos \u00e0 parede do ponto de motot\u00e1xi, deixando os presentes em estado de choque e p\u00e2nico. Equipes de resgate foram acionadas imediatamente para prestar assist\u00eancia \u00e0s [&hellip;]<\/p>\n","protected":false},"author":2,"featured_media":15255,"comment_status":"open","ping_status":"open","sticky":false,"template":"","format":"standard","meta":{"_jetpack_newsletter_access":"","_jetpack_dont_email_post_to_subs":false,"_jetpack_newsletter_tier_id":0,"_jetpack_memberships_contains_paywalled_content":false,"_jetpack_feature_clip_id":0,"_jetpack_memberships_contains_paid_content":false,"footnotes":"","jetpack_publicize_message":"","jetpack_publicize_feature_enabled":true,"jetpack_social_post_already_shared":true,"jetpack_social_options":{"image_generator_settings":{"template":"highway","default_image_id":0,"font":"","enabled":false},"version":2},"jetpack_post_was_ever_published":false},"categories":[1],"tags":[],"class_list":["post-15249","post","type-post","status-publish","format-standard","has-post-thumbnail","hentry","category-uncategorized"],"aioseo_notices":[],"aioseo_head":"\n\t\t<!-- All in One SEO 4.9.10 - aioseo.com -->\n\t<meta name=\"description\" content=\"Um acidente chocante abalou a tranquilidade da cidade de Serra Talhada, quando um motociclista, ainda n\u00e3o identificado, perdeu o controle de sua moto enquanto trafegava pela Avenida Afonso Magalh\u00e3es. As c\u00e2meras registraram o momento angustiante em que o piloto avan\u00e7ou descontroladamente, colidindo com extrema viol\u00eancia contra um ponto de motot\u00e1xi, resultando na destrui\u00e7\u00e3o parcial da\" \/>\n\t<meta name=\"robots\" content=\"max-image-preview:large\" \/>\n\t<meta name=\"author\" content=\"serrafm87\"\/>\n\t<link rel=\"canonical\" href=\"https:\/\/serrafm879.com.br\/serrafm\/2023\/12\/policial-grave-acidente-em-serra-talhada-colisao-de-moto-em-ponto-de-mototaxi\/\" \/>\n\t<meta name=\"generator\" content=\"All in One SEO (AIOSEO) 4.9.10\" \/>\n\t\t<meta name=\"twitter:card\" content=\"summary_large_image\" \/>\n\t\t<meta name=\"twitter:title\" content=\"Grave acidente em Serra Talhada: Colis\u00e3o de moto em ponto de motot\u00e1xi - Serra FM 87,9\" \/>\n\t\t<meta name=\"twitter:description\" content=\"Um acidente chocante abalou a tranquilidade da cidade de Serra Talhada, quando um motociclista, ainda n\u00e3o identificado, perdeu o controle de sua moto enquanto trafegava pela Avenida Afonso Magalh\u00e3es. As c\u00e2meras registraram o momento angustiante em que o piloto avan\u00e7ou descontroladamente, colidindo com extrema viol\u00eancia contra um ponto de motot\u00e1xi, resultando na destrui\u00e7\u00e3o parcial da\" \/>\n\t\t<meta name=\"twitter:image\" content=\"https:\/\/serrafm879.com.br\/serrafm\/wp-content\/uploads\/2023\/12\/acidenteserramoto-1.jpg\" \/>\n\t\t<script type=\"application\/ld+json\" class=\"aioseo-schema\">\n\t\t\t{\"@context\":\"https:\\\/\\\/schema.org\",\"@graph\":[{\"@type\":\"BlogPosting\",\"@id\":\"https:\\\/\\\/serrafm879.com.br\\\/serrafm\\\/2023\\\/12\\\/policial-grave-acidente-em-serra-talhada-colisao-de-moto-em-ponto-de-mototaxi\\\/#blogposting\",\"name\":\"Grave acidente em Serra Talhada: Colis\\u00e3o de moto em ponto de motot\\u00e1xi - Serra FM 87,9\",\"headline\":\"Grave acidente em Serra Talhada: Colis\\u00e3o de moto em ponto de motot\\u00e1xi\",\"author\":{\"@id\":\"https:\\\/\\\/serrafm879.com.br\\\/serrafm\\\/author\\\/serrafm87\\\/#author\"},\"publisher\":{\"@id\":\"https:\\\/\\\/serrafm879.com.br\\\/serrafm\\\/#organization\"},\"image\":{\"@type\":\"ImageObject\",\"url\":\"https:\\\/\\\/serrafm879.com.br\\\/serrafm\\\/wp-content\\\/uploads\\\/2023\\\/12\\\/acidenteserramoto-1.jpg\",\"width\":1878,\"height\":1001},\"datePublished\":\"2023-12-19T04:47:09-03:00\",\"dateModified\":\"2023-12-19T04:50:10-03:00\",\"inLanguage\":\"pt-BR\",\"mainEntityOfPage\":{\"@id\":\"https:\\\/\\\/serrafm879.com.br\\\/serrafm\\\/2023\\\/12\\\/policial-grave-acidente-em-serra-talhada-colisao-de-moto-em-ponto-de-mototaxi\\\/#webpage\"},\"isPartOf\":{\"@id\":\"https:\\\/\\\/serrafm879.com.br\\\/serrafm\\\/2023\\\/12\\\/policial-grave-acidente-em-serra-talhada-colisao-de-moto-em-ponto-de-mototaxi\\\/#webpage\"},\"articleSection\":\"Uncategorized\"},{\"@type\":\"BreadcrumbList\",\"@id\":\"https:\\\/\\\/serrafm879.com.br\\\/serrafm\\\/2023\\\/12\\\/policial-grave-acidente-em-serra-talhada-colisao-de-moto-em-ponto-de-mototaxi\\\/#breadcrumblist\",\"itemListElement\":[{\"@type\":\"ListItem\",\"@id\":\"https:\\\/\\\/serrafm879.com.br\\\/serrafm#listItem\",\"position\":1,\"name\":\"Home\",\"item\":\"https:\\\/\\\/serrafm879.com.br\\\/serrafm\",\"nextItem\":{\"@type\":\"ListItem\",\"@id\":\"https:\\\/\\\/serrafm879.com.br\\\/serrafm\\\/categoria\\\/uncategorized\\\/#listItem\",\"name\":\"Uncategorized\"}},{\"@type\":\"ListItem\",\"@id\":\"https:\\\/\\\/serrafm879.com.br\\\/serrafm\\\/categoria\\\/uncategorized\\\/#listItem\",\"position\":2,\"name\":\"Uncategorized\",\"item\":\"https:\\\/\\\/serrafm879.com.br\\\/serrafm\\\/categoria\\\/uncategorized\\\/\",\"nextItem\":{\"@type\":\"ListItem\",\"@id\":\"https:\\\/\\\/serrafm879.com.br\\\/serrafm\\\/2023\\\/12\\\/policial-grave-acidente-em-serra-talhada-colisao-de-moto-em-ponto-de-mototaxi\\\/#listItem\",\"name\":\"Grave acidente em Serra Talhada: Colis\\u00e3o de moto em ponto de motot\\u00e1xi\"},\"previousItem\":{\"@type\":\"ListItem\",\"@id\":\"https:\\\/\\\/serrafm879.com.br\\\/serrafm#listItem\",\"name\":\"Home\"}},{\"@type\":\"ListItem\",\"@id\":\"https:\\\/\\\/serrafm879.com.br\\\/serrafm\\\/2023\\\/12\\\/policial-grave-acidente-em-serra-talhada-colisao-de-moto-em-ponto-de-mototaxi\\\/#listItem\",\"position\":3,\"name\":\"Grave acidente em Serra Talhada: Colis\\u00e3o de moto em ponto de motot\\u00e1xi\",\"previousItem\":{\"@type\":\"ListItem\",\"@id\":\"https:\\\/\\\/serrafm879.com.br\\\/serrafm\\\/categoria\\\/uncategorized\\\/#listItem\",\"name\":\"Uncategorized\"}}]},{\"@type\":\"Organization\",\"@id\":\"https:\\\/\\\/serrafm879.com.br\\\/serrafm\\\/#organization\",\"name\":\"Serra FM 87,9\",\"description\":\"O seu novo amor!\",\"url\":\"https:\\\/\\\/serrafm879.com.br\\\/serrafm\\\/\"},{\"@type\":\"Person\",\"@id\":\"https:\\\/\\\/serrafm879.com.br\\\/serrafm\\\/author\\\/serrafm87\\\/#author\",\"url\":\"https:\\\/\\\/serrafm879.com.br\\\/serrafm\\\/author\\\/serrafm87\\\/\",\"name\":\"serrafm87\",\"image\":{\"@type\":\"ImageObject\",\"@id\":\"https:\\\/\\\/serrafm879.com.br\\\/serrafm\\\/2023\\\/12\\\/policial-grave-acidente-em-serra-talhada-colisao-de-moto-em-ponto-de-mototaxi\\\/#authorImage\",\"url\":\"https:\\\/\\\/secure.gravatar.com\\\/avatar\\\/a743233f1112d34f48bb3dc9559b76eb930bab8b27175856cba6362608736235?s=96&d=mm&r=g\",\"width\":96,\"height\":96,\"caption\":\"serrafm87\"}},{\"@type\":\"WebPage\",\"@id\":\"https:\\\/\\\/serrafm879.com.br\\\/serrafm\\\/2023\\\/12\\\/policial-grave-acidente-em-serra-talhada-colisao-de-moto-em-ponto-de-mototaxi\\\/#webpage\",\"url\":\"https:\\\/\\\/serrafm879.com.br\\\/serrafm\\\/2023\\\/12\\\/policial-grave-acidente-em-serra-talhada-colisao-de-moto-em-ponto-de-mototaxi\\\/\",\"name\":\"Grave acidente em Serra Talhada: Colis\\u00e3o de moto em ponto de motot\\u00e1xi - Serra FM 87,9\",\"description\":\"Um acidente chocante abalou a tranquilidade da cidade de Serra Talhada, quando um motociclista, ainda n\\u00e3o identificado, perdeu o controle de sua moto enquanto trafegava pela Avenida Afonso Magalh\\u00e3es. As c\\u00e2meras registraram o momento angustiante em que o piloto avan\\u00e7ou descontroladamente, colidindo com extrema viol\\u00eancia contra um ponto de motot\\u00e1xi, resultando na destrui\\u00e7\\u00e3o parcial da\",\"inLanguage\":\"pt-BR\",\"isPartOf\":{\"@id\":\"https:\\\/\\\/serrafm879.com.br\\\/serrafm\\\/#website\"},\"breadcrumb\":{\"@id\":\"https:\\\/\\\/serrafm879.com.br\\\/serrafm\\\/2023\\\/12\\\/policial-grave-acidente-em-serra-talhada-colisao-de-moto-em-ponto-de-mototaxi\\\/#breadcrumblist\"},\"author\":{\"@id\":\"https:\\\/\\\/serrafm879.com.br\\\/serrafm\\\/author\\\/serrafm87\\\/#author\"},\"creator\":{\"@id\":\"https:\\\/\\\/serrafm879.com.br\\\/serrafm\\\/author\\\/serrafm87\\\/#author\"},\"image\":{\"@type\":\"ImageObject\",\"url\":\"https:\\\/\\\/serrafm879.com.br\\\/serrafm\\\/wp-content\\\/uploads\\\/2023\\\/12\\\/acidenteserramoto-1.jpg\",\"@id\":\"https:\\\/\\\/serrafm879.com.br\\\/serrafm\\\/2023\\\/12\\\/policial-grave-acidente-em-serra-talhada-colisao-de-moto-em-ponto-de-mototaxi\\\/#mainImage\",\"width\":1878,\"height\":1001},\"primaryImageOfPage\":{\"@id\":\"https:\\\/\\\/serrafm879.com.br\\\/serrafm\\\/2023\\\/12\\\/policial-grave-acidente-em-serra-talhada-colisao-de-moto-em-ponto-de-mototaxi\\\/#mainImage\"},\"datePublished\":\"2023-12-19T04:47:09-03:00\",\"dateModified\":\"2023-12-19T04:50:10-03:00\"},{\"@type\":\"WebSite\",\"@id\":\"https:\\\/\\\/serrafm879.com.br\\\/serrafm\\\/#website\",\"url\":\"https:\\\/\\\/serrafm879.com.br\\\/serrafm\\\/\",\"name\":\"Serra FM 87,9\",\"description\":\"O seu novo amor!\",\"inLanguage\":\"pt-BR\",\"publisher\":{\"@id\":\"https:\\\/\\\/serrafm879.com.br\\\/serrafm\\\/#organization\"}}]}\n\t\t<\/script>\n\t\t<!-- All in One SEO -->\n\n","aioseo_head_json":{"title":"Grave acidente em Serra Talhada: Colis\u00e3o de moto em ponto de motot\u00e1xi - Serra FM 87,9","description":"Um acidente chocante abalou a tranquilidade da cidade de Serra Talhada, quando um motociclista, ainda n\u00e3o identificado, perdeu o controle de sua moto enquanto trafegava pela Avenida Afonso Magalh\u00e3es. As c\u00e2meras registraram o momento angustiante em que o piloto avan\u00e7ou descontroladamente, colidindo com extrema viol\u00eancia contra um ponto de motot\u00e1xi, resultando na destrui\u00e7\u00e3o parcial da","canonical_url":"https:\/\/serrafm879.com.br\/serrafm\/2023\/12\/policial-grave-acidente-em-serra-talhada-colisao-de-moto-em-ponto-de-mototaxi\/","robots":"max-image-preview:large","keywords":"","webmasterTools":{"miscellaneous":""},"schema":{"@context":"https:\/\/schema.org","@graph":[{"@type":"BlogPosting","@id":"https:\/\/serrafm879.com.br\/serrafm\/2023\/12\/policial-grave-acidente-em-serra-talhada-colisao-de-moto-em-ponto-de-mototaxi\/#blogposting","name":"Grave acidente em Serra Talhada: Colis\u00e3o de moto em ponto de motot\u00e1xi - Serra FM 87,9","headline":"Grave acidente em Serra Talhada: Colis\u00e3o de moto em ponto de motot\u00e1xi","author":{"@id":"https:\/\/serrafm879.com.br\/serrafm\/author\/serrafm87\/#author"},"publisher":{"@id":"https:\/\/serrafm879.com.br\/serrafm\/#organization"},"image":{"@type":"ImageObject","url":"https:\/\/serrafm879.com.br\/serrafm\/wp-content\/uploads\/2023\/12\/acidenteserramoto-1.jpg","width":1878,"height":1001},"datePublished":"2023-12-19T04:47:09-03:00","dateModified":"2023-12-19T04:50:10-03:00","inLanguage":"pt-BR","mainEntityOfPage":{"@id":"https:\/\/serrafm879.com.br\/serrafm\/2023\/12\/policial-grave-acidente-em-serra-talhada-colisao-de-moto-em-ponto-de-mototaxi\/#webpage"},"isPartOf":{"@id":"https:\/\/serrafm879.com.br\/serrafm\/2023\/12\/policial-grave-acidente-em-serra-talhada-colisao-de-moto-em-ponto-de-mototaxi\/#webpage"},"articleSection":"Uncategorized"},{"@type":"BreadcrumbList","@id":"https:\/\/serrafm879.com.br\/serrafm\/2023\/12\/policial-grave-acidente-em-serra-talhada-colisao-de-moto-em-ponto-de-mototaxi\/#breadcrumblist","itemListElement":[{"@type":"ListItem","@id":"https:\/\/serrafm879.com.br\/serrafm#listItem","position":1,"name":"Home","item":"https:\/\/serrafm879.com.br\/serrafm","nextItem":{"@type":"ListItem","@id":"https:\/\/serrafm879.com.br\/serrafm\/categoria\/uncategorized\/#listItem","name":"Uncategorized"}},{"@type":"ListItem","@id":"https:\/\/serrafm879.com.br\/serrafm\/categoria\/uncategorized\/#listItem","position":2,"name":"Uncategorized","item":"https:\/\/serrafm879.com.br\/serrafm\/categoria\/uncategorized\/","nextItem":{"@type":"ListItem","@id":"https:\/\/serrafm879.com.br\/serrafm\/2023\/12\/policial-grave-acidente-em-serra-talhada-colisao-de-moto-em-ponto-de-mototaxi\/#listItem","name":"Grave acidente em Serra Talhada: Colis\u00e3o de moto em ponto de motot\u00e1xi"},"previousItem":{"@type":"ListItem","@id":"https:\/\/serrafm879.com.br\/serrafm#listItem","name":"Home"}},{"@type":"ListItem","@id":"https:\/\/serrafm879.com.br\/serrafm\/2023\/12\/policial-grave-acidente-em-serra-talhada-colisao-de-moto-em-ponto-de-mototaxi\/#listItem","position":3,"name":"Grave acidente em Serra Talhada: Colis\u00e3o de moto em ponto de motot\u00e1xi","previousItem":{"@type":"ListItem","@id":"https:\/\/serrafm879.com.br\/serrafm\/categoria\/uncategorized\/#listItem","name":"Uncategorized"}}]},{"@type":"Organization","@id":"https:\/\/serrafm879.com.br\/serrafm\/#organization","name":"Serra FM 87,9","description":"O seu novo amor!","url":"https:\/\/serrafm879.com.br\/serrafm\/"},{"@type":"Person","@id":"https:\/\/serrafm879.com.br\/serrafm\/author\/serrafm87\/#author","url":"https:\/\/serrafm879.com.br\/serrafm\/author\/serrafm87\/","name":"serrafm87","image":{"@type":"ImageObject","@id":"https:\/\/serrafm879.com.br\/serrafm\/2023\/12\/policial-grave-acidente-em-serra-talhada-colisao-de-moto-em-ponto-de-mototaxi\/#authorImage","url":"https:\/\/secure.gravatar.com\/avatar\/a743233f1112d34f48bb3dc9559b76eb930bab8b27175856cba6362608736235?s=96&d=mm&r=g","width":96,"height":96,"caption":"serrafm87"}},{"@type":"WebPage","@id":"https:\/\/serrafm879.com.br\/serrafm\/2023\/12\/policial-grave-acidente-em-serra-talhada-colisao-de-moto-em-ponto-de-mototaxi\/#webpage","url":"https:\/\/serrafm879.com.br\/serrafm\/2023\/12\/policial-grave-acidente-em-serra-talhada-colisao-de-moto-em-ponto-de-mototaxi\/","name":"Grave acidente em Serra Talhada: Colis\u00e3o de moto em ponto de motot\u00e1xi - Serra FM 87,9","description":"Um acidente chocante abalou a tranquilidade da cidade de Serra Talhada, quando um motociclista, ainda n\u00e3o identificado, perdeu o controle de sua moto enquanto trafegava pela Avenida Afonso Magalh\u00e3es. As c\u00e2meras registraram o momento angustiante em que o piloto avan\u00e7ou descontroladamente, colidindo com extrema viol\u00eancia contra um ponto de motot\u00e1xi, resultando na destrui\u00e7\u00e3o parcial da","inLanguage":"pt-BR","isPartOf":{"@id":"https:\/\/serrafm879.com.br\/serrafm\/#website"},"breadcrumb":{"@id":"https:\/\/serrafm879.com.br\/serrafm\/2023\/12\/policial-grave-acidente-em-serra-talhada-colisao-de-moto-em-ponto-de-mototaxi\/#breadcrumblist"},"author":{"@id":"https:\/\/serrafm879.com.br\/serrafm\/author\/serrafm87\/#author"},"creator":{"@id":"https:\/\/serrafm879.com.br\/serrafm\/author\/serrafm87\/#author"},"image":{"@type":"ImageObject","url":"https:\/\/serrafm879.com.br\/serrafm\/wp-content\/uploads\/2023\/12\/acidenteserramoto-1.jpg","@id":"https:\/\/serrafm879.com.br\/serrafm\/2023\/12\/policial-grave-acidente-em-serra-talhada-colisao-de-moto-em-ponto-de-mototaxi\/#mainImage","width":1878,"height":1001},"primaryImageOfPage":{"@id":"https:\/\/serrafm879.com.br\/serrafm\/2023\/12\/policial-grave-acidente-em-serra-talhada-colisao-de-moto-em-ponto-de-mototaxi\/#mainImage"},"datePublished":"2023-12-19T04:47:09-03:00","dateModified":"2023-12-19T04:50:10-03:00"},{"@type":"WebSite","@id":"https:\/\/serrafm879.com.br\/serrafm\/#website","url":"https:\/\/serrafm879.com.br\/serrafm\/","name":"Serra FM 87,9","description":"O seu novo amor!","inLanguage":"pt-BR","publisher":{"@id":"https:\/\/serrafm879.com.br\/serrafm\/#organization"}}]},"twitter:card":"summary_large_image","twitter:title":"Grave acidente em Serra Talhada: Colis\u00e3o de moto em ponto de motot\u00e1xi - Serra FM 87,9","twitter:description":"Um acidente chocante abalou a tranquilidade da cidade de Serra Talhada, quando um motociclista, ainda n\u00e3o identificado, perdeu o controle de sua moto enquanto trafegava pela Avenida Afonso Magalh\u00e3es. As c\u00e2meras registraram o momento angustiante em que o piloto avan\u00e7ou descontroladamente, colidindo com extrema viol\u00eancia contra um ponto de motot\u00e1xi, resultando na destrui\u00e7\u00e3o parcial da","twitter:image":"https:\/\/serrafm879.com.br\/serrafm\/wp-content\/uploads\/2023\/12\/acidenteserramoto-1.jpg"},"aioseo_meta_data":{"post_id":"15249","title":null,"description":null,"keywords":null,"keyphrases":null,"primary_term":null,"canonical_url":null,"og_title":null,"og_description":null,"og_object_type":"default","og_image_type":"default","og_image_custom_url":null,"og_image_custom_fields":null,"og_image_url":null,"og_image_width":null,"og_image_height":null,"og_video":null,"og_custom_url":null,"og_article_section":null,"og_article_tags":null,"twitter_use_og":false,"twitter_card":"default","twitter_image_type":"default","twitter_image_custom_url":null,"twitter_image_custom_fields":null,"twitter_image_url":null,"twitter_title":null,"twitter_description":null,"schema_type":"default","schema_type_options":null,"schema":{"blockGraphs":[],"customGraphs":[],"default":{"data":{"Article":[],"Course":[],"Dataset":[],"FAQPage":[],"Movie":[],"Person":[],"Product":[],"ProductReview":[],"Car":[],"Recipe":[],"Service":[],"SoftwareApplication":[],"WebPage":[]},"graphName":"","isEnabled":true},"graphs":[]},"pillar_content":false,"robots_default":true,"robots_noindex":false,"robots_noarchive":false,"robots_nosnippet":false,"robots_nofollow":false,"robots_noimageindex":false,"robots_noodp":false,"robots_notranslate":false,"robots_max_snippet":null,"robots_max_videopreview":null,"robots_max_imagepreview":"large","priority":null,"frequency":null,"local_seo":null,"limit_modified_date":false,"ai":null,"breadcrumb_settings":null,"seo_analyzer_scan_date":null,"created":"2026-07-21 09:20:48","updated":"2026-07-21 09:20:48"},"aioseo_breadcrumb":"<div class=\"aioseo-breadcrumbs\"><span class=\"aioseo-breadcrumb\">\n\t\t\t<a href=\"https:\/\/serrafm879.com.br\/serrafm\" title=\"Home\">Home<\/a>\n\t\t<\/span><span class=\"aioseo-breadcrumb-separator\">&raquo;<\/span><span class=\"aioseo-breadcrumb\">\n\t\t\t<a href=\"https:\/\/serrafm879.com.br\/serrafm\/categoria\/uncategorized\/\" title=\"Uncategorized\">Uncategorized<\/a>\n\t\t<\/span><span class=\"aioseo-breadcrumb-separator\">&raquo;<\/span><span class=\"aioseo-breadcrumb\">\n\t\t\tGrave acidente em Serra Talhada: Colis\u00e3o de moto em ponto de motot\u00e1xi\n\t\t<\/span><\/div>","aioseo_breadcrumb_json":[{"label":"Home","link":"https:\/\/serrafm879.com.br\/serrafm"},{"label":"Uncategorized","link":"https:\/\/serrafm879.com.br\/serrafm\/categoria\/uncategorized\/"},{"label":"Grave acidente em Serra Talhada: Colis\u00e3o de moto em ponto de motot\u00e1xi","link":"https:\/\/serrafm879.com.br\/serrafm\/2023\/12\/policial-grave-acidente-em-serra-talhada-colisao-de-moto-em-ponto-de-mototaxi\/"}],"jetpack_publicize_connections":[],"jetpack_featured_media_url":"https:\/\/serrafm879.com.br\/serrafm\/wp-content\/uploads\/2023\/12\/acidenteserramoto-1.jpg","jetpack_shortlink":"https:\/\/wp.me\/p7HyXg-3XX","jetpack_sharing_enabled":true,"_links":{"self":[{"href":"https:\/\/serrafm879.com.br\/serrafm\/wp-json\/wp\/v2\/posts\/15249","targetHints":{"allow":["GET"]}}],"collection":[{"href":"https:\/\/serrafm879.com.br\/serrafm\/wp-json\/wp\/v2\/posts"}],"about":[{"href":"https:\/\/serrafm879.com.br\/serrafm\/wp-json\/wp\/v2\/types\/post"}],"author":[{"embeddable":true,"href":"https:\/\/serrafm879.com.br\/serrafm\/wp-json\/wp\/v2\/users\/2"}],"replies":[{"embeddable":true,"href":"https:\/\/serrafm879.com.br\/serrafm\/wp-json\/wp\/v2\/comments?post=15249"}],"version-history":[{"count":2,"href":"https:\/\/serrafm879.com.br\/serrafm\/wp-json\/wp\/v2\/posts\/15249\/revisions"}],"predecessor-version":[{"id":15256,"href":"https:\/\/serrafm879.com.br\/serrafm\/wp-json\/wp\/v2\/posts\/15249\/revisions\/15256"}],"wp:featuredmedia":[{"embeddable":true,"href":"https:\/\/serrafm879.com.br\/serrafm\/wp-json\/wp\/v2\/media\/15255"}],"wp:attachment":[{"href":"https:\/\/serrafm879.com.br\/serrafm\/wp-json\/wp\/v2\/media?parent=15249"}],"wp:term":[{"taxonomy":"category","embeddable":true,"href":"https:\/\/serrafm879.com.br\/serrafm\/wp-json\/wp\/v2\/categories?post=15249"},{"taxonomy":"post_tag","embeddable":true,"href":"https:\/\/serrafm879.com.br\/serrafm\/wp-json\/wp\/v2\/tags?post=15249"}],"curies":[{"name":"wp","href":"https:\/\/api.w.org\/{rel}","templated":true}]}}