{"id":15257,"date":"2023-12-20T05:11:28","date_gmt":"2023-12-20T08:11:28","guid":{"rendered":"https:\/?p=15257"},"modified":"2023-12-20T05:11:28","modified_gmt":"2023-12-20T08:11:28","slug":"governadora-raquel-lyra-cumpre-agenda-no-sertao","status":"publish","type":"post","link":"https:\/\/serrafm879.com.br\/serrafm\/2023\/12\/governadora-raquel-lyra-cumpre-agenda-no-sertao\/","title":{"rendered":"Governadora Raquel Lyra cumpre agenda no Sert\u00e3o"},"content":{"rendered":"<p>Depois de um dia de compromissos no Agreste, a governadora Raquel Lyra cumpre, nesta quarta-feira (20), uma agenda no Sert\u00e3o do Estado. Pela manh\u00e3, a governadora entrega t\u00edtulos de dom\u00ednio no munic\u00edpio de Afogados da Ingazeira, por meio do Instituto de Terras e Reforma Agr\u00e1ria de Pernambuco (Iterpe). Ainda no munic\u00edpio, visita o Hospital Regional Em\u00edlia C\u00e2mara (HREC).<\/p>\n<p>\u00c0 tarde, a gestora visita as obras de implanta\u00e7\u00e3o e pavimenta\u00e7\u00e3o da estrada vicinal VPE-380, que vai da cidade de Afogados da Ingazeira at\u00e9 o povoado de Novo Pernambuco, em Carna\u00edba. Em seguida, a governadora inaugura dois Sistemas Simplificados de Abastecimento de \u00c1gua (SAA) nas comunidades rurais de Carna\u00faba dos Nunes e Nova Cacimbinha, ambas no munic\u00edpio de Tuparetama.<\/p>\n<p><strong>AGENDA DA GOVERNADORA RAQUEL LYRA | QUARTA-FEIRA, 20 de dezembro de 2023<\/strong><\/p>\n<p><strong>9h\u00a0\u2013<\/strong>\u00a0Entrega de t\u00edtulos (Centro Esportivo Municipal em Afogados da Ingazeira)<br \/>\n<strong>10h30<\/strong>\u00a0\u2013 Visita ao hospital Regional Em\u00edlia C\u00e2mara em Afogados da Ingazeira<br \/>\n<strong>14h<\/strong>\u00a0\u2013 Visita a estrada Ibitiranga (VPE-380)<br \/>\n<strong>15h30<\/strong>\u00a0\u2013 Visita a Carna\u00faba dos Nunes, no munic\u00edpio de Tuparetama<br \/>\n<strong>16h<\/strong>\u00a0\u2013 Visita a Nova Cacimbinha, no munic\u00edpio de Tuparetama<\/p>\n<div class=\"addtoany_share_save_container addtoany_content addtoany_content_bottom\">\n<div class=\"a2a_kit a2a_kit_size_32 addtoany_list\" data-a2a-url=\"https:\/\/novabetaniafm.com.br\/novabetania87\/2023\/12\/20\/governadora-raquel-lyra-cumpre-agenda-no-sertao\/\" data-a2a-title=\"Governadora Raquel Lyra cumpre agenda no Sert\u00e3o\"><a class=\"a2a_button_whatsapp\" title=\"WhatsApp\" href=\"https:\/\/novabetaniafm.com.br\/#whatsapp\" target=\"_blank\" rel=\"nofollow noopener\"><span class=\"a2a_label\">WhatsApp<\/span><\/a><a class=\"a2a_button_facebook\" title=\"Facebook\" href=\"https:\/\/novabetaniafm.com.br\/#facebook\" target=\"_blank\" rel=\"nofollow noopener\"><span class=\"a2a_label\">Facebook<\/span><\/a><a class=\"a2a_button_print\" title=\"Print\" href=\"https:\/\/novabetaniafm.com.br\/#print\" target=\"_blank\" rel=\"nofollow noopener\"><span class=\"a2a_label\">Print<\/span><\/a><a class=\"a2a_button_copy_link\" title=\"Copy Link\" href=\"https:\/\/novabetaniafm.com.br\/#copy_link\" target=\"_blank\" rel=\"nofollow noopener\"><span class=\"a2a_label\">Copy Link<\/span><\/a><a class=\"a2a_dd addtoany_share_save addtoany_share\" href=\"https:\/\/www.addtoany.com\/share#url=https%3A%2F%2Fnovabetaniafm.com.br%2Fnovabetania87%2F2023%2F12%2F20%2Fgovernadora-raquel-lyra-cumpre-agenda-no-sertao%2F&amp;title=Governadora%20Raquel%20Lyra%20cumpre%20agenda%20no%20Sert%C3%A3o\"><span class=\"a2a_label a2a_localize\" data-a2a-localize=\"inner,Share\">Compartilhar<\/span><\/a><\/div>\n<\/div>\n","protected":false},"excerpt":{"rendered":"<p>Depois de um dia de compromissos no Agreste, a governadora Raquel Lyra cumpre, nesta quarta-feira (20), uma agenda no Sert\u00e3o do Estado. Pela manh\u00e3, a governadora entrega t\u00edtulos de dom\u00ednio no munic\u00edpio de Afogados da Ingazeira, por meio do Instituto de Terras e Reforma Agr\u00e1ria de Pernambuco (Iterpe). Ainda no munic\u00edpio, visita o Hospital Regional Em\u00edlia C\u00e2mara (HREC). \u00c0 tarde, a gestora visita as obras de implanta\u00e7\u00e3o e pavimenta\u00e7\u00e3o da estrada vicinal VPE-380, que vai da cidade de Afogados da Ingazeira at\u00e9 o povoado de Novo Pernambuco, em Carna\u00edba. Em seguida, a governadora inaugura dois Sistemas Simplificados de Abastecimento de [&hellip;]<\/p>\n","protected":false},"author":2,"featured_media":13034,"comment_status":"open","ping_status":"open","sticky":false,"template":"","format":"standard","meta":{"_jetpack_newsletter_access":"","_jetpack_dont_email_post_to_subs":false,"_jetpack_newsletter_tier_id":0,"_jetpack_memberships_contains_paywalled_content":false,"_jetpack_feature_clip_id":0,"_jetpack_memberships_contains_paid_content":false,"footnotes":"","jetpack_publicize_message":"","jetpack_publicize_feature_enabled":true,"jetpack_social_post_already_shared":true,"jetpack_social_options":{"image_generator_settings":{"template":"highway","default_image_id":0,"font":"","enabled":false},"version":2},"jetpack_post_was_ever_published":false},"categories":[1],"tags":[],"class_list":["post-15257","post","type-post","status-publish","format-standard","has-post-thumbnail","hentry","category-uncategorized"],"aioseo_notices":[],"aioseo_head":"\n\t\t<!-- All in One SEO 4.9.10 - aioseo.com -->\n\t<meta name=\"description\" content=\"Depois de um dia de compromissos no Agreste, a governadora Raquel Lyra cumpre, nesta quarta-feira (20), uma agenda no Sert\u00e3o do Estado. Pela manh\u00e3, a governadora entrega t\u00edtulos de dom\u00ednio no munic\u00edpio de Afogados da Ingazeira, por meio do Instituto de Terras e Reforma Agr\u00e1ria de Pernambuco (Iterpe). Ainda no munic\u00edpio, visita o Hospital Regional\" \/>\n\t<meta name=\"robots\" content=\"max-image-preview:large\" \/>\n\t<meta name=\"author\" content=\"serrafm87\"\/>\n\t<link rel=\"canonical\" href=\"https:\/\/serrafm879.com.br\/serrafm\/2023\/12\/governadora-raquel-lyra-cumpre-agenda-no-sertao\/\" \/>\n\t<meta name=\"generator\" content=\"All in One SEO (AIOSEO) 4.9.10\" \/>\n\t\t<meta name=\"twitter:card\" content=\"summary_large_image\" \/>\n\t\t<meta name=\"twitter:title\" content=\"Governadora Raquel Lyra cumpre agenda no Sert\u00e3o - Serra FM 87,9\" \/>\n\t\t<meta name=\"twitter:description\" content=\"Depois de um dia de compromissos no Agreste, a governadora Raquel Lyra cumpre, nesta quarta-feira (20), uma agenda no Sert\u00e3o do Estado. Pela manh\u00e3, a governadora entrega t\u00edtulos de dom\u00ednio no munic\u00edpio de Afogados da Ingazeira, por meio do Instituto de Terras e Reforma Agr\u00e1ria de Pernambuco (Iterpe). Ainda no munic\u00edpio, visita o Hospital Regional\" \/>\n\t\t<meta name=\"twitter:image\" content=\"https:\/\/serrafm879.com.br\/serrafm\/wp-content\/uploads\/2023\/06\/Raquel-Lyra-1024x675-1.jpeg\" \/>\n\t\t<script type=\"application\/ld+json\" class=\"aioseo-schema\">\n\t\t\t{\"@context\":\"https:\\\/\\\/schema.org\",\"@graph\":[{\"@type\":\"BlogPosting\",\"@id\":\"https:\\\/\\\/serrafm879.com.br\\\/serrafm\\\/2023\\\/12\\\/governadora-raquel-lyra-cumpre-agenda-no-sertao\\\/#blogposting\",\"name\":\"Governadora Raquel Lyra cumpre agenda no Sert\\u00e3o - Serra FM 87,9\",\"headline\":\"Governadora Raquel Lyra cumpre agenda no Sert\\u00e3o\",\"author\":{\"@id\":\"https:\\\/\\\/serrafm879.com.br\\\/serrafm\\\/author\\\/serrafm87\\\/#author\"},\"publisher\":{\"@id\":\"https:\\\/\\\/serrafm879.com.br\\\/serrafm\\\/#organization\"},\"image\":{\"@type\":\"ImageObject\",\"url\":\"https:\\\/\\\/serrafm879.com.br\\\/serrafm\\\/wp-content\\\/uploads\\\/2023\\\/06\\\/Raquel-Lyra-1024x675-1.jpeg\",\"width\":800,\"height\":527},\"datePublished\":\"2023-12-20T05:11:28-03:00\",\"dateModified\":\"2023-12-20T05:11:28-03:00\",\"inLanguage\":\"pt-BR\",\"mainEntityOfPage\":{\"@id\":\"https:\\\/\\\/serrafm879.com.br\\\/serrafm\\\/2023\\\/12\\\/governadora-raquel-lyra-cumpre-agenda-no-sertao\\\/#webpage\"},\"isPartOf\":{\"@id\":\"https:\\\/\\\/serrafm879.com.br\\\/serrafm\\\/2023\\\/12\\\/governadora-raquel-lyra-cumpre-agenda-no-sertao\\\/#webpage\"},\"articleSection\":\"Uncategorized\"},{\"@type\":\"BreadcrumbList\",\"@id\":\"https:\\\/\\\/serrafm879.com.br\\\/serrafm\\\/2023\\\/12\\\/governadora-raquel-lyra-cumpre-agenda-no-sertao\\\/#breadcrumblist\",\"itemListElement\":[{\"@type\":\"ListItem\",\"@id\":\"https:\\\/\\\/serrafm879.com.br\\\/serrafm#listItem\",\"position\":1,\"name\":\"Home\",\"item\":\"https:\\\/\\\/serrafm879.com.br\\\/serrafm\",\"nextItem\":{\"@type\":\"ListItem\",\"@id\":\"https:\\\/\\\/serrafm879.com.br\\\/serrafm\\\/categoria\\\/uncategorized\\\/#listItem\",\"name\":\"Uncategorized\"}},{\"@type\":\"ListItem\",\"@id\":\"https:\\\/\\\/serrafm879.com.br\\\/serrafm\\\/categoria\\\/uncategorized\\\/#listItem\",\"position\":2,\"name\":\"Uncategorized\",\"item\":\"https:\\\/\\\/serrafm879.com.br\\\/serrafm\\\/categoria\\\/uncategorized\\\/\",\"nextItem\":{\"@type\":\"ListItem\",\"@id\":\"https:\\\/\\\/serrafm879.com.br\\\/serrafm\\\/2023\\\/12\\\/governadora-raquel-lyra-cumpre-agenda-no-sertao\\\/#listItem\",\"name\":\"Governadora Raquel Lyra cumpre agenda no Sert\\u00e3o\"},\"previousItem\":{\"@type\":\"ListItem\",\"@id\":\"https:\\\/\\\/serrafm879.com.br\\\/serrafm#listItem\",\"name\":\"Home\"}},{\"@type\":\"ListItem\",\"@id\":\"https:\\\/\\\/serrafm879.com.br\\\/serrafm\\\/2023\\\/12\\\/governadora-raquel-lyra-cumpre-agenda-no-sertao\\\/#listItem\",\"position\":3,\"name\":\"Governadora Raquel Lyra cumpre agenda no Sert\\u00e3o\",\"previousItem\":{\"@type\":\"ListItem\",\"@id\":\"https:\\\/\\\/serrafm879.com.br\\\/serrafm\\\/categoria\\\/uncategorized\\\/#listItem\",\"name\":\"Uncategorized\"}}]},{\"@type\":\"Organization\",\"@id\":\"https:\\\/\\\/serrafm879.com.br\\\/serrafm\\\/#organization\",\"name\":\"Serra FM 87,9\",\"description\":\"O seu novo amor!\",\"url\":\"https:\\\/\\\/serrafm879.com.br\\\/serrafm\\\/\"},{\"@type\":\"Person\",\"@id\":\"https:\\\/\\\/serrafm879.com.br\\\/serrafm\\\/author\\\/serrafm87\\\/#author\",\"url\":\"https:\\\/\\\/serrafm879.com.br\\\/serrafm\\\/author\\\/serrafm87\\\/\",\"name\":\"serrafm87\",\"image\":{\"@type\":\"ImageObject\",\"@id\":\"https:\\\/\\\/serrafm879.com.br\\\/serrafm\\\/2023\\\/12\\\/governadora-raquel-lyra-cumpre-agenda-no-sertao\\\/#authorImage\",\"url\":\"https:\\\/\\\/secure.gravatar.com\\\/avatar\\\/a743233f1112d34f48bb3dc9559b76eb930bab8b27175856cba6362608736235?s=96&d=mm&r=g\",\"width\":96,\"height\":96,\"caption\":\"serrafm87\"}},{\"@type\":\"WebPage\",\"@id\":\"https:\\\/\\\/serrafm879.com.br\\\/serrafm\\\/2023\\\/12\\\/governadora-raquel-lyra-cumpre-agenda-no-sertao\\\/#webpage\",\"url\":\"https:\\\/\\\/serrafm879.com.br\\\/serrafm\\\/2023\\\/12\\\/governadora-raquel-lyra-cumpre-agenda-no-sertao\\\/\",\"name\":\"Governadora Raquel Lyra cumpre agenda no Sert\\u00e3o - Serra FM 87,9\",\"description\":\"Depois de um dia de compromissos no Agreste, a governadora Raquel Lyra cumpre, nesta quarta-feira (20), uma agenda no Sert\\u00e3o do Estado. Pela manh\\u00e3, a governadora entrega t\\u00edtulos de dom\\u00ednio no munic\\u00edpio de Afogados da Ingazeira, por meio do Instituto de Terras e Reforma Agr\\u00e1ria de Pernambuco (Iterpe). Ainda no munic\\u00edpio, visita o Hospital Regional\",\"inLanguage\":\"pt-BR\",\"isPartOf\":{\"@id\":\"https:\\\/\\\/serrafm879.com.br\\\/serrafm\\\/#website\"},\"breadcrumb\":{\"@id\":\"https:\\\/\\\/serrafm879.com.br\\\/serrafm\\\/2023\\\/12\\\/governadora-raquel-lyra-cumpre-agenda-no-sertao\\\/#breadcrumblist\"},\"author\":{\"@id\":\"https:\\\/\\\/serrafm879.com.br\\\/serrafm\\\/author\\\/serrafm87\\\/#author\"},\"creator\":{\"@id\":\"https:\\\/\\\/serrafm879.com.br\\\/serrafm\\\/author\\\/serrafm87\\\/#author\"},\"image\":{\"@type\":\"ImageObject\",\"url\":\"https:\\\/\\\/serrafm879.com.br\\\/serrafm\\\/wp-content\\\/uploads\\\/2023\\\/06\\\/Raquel-Lyra-1024x675-1.jpeg\",\"@id\":\"https:\\\/\\\/serrafm879.com.br\\\/serrafm\\\/2023\\\/12\\\/governadora-raquel-lyra-cumpre-agenda-no-sertao\\\/#mainImage\",\"width\":800,\"height\":527},\"primaryImageOfPage\":{\"@id\":\"https:\\\/\\\/serrafm879.com.br\\\/serrafm\\\/2023\\\/12\\\/governadora-raquel-lyra-cumpre-agenda-no-sertao\\\/#mainImage\"},\"datePublished\":\"2023-12-20T05:11:28-03:00\",\"dateModified\":\"2023-12-20T05:11:28-03:00\"},{\"@type\":\"WebSite\",\"@id\":\"https:\\\/\\\/serrafm879.com.br\\\/serrafm\\\/#website\",\"url\":\"https:\\\/\\\/serrafm879.com.br\\\/serrafm\\\/\",\"name\":\"Serra FM 87,9\",\"description\":\"O seu novo amor!\",\"inLanguage\":\"pt-BR\",\"publisher\":{\"@id\":\"https:\\\/\\\/serrafm879.com.br\\\/serrafm\\\/#organization\"}}]}\n\t\t<\/script>\n\t\t<!-- All in One SEO -->\n\n","aioseo_head_json":{"title":"Governadora Raquel Lyra cumpre agenda no Sert\u00e3o - Serra FM 87,9","description":"Depois de um dia de compromissos no Agreste, a governadora Raquel Lyra cumpre, nesta quarta-feira (20), uma agenda no Sert\u00e3o do Estado. Pela manh\u00e3, a governadora entrega t\u00edtulos de dom\u00ednio no munic\u00edpio de Afogados da Ingazeira, por meio do Instituto de Terras e Reforma Agr\u00e1ria de Pernambuco (Iterpe). Ainda no munic\u00edpio, visita o Hospital Regional","canonical_url":"https:\/\/serrafm879.com.br\/serrafm\/2023\/12\/governadora-raquel-lyra-cumpre-agenda-no-sertao\/","robots":"max-image-preview:large","keywords":"","webmasterTools":{"miscellaneous":""},"schema":{"@context":"https:\/\/schema.org","@graph":[{"@type":"BlogPosting","@id":"https:\/\/serrafm879.com.br\/serrafm\/2023\/12\/governadora-raquel-lyra-cumpre-agenda-no-sertao\/#blogposting","name":"Governadora Raquel Lyra cumpre agenda no Sert\u00e3o - Serra FM 87,9","headline":"Governadora Raquel Lyra cumpre agenda no Sert\u00e3o","author":{"@id":"https:\/\/serrafm879.com.br\/serrafm\/author\/serrafm87\/#author"},"publisher":{"@id":"https:\/\/serrafm879.com.br\/serrafm\/#organization"},"image":{"@type":"ImageObject","url":"https:\/\/serrafm879.com.br\/serrafm\/wp-content\/uploads\/2023\/06\/Raquel-Lyra-1024x675-1.jpeg","width":800,"height":527},"datePublished":"2023-12-20T05:11:28-03:00","dateModified":"2023-12-20T05:11:28-03:00","inLanguage":"pt-BR","mainEntityOfPage":{"@id":"https:\/\/serrafm879.com.br\/serrafm\/2023\/12\/governadora-raquel-lyra-cumpre-agenda-no-sertao\/#webpage"},"isPartOf":{"@id":"https:\/\/serrafm879.com.br\/serrafm\/2023\/12\/governadora-raquel-lyra-cumpre-agenda-no-sertao\/#webpage"},"articleSection":"Uncategorized"},{"@type":"BreadcrumbList","@id":"https:\/\/serrafm879.com.br\/serrafm\/2023\/12\/governadora-raquel-lyra-cumpre-agenda-no-sertao\/#breadcrumblist","itemListElement":[{"@type":"ListItem","@id":"https:\/\/serrafm879.com.br\/serrafm#listItem","position":1,"name":"Home","item":"https:\/\/serrafm879.com.br\/serrafm","nextItem":{"@type":"ListItem","@id":"https:\/\/serrafm879.com.br\/serrafm\/categoria\/uncategorized\/#listItem","name":"Uncategorized"}},{"@type":"ListItem","@id":"https:\/\/serrafm879.com.br\/serrafm\/categoria\/uncategorized\/#listItem","position":2,"name":"Uncategorized","item":"https:\/\/serrafm879.com.br\/serrafm\/categoria\/uncategorized\/","nextItem":{"@type":"ListItem","@id":"https:\/\/serrafm879.com.br\/serrafm\/2023\/12\/governadora-raquel-lyra-cumpre-agenda-no-sertao\/#listItem","name":"Governadora Raquel Lyra cumpre agenda no Sert\u00e3o"},"previousItem":{"@type":"ListItem","@id":"https:\/\/serrafm879.com.br\/serrafm#listItem","name":"Home"}},{"@type":"ListItem","@id":"https:\/\/serrafm879.com.br\/serrafm\/2023\/12\/governadora-raquel-lyra-cumpre-agenda-no-sertao\/#listItem","position":3,"name":"Governadora Raquel Lyra cumpre agenda no Sert\u00e3o","previousItem":{"@type":"ListItem","@id":"https:\/\/serrafm879.com.br\/serrafm\/categoria\/uncategorized\/#listItem","name":"Uncategorized"}}]},{"@type":"Organization","@id":"https:\/\/serrafm879.com.br\/serrafm\/#organization","name":"Serra FM 87,9","description":"O seu novo amor!","url":"https:\/\/serrafm879.com.br\/serrafm\/"},{"@type":"Person","@id":"https:\/\/serrafm879.com.br\/serrafm\/author\/serrafm87\/#author","url":"https:\/\/serrafm879.com.br\/serrafm\/author\/serrafm87\/","name":"serrafm87","image":{"@type":"ImageObject","@id":"https:\/\/serrafm879.com.br\/serrafm\/2023\/12\/governadora-raquel-lyra-cumpre-agenda-no-sertao\/#authorImage","url":"https:\/\/secure.gravatar.com\/avatar\/a743233f1112d34f48bb3dc9559b76eb930bab8b27175856cba6362608736235?s=96&d=mm&r=g","width":96,"height":96,"caption":"serrafm87"}},{"@type":"WebPage","@id":"https:\/\/serrafm879.com.br\/serrafm\/2023\/12\/governadora-raquel-lyra-cumpre-agenda-no-sertao\/#webpage","url":"https:\/\/serrafm879.com.br\/serrafm\/2023\/12\/governadora-raquel-lyra-cumpre-agenda-no-sertao\/","name":"Governadora Raquel Lyra cumpre agenda no Sert\u00e3o - Serra FM 87,9","description":"Depois de um dia de compromissos no Agreste, a governadora Raquel Lyra cumpre, nesta quarta-feira (20), uma agenda no Sert\u00e3o do Estado. Pela manh\u00e3, a governadora entrega t\u00edtulos de dom\u00ednio no munic\u00edpio de Afogados da Ingazeira, por meio do Instituto de Terras e Reforma Agr\u00e1ria de Pernambuco (Iterpe). Ainda no munic\u00edpio, visita o Hospital Regional","inLanguage":"pt-BR","isPartOf":{"@id":"https:\/\/serrafm879.com.br\/serrafm\/#website"},"breadcrumb":{"@id":"https:\/\/serrafm879.com.br\/serrafm\/2023\/12\/governadora-raquel-lyra-cumpre-agenda-no-sertao\/#breadcrumblist"},"author":{"@id":"https:\/\/serrafm879.com.br\/serrafm\/author\/serrafm87\/#author"},"creator":{"@id":"https:\/\/serrafm879.com.br\/serrafm\/author\/serrafm87\/#author"},"image":{"@type":"ImageObject","url":"https:\/\/serrafm879.com.br\/serrafm\/wp-content\/uploads\/2023\/06\/Raquel-Lyra-1024x675-1.jpeg","@id":"https:\/\/serrafm879.com.br\/serrafm\/2023\/12\/governadora-raquel-lyra-cumpre-agenda-no-sertao\/#mainImage","width":800,"height":527},"primaryImageOfPage":{"@id":"https:\/\/serrafm879.com.br\/serrafm\/2023\/12\/governadora-raquel-lyra-cumpre-agenda-no-sertao\/#mainImage"},"datePublished":"2023-12-20T05:11:28-03:00","dateModified":"2023-12-20T05:11:28-03:00"},{"@type":"WebSite","@id":"https:\/\/serrafm879.com.br\/serrafm\/#website","url":"https:\/\/serrafm879.com.br\/serrafm\/","name":"Serra FM 87,9","description":"O seu novo amor!","inLanguage":"pt-BR","publisher":{"@id":"https:\/\/serrafm879.com.br\/serrafm\/#organization"}}]},"twitter:card":"summary_large_image","twitter:title":"Governadora Raquel Lyra cumpre agenda no Sert\u00e3o - Serra FM 87,9","twitter:description":"Depois de um dia de compromissos no Agreste, a governadora Raquel Lyra cumpre, nesta quarta-feira (20), uma agenda no Sert\u00e3o do Estado. Pela manh\u00e3, a governadora entrega t\u00edtulos de dom\u00ednio no munic\u00edpio de Afogados da Ingazeira, por meio do Instituto de Terras e Reforma Agr\u00e1ria de Pernambuco (Iterpe). Ainda no munic\u00edpio, visita o Hospital Regional","twitter:image":"https:\/\/serrafm879.com.br\/serrafm\/wp-content\/uploads\/2023\/06\/Raquel-Lyra-1024x675-1.jpeg"},"aioseo_meta_data":{"post_id":"15257","title":null,"description":null,"keywords":null,"keyphrases":null,"primary_term":null,"canonical_url":null,"og_title":null,"og_description":null,"og_object_type":"default","og_image_type":"default","og_image_custom_url":null,"og_image_custom_fields":null,"og_image_url":null,"og_image_width":null,"og_image_height":null,"og_video":null,"og_custom_url":null,"og_article_section":null,"og_article_tags":null,"twitter_use_og":false,"twitter_card":"default","twitter_image_type":"default","twitter_image_custom_url":null,"twitter_image_custom_fields":null,"twitter_image_url":null,"twitter_title":null,"twitter_description":null,"schema_type":"default","schema_type_options":null,"schema":{"blockGraphs":[],"customGraphs":[],"default":{"data":{"Article":[],"Course":[],"Dataset":[],"FAQPage":[],"Movie":[],"Person":[],"Product":[],"ProductReview":[],"Car":[],"Recipe":[],"Service":[],"SoftwareApplication":[],"WebPage":[]},"graphName":"","isEnabled":true},"graphs":[]},"pillar_content":false,"robots_default":true,"robots_noindex":false,"robots_noarchive":false,"robots_nosnippet":false,"robots_nofollow":false,"robots_noimageindex":false,"robots_noodp":false,"robots_notranslate":false,"robots_max_snippet":null,"robots_max_videopreview":null,"robots_max_imagepreview":"large","priority":null,"frequency":null,"local_seo":null,"limit_modified_date":false,"ai":null,"breadcrumb_settings":null,"seo_analyzer_scan_date":null,"created":"2026-07-21 09:23:10","updated":"2026-07-21 09:23:10"},"aioseo_breadcrumb":"<div class=\"aioseo-breadcrumbs\"><span class=\"aioseo-breadcrumb\">\n\t\t\t<a href=\"https:\/\/serrafm879.com.br\/serrafm\" title=\"Home\">Home<\/a>\n\t\t<\/span><span class=\"aioseo-breadcrumb-separator\">&raquo;<\/span><span class=\"aioseo-breadcrumb\">\n\t\t\t<a href=\"https:\/\/serrafm879.com.br\/serrafm\/categoria\/uncategorized\/\" title=\"Uncategorized\">Uncategorized<\/a>\n\t\t<\/span><span class=\"aioseo-breadcrumb-separator\">&raquo;<\/span><span class=\"aioseo-breadcrumb\">\n\t\t\tGovernadora Raquel Lyra cumpre agenda no Sert\u00e3o\n\t\t<\/span><\/div>","aioseo_breadcrumb_json":[{"label":"Home","link":"https:\/\/serrafm879.com.br\/serrafm"},{"label":"Uncategorized","link":"https:\/\/serrafm879.com.br\/serrafm\/categoria\/uncategorized\/"},{"label":"Governadora Raquel Lyra cumpre agenda no Sert\u00e3o","link":"https:\/\/serrafm879.com.br\/serrafm\/2023\/12\/governadora-raquel-lyra-cumpre-agenda-no-sertao\/"}],"jetpack_publicize_connections":[],"jetpack_featured_media_url":"https:\/\/serrafm879.com.br\/serrafm\/wp-content\/uploads\/2023\/06\/Raquel-Lyra-1024x675-1.jpeg","jetpack_shortlink":"https:\/\/wp.me\/p7HyXg-3Y5","jetpack_sharing_enabled":true,"_links":{"self":[{"href":"https:\/\/serrafm879.com.br\/serrafm\/wp-json\/wp\/v2\/posts\/15257","targetHints":{"allow":["GET"]}}],"collection":[{"href":"https:\/\/serrafm879.com.br\/serrafm\/wp-json\/wp\/v2\/posts"}],"about":[{"href":"https:\/\/serrafm879.com.br\/serrafm\/wp-json\/wp\/v2\/types\/post"}],"author":[{"embeddable":true,"href":"https:\/\/serrafm879.com.br\/serrafm\/wp-json\/wp\/v2\/users\/2"}],"replies":[{"embeddable":true,"href":"https:\/\/serrafm879.com.br\/serrafm\/wp-json\/wp\/v2\/comments?post=15257"}],"version-history":[{"count":1,"href":"https:\/\/serrafm879.com.br\/serrafm\/wp-json\/wp\/v2\/posts\/15257\/revisions"}],"predecessor-version":[{"id":15258,"href":"https:\/\/serrafm879.com.br\/serrafm\/wp-json\/wp\/v2\/posts\/15257\/revisions\/15258"}],"wp:featuredmedia":[{"embeddable":true,"href":"https:\/\/serrafm879.com.br\/serrafm\/wp-json\/wp\/v2\/media\/13034"}],"wp:attachment":[{"href":"https:\/\/serrafm879.com.br\/serrafm\/wp-json\/wp\/v2\/media?parent=15257"}],"wp:term":[{"taxonomy":"category","embeddable":true,"href":"https:\/\/serrafm879.com.br\/serrafm\/wp-json\/wp\/v2\/categories?post=15257"},{"taxonomy":"post_tag","embeddable":true,"href":"https:\/\/serrafm879.com.br\/serrafm\/wp-json\/wp\/v2\/tags?post=15257"}],"curies":[{"name":"wp","href":"https:\/\/api.w.org\/{rel}","templated":true}]}}