{"id":15260,"date":"2023-12-20T05:13:22","date_gmt":"2023-12-20T08:13:22","guid":{"rendered":"https:\/?p=15260"},"modified":"2023-12-20T05:13:22","modified_gmt":"2023-12-20T08:13:22","slug":"contas-da-prefeita-marcia-conrado-sao-aprovadas-pela-camara-de-vereadores-em-serra-talhada","status":"publish","type":"post","link":"https:\/\/serrafm879.com.br\/serrafm\/2023\/12\/contas-da-prefeita-marcia-conrado-sao-aprovadas-pela-camara-de-vereadores-em-serra-talhada\/","title":{"rendered":"Contas da prefeita M\u00e1rcia Conrado s\u00e3o aprovadas pela C\u00e2mara de Vereadores em Serra Talhada"},"content":{"rendered":"<p>A C\u00e2mara Municipal de Serra Talhada (CMST), aprovou, durante sess\u00e3o nesta ter\u00e7a-feira (19), as contas da prefeita M\u00e1rcia Conrado relativas ao ano de 2021.<\/p>\n<p>O Tribunal de Contas de Pernambuco (TCE) recomendou a aprova\u00e7\u00e3o com ressalvas, e a orienta\u00e7\u00e3o foi seguida por todos os parlamentares. Foram 16 votos a favor. O l\u00edder do governo, Gin Oliveira, n\u00e3o participou da sess\u00e3o.<\/p>\n<p>O que chamou a aten\u00e7\u00e3o foi a postura do bloco da oposi\u00e7\u00e3o, que votou pela aprova\u00e7\u00e3o das contas. O vereador Ronaldo de Deja, pr\u00e9-candidato a prefeito, justificou o voto. \u201cEu j\u00e1 vi uma contas de Carlos Evandro ser reprovada nesta casa, infelizmente por jogo pol\u00edtico. At\u00e9 hoje Carlos Evandro est\u00e1 prejudicado, um dos melhores prefeitos de Serra Talhada. Jamais irei votar parte pol\u00edtica. A gente faz pol\u00edtica no\u00a0 momento certo\u201d, justificou Ronaldo de Deja, afirmando que tinha votado \u2018sim\u2019 tamb\u00e9m nas comiss\u00f5es.<\/p>\n<p>O l\u00edder da Oposi\u00e7\u00e3o, Vandinho da Sa\u00fade, tamb\u00e9m votou favor\u00e1vel, apesar das irregularidades apontadas pelo Tribunal de Contas.<\/p>\n<div>\u201cAnalisei alguns pontos do relat\u00f3rios, e fiquei feliz, pelo fato de quebrar alguns paradigmas. Me chamam de mentiroso, pirot\u00e9cnico, e analisando o relat\u00f3rio, tudo que vinha falando nesta tribuna, o relat\u00f3rio apresenta. Cada um vota de acordo com sua consci\u00eancia. O relat\u00f3rio aponta algumas irregularidades. Foram cinco. Mas o governo apresentou comprovantes, que lhe abonaram. Foram irregularidades corrig\u00edveis.<\/div>\n","protected":false},"excerpt":{"rendered":"<p>A C\u00e2mara Municipal de Serra Talhada (CMST), aprovou, durante sess\u00e3o nesta ter\u00e7a-feira (19), as contas da prefeita M\u00e1rcia Conrado relativas ao ano de 2021. O Tribunal de Contas de Pernambuco (TCE) recomendou a aprova\u00e7\u00e3o com ressalvas, e a orienta\u00e7\u00e3o foi seguida por todos os parlamentares. Foram 16 votos a favor. O l\u00edder do governo, Gin Oliveira, n\u00e3o participou da sess\u00e3o. O que chamou a aten\u00e7\u00e3o foi a postura do bloco da oposi\u00e7\u00e3o, que votou pela aprova\u00e7\u00e3o das contas. O vereador Ronaldo de Deja, pr\u00e9-candidato a prefeito, justificou o voto. \u201cEu j\u00e1 vi uma contas de Carlos Evandro ser reprovada nesta [&hellip;]<\/p>\n","protected":false},"author":2,"featured_media":15192,"comment_status":"open","ping_status":"open","sticky":false,"template":"","format":"standard","meta":{"_jetpack_newsletter_access":"","_jetpack_dont_email_post_to_subs":false,"_jetpack_newsletter_tier_id":0,"_jetpack_memberships_contains_paywalled_content":false,"_jetpack_feature_clip_id":0,"_jetpack_memberships_contains_paid_content":false,"footnotes":"","jetpack_publicize_message":"","jetpack_publicize_feature_enabled":true,"jetpack_social_post_already_shared":true,"jetpack_social_options":{"image_generator_settings":{"template":"highway","default_image_id":0,"font":"","enabled":false},"version":2},"jetpack_post_was_ever_published":false},"categories":[1],"tags":[],"class_list":["post-15260","post","type-post","status-publish","format-standard","has-post-thumbnail","hentry","category-uncategorized"],"aioseo_notices":[],"aioseo_head":"\n\t\t<!-- All in One SEO 4.9.10 - aioseo.com -->\n\t<meta name=\"description\" content=\"A C\u00e2mara Municipal de Serra Talhada (CMST), aprovou, durante sess\u00e3o nesta ter\u00e7a-feira (19), as contas da prefeita M\u00e1rcia Conrado relativas ao ano de 2021. O Tribunal de Contas de Pernambuco (TCE) recomendou a aprova\u00e7\u00e3o com ressalvas, e a orienta\u00e7\u00e3o foi seguida por todos os parlamentares. Foram 16 votos a favor. O l\u00edder do governo, Gin\" \/>\n\t<meta name=\"robots\" content=\"max-image-preview:large\" \/>\n\t<meta name=\"author\" content=\"serrafm87\"\/>\n\t<link rel=\"canonical\" href=\"https:\/\/serrafm879.com.br\/serrafm\/2023\/12\/contas-da-prefeita-marcia-conrado-sao-aprovadas-pela-camara-de-vereadores-em-serra-talhada\/\" \/>\n\t<meta name=\"generator\" content=\"All in One SEO (AIOSEO) 4.9.10\" \/>\n\t\t<meta name=\"twitter:card\" content=\"summary_large_image\" \/>\n\t\t<meta name=\"twitter:title\" content=\"Contas da prefeita M\u00e1rcia Conrado s\u00e3o aprovadas pela C\u00e2mara de Vereadores em Serra Talhada - Serra FM 87,9\" \/>\n\t\t<meta name=\"twitter:description\" content=\"A C\u00e2mara Municipal de Serra Talhada (CMST), aprovou, durante sess\u00e3o nesta ter\u00e7a-feira (19), as contas da prefeita M\u00e1rcia Conrado relativas ao ano de 2021. O Tribunal de Contas de Pernambuco (TCE) recomendou a aprova\u00e7\u00e3o com ressalvas, e a orienta\u00e7\u00e3o foi seguida por todos os parlamentares. Foram 16 votos a favor. O l\u00edder do governo, Gin\" \/>\n\t\t<meta name=\"twitter:image\" content=\"https:\/\/serrafm879.com.br\/serrafm\/wp-content\/uploads\/2023\/12\/MarciaConrado-30-10-23.webp\" \/>\n\t\t<script type=\"application\/ld+json\" class=\"aioseo-schema\">\n\t\t\t{\"@context\":\"https:\\\/\\\/schema.org\",\"@graph\":[{\"@type\":\"BlogPosting\",\"@id\":\"https:\\\/\\\/serrafm879.com.br\\\/serrafm\\\/2023\\\/12\\\/contas-da-prefeita-marcia-conrado-sao-aprovadas-pela-camara-de-vereadores-em-serra-talhada\\\/#blogposting\",\"name\":\"Contas da prefeita M\\u00e1rcia Conrado s\\u00e3o aprovadas pela C\\u00e2mara de Vereadores em Serra Talhada - Serra FM 87,9\",\"headline\":\"Contas da prefeita M\\u00e1rcia Conrado s\\u00e3o aprovadas pela C\\u00e2mara de Vereadores em Serra Talhada\",\"author\":{\"@id\":\"https:\\\/\\\/serrafm879.com.br\\\/serrafm\\\/author\\\/serrafm87\\\/#author\"},\"publisher\":{\"@id\":\"https:\\\/\\\/serrafm879.com.br\\\/serrafm\\\/#organization\"},\"image\":{\"@type\":\"ImageObject\",\"url\":\"https:\\\/\\\/serrafm879.com.br\\\/serrafm\\\/wp-content\\\/uploads\\\/2023\\\/12\\\/MarciaConrado-30-10-23.webp\",\"width\":1200,\"height\":800},\"datePublished\":\"2023-12-20T05:13:22-03:00\",\"dateModified\":\"2023-12-20T05:13:22-03:00\",\"inLanguage\":\"pt-BR\",\"mainEntityOfPage\":{\"@id\":\"https:\\\/\\\/serrafm879.com.br\\\/serrafm\\\/2023\\\/12\\\/contas-da-prefeita-marcia-conrado-sao-aprovadas-pela-camara-de-vereadores-em-serra-talhada\\\/#webpage\"},\"isPartOf\":{\"@id\":\"https:\\\/\\\/serrafm879.com.br\\\/serrafm\\\/2023\\\/12\\\/contas-da-prefeita-marcia-conrado-sao-aprovadas-pela-camara-de-vereadores-em-serra-talhada\\\/#webpage\"},\"articleSection\":\"Uncategorized\"},{\"@type\":\"BreadcrumbList\",\"@id\":\"https:\\\/\\\/serrafm879.com.br\\\/serrafm\\\/2023\\\/12\\\/contas-da-prefeita-marcia-conrado-sao-aprovadas-pela-camara-de-vereadores-em-serra-talhada\\\/#breadcrumblist\",\"itemListElement\":[{\"@type\":\"ListItem\",\"@id\":\"https:\\\/\\\/serrafm879.com.br\\\/serrafm#listItem\",\"position\":1,\"name\":\"Home\",\"item\":\"https:\\\/\\\/serrafm879.com.br\\\/serrafm\",\"nextItem\":{\"@type\":\"ListItem\",\"@id\":\"https:\\\/\\\/serrafm879.com.br\\\/serrafm\\\/categoria\\\/uncategorized\\\/#listItem\",\"name\":\"Uncategorized\"}},{\"@type\":\"ListItem\",\"@id\":\"https:\\\/\\\/serrafm879.com.br\\\/serrafm\\\/categoria\\\/uncategorized\\\/#listItem\",\"position\":2,\"name\":\"Uncategorized\",\"item\":\"https:\\\/\\\/serrafm879.com.br\\\/serrafm\\\/categoria\\\/uncategorized\\\/\",\"nextItem\":{\"@type\":\"ListItem\",\"@id\":\"https:\\\/\\\/serrafm879.com.br\\\/serrafm\\\/2023\\\/12\\\/contas-da-prefeita-marcia-conrado-sao-aprovadas-pela-camara-de-vereadores-em-serra-talhada\\\/#listItem\",\"name\":\"Contas da prefeita M\\u00e1rcia Conrado s\\u00e3o aprovadas pela C\\u00e2mara de Vereadores em Serra Talhada\"},\"previousItem\":{\"@type\":\"ListItem\",\"@id\":\"https:\\\/\\\/serrafm879.com.br\\\/serrafm#listItem\",\"name\":\"Home\"}},{\"@type\":\"ListItem\",\"@id\":\"https:\\\/\\\/serrafm879.com.br\\\/serrafm\\\/2023\\\/12\\\/contas-da-prefeita-marcia-conrado-sao-aprovadas-pela-camara-de-vereadores-em-serra-talhada\\\/#listItem\",\"position\":3,\"name\":\"Contas da prefeita M\\u00e1rcia Conrado s\\u00e3o aprovadas pela C\\u00e2mara de Vereadores em Serra Talhada\",\"previousItem\":{\"@type\":\"ListItem\",\"@id\":\"https:\\\/\\\/serrafm879.com.br\\\/serrafm\\\/categoria\\\/uncategorized\\\/#listItem\",\"name\":\"Uncategorized\"}}]},{\"@type\":\"Organization\",\"@id\":\"https:\\\/\\\/serrafm879.com.br\\\/serrafm\\\/#organization\",\"name\":\"Serra FM 87,9\",\"description\":\"O seu novo amor!\",\"url\":\"https:\\\/\\\/serrafm879.com.br\\\/serrafm\\\/\"},{\"@type\":\"Person\",\"@id\":\"https:\\\/\\\/serrafm879.com.br\\\/serrafm\\\/author\\\/serrafm87\\\/#author\",\"url\":\"https:\\\/\\\/serrafm879.com.br\\\/serrafm\\\/author\\\/serrafm87\\\/\",\"name\":\"serrafm87\",\"image\":{\"@type\":\"ImageObject\",\"@id\":\"https:\\\/\\\/serrafm879.com.br\\\/serrafm\\\/2023\\\/12\\\/contas-da-prefeita-marcia-conrado-sao-aprovadas-pela-camara-de-vereadores-em-serra-talhada\\\/#authorImage\",\"url\":\"https:\\\/\\\/secure.gravatar.com\\\/avatar\\\/a743233f1112d34f48bb3dc9559b76eb930bab8b27175856cba6362608736235?s=96&d=mm&r=g\",\"width\":96,\"height\":96,\"caption\":\"serrafm87\"}},{\"@type\":\"WebPage\",\"@id\":\"https:\\\/\\\/serrafm879.com.br\\\/serrafm\\\/2023\\\/12\\\/contas-da-prefeita-marcia-conrado-sao-aprovadas-pela-camara-de-vereadores-em-serra-talhada\\\/#webpage\",\"url\":\"https:\\\/\\\/serrafm879.com.br\\\/serrafm\\\/2023\\\/12\\\/contas-da-prefeita-marcia-conrado-sao-aprovadas-pela-camara-de-vereadores-em-serra-talhada\\\/\",\"name\":\"Contas da prefeita M\\u00e1rcia Conrado s\\u00e3o aprovadas pela C\\u00e2mara de Vereadores em Serra Talhada - Serra FM 87,9\",\"description\":\"A C\\u00e2mara Municipal de Serra Talhada (CMST), aprovou, durante sess\\u00e3o nesta ter\\u00e7a-feira (19), as contas da prefeita M\\u00e1rcia Conrado relativas ao ano de 2021. O Tribunal de Contas de Pernambuco (TCE) recomendou a aprova\\u00e7\\u00e3o com ressalvas, e a orienta\\u00e7\\u00e3o foi seguida por todos os parlamentares. Foram 16 votos a favor. O l\\u00edder do governo, Gin\",\"inLanguage\":\"pt-BR\",\"isPartOf\":{\"@id\":\"https:\\\/\\\/serrafm879.com.br\\\/serrafm\\\/#website\"},\"breadcrumb\":{\"@id\":\"https:\\\/\\\/serrafm879.com.br\\\/serrafm\\\/2023\\\/12\\\/contas-da-prefeita-marcia-conrado-sao-aprovadas-pela-camara-de-vereadores-em-serra-talhada\\\/#breadcrumblist\"},\"author\":{\"@id\":\"https:\\\/\\\/serrafm879.com.br\\\/serrafm\\\/author\\\/serrafm87\\\/#author\"},\"creator\":{\"@id\":\"https:\\\/\\\/serrafm879.com.br\\\/serrafm\\\/author\\\/serrafm87\\\/#author\"},\"image\":{\"@type\":\"ImageObject\",\"url\":\"https:\\\/\\\/serrafm879.com.br\\\/serrafm\\\/wp-content\\\/uploads\\\/2023\\\/12\\\/MarciaConrado-30-10-23.webp\",\"@id\":\"https:\\\/\\\/serrafm879.com.br\\\/serrafm\\\/2023\\\/12\\\/contas-da-prefeita-marcia-conrado-sao-aprovadas-pela-camara-de-vereadores-em-serra-talhada\\\/#mainImage\",\"width\":1200,\"height\":800},\"primaryImageOfPage\":{\"@id\":\"https:\\\/\\\/serrafm879.com.br\\\/serrafm\\\/2023\\\/12\\\/contas-da-prefeita-marcia-conrado-sao-aprovadas-pela-camara-de-vereadores-em-serra-talhada\\\/#mainImage\"},\"datePublished\":\"2023-12-20T05:13:22-03:00\",\"dateModified\":\"2023-12-20T05:13:22-03:00\"},{\"@type\":\"WebSite\",\"@id\":\"https:\\\/\\\/serrafm879.com.br\\\/serrafm\\\/#website\",\"url\":\"https:\\\/\\\/serrafm879.com.br\\\/serrafm\\\/\",\"name\":\"Serra FM 87,9\",\"description\":\"O seu novo amor!\",\"inLanguage\":\"pt-BR\",\"publisher\":{\"@id\":\"https:\\\/\\\/serrafm879.com.br\\\/serrafm\\\/#organization\"}}]}\n\t\t<\/script>\n\t\t<!-- All in One SEO -->\n\n","aioseo_head_json":{"title":"Contas da prefeita M\u00e1rcia Conrado s\u00e3o aprovadas pela C\u00e2mara de Vereadores em Serra Talhada - Serra FM 87,9","description":"A C\u00e2mara Municipal de Serra Talhada (CMST), aprovou, durante sess\u00e3o nesta ter\u00e7a-feira (19), as contas da prefeita M\u00e1rcia Conrado relativas ao ano de 2021. O Tribunal de Contas de Pernambuco (TCE) recomendou a aprova\u00e7\u00e3o com ressalvas, e a orienta\u00e7\u00e3o foi seguida por todos os parlamentares. Foram 16 votos a favor. O l\u00edder do governo, Gin","canonical_url":"https:\/\/serrafm879.com.br\/serrafm\/2023\/12\/contas-da-prefeita-marcia-conrado-sao-aprovadas-pela-camara-de-vereadores-em-serra-talhada\/","robots":"max-image-preview:large","keywords":"","webmasterTools":{"miscellaneous":""},"schema":{"@context":"https:\/\/schema.org","@graph":[{"@type":"BlogPosting","@id":"https:\/\/serrafm879.com.br\/serrafm\/2023\/12\/contas-da-prefeita-marcia-conrado-sao-aprovadas-pela-camara-de-vereadores-em-serra-talhada\/#blogposting","name":"Contas da prefeita M\u00e1rcia Conrado s\u00e3o aprovadas pela C\u00e2mara de Vereadores em Serra Talhada - Serra FM 87,9","headline":"Contas da prefeita M\u00e1rcia Conrado s\u00e3o aprovadas pela C\u00e2mara de Vereadores em Serra Talhada","author":{"@id":"https:\/\/serrafm879.com.br\/serrafm\/author\/serrafm87\/#author"},"publisher":{"@id":"https:\/\/serrafm879.com.br\/serrafm\/#organization"},"image":{"@type":"ImageObject","url":"https:\/\/serrafm879.com.br\/serrafm\/wp-content\/uploads\/2023\/12\/MarciaConrado-30-10-23.webp","width":1200,"height":800},"datePublished":"2023-12-20T05:13:22-03:00","dateModified":"2023-12-20T05:13:22-03:00","inLanguage":"pt-BR","mainEntityOfPage":{"@id":"https:\/\/serrafm879.com.br\/serrafm\/2023\/12\/contas-da-prefeita-marcia-conrado-sao-aprovadas-pela-camara-de-vereadores-em-serra-talhada\/#webpage"},"isPartOf":{"@id":"https:\/\/serrafm879.com.br\/serrafm\/2023\/12\/contas-da-prefeita-marcia-conrado-sao-aprovadas-pela-camara-de-vereadores-em-serra-talhada\/#webpage"},"articleSection":"Uncategorized"},{"@type":"BreadcrumbList","@id":"https:\/\/serrafm879.com.br\/serrafm\/2023\/12\/contas-da-prefeita-marcia-conrado-sao-aprovadas-pela-camara-de-vereadores-em-serra-talhada\/#breadcrumblist","itemListElement":[{"@type":"ListItem","@id":"https:\/\/serrafm879.com.br\/serrafm#listItem","position":1,"name":"Home","item":"https:\/\/serrafm879.com.br\/serrafm","nextItem":{"@type":"ListItem","@id":"https:\/\/serrafm879.com.br\/serrafm\/categoria\/uncategorized\/#listItem","name":"Uncategorized"}},{"@type":"ListItem","@id":"https:\/\/serrafm879.com.br\/serrafm\/categoria\/uncategorized\/#listItem","position":2,"name":"Uncategorized","item":"https:\/\/serrafm879.com.br\/serrafm\/categoria\/uncategorized\/","nextItem":{"@type":"ListItem","@id":"https:\/\/serrafm879.com.br\/serrafm\/2023\/12\/contas-da-prefeita-marcia-conrado-sao-aprovadas-pela-camara-de-vereadores-em-serra-talhada\/#listItem","name":"Contas da prefeita M\u00e1rcia Conrado s\u00e3o aprovadas pela C\u00e2mara de Vereadores em Serra Talhada"},"previousItem":{"@type":"ListItem","@id":"https:\/\/serrafm879.com.br\/serrafm#listItem","name":"Home"}},{"@type":"ListItem","@id":"https:\/\/serrafm879.com.br\/serrafm\/2023\/12\/contas-da-prefeita-marcia-conrado-sao-aprovadas-pela-camara-de-vereadores-em-serra-talhada\/#listItem","position":3,"name":"Contas da prefeita M\u00e1rcia Conrado s\u00e3o aprovadas pela C\u00e2mara de Vereadores em Serra Talhada","previousItem":{"@type":"ListItem","@id":"https:\/\/serrafm879.com.br\/serrafm\/categoria\/uncategorized\/#listItem","name":"Uncategorized"}}]},{"@type":"Organization","@id":"https:\/\/serrafm879.com.br\/serrafm\/#organization","name":"Serra FM 87,9","description":"O seu novo amor!","url":"https:\/\/serrafm879.com.br\/serrafm\/"},{"@type":"Person","@id":"https:\/\/serrafm879.com.br\/serrafm\/author\/serrafm87\/#author","url":"https:\/\/serrafm879.com.br\/serrafm\/author\/serrafm87\/","name":"serrafm87","image":{"@type":"ImageObject","@id":"https:\/\/serrafm879.com.br\/serrafm\/2023\/12\/contas-da-prefeita-marcia-conrado-sao-aprovadas-pela-camara-de-vereadores-em-serra-talhada\/#authorImage","url":"https:\/\/secure.gravatar.com\/avatar\/a743233f1112d34f48bb3dc9559b76eb930bab8b27175856cba6362608736235?s=96&d=mm&r=g","width":96,"height":96,"caption":"serrafm87"}},{"@type":"WebPage","@id":"https:\/\/serrafm879.com.br\/serrafm\/2023\/12\/contas-da-prefeita-marcia-conrado-sao-aprovadas-pela-camara-de-vereadores-em-serra-talhada\/#webpage","url":"https:\/\/serrafm879.com.br\/serrafm\/2023\/12\/contas-da-prefeita-marcia-conrado-sao-aprovadas-pela-camara-de-vereadores-em-serra-talhada\/","name":"Contas da prefeita M\u00e1rcia Conrado s\u00e3o aprovadas pela C\u00e2mara de Vereadores em Serra Talhada - Serra FM 87,9","description":"A C\u00e2mara Municipal de Serra Talhada (CMST), aprovou, durante sess\u00e3o nesta ter\u00e7a-feira (19), as contas da prefeita M\u00e1rcia Conrado relativas ao ano de 2021. O Tribunal de Contas de Pernambuco (TCE) recomendou a aprova\u00e7\u00e3o com ressalvas, e a orienta\u00e7\u00e3o foi seguida por todos os parlamentares. Foram 16 votos a favor. O l\u00edder do governo, Gin","inLanguage":"pt-BR","isPartOf":{"@id":"https:\/\/serrafm879.com.br\/serrafm\/#website"},"breadcrumb":{"@id":"https:\/\/serrafm879.com.br\/serrafm\/2023\/12\/contas-da-prefeita-marcia-conrado-sao-aprovadas-pela-camara-de-vereadores-em-serra-talhada\/#breadcrumblist"},"author":{"@id":"https:\/\/serrafm879.com.br\/serrafm\/author\/serrafm87\/#author"},"creator":{"@id":"https:\/\/serrafm879.com.br\/serrafm\/author\/serrafm87\/#author"},"image":{"@type":"ImageObject","url":"https:\/\/serrafm879.com.br\/serrafm\/wp-content\/uploads\/2023\/12\/MarciaConrado-30-10-23.webp","@id":"https:\/\/serrafm879.com.br\/serrafm\/2023\/12\/contas-da-prefeita-marcia-conrado-sao-aprovadas-pela-camara-de-vereadores-em-serra-talhada\/#mainImage","width":1200,"height":800},"primaryImageOfPage":{"@id":"https:\/\/serrafm879.com.br\/serrafm\/2023\/12\/contas-da-prefeita-marcia-conrado-sao-aprovadas-pela-camara-de-vereadores-em-serra-talhada\/#mainImage"},"datePublished":"2023-12-20T05:13:22-03:00","dateModified":"2023-12-20T05:13:22-03:00"},{"@type":"WebSite","@id":"https:\/\/serrafm879.com.br\/serrafm\/#website","url":"https:\/\/serrafm879.com.br\/serrafm\/","name":"Serra FM 87,9","description":"O seu novo amor!","inLanguage":"pt-BR","publisher":{"@id":"https:\/\/serrafm879.com.br\/serrafm\/#organization"}}]},"twitter:card":"summary_large_image","twitter:title":"Contas da prefeita M\u00e1rcia Conrado s\u00e3o aprovadas pela C\u00e2mara de Vereadores em Serra Talhada - Serra FM 87,9","twitter:description":"A C\u00e2mara Municipal de Serra Talhada (CMST), aprovou, durante sess\u00e3o nesta ter\u00e7a-feira (19), as contas da prefeita M\u00e1rcia Conrado relativas ao ano de 2021. O Tribunal de Contas de Pernambuco (TCE) recomendou a aprova\u00e7\u00e3o com ressalvas, e a orienta\u00e7\u00e3o foi seguida por todos os parlamentares. Foram 16 votos a favor. O l\u00edder do governo, Gin","twitter:image":"https:\/\/serrafm879.com.br\/serrafm\/wp-content\/uploads\/2023\/12\/MarciaConrado-30-10-23.webp"},"aioseo_meta_data":{"post_id":"15260","title":null,"description":null,"keywords":null,"keyphrases":null,"primary_term":null,"canonical_url":null,"og_title":null,"og_description":null,"og_object_type":"default","og_image_type":"default","og_image_custom_url":null,"og_image_custom_fields":null,"og_image_url":null,"og_image_width":null,"og_image_height":null,"og_video":null,"og_custom_url":null,"og_article_section":null,"og_article_tags":null,"twitter_use_og":false,"twitter_card":"default","twitter_image_type":"default","twitter_image_custom_url":null,"twitter_image_custom_fields":null,"twitter_image_url":null,"twitter_title":null,"twitter_description":null,"schema_type":"default","schema_type_options":null,"schema":{"blockGraphs":[],"customGraphs":[],"default":{"data":{"Article":[],"Course":[],"Dataset":[],"FAQPage":[],"Movie":[],"Person":[],"Product":[],"ProductReview":[],"Car":[],"Recipe":[],"Service":[],"SoftwareApplication":[],"WebPage":[]},"graphName":"","isEnabled":true},"graphs":[]},"pillar_content":false,"robots_default":true,"robots_noindex":false,"robots_noarchive":false,"robots_nosnippet":false,"robots_nofollow":false,"robots_noimageindex":false,"robots_noodp":false,"robots_notranslate":false,"robots_max_snippet":null,"robots_max_videopreview":null,"robots_max_imagepreview":"large","priority":null,"frequency":null,"local_seo":null,"limit_modified_date":false,"ai":null,"breadcrumb_settings":null,"seo_analyzer_scan_date":null,"created":"2026-07-21 09:23:10","updated":"2026-07-21 09:23:10"},"aioseo_breadcrumb":"<div class=\"aioseo-breadcrumbs\"><span class=\"aioseo-breadcrumb\">\n\t\t\t<a href=\"https:\/\/serrafm879.com.br\/serrafm\" title=\"Home\">Home<\/a>\n\t\t<\/span><span class=\"aioseo-breadcrumb-separator\">&raquo;<\/span><span class=\"aioseo-breadcrumb\">\n\t\t\t<a href=\"https:\/\/serrafm879.com.br\/serrafm\/categoria\/uncategorized\/\" title=\"Uncategorized\">Uncategorized<\/a>\n\t\t<\/span><span class=\"aioseo-breadcrumb-separator\">&raquo;<\/span><span class=\"aioseo-breadcrumb\">\n\t\t\tContas da prefeita M\u00e1rcia Conrado s\u00e3o aprovadas pela C\u00e2mara de Vereadores em Serra Talhada\n\t\t<\/span><\/div>","aioseo_breadcrumb_json":[{"label":"Home","link":"https:\/\/serrafm879.com.br\/serrafm"},{"label":"Uncategorized","link":"https:\/\/serrafm879.com.br\/serrafm\/categoria\/uncategorized\/"},{"label":"Contas da prefeita M\u00e1rcia Conrado s\u00e3o aprovadas pela C\u00e2mara de Vereadores em Serra Talhada","link":"https:\/\/serrafm879.com.br\/serrafm\/2023\/12\/contas-da-prefeita-marcia-conrado-sao-aprovadas-pela-camara-de-vereadores-em-serra-talhada\/"}],"jetpack_publicize_connections":[],"jetpack_featured_media_url":"https:\/\/serrafm879.com.br\/serrafm\/wp-content\/uploads\/2023\/12\/MarciaConrado-30-10-23.webp","jetpack_shortlink":"https:\/\/wp.me\/p7HyXg-3Y8","jetpack_sharing_enabled":true,"_links":{"self":[{"href":"https:\/\/serrafm879.com.br\/serrafm\/wp-json\/wp\/v2\/posts\/15260","targetHints":{"allow":["GET"]}}],"collection":[{"href":"https:\/\/serrafm879.com.br\/serrafm\/wp-json\/wp\/v2\/posts"}],"about":[{"href":"https:\/\/serrafm879.com.br\/serrafm\/wp-json\/wp\/v2\/types\/post"}],"author":[{"embeddable":true,"href":"https:\/\/serrafm879.com.br\/serrafm\/wp-json\/wp\/v2\/users\/2"}],"replies":[{"embeddable":true,"href":"https:\/\/serrafm879.com.br\/serrafm\/wp-json\/wp\/v2\/comments?post=15260"}],"version-history":[{"count":1,"href":"https:\/\/serrafm879.com.br\/serrafm\/wp-json\/wp\/v2\/posts\/15260\/revisions"}],"predecessor-version":[{"id":15261,"href":"https:\/\/serrafm879.com.br\/serrafm\/wp-json\/wp\/v2\/posts\/15260\/revisions\/15261"}],"wp:featuredmedia":[{"embeddable":true,"href":"https:\/\/serrafm879.com.br\/serrafm\/wp-json\/wp\/v2\/media\/15192"}],"wp:attachment":[{"href":"https:\/\/serrafm879.com.br\/serrafm\/wp-json\/wp\/v2\/media?parent=15260"}],"wp:term":[{"taxonomy":"category","embeddable":true,"href":"https:\/\/serrafm879.com.br\/serrafm\/wp-json\/wp\/v2\/categories?post=15260"},{"taxonomy":"post_tag","embeddable":true,"href":"https:\/\/serrafm879.com.br\/serrafm\/wp-json\/wp\/v2\/tags?post=15260"}],"curies":[{"name":"wp","href":"https:\/\/api.w.org\/{rel}","templated":true}]}}