{"id":15262,"date":"2023-12-20T05:16:00","date_gmt":"2023-12-20T08:16:00","guid":{"rendered":"https:\/?p=15262"},"modified":"2023-12-20T05:16:00","modified_gmt":"2023-12-20T08:16:00","slug":"temporal-em-serra-talhada-assustou-e-deixou-boa-parte-da-cidade-sem-energia-na-terca-feira-19","status":"publish","type":"post","link":"https:\/\/serrafm879.com.br\/serrafm\/2023\/12\/temporal-em-serra-talhada-assustou-e-deixou-boa-parte-da-cidade-sem-energia-na-terca-feira-19\/","title":{"rendered":"Temporal em Serra Talhada assustou e deixou boa parte da cidade sem energia na ter\u00e7a-feira (19)"},"content":{"rendered":"<p>Na tarde da ter\u00e7a-feira (19), um temporal com chuvas, raios e trov\u00f5es intensos acabou assustando a popula\u00e7\u00e3o de Serra Talhada. Ap\u00f3s ondas de calor, a chuva chegou fazendo \u2018estragos\u2019 e arrast\u00f5es pelas ruas da cidade, mesmo com o pouco tempo de dura\u00e7\u00e3o do fen\u00f4meno natural, deixando boa parte dos moradores sem energia em suas casas e estabelecimentos comerciais.<\/p>\n<p>As fortes ventanias acabaram derrubando \u00e1rvores, outdoors e inclusive, destruiu algumas ornamenta\u00e7\u00f5es de natal na Pra\u00e7a S\u00e9rgio Magalh\u00e3es, no Centro de Serra Talhada.<\/p>\n<p><em><strong>Veja algumas imagens:<\/strong><\/em><\/p>\n<p><img decoding=\"async\" src=\"https:\/\/blogger.googleusercontent.com\/img\/b\/R29vZ2xl\/AVvXsEg7zw6sg3Ux3-TKq9yy-SuAyrh2ARBPITzbzIKAvrZ1HLAm9bODgdcLGQRWWbZS8dq0Be8FHDPZZwnLUX6IegwRrBERuIEnuoV5Z7fL_xtHPpLamWV5nzsCAsufms2-uTWa7Xmz7GsQRjpOCUJfqh2YNOrQCyZvLCERpmW5sIFEX7s0wod4lkZsdTvPLGg\/s16000\/IMG_20231219_174651.jpg\" \/><\/p>\n<p><img decoding=\"async\" src=\"https:\/\/blogger.googleusercontent.com\/img\/b\/R29vZ2xl\/AVvXsEhIaE_N9l-O0ZnTxrscxk4PxVMhOUknbddBLo5iz2bFrdy-ycmITd7-E7ii0S-vo7F-lbKeogqVS8fhcyGk4KNbptAJMxx-zJhHhia5LqkQFHSPUv304RhpJhMIaYHryP8Fm9BRR7YncJFSmp0wajS5k9qblpvL95LgtgNpGhGuHVuEoD-ASe9Gwnc9CKI\/s4000\/IMG_20231219_174559.jpg\" \/><\/p>\n<p><img decoding=\"async\" src=\"https:\/\/blogger.googleusercontent.com\/img\/b\/R29vZ2xl\/AVvXsEjxRf0JC_kaVbUtLjrrhuZBqGMbR7ESqVZ3pX1KHG5P7zYd7zvgXj8MTI_NowFC_McNdE8Z3s-cyjR58bK4yiFNBp0o5BbVvG3KNcMD3VAAj5vx30Z8Z0Lv6Hu9YTn-Datn2dKMFRD8Rrc1D7e8CSKBojzYNhq238g4HnnJ4hzgbMqf0kbU_DZcFSpnAfs\/s16000\/IMG-20231219-WA0297(1).jpg\" \/><\/p>\n<p><img decoding=\"async\" src=\"https:\/\/blogger.googleusercontent.com\/img\/b\/R29vZ2xl\/AVvXsEhv84LYcSwIhGCGKIfW_kd7MQf2JdtnxjgbLL1h-S_CwKaso9ys2szHKi9ft9MTsJl6BB04p-RjKH2mcunQQ1zuK2-YUNv1Un2qaG0VSSEpRaHfhyEig0tFnJiMCWr9s2Y58uhGbnJeXVqaJD3KCNMqzb5ocEYwuOQAZ6uvTYyKhR_31jY8j8KhlHVYzRE\/s16000\/IMG-20231219-WA0298.jpg\" \/><\/p>\n<p><img decoding=\"async\" src=\"https:\/\/blogger.googleusercontent.com\/img\/b\/R29vZ2xl\/AVvXsEhKnzH2iV_DnNfAzuQbRi_3kqK8V1O0tf2sEM_V_5lt-VCPtc4HurXOeDAYFnAx-lCoBQimvqMeoGJNwuIQhplfpX6rOM1UYx0jHaPGyEQgv4LdxueAH46BG-2clVASlOyk3FSvzdfzBn602Mc8YDea7nXyMNX5Nf3FQfwm4VRnJh92DF0WU9ezm3xL1mo\/s16000\/IMG-20231219-WA0294.jpg\" \/><\/p>\n<p><img decoding=\"async\" src=\"https:\/\/blogger.googleusercontent.com\/img\/b\/R29vZ2xl\/AVvXsEg63_ToGjPcF7mJQgyKM-JwUC61VqLPI-3f5GGZ9VGR1Spz9ll1nF1mNG143rcZGGlMLqsg47FAk2CkfgupfrXzIGEY1VsOoEfN87dUfF3ONqd0sSrH000MVCXyfF82-h__JhIIcjBx1oNZhE1VOH6klipxGx8RzFWvx0Puis_ThkV2x6_1FsjMtVOzc7o\/s16000\/IMG-20231219-WA0295.jpg\" \/><\/p>\n<p><img decoding=\"async\" src=\"https:\/\/blogger.googleusercontent.com\/img\/b\/R29vZ2xl\/AVvXsEhurYukbVvlKHuNapGNou9jINQKLEqf3ODsFfG4zkEY1Ceen1WYY28VkGcGw-HU1yUapoOWj_CoNT7zR1hwRMBRdB3sUkiujRO0zKJhMRaqtpTh4Uynj_wSJaXCNQwFsyQ-XSY7PFEIkPkuXse8Dbjg8mzjhxkp_z14kp1ccngnrClyZTmC3FDroVAD1xU\/s16000\/IMG-20231219-WA0296.jpg\" \/><em><strong>Do blog Luciana R\u00eago.<\/strong><\/em><\/p>\n<div class=\"heateorSssClear\"><\/div>\n<div class=\"heateor_sss_sharing_container heateor_sss_horizontal_sharing\" data-heateor-sss-href=\"https:\/\/www.joaozinhoteles.com.br\/assessoria-de-imprensa\/regional\/temporal-em-serra-talhada-assusta-e-deixa-boa-parte-da-cidade-sem-energia-nesta-terca-feira-19\/\"><\/div>\n","protected":false},"excerpt":{"rendered":"<p>Na tarde da ter\u00e7a-feira (19), um temporal com chuvas, raios e trov\u00f5es intensos acabou assustando a popula\u00e7\u00e3o de Serra Talhada. Ap\u00f3s ondas de calor, a chuva chegou fazendo \u2018estragos\u2019 e arrast\u00f5es pelas ruas da cidade, mesmo com o pouco tempo de dura\u00e7\u00e3o do fen\u00f4meno natural, deixando boa parte dos moradores sem energia em suas casas e estabelecimentos comerciais. As fortes ventanias acabaram derrubando \u00e1rvores, outdoors e inclusive, destruiu algumas ornamenta\u00e7\u00f5es de natal na Pra\u00e7a S\u00e9rgio Magalh\u00e3es, no Centro de Serra Talhada. Veja algumas imagens: Do blog Luciana R\u00eago.<\/p>\n","protected":false},"author":2,"featured_media":15263,"comment_status":"open","ping_status":"open","sticky":false,"template":"","format":"standard","meta":{"_jetpack_newsletter_access":"","_jetpack_dont_email_post_to_subs":false,"_jetpack_newsletter_tier_id":0,"_jetpack_memberships_contains_paywalled_content":false,"_jetpack_feature_clip_id":0,"_jetpack_memberships_contains_paid_content":false,"footnotes":"","jetpack_publicize_message":"","jetpack_publicize_feature_enabled":true,"jetpack_social_post_already_shared":true,"jetpack_social_options":{"image_generator_settings":{"template":"highway","default_image_id":0,"font":"","enabled":false},"version":2},"jetpack_post_was_ever_published":false},"categories":[1],"tags":[],"class_list":["post-15262","post","type-post","status-publish","format-standard","has-post-thumbnail","hentry","category-uncategorized"],"aioseo_notices":[],"aioseo_head":"\n\t\t<!-- All in One SEO 4.9.10 - aioseo.com -->\n\t<meta name=\"description\" content=\"Na tarde da ter\u00e7a-feira (19), um temporal com chuvas, raios e trov\u00f5es intensos acabou assustando a popula\u00e7\u00e3o de Serra Talhada. Ap\u00f3s ondas de calor, a chuva chegou fazendo \u2018estragos\u2019 e arrast\u00f5es pelas ruas da cidade, mesmo com o pouco tempo de dura\u00e7\u00e3o do fen\u00f4meno natural, deixando boa parte dos moradores sem energia em suas casas\" \/>\n\t<meta name=\"robots\" content=\"max-image-preview:large\" \/>\n\t<meta name=\"author\" content=\"serrafm87\"\/>\n\t<link rel=\"canonical\" href=\"https:\/\/serrafm879.com.br\/serrafm\/2023\/12\/temporal-em-serra-talhada-assustou-e-deixou-boa-parte-da-cidade-sem-energia-na-terca-feira-19\/\" \/>\n\t<meta name=\"generator\" content=\"All in One SEO (AIOSEO) 4.9.10\" \/>\n\t\t<meta name=\"twitter:card\" content=\"summary_large_image\" \/>\n\t\t<meta name=\"twitter:title\" content=\"Temporal em Serra Talhada assustou e deixou boa parte da cidade sem energia na ter\u00e7a-feira (19) - Serra FM 87,9\" \/>\n\t\t<meta name=\"twitter:description\" content=\"Na tarde da ter\u00e7a-feira (19), um temporal com chuvas, raios e trov\u00f5es intensos acabou assustando a popula\u00e7\u00e3o de Serra Talhada. Ap\u00f3s ondas de calor, a chuva chegou fazendo \u2018estragos\u2019 e arrast\u00f5es pelas ruas da cidade, mesmo com o pouco tempo de dura\u00e7\u00e3o do fen\u00f4meno natural, deixando boa parte dos moradores sem energia em suas casas\" \/>\n\t\t<meta name=\"twitter:image\" content=\"https:\/\/serrafm879.com.br\/serrafm\/wp-content\/uploads\/2023\/12\/temporal-serra.jpg\" \/>\n\t\t<script type=\"application\/ld+json\" class=\"aioseo-schema\">\n\t\t\t{\"@context\":\"https:\\\/\\\/schema.org\",\"@graph\":[{\"@type\":\"BlogPosting\",\"@id\":\"https:\\\/\\\/serrafm879.com.br\\\/serrafm\\\/2023\\\/12\\\/temporal-em-serra-talhada-assustou-e-deixou-boa-parte-da-cidade-sem-energia-na-terca-feira-19\\\/#blogposting\",\"name\":\"Temporal em Serra Talhada assustou e deixou boa parte da cidade sem energia na ter\\u00e7a-feira (19) - Serra FM 87,9\",\"headline\":\"Temporal em Serra Talhada assustou e deixou boa parte da cidade sem energia na ter\\u00e7a-feira (19)\",\"author\":{\"@id\":\"https:\\\/\\\/serrafm879.com.br\\\/serrafm\\\/author\\\/serrafm87\\\/#author\"},\"publisher\":{\"@id\":\"https:\\\/\\\/serrafm879.com.br\\\/serrafm\\\/#organization\"},\"image\":{\"@type\":\"ImageObject\",\"url\":\"https:\\\/\\\/serrafm879.com.br\\\/serrafm\\\/wp-content\\\/uploads\\\/2023\\\/12\\\/temporal-serra.jpg\",\"width\":660,\"height\":330},\"datePublished\":\"2023-12-20T05:16:00-03:00\",\"dateModified\":\"2023-12-20T05:16:00-03:00\",\"inLanguage\":\"pt-BR\",\"mainEntityOfPage\":{\"@id\":\"https:\\\/\\\/serrafm879.com.br\\\/serrafm\\\/2023\\\/12\\\/temporal-em-serra-talhada-assustou-e-deixou-boa-parte-da-cidade-sem-energia-na-terca-feira-19\\\/#webpage\"},\"isPartOf\":{\"@id\":\"https:\\\/\\\/serrafm879.com.br\\\/serrafm\\\/2023\\\/12\\\/temporal-em-serra-talhada-assustou-e-deixou-boa-parte-da-cidade-sem-energia-na-terca-feira-19\\\/#webpage\"},\"articleSection\":\"Uncategorized\"},{\"@type\":\"BreadcrumbList\",\"@id\":\"https:\\\/\\\/serrafm879.com.br\\\/serrafm\\\/2023\\\/12\\\/temporal-em-serra-talhada-assustou-e-deixou-boa-parte-da-cidade-sem-energia-na-terca-feira-19\\\/#breadcrumblist\",\"itemListElement\":[{\"@type\":\"ListItem\",\"@id\":\"https:\\\/\\\/serrafm879.com.br\\\/serrafm#listItem\",\"position\":1,\"name\":\"Home\",\"item\":\"https:\\\/\\\/serrafm879.com.br\\\/serrafm\",\"nextItem\":{\"@type\":\"ListItem\",\"@id\":\"https:\\\/\\\/serrafm879.com.br\\\/serrafm\\\/categoria\\\/uncategorized\\\/#listItem\",\"name\":\"Uncategorized\"}},{\"@type\":\"ListItem\",\"@id\":\"https:\\\/\\\/serrafm879.com.br\\\/serrafm\\\/categoria\\\/uncategorized\\\/#listItem\",\"position\":2,\"name\":\"Uncategorized\",\"item\":\"https:\\\/\\\/serrafm879.com.br\\\/serrafm\\\/categoria\\\/uncategorized\\\/\",\"nextItem\":{\"@type\":\"ListItem\",\"@id\":\"https:\\\/\\\/serrafm879.com.br\\\/serrafm\\\/2023\\\/12\\\/temporal-em-serra-talhada-assustou-e-deixou-boa-parte-da-cidade-sem-energia-na-terca-feira-19\\\/#listItem\",\"name\":\"Temporal em Serra Talhada assustou e deixou boa parte da cidade sem energia na ter\\u00e7a-feira (19)\"},\"previousItem\":{\"@type\":\"ListItem\",\"@id\":\"https:\\\/\\\/serrafm879.com.br\\\/serrafm#listItem\",\"name\":\"Home\"}},{\"@type\":\"ListItem\",\"@id\":\"https:\\\/\\\/serrafm879.com.br\\\/serrafm\\\/2023\\\/12\\\/temporal-em-serra-talhada-assustou-e-deixou-boa-parte-da-cidade-sem-energia-na-terca-feira-19\\\/#listItem\",\"position\":3,\"name\":\"Temporal em Serra Talhada assustou e deixou boa parte da cidade sem energia na ter\\u00e7a-feira (19)\",\"previousItem\":{\"@type\":\"ListItem\",\"@id\":\"https:\\\/\\\/serrafm879.com.br\\\/serrafm\\\/categoria\\\/uncategorized\\\/#listItem\",\"name\":\"Uncategorized\"}}]},{\"@type\":\"Organization\",\"@id\":\"https:\\\/\\\/serrafm879.com.br\\\/serrafm\\\/#organization\",\"name\":\"Serra FM 87,9\",\"description\":\"O seu novo amor!\",\"url\":\"https:\\\/\\\/serrafm879.com.br\\\/serrafm\\\/\"},{\"@type\":\"Person\",\"@id\":\"https:\\\/\\\/serrafm879.com.br\\\/serrafm\\\/author\\\/serrafm87\\\/#author\",\"url\":\"https:\\\/\\\/serrafm879.com.br\\\/serrafm\\\/author\\\/serrafm87\\\/\",\"name\":\"serrafm87\",\"image\":{\"@type\":\"ImageObject\",\"@id\":\"https:\\\/\\\/serrafm879.com.br\\\/serrafm\\\/2023\\\/12\\\/temporal-em-serra-talhada-assustou-e-deixou-boa-parte-da-cidade-sem-energia-na-terca-feira-19\\\/#authorImage\",\"url\":\"https:\\\/\\\/secure.gravatar.com\\\/avatar\\\/a743233f1112d34f48bb3dc9559b76eb930bab8b27175856cba6362608736235?s=96&d=mm&r=g\",\"width\":96,\"height\":96,\"caption\":\"serrafm87\"}},{\"@type\":\"WebPage\",\"@id\":\"https:\\\/\\\/serrafm879.com.br\\\/serrafm\\\/2023\\\/12\\\/temporal-em-serra-talhada-assustou-e-deixou-boa-parte-da-cidade-sem-energia-na-terca-feira-19\\\/#webpage\",\"url\":\"https:\\\/\\\/serrafm879.com.br\\\/serrafm\\\/2023\\\/12\\\/temporal-em-serra-talhada-assustou-e-deixou-boa-parte-da-cidade-sem-energia-na-terca-feira-19\\\/\",\"name\":\"Temporal em Serra Talhada assustou e deixou boa parte da cidade sem energia na ter\\u00e7a-feira (19) - Serra FM 87,9\",\"description\":\"Na tarde da ter\\u00e7a-feira (19), um temporal com chuvas, raios e trov\\u00f5es intensos acabou assustando a popula\\u00e7\\u00e3o de Serra Talhada. Ap\\u00f3s ondas de calor, a chuva chegou fazendo \\u2018estragos\\u2019 e arrast\\u00f5es pelas ruas da cidade, mesmo com o pouco tempo de dura\\u00e7\\u00e3o do fen\\u00f4meno natural, deixando boa parte dos moradores sem energia em suas casas\",\"inLanguage\":\"pt-BR\",\"isPartOf\":{\"@id\":\"https:\\\/\\\/serrafm879.com.br\\\/serrafm\\\/#website\"},\"breadcrumb\":{\"@id\":\"https:\\\/\\\/serrafm879.com.br\\\/serrafm\\\/2023\\\/12\\\/temporal-em-serra-talhada-assustou-e-deixou-boa-parte-da-cidade-sem-energia-na-terca-feira-19\\\/#breadcrumblist\"},\"author\":{\"@id\":\"https:\\\/\\\/serrafm879.com.br\\\/serrafm\\\/author\\\/serrafm87\\\/#author\"},\"creator\":{\"@id\":\"https:\\\/\\\/serrafm879.com.br\\\/serrafm\\\/author\\\/serrafm87\\\/#author\"},\"image\":{\"@type\":\"ImageObject\",\"url\":\"https:\\\/\\\/serrafm879.com.br\\\/serrafm\\\/wp-content\\\/uploads\\\/2023\\\/12\\\/temporal-serra.jpg\",\"@id\":\"https:\\\/\\\/serrafm879.com.br\\\/serrafm\\\/2023\\\/12\\\/temporal-em-serra-talhada-assustou-e-deixou-boa-parte-da-cidade-sem-energia-na-terca-feira-19\\\/#mainImage\",\"width\":660,\"height\":330},\"primaryImageOfPage\":{\"@id\":\"https:\\\/\\\/serrafm879.com.br\\\/serrafm\\\/2023\\\/12\\\/temporal-em-serra-talhada-assustou-e-deixou-boa-parte-da-cidade-sem-energia-na-terca-feira-19\\\/#mainImage\"},\"datePublished\":\"2023-12-20T05:16:00-03:00\",\"dateModified\":\"2023-12-20T05:16:00-03:00\"},{\"@type\":\"WebSite\",\"@id\":\"https:\\\/\\\/serrafm879.com.br\\\/serrafm\\\/#website\",\"url\":\"https:\\\/\\\/serrafm879.com.br\\\/serrafm\\\/\",\"name\":\"Serra FM 87,9\",\"description\":\"O seu novo amor!\",\"inLanguage\":\"pt-BR\",\"publisher\":{\"@id\":\"https:\\\/\\\/serrafm879.com.br\\\/serrafm\\\/#organization\"}}]}\n\t\t<\/script>\n\t\t<!-- All in One SEO -->\n\n","aioseo_head_json":{"title":"Temporal em Serra Talhada assustou e deixou boa parte da cidade sem energia na ter\u00e7a-feira (19) - Serra FM 87,9","description":"Na tarde da ter\u00e7a-feira (19), um temporal com chuvas, raios e trov\u00f5es intensos acabou assustando a popula\u00e7\u00e3o de Serra Talhada. Ap\u00f3s ondas de calor, a chuva chegou fazendo \u2018estragos\u2019 e arrast\u00f5es pelas ruas da cidade, mesmo com o pouco tempo de dura\u00e7\u00e3o do fen\u00f4meno natural, deixando boa parte dos moradores sem energia em suas casas","canonical_url":"https:\/\/serrafm879.com.br\/serrafm\/2023\/12\/temporal-em-serra-talhada-assustou-e-deixou-boa-parte-da-cidade-sem-energia-na-terca-feira-19\/","robots":"max-image-preview:large","keywords":"","webmasterTools":{"miscellaneous":""},"schema":{"@context":"https:\/\/schema.org","@graph":[{"@type":"BlogPosting","@id":"https:\/\/serrafm879.com.br\/serrafm\/2023\/12\/temporal-em-serra-talhada-assustou-e-deixou-boa-parte-da-cidade-sem-energia-na-terca-feira-19\/#blogposting","name":"Temporal em Serra Talhada assustou e deixou boa parte da cidade sem energia na ter\u00e7a-feira (19) - Serra FM 87,9","headline":"Temporal em Serra Talhada assustou e deixou boa parte da cidade sem energia na ter\u00e7a-feira (19)","author":{"@id":"https:\/\/serrafm879.com.br\/serrafm\/author\/serrafm87\/#author"},"publisher":{"@id":"https:\/\/serrafm879.com.br\/serrafm\/#organization"},"image":{"@type":"ImageObject","url":"https:\/\/serrafm879.com.br\/serrafm\/wp-content\/uploads\/2023\/12\/temporal-serra.jpg","width":660,"height":330},"datePublished":"2023-12-20T05:16:00-03:00","dateModified":"2023-12-20T05:16:00-03:00","inLanguage":"pt-BR","mainEntityOfPage":{"@id":"https:\/\/serrafm879.com.br\/serrafm\/2023\/12\/temporal-em-serra-talhada-assustou-e-deixou-boa-parte-da-cidade-sem-energia-na-terca-feira-19\/#webpage"},"isPartOf":{"@id":"https:\/\/serrafm879.com.br\/serrafm\/2023\/12\/temporal-em-serra-talhada-assustou-e-deixou-boa-parte-da-cidade-sem-energia-na-terca-feira-19\/#webpage"},"articleSection":"Uncategorized"},{"@type":"BreadcrumbList","@id":"https:\/\/serrafm879.com.br\/serrafm\/2023\/12\/temporal-em-serra-talhada-assustou-e-deixou-boa-parte-da-cidade-sem-energia-na-terca-feira-19\/#breadcrumblist","itemListElement":[{"@type":"ListItem","@id":"https:\/\/serrafm879.com.br\/serrafm#listItem","position":1,"name":"Home","item":"https:\/\/serrafm879.com.br\/serrafm","nextItem":{"@type":"ListItem","@id":"https:\/\/serrafm879.com.br\/serrafm\/categoria\/uncategorized\/#listItem","name":"Uncategorized"}},{"@type":"ListItem","@id":"https:\/\/serrafm879.com.br\/serrafm\/categoria\/uncategorized\/#listItem","position":2,"name":"Uncategorized","item":"https:\/\/serrafm879.com.br\/serrafm\/categoria\/uncategorized\/","nextItem":{"@type":"ListItem","@id":"https:\/\/serrafm879.com.br\/serrafm\/2023\/12\/temporal-em-serra-talhada-assustou-e-deixou-boa-parte-da-cidade-sem-energia-na-terca-feira-19\/#listItem","name":"Temporal em Serra Talhada assustou e deixou boa parte da cidade sem energia na ter\u00e7a-feira (19)"},"previousItem":{"@type":"ListItem","@id":"https:\/\/serrafm879.com.br\/serrafm#listItem","name":"Home"}},{"@type":"ListItem","@id":"https:\/\/serrafm879.com.br\/serrafm\/2023\/12\/temporal-em-serra-talhada-assustou-e-deixou-boa-parte-da-cidade-sem-energia-na-terca-feira-19\/#listItem","position":3,"name":"Temporal em Serra Talhada assustou e deixou boa parte da cidade sem energia na ter\u00e7a-feira (19)","previousItem":{"@type":"ListItem","@id":"https:\/\/serrafm879.com.br\/serrafm\/categoria\/uncategorized\/#listItem","name":"Uncategorized"}}]},{"@type":"Organization","@id":"https:\/\/serrafm879.com.br\/serrafm\/#organization","name":"Serra FM 87,9","description":"O seu novo amor!","url":"https:\/\/serrafm879.com.br\/serrafm\/"},{"@type":"Person","@id":"https:\/\/serrafm879.com.br\/serrafm\/author\/serrafm87\/#author","url":"https:\/\/serrafm879.com.br\/serrafm\/author\/serrafm87\/","name":"serrafm87","image":{"@type":"ImageObject","@id":"https:\/\/serrafm879.com.br\/serrafm\/2023\/12\/temporal-em-serra-talhada-assustou-e-deixou-boa-parte-da-cidade-sem-energia-na-terca-feira-19\/#authorImage","url":"https:\/\/secure.gravatar.com\/avatar\/a743233f1112d34f48bb3dc9559b76eb930bab8b27175856cba6362608736235?s=96&d=mm&r=g","width":96,"height":96,"caption":"serrafm87"}},{"@type":"WebPage","@id":"https:\/\/serrafm879.com.br\/serrafm\/2023\/12\/temporal-em-serra-talhada-assustou-e-deixou-boa-parte-da-cidade-sem-energia-na-terca-feira-19\/#webpage","url":"https:\/\/serrafm879.com.br\/serrafm\/2023\/12\/temporal-em-serra-talhada-assustou-e-deixou-boa-parte-da-cidade-sem-energia-na-terca-feira-19\/","name":"Temporal em Serra Talhada assustou e deixou boa parte da cidade sem energia na ter\u00e7a-feira (19) - Serra FM 87,9","description":"Na tarde da ter\u00e7a-feira (19), um temporal com chuvas, raios e trov\u00f5es intensos acabou assustando a popula\u00e7\u00e3o de Serra Talhada. Ap\u00f3s ondas de calor, a chuva chegou fazendo \u2018estragos\u2019 e arrast\u00f5es pelas ruas da cidade, mesmo com o pouco tempo de dura\u00e7\u00e3o do fen\u00f4meno natural, deixando boa parte dos moradores sem energia em suas casas","inLanguage":"pt-BR","isPartOf":{"@id":"https:\/\/serrafm879.com.br\/serrafm\/#website"},"breadcrumb":{"@id":"https:\/\/serrafm879.com.br\/serrafm\/2023\/12\/temporal-em-serra-talhada-assustou-e-deixou-boa-parte-da-cidade-sem-energia-na-terca-feira-19\/#breadcrumblist"},"author":{"@id":"https:\/\/serrafm879.com.br\/serrafm\/author\/serrafm87\/#author"},"creator":{"@id":"https:\/\/serrafm879.com.br\/serrafm\/author\/serrafm87\/#author"},"image":{"@type":"ImageObject","url":"https:\/\/serrafm879.com.br\/serrafm\/wp-content\/uploads\/2023\/12\/temporal-serra.jpg","@id":"https:\/\/serrafm879.com.br\/serrafm\/2023\/12\/temporal-em-serra-talhada-assustou-e-deixou-boa-parte-da-cidade-sem-energia-na-terca-feira-19\/#mainImage","width":660,"height":330},"primaryImageOfPage":{"@id":"https:\/\/serrafm879.com.br\/serrafm\/2023\/12\/temporal-em-serra-talhada-assustou-e-deixou-boa-parte-da-cidade-sem-energia-na-terca-feira-19\/#mainImage"},"datePublished":"2023-12-20T05:16:00-03:00","dateModified":"2023-12-20T05:16:00-03:00"},{"@type":"WebSite","@id":"https:\/\/serrafm879.com.br\/serrafm\/#website","url":"https:\/\/serrafm879.com.br\/serrafm\/","name":"Serra FM 87,9","description":"O seu novo amor!","inLanguage":"pt-BR","publisher":{"@id":"https:\/\/serrafm879.com.br\/serrafm\/#organization"}}]},"twitter:card":"summary_large_image","twitter:title":"Temporal em Serra Talhada assustou e deixou boa parte da cidade sem energia na ter\u00e7a-feira (19) - Serra FM 87,9","twitter:description":"Na tarde da ter\u00e7a-feira (19), um temporal com chuvas, raios e trov\u00f5es intensos acabou assustando a popula\u00e7\u00e3o de Serra Talhada. Ap\u00f3s ondas de calor, a chuva chegou fazendo \u2018estragos\u2019 e arrast\u00f5es pelas ruas da cidade, mesmo com o pouco tempo de dura\u00e7\u00e3o do fen\u00f4meno natural, deixando boa parte dos moradores sem energia em suas casas","twitter:image":"https:\/\/serrafm879.com.br\/serrafm\/wp-content\/uploads\/2023\/12\/temporal-serra.jpg"},"aioseo_meta_data":{"post_id":"15262","title":null,"description":null,"keywords":null,"keyphrases":null,"primary_term":null,"canonical_url":null,"og_title":null,"og_description":null,"og_object_type":"default","og_image_type":"default","og_image_custom_url":null,"og_image_custom_fields":null,"og_image_url":null,"og_image_width":null,"og_image_height":null,"og_video":null,"og_custom_url":null,"og_article_section":null,"og_article_tags":null,"twitter_use_og":false,"twitter_card":"default","twitter_image_type":"default","twitter_image_custom_url":null,"twitter_image_custom_fields":null,"twitter_image_url":null,"twitter_title":null,"twitter_description":null,"schema_type":"default","schema_type_options":null,"schema":{"blockGraphs":[],"customGraphs":[],"default":{"data":{"Article":[],"Course":[],"Dataset":[],"FAQPage":[],"Movie":[],"Person":[],"Product":[],"ProductReview":[],"Car":[],"Recipe":[],"Service":[],"SoftwareApplication":[],"WebPage":[]},"graphName":"","isEnabled":true},"graphs":[]},"pillar_content":false,"robots_default":true,"robots_noindex":false,"robots_noarchive":false,"robots_nosnippet":false,"robots_nofollow":false,"robots_noimageindex":false,"robots_noodp":false,"robots_notranslate":false,"robots_max_snippet":null,"robots_max_videopreview":null,"robots_max_imagepreview":"large","priority":null,"frequency":null,"local_seo":null,"limit_modified_date":false,"ai":null,"breadcrumb_settings":null,"seo_analyzer_scan_date":null,"created":"2026-07-21 09:23:10","updated":"2026-07-21 09:23:10"},"aioseo_breadcrumb":"<div class=\"aioseo-breadcrumbs\"><span class=\"aioseo-breadcrumb\">\n\t\t\t<a href=\"https:\/\/serrafm879.com.br\/serrafm\" title=\"Home\">Home<\/a>\n\t\t<\/span><span class=\"aioseo-breadcrumb-separator\">&raquo;<\/span><span class=\"aioseo-breadcrumb\">\n\t\t\t<a href=\"https:\/\/serrafm879.com.br\/serrafm\/categoria\/uncategorized\/\" title=\"Uncategorized\">Uncategorized<\/a>\n\t\t<\/span><span class=\"aioseo-breadcrumb-separator\">&raquo;<\/span><span class=\"aioseo-breadcrumb\">\n\t\t\tTemporal em Serra Talhada assustou e deixou boa parte da cidade sem energia na ter\u00e7a-feira (19)\n\t\t<\/span><\/div>","aioseo_breadcrumb_json":[{"label":"Home","link":"https:\/\/serrafm879.com.br\/serrafm"},{"label":"Uncategorized","link":"https:\/\/serrafm879.com.br\/serrafm\/categoria\/uncategorized\/"},{"label":"Temporal em Serra Talhada assustou e deixou boa parte da cidade sem energia na ter\u00e7a-feira (19)","link":"https:\/\/serrafm879.com.br\/serrafm\/2023\/12\/temporal-em-serra-talhada-assustou-e-deixou-boa-parte-da-cidade-sem-energia-na-terca-feira-19\/"}],"jetpack_publicize_connections":[],"jetpack_featured_media_url":"https:\/\/serrafm879.com.br\/serrafm\/wp-content\/uploads\/2023\/12\/temporal-serra.jpg","jetpack_shortlink":"https:\/\/wp.me\/p7HyXg-3Ya","jetpack_sharing_enabled":true,"_links":{"self":[{"href":"https:\/\/serrafm879.com.br\/serrafm\/wp-json\/wp\/v2\/posts\/15262","targetHints":{"allow":["GET"]}}],"collection":[{"href":"https:\/\/serrafm879.com.br\/serrafm\/wp-json\/wp\/v2\/posts"}],"about":[{"href":"https:\/\/serrafm879.com.br\/serrafm\/wp-json\/wp\/v2\/types\/post"}],"author":[{"embeddable":true,"href":"https:\/\/serrafm879.com.br\/serrafm\/wp-json\/wp\/v2\/users\/2"}],"replies":[{"embeddable":true,"href":"https:\/\/serrafm879.com.br\/serrafm\/wp-json\/wp\/v2\/comments?post=15262"}],"version-history":[{"count":1,"href":"https:\/\/serrafm879.com.br\/serrafm\/wp-json\/wp\/v2\/posts\/15262\/revisions"}],"predecessor-version":[{"id":15264,"href":"https:\/\/serrafm879.com.br\/serrafm\/wp-json\/wp\/v2\/posts\/15262\/revisions\/15264"}],"wp:featuredmedia":[{"embeddable":true,"href":"https:\/\/serrafm879.com.br\/serrafm\/wp-json\/wp\/v2\/media\/15263"}],"wp:attachment":[{"href":"https:\/\/serrafm879.com.br\/serrafm\/wp-json\/wp\/v2\/media?parent=15262"}],"wp:term":[{"taxonomy":"category","embeddable":true,"href":"https:\/\/serrafm879.com.br\/serrafm\/wp-json\/wp\/v2\/categories?post=15262"},{"taxonomy":"post_tag","embeddable":true,"href":"https:\/\/serrafm879.com.br\/serrafm\/wp-json\/wp\/v2\/tags?post=15262"}],"curies":[{"name":"wp","href":"https:\/\/api.w.org\/{rel}","templated":true}]}}