{"id":15270,"date":"2023-12-21T05:14:47","date_gmt":"2023-12-21T08:14:47","guid":{"rendered":"https:\/?p=15270"},"modified":"2023-12-21T05:14:47","modified_gmt":"2023-12-21T08:14:47","slug":"governadora-raquel-lyra-vistoria-obra-na-pe-265-e-inaugura-estacao-de-tratamento-da-compesa-no-sertao","status":"publish","type":"post","link":"https:\/\/serrafm879.com.br\/serrafm\/2023\/12\/governadora-raquel-lyra-vistoria-obra-na-pe-265-e-inaugura-estacao-de-tratamento-da-compesa-no-sertao\/","title":{"rendered":"Governadora Raquel Lyra vistoria obra na PE-265 e inaugura Esta\u00e7\u00e3o de Tratamento da Compesa no Sert\u00e3o"},"content":{"rendered":"<div><span style=\"font-family: Arial; font-size: medium;\">Ao longo do terceiro dia consecutivo cumprindo agendas no interior do Estado, a governadora Raquel Lyra realizar\u00e1, nesta quinta-feira (21), vistorias nas obras de requalifica\u00e7\u00e3o da PE-265, em Sert\u00e2nia, e de implanta\u00e7\u00e3o de um Sistema de Abastecimento de \u00c1gua (SAA) na comunidade rural de Campo de Avia\u00e7\u00e3o, em Pesqueira. Em seguida, a gestora tamb\u00e9m participa da inaugura\u00e7\u00e3o da Esta\u00e7\u00e3o de Tratamento de \u00c1gua de Ultrafiltra\u00e7\u00e3o de Pesqueira e deve realizar importantes an\u00fancios ligados \u00e0 Companhia Pernambucana de Saneamento (Compesa), que v\u00e3o impactar diretamente na melhoria da seguran\u00e7a h\u00eddrica da popula\u00e7\u00e3o de v\u00e1rias cidades do Sert\u00e3o pernambucano.<\/span><\/div>\n<div><span style=\"font-family: Arial; font-size: medium;\">\u00a0<\/span><\/div>\n<div><span style=\"font-family: Arial; font-size: medium;\"><b>AGENDA DA GOVERNADORA RAQUEL LYRA | QUINTA-FEIRA, 21 de dezembro de 2023<\/b><\/span><\/div>\n<div><span style=\"font-family: Arial; font-size: medium;\">\u00a0<\/span><\/div>\n<div><span style=\"font-family: Arial; font-size: medium;\"><b>10h\u00a0<\/b>&#8211; Vistoria \u00e0s obras da PE-265<\/span><\/div>\n<div><span style=\"font-family: Arial; font-size: medium;\">\u00a0<\/span><\/div>\n<div><span style=\"font-family: Arial; font-size: medium;\"><b>15h<\/b>\u00a0&#8211; Vistoria \u00e0s obras da Compesa no Campo de Avia\u00e7\u00e3o, em Pesqueira<\/span><\/div>\n<div><span style=\"font-family: Arial; font-size: medium;\">\u00a0<\/span><\/div>\n<div><span style=\"font-family: Arial; font-size: medium;\"><b>15h30<\/b>\u00a0&#8211;\u00a0 Inaugura\u00e7\u00e3o ETA Pesqueira\/ Alagoinha<\/span><\/div>\n","protected":false},"excerpt":{"rendered":"<p>Ao longo do terceiro dia consecutivo cumprindo agendas no interior do Estado, a governadora Raquel Lyra realizar\u00e1, nesta quinta-feira (21), vistorias nas obras de requalifica\u00e7\u00e3o da PE-265, em Sert\u00e2nia, e de implanta\u00e7\u00e3o de um Sistema de Abastecimento de \u00c1gua (SAA) na comunidade rural de Campo de Avia\u00e7\u00e3o, em Pesqueira. Em seguida, a gestora tamb\u00e9m participa da inaugura\u00e7\u00e3o da Esta\u00e7\u00e3o de Tratamento de \u00c1gua de Ultrafiltra\u00e7\u00e3o de Pesqueira e deve realizar importantes an\u00fancios ligados \u00e0 Companhia Pernambucana de Saneamento (Compesa), que v\u00e3o impactar diretamente na melhoria da seguran\u00e7a h\u00eddrica da popula\u00e7\u00e3o de v\u00e1rias cidades do Sert\u00e3o pernambucano. \u00a0 AGENDA DA GOVERNADORA [&hellip;]<\/p>\n","protected":false},"author":2,"featured_media":5167,"comment_status":"open","ping_status":"open","sticky":false,"template":"","format":"standard","meta":{"_jetpack_newsletter_access":"","_jetpack_dont_email_post_to_subs":false,"_jetpack_newsletter_tier_id":0,"_jetpack_memberships_contains_paywalled_content":false,"_jetpack_feature_clip_id":0,"_jetpack_memberships_contains_paid_content":false,"footnotes":"","jetpack_publicize_message":"","jetpack_publicize_feature_enabled":true,"jetpack_social_post_already_shared":true,"jetpack_social_options":{"image_generator_settings":{"template":"highway","default_image_id":0,"font":"","enabled":false},"version":2},"jetpack_post_was_ever_published":false},"categories":[1],"tags":[],"class_list":["post-15270","post","type-post","status-publish","format-standard","has-post-thumbnail","hentry","category-uncategorized"],"aioseo_notices":[],"aioseo_head":"\n\t\t<!-- All in One SEO 4.9.10 - aioseo.com -->\n\t<meta name=\"description\" content=\"Ao longo do terceiro dia consecutivo cumprindo agendas no interior do Estado, a governadora Raquel Lyra realizar\u00e1, nesta quinta-feira (21), vistorias nas obras de requalifica\u00e7\u00e3o da PE-265, em Sert\u00e2nia, e de implanta\u00e7\u00e3o de um Sistema de Abastecimento de \u00c1gua (SAA) na comunidade rural de Campo de Avia\u00e7\u00e3o, em Pesqueira. Em seguida, a gestora tamb\u00e9m participa\" \/>\n\t<meta name=\"robots\" content=\"max-image-preview:large\" \/>\n\t<meta name=\"author\" content=\"serrafm87\"\/>\n\t<link rel=\"canonical\" href=\"https:\/\/serrafm879.com.br\/serrafm\/2023\/12\/governadora-raquel-lyra-vistoria-obra-na-pe-265-e-inaugura-estacao-de-tratamento-da-compesa-no-sertao\/\" \/>\n\t<meta name=\"generator\" content=\"All in One SEO (AIOSEO) 4.9.10\" \/>\n\t\t<meta name=\"twitter:card\" content=\"summary_large_image\" \/>\n\t\t<meta name=\"twitter:title\" content=\"Governadora Raquel Lyra vistoria obra na PE-265 e inaugura Esta\u00e7\u00e3o de Tratamento da Compesa no Sert\u00e3o - Serra FM 87,9\" \/>\n\t\t<meta name=\"twitter:description\" content=\"Ao longo do terceiro dia consecutivo cumprindo agendas no interior do Estado, a governadora Raquel Lyra realizar\u00e1, nesta quinta-feira (21), vistorias nas obras de requalifica\u00e7\u00e3o da PE-265, em Sert\u00e2nia, e de implanta\u00e7\u00e3o de um Sistema de Abastecimento de \u00c1gua (SAA) na comunidade rural de Campo de Avia\u00e7\u00e3o, em Pesqueira. Em seguida, a gestora tamb\u00e9m participa\" \/>\n\t\t<meta name=\"twitter:image\" content=\"https:\/\/serrafm879.com.br\/serrafm\/wp-content\/uploads\/2021\/03\/serrafm.jpg\" \/>\n\t\t<script type=\"application\/ld+json\" class=\"aioseo-schema\">\n\t\t\t{\"@context\":\"https:\\\/\\\/schema.org\",\"@graph\":[{\"@type\":\"BlogPosting\",\"@id\":\"https:\\\/\\\/serrafm879.com.br\\\/serrafm\\\/2023\\\/12\\\/governadora-raquel-lyra-vistoria-obra-na-pe-265-e-inaugura-estacao-de-tratamento-da-compesa-no-sertao\\\/#blogposting\",\"name\":\"Governadora Raquel Lyra vistoria obra na PE-265 e inaugura Esta\\u00e7\\u00e3o de Tratamento da Compesa no Sert\\u00e3o - Serra FM 87,9\",\"headline\":\"Governadora Raquel Lyra vistoria obra na PE-265 e inaugura Esta\\u00e7\\u00e3o de Tratamento da Compesa no Sert\\u00e3o\",\"author\":{\"@id\":\"https:\\\/\\\/serrafm879.com.br\\\/serrafm\\\/author\\\/serrafm87\\\/#author\"},\"publisher\":{\"@id\":\"https:\\\/\\\/serrafm879.com.br\\\/serrafm\\\/#organization\"},\"image\":{\"@type\":\"ImageObject\",\"url\":\"https:\\\/\\\/serrafm879.com.br\\\/serrafm\\\/wp-content\\\/uploads\\\/2021\\\/03\\\/serrafm.jpg\",\"width\":800,\"height\":400},\"datePublished\":\"2023-12-21T05:14:47-03:00\",\"dateModified\":\"2023-12-21T05:14:47-03:00\",\"inLanguage\":\"pt-BR\",\"mainEntityOfPage\":{\"@id\":\"https:\\\/\\\/serrafm879.com.br\\\/serrafm\\\/2023\\\/12\\\/governadora-raquel-lyra-vistoria-obra-na-pe-265-e-inaugura-estacao-de-tratamento-da-compesa-no-sertao\\\/#webpage\"},\"isPartOf\":{\"@id\":\"https:\\\/\\\/serrafm879.com.br\\\/serrafm\\\/2023\\\/12\\\/governadora-raquel-lyra-vistoria-obra-na-pe-265-e-inaugura-estacao-de-tratamento-da-compesa-no-sertao\\\/#webpage\"},\"articleSection\":\"Uncategorized\"},{\"@type\":\"BreadcrumbList\",\"@id\":\"https:\\\/\\\/serrafm879.com.br\\\/serrafm\\\/2023\\\/12\\\/governadora-raquel-lyra-vistoria-obra-na-pe-265-e-inaugura-estacao-de-tratamento-da-compesa-no-sertao\\\/#breadcrumblist\",\"itemListElement\":[{\"@type\":\"ListItem\",\"@id\":\"https:\\\/\\\/serrafm879.com.br\\\/serrafm#listItem\",\"position\":1,\"name\":\"Home\",\"item\":\"https:\\\/\\\/serrafm879.com.br\\\/serrafm\",\"nextItem\":{\"@type\":\"ListItem\",\"@id\":\"https:\\\/\\\/serrafm879.com.br\\\/serrafm\\\/categoria\\\/uncategorized\\\/#listItem\",\"name\":\"Uncategorized\"}},{\"@type\":\"ListItem\",\"@id\":\"https:\\\/\\\/serrafm879.com.br\\\/serrafm\\\/categoria\\\/uncategorized\\\/#listItem\",\"position\":2,\"name\":\"Uncategorized\",\"item\":\"https:\\\/\\\/serrafm879.com.br\\\/serrafm\\\/categoria\\\/uncategorized\\\/\",\"nextItem\":{\"@type\":\"ListItem\",\"@id\":\"https:\\\/\\\/serrafm879.com.br\\\/serrafm\\\/2023\\\/12\\\/governadora-raquel-lyra-vistoria-obra-na-pe-265-e-inaugura-estacao-de-tratamento-da-compesa-no-sertao\\\/#listItem\",\"name\":\"Governadora Raquel Lyra vistoria obra na PE-265 e inaugura Esta\\u00e7\\u00e3o de Tratamento da Compesa no Sert\\u00e3o\"},\"previousItem\":{\"@type\":\"ListItem\",\"@id\":\"https:\\\/\\\/serrafm879.com.br\\\/serrafm#listItem\",\"name\":\"Home\"}},{\"@type\":\"ListItem\",\"@id\":\"https:\\\/\\\/serrafm879.com.br\\\/serrafm\\\/2023\\\/12\\\/governadora-raquel-lyra-vistoria-obra-na-pe-265-e-inaugura-estacao-de-tratamento-da-compesa-no-sertao\\\/#listItem\",\"position\":3,\"name\":\"Governadora Raquel Lyra vistoria obra na PE-265 e inaugura Esta\\u00e7\\u00e3o de Tratamento da Compesa no Sert\\u00e3o\",\"previousItem\":{\"@type\":\"ListItem\",\"@id\":\"https:\\\/\\\/serrafm879.com.br\\\/serrafm\\\/categoria\\\/uncategorized\\\/#listItem\",\"name\":\"Uncategorized\"}}]},{\"@type\":\"Organization\",\"@id\":\"https:\\\/\\\/serrafm879.com.br\\\/serrafm\\\/#organization\",\"name\":\"Serra FM 87,9\",\"description\":\"O seu novo amor!\",\"url\":\"https:\\\/\\\/serrafm879.com.br\\\/serrafm\\\/\"},{\"@type\":\"Person\",\"@id\":\"https:\\\/\\\/serrafm879.com.br\\\/serrafm\\\/author\\\/serrafm87\\\/#author\",\"url\":\"https:\\\/\\\/serrafm879.com.br\\\/serrafm\\\/author\\\/serrafm87\\\/\",\"name\":\"serrafm87\",\"image\":{\"@type\":\"ImageObject\",\"@id\":\"https:\\\/\\\/serrafm879.com.br\\\/serrafm\\\/2023\\\/12\\\/governadora-raquel-lyra-vistoria-obra-na-pe-265-e-inaugura-estacao-de-tratamento-da-compesa-no-sertao\\\/#authorImage\",\"url\":\"https:\\\/\\\/secure.gravatar.com\\\/avatar\\\/a743233f1112d34f48bb3dc9559b76eb930bab8b27175856cba6362608736235?s=96&d=mm&r=g\",\"width\":96,\"height\":96,\"caption\":\"serrafm87\"}},{\"@type\":\"WebPage\",\"@id\":\"https:\\\/\\\/serrafm879.com.br\\\/serrafm\\\/2023\\\/12\\\/governadora-raquel-lyra-vistoria-obra-na-pe-265-e-inaugura-estacao-de-tratamento-da-compesa-no-sertao\\\/#webpage\",\"url\":\"https:\\\/\\\/serrafm879.com.br\\\/serrafm\\\/2023\\\/12\\\/governadora-raquel-lyra-vistoria-obra-na-pe-265-e-inaugura-estacao-de-tratamento-da-compesa-no-sertao\\\/\",\"name\":\"Governadora Raquel Lyra vistoria obra na PE-265 e inaugura Esta\\u00e7\\u00e3o de Tratamento da Compesa no Sert\\u00e3o - Serra FM 87,9\",\"description\":\"Ao longo do terceiro dia consecutivo cumprindo agendas no interior do Estado, a governadora Raquel Lyra realizar\\u00e1, nesta quinta-feira (21), vistorias nas obras de requalifica\\u00e7\\u00e3o da PE-265, em Sert\\u00e2nia, e de implanta\\u00e7\\u00e3o de um Sistema de Abastecimento de \\u00c1gua (SAA) na comunidade rural de Campo de Avia\\u00e7\\u00e3o, em Pesqueira. Em seguida, a gestora tamb\\u00e9m participa\",\"inLanguage\":\"pt-BR\",\"isPartOf\":{\"@id\":\"https:\\\/\\\/serrafm879.com.br\\\/serrafm\\\/#website\"},\"breadcrumb\":{\"@id\":\"https:\\\/\\\/serrafm879.com.br\\\/serrafm\\\/2023\\\/12\\\/governadora-raquel-lyra-vistoria-obra-na-pe-265-e-inaugura-estacao-de-tratamento-da-compesa-no-sertao\\\/#breadcrumblist\"},\"author\":{\"@id\":\"https:\\\/\\\/serrafm879.com.br\\\/serrafm\\\/author\\\/serrafm87\\\/#author\"},\"creator\":{\"@id\":\"https:\\\/\\\/serrafm879.com.br\\\/serrafm\\\/author\\\/serrafm87\\\/#author\"},\"image\":{\"@type\":\"ImageObject\",\"url\":\"https:\\\/\\\/serrafm879.com.br\\\/serrafm\\\/wp-content\\\/uploads\\\/2021\\\/03\\\/serrafm.jpg\",\"@id\":\"https:\\\/\\\/serrafm879.com.br\\\/serrafm\\\/2023\\\/12\\\/governadora-raquel-lyra-vistoria-obra-na-pe-265-e-inaugura-estacao-de-tratamento-da-compesa-no-sertao\\\/#mainImage\",\"width\":800,\"height\":400},\"primaryImageOfPage\":{\"@id\":\"https:\\\/\\\/serrafm879.com.br\\\/serrafm\\\/2023\\\/12\\\/governadora-raquel-lyra-vistoria-obra-na-pe-265-e-inaugura-estacao-de-tratamento-da-compesa-no-sertao\\\/#mainImage\"},\"datePublished\":\"2023-12-21T05:14:47-03:00\",\"dateModified\":\"2023-12-21T05:14:47-03:00\"},{\"@type\":\"WebSite\",\"@id\":\"https:\\\/\\\/serrafm879.com.br\\\/serrafm\\\/#website\",\"url\":\"https:\\\/\\\/serrafm879.com.br\\\/serrafm\\\/\",\"name\":\"Serra FM 87,9\",\"description\":\"O seu novo amor!\",\"inLanguage\":\"pt-BR\",\"publisher\":{\"@id\":\"https:\\\/\\\/serrafm879.com.br\\\/serrafm\\\/#organization\"}}]}\n\t\t<\/script>\n\t\t<!-- All in One SEO -->\n\n","aioseo_head_json":{"title":"Governadora Raquel Lyra vistoria obra na PE-265 e inaugura Esta\u00e7\u00e3o de Tratamento da Compesa no Sert\u00e3o - Serra FM 87,9","description":"Ao longo do terceiro dia consecutivo cumprindo agendas no interior do Estado, a governadora Raquel Lyra realizar\u00e1, nesta quinta-feira (21), vistorias nas obras de requalifica\u00e7\u00e3o da PE-265, em Sert\u00e2nia, e de implanta\u00e7\u00e3o de um Sistema de Abastecimento de \u00c1gua (SAA) na comunidade rural de Campo de Avia\u00e7\u00e3o, em Pesqueira. Em seguida, a gestora tamb\u00e9m participa","canonical_url":"https:\/\/serrafm879.com.br\/serrafm\/2023\/12\/governadora-raquel-lyra-vistoria-obra-na-pe-265-e-inaugura-estacao-de-tratamento-da-compesa-no-sertao\/","robots":"max-image-preview:large","keywords":"","webmasterTools":{"miscellaneous":""},"schema":{"@context":"https:\/\/schema.org","@graph":[{"@type":"BlogPosting","@id":"https:\/\/serrafm879.com.br\/serrafm\/2023\/12\/governadora-raquel-lyra-vistoria-obra-na-pe-265-e-inaugura-estacao-de-tratamento-da-compesa-no-sertao\/#blogposting","name":"Governadora Raquel Lyra vistoria obra na PE-265 e inaugura Esta\u00e7\u00e3o de Tratamento da Compesa no Sert\u00e3o - Serra FM 87,9","headline":"Governadora Raquel Lyra vistoria obra na PE-265 e inaugura Esta\u00e7\u00e3o de Tratamento da Compesa no Sert\u00e3o","author":{"@id":"https:\/\/serrafm879.com.br\/serrafm\/author\/serrafm87\/#author"},"publisher":{"@id":"https:\/\/serrafm879.com.br\/serrafm\/#organization"},"image":{"@type":"ImageObject","url":"https:\/\/serrafm879.com.br\/serrafm\/wp-content\/uploads\/2021\/03\/serrafm.jpg","width":800,"height":400},"datePublished":"2023-12-21T05:14:47-03:00","dateModified":"2023-12-21T05:14:47-03:00","inLanguage":"pt-BR","mainEntityOfPage":{"@id":"https:\/\/serrafm879.com.br\/serrafm\/2023\/12\/governadora-raquel-lyra-vistoria-obra-na-pe-265-e-inaugura-estacao-de-tratamento-da-compesa-no-sertao\/#webpage"},"isPartOf":{"@id":"https:\/\/serrafm879.com.br\/serrafm\/2023\/12\/governadora-raquel-lyra-vistoria-obra-na-pe-265-e-inaugura-estacao-de-tratamento-da-compesa-no-sertao\/#webpage"},"articleSection":"Uncategorized"},{"@type":"BreadcrumbList","@id":"https:\/\/serrafm879.com.br\/serrafm\/2023\/12\/governadora-raquel-lyra-vistoria-obra-na-pe-265-e-inaugura-estacao-de-tratamento-da-compesa-no-sertao\/#breadcrumblist","itemListElement":[{"@type":"ListItem","@id":"https:\/\/serrafm879.com.br\/serrafm#listItem","position":1,"name":"Home","item":"https:\/\/serrafm879.com.br\/serrafm","nextItem":{"@type":"ListItem","@id":"https:\/\/serrafm879.com.br\/serrafm\/categoria\/uncategorized\/#listItem","name":"Uncategorized"}},{"@type":"ListItem","@id":"https:\/\/serrafm879.com.br\/serrafm\/categoria\/uncategorized\/#listItem","position":2,"name":"Uncategorized","item":"https:\/\/serrafm879.com.br\/serrafm\/categoria\/uncategorized\/","nextItem":{"@type":"ListItem","@id":"https:\/\/serrafm879.com.br\/serrafm\/2023\/12\/governadora-raquel-lyra-vistoria-obra-na-pe-265-e-inaugura-estacao-de-tratamento-da-compesa-no-sertao\/#listItem","name":"Governadora Raquel Lyra vistoria obra na PE-265 e inaugura Esta\u00e7\u00e3o de Tratamento da Compesa no Sert\u00e3o"},"previousItem":{"@type":"ListItem","@id":"https:\/\/serrafm879.com.br\/serrafm#listItem","name":"Home"}},{"@type":"ListItem","@id":"https:\/\/serrafm879.com.br\/serrafm\/2023\/12\/governadora-raquel-lyra-vistoria-obra-na-pe-265-e-inaugura-estacao-de-tratamento-da-compesa-no-sertao\/#listItem","position":3,"name":"Governadora Raquel Lyra vistoria obra na PE-265 e inaugura Esta\u00e7\u00e3o de Tratamento da Compesa no Sert\u00e3o","previousItem":{"@type":"ListItem","@id":"https:\/\/serrafm879.com.br\/serrafm\/categoria\/uncategorized\/#listItem","name":"Uncategorized"}}]},{"@type":"Organization","@id":"https:\/\/serrafm879.com.br\/serrafm\/#organization","name":"Serra FM 87,9","description":"O seu novo amor!","url":"https:\/\/serrafm879.com.br\/serrafm\/"},{"@type":"Person","@id":"https:\/\/serrafm879.com.br\/serrafm\/author\/serrafm87\/#author","url":"https:\/\/serrafm879.com.br\/serrafm\/author\/serrafm87\/","name":"serrafm87","image":{"@type":"ImageObject","@id":"https:\/\/serrafm879.com.br\/serrafm\/2023\/12\/governadora-raquel-lyra-vistoria-obra-na-pe-265-e-inaugura-estacao-de-tratamento-da-compesa-no-sertao\/#authorImage","url":"https:\/\/secure.gravatar.com\/avatar\/a743233f1112d34f48bb3dc9559b76eb930bab8b27175856cba6362608736235?s=96&d=mm&r=g","width":96,"height":96,"caption":"serrafm87"}},{"@type":"WebPage","@id":"https:\/\/serrafm879.com.br\/serrafm\/2023\/12\/governadora-raquel-lyra-vistoria-obra-na-pe-265-e-inaugura-estacao-de-tratamento-da-compesa-no-sertao\/#webpage","url":"https:\/\/serrafm879.com.br\/serrafm\/2023\/12\/governadora-raquel-lyra-vistoria-obra-na-pe-265-e-inaugura-estacao-de-tratamento-da-compesa-no-sertao\/","name":"Governadora Raquel Lyra vistoria obra na PE-265 e inaugura Esta\u00e7\u00e3o de Tratamento da Compesa no Sert\u00e3o - Serra FM 87,9","description":"Ao longo do terceiro dia consecutivo cumprindo agendas no interior do Estado, a governadora Raquel Lyra realizar\u00e1, nesta quinta-feira (21), vistorias nas obras de requalifica\u00e7\u00e3o da PE-265, em Sert\u00e2nia, e de implanta\u00e7\u00e3o de um Sistema de Abastecimento de \u00c1gua (SAA) na comunidade rural de Campo de Avia\u00e7\u00e3o, em Pesqueira. Em seguida, a gestora tamb\u00e9m participa","inLanguage":"pt-BR","isPartOf":{"@id":"https:\/\/serrafm879.com.br\/serrafm\/#website"},"breadcrumb":{"@id":"https:\/\/serrafm879.com.br\/serrafm\/2023\/12\/governadora-raquel-lyra-vistoria-obra-na-pe-265-e-inaugura-estacao-de-tratamento-da-compesa-no-sertao\/#breadcrumblist"},"author":{"@id":"https:\/\/serrafm879.com.br\/serrafm\/author\/serrafm87\/#author"},"creator":{"@id":"https:\/\/serrafm879.com.br\/serrafm\/author\/serrafm87\/#author"},"image":{"@type":"ImageObject","url":"https:\/\/serrafm879.com.br\/serrafm\/wp-content\/uploads\/2021\/03\/serrafm.jpg","@id":"https:\/\/serrafm879.com.br\/serrafm\/2023\/12\/governadora-raquel-lyra-vistoria-obra-na-pe-265-e-inaugura-estacao-de-tratamento-da-compesa-no-sertao\/#mainImage","width":800,"height":400},"primaryImageOfPage":{"@id":"https:\/\/serrafm879.com.br\/serrafm\/2023\/12\/governadora-raquel-lyra-vistoria-obra-na-pe-265-e-inaugura-estacao-de-tratamento-da-compesa-no-sertao\/#mainImage"},"datePublished":"2023-12-21T05:14:47-03:00","dateModified":"2023-12-21T05:14:47-03:00"},{"@type":"WebSite","@id":"https:\/\/serrafm879.com.br\/serrafm\/#website","url":"https:\/\/serrafm879.com.br\/serrafm\/","name":"Serra FM 87,9","description":"O seu novo amor!","inLanguage":"pt-BR","publisher":{"@id":"https:\/\/serrafm879.com.br\/serrafm\/#organization"}}]},"twitter:card":"summary_large_image","twitter:title":"Governadora Raquel Lyra vistoria obra na PE-265 e inaugura Esta\u00e7\u00e3o de Tratamento da Compesa no Sert\u00e3o - Serra FM 87,9","twitter:description":"Ao longo do terceiro dia consecutivo cumprindo agendas no interior do Estado, a governadora Raquel Lyra realizar\u00e1, nesta quinta-feira (21), vistorias nas obras de requalifica\u00e7\u00e3o da PE-265, em Sert\u00e2nia, e de implanta\u00e7\u00e3o de um Sistema de Abastecimento de \u00c1gua (SAA) na comunidade rural de Campo de Avia\u00e7\u00e3o, em Pesqueira. Em seguida, a gestora tamb\u00e9m participa","twitter:image":"https:\/\/serrafm879.com.br\/serrafm\/wp-content\/uploads\/2021\/03\/serrafm.jpg"},"aioseo_meta_data":{"post_id":"15270","title":null,"description":null,"keywords":null,"keyphrases":null,"primary_term":null,"canonical_url":null,"og_title":null,"og_description":null,"og_object_type":"default","og_image_type":"default","og_image_custom_url":null,"og_image_custom_fields":null,"og_image_url":null,"og_image_width":null,"og_image_height":null,"og_video":null,"og_custom_url":null,"og_article_section":null,"og_article_tags":null,"twitter_use_og":false,"twitter_card":"default","twitter_image_type":"default","twitter_image_custom_url":null,"twitter_image_custom_fields":null,"twitter_image_url":null,"twitter_title":null,"twitter_description":null,"schema_type":"default","schema_type_options":null,"schema":{"blockGraphs":[],"customGraphs":[],"default":{"data":{"Article":[],"Course":[],"Dataset":[],"FAQPage":[],"Movie":[],"Person":[],"Product":[],"ProductReview":[],"Car":[],"Recipe":[],"Service":[],"SoftwareApplication":[],"WebPage":[]},"graphName":"","isEnabled":true},"graphs":[]},"pillar_content":false,"robots_default":true,"robots_noindex":false,"robots_noarchive":false,"robots_nosnippet":false,"robots_nofollow":false,"robots_noimageindex":false,"robots_noodp":false,"robots_notranslate":false,"robots_max_snippet":null,"robots_max_videopreview":null,"robots_max_imagepreview":"large","priority":null,"frequency":null,"local_seo":null,"limit_modified_date":false,"ai":null,"breadcrumb_settings":null,"seo_analyzer_scan_date":null,"created":"2026-07-21 09:23:10","updated":"2026-07-21 09:23:10"},"aioseo_breadcrumb":"<div class=\"aioseo-breadcrumbs\"><span class=\"aioseo-breadcrumb\">\n\t\t\t<a href=\"https:\/\/serrafm879.com.br\/serrafm\" title=\"Home\">Home<\/a>\n\t\t<\/span><span class=\"aioseo-breadcrumb-separator\">&raquo;<\/span><span class=\"aioseo-breadcrumb\">\n\t\t\t<a href=\"https:\/\/serrafm879.com.br\/serrafm\/categoria\/uncategorized\/\" title=\"Uncategorized\">Uncategorized<\/a>\n\t\t<\/span><span class=\"aioseo-breadcrumb-separator\">&raquo;<\/span><span class=\"aioseo-breadcrumb\">\n\t\t\tGovernadora Raquel Lyra vistoria obra na PE-265 e inaugura Esta\u00e7\u00e3o de Tratamento da Compesa no Sert\u00e3o\n\t\t<\/span><\/div>","aioseo_breadcrumb_json":[{"label":"Home","link":"https:\/\/serrafm879.com.br\/serrafm"},{"label":"Uncategorized","link":"https:\/\/serrafm879.com.br\/serrafm\/categoria\/uncategorized\/"},{"label":"Governadora Raquel Lyra vistoria obra na PE-265 e inaugura Esta\u00e7\u00e3o de Tratamento da Compesa no Sert\u00e3o","link":"https:\/\/serrafm879.com.br\/serrafm\/2023\/12\/governadora-raquel-lyra-vistoria-obra-na-pe-265-e-inaugura-estacao-de-tratamento-da-compesa-no-sertao\/"}],"jetpack_publicize_connections":[],"jetpack_featured_media_url":"https:\/\/serrafm879.com.br\/serrafm\/wp-content\/uploads\/2021\/03\/serrafm.jpg","jetpack_shortlink":"https:\/\/wp.me\/p7HyXg-3Yi","jetpack_sharing_enabled":true,"_links":{"self":[{"href":"https:\/\/serrafm879.com.br\/serrafm\/wp-json\/wp\/v2\/posts\/15270","targetHints":{"allow":["GET"]}}],"collection":[{"href":"https:\/\/serrafm879.com.br\/serrafm\/wp-json\/wp\/v2\/posts"}],"about":[{"href":"https:\/\/serrafm879.com.br\/serrafm\/wp-json\/wp\/v2\/types\/post"}],"author":[{"embeddable":true,"href":"https:\/\/serrafm879.com.br\/serrafm\/wp-json\/wp\/v2\/users\/2"}],"replies":[{"embeddable":true,"href":"https:\/\/serrafm879.com.br\/serrafm\/wp-json\/wp\/v2\/comments?post=15270"}],"version-history":[{"count":1,"href":"https:\/\/serrafm879.com.br\/serrafm\/wp-json\/wp\/v2\/posts\/15270\/revisions"}],"predecessor-version":[{"id":15271,"href":"https:\/\/serrafm879.com.br\/serrafm\/wp-json\/wp\/v2\/posts\/15270\/revisions\/15271"}],"wp:featuredmedia":[{"embeddable":true,"href":"https:\/\/serrafm879.com.br\/serrafm\/wp-json\/wp\/v2\/media\/5167"}],"wp:attachment":[{"href":"https:\/\/serrafm879.com.br\/serrafm\/wp-json\/wp\/v2\/media?parent=15270"}],"wp:term":[{"taxonomy":"category","embeddable":true,"href":"https:\/\/serrafm879.com.br\/serrafm\/wp-json\/wp\/v2\/categories?post=15270"},{"taxonomy":"post_tag","embeddable":true,"href":"https:\/\/serrafm879.com.br\/serrafm\/wp-json\/wp\/v2\/tags?post=15270"}],"curies":[{"name":"wp","href":"https:\/\/api.w.org\/{rel}","templated":true}]}}