{"id":15307,"date":"2023-12-26T17:37:01","date_gmt":"2023-12-26T20:37:01","guid":{"rendered":"https:\/?p=15307"},"modified":"2023-12-26T17:37:01","modified_gmt":"2023-12-26T20:37:01","slug":"apos-acidente-em-st-familia-condena-exposicao-nas-redes","status":"publish","type":"post","link":"https:\/\/serrafm879.com.br\/serrafm\/2023\/12\/apos-acidente-em-st-familia-condena-exposicao-nas-redes\/","title":{"rendered":"Ap\u00f3s acidente em ST, fam\u00edlia condena exposi\u00e7\u00e3o nas redes"},"content":{"rendered":"<p>No \u00faltimo domingo (24) foi registrado um acidente na Avenida Triunfo, que deixou em estado grave o serra-talhadense\u00a0<strong>Vital Jos\u00e9 de Souza<\/strong>.\u00a0<a href=\"https:\/\/faroldenoticias.com.br\/acidente-na-noite-de-natal-em-serra-talhada-deixa-homem-em-estado-gravissimo\/\" target=\"_blank\" rel=\"noopener\">Ele conduzia uma motocicleta quando se chocou com um ve\u00edculo de passeio<\/a>.<\/p>\n<p>Enquanto estava ca\u00eddo, aguardando socorro, uma s\u00e9rie de imagens foram espalhadas nas redes sociais de\u00a0<a href=\"https:\/\/faroldenoticias.com.br\/categoria\/serra-talhada\/\">Serra Talhada e regi\u00e3o<\/a>.<\/p>\n<p>Nessa segunda-feira (25), em contato com a reda\u00e7\u00e3o do\u00a0<strong>Farol<\/strong>, familiares condenaram a exposi\u00e7\u00e3o da trag\u00e9dia por parte dos grupos de WhatsApp.<\/p>\n<p>\u201cEu queria saber o que essa pessoa ganhou, ap\u00f3s tirar fotos do meu irm\u00e3o, ferido, ap\u00f3s o acidente, postando nos grupos? Agora, se fosse o filho dele, o pai, a m\u00e3e, ou uma irm\u00e3, ele iria gostar que eu tirasse e espalhasse fotos? Sou irm\u00e3 e n\u00e3o gostei nada disso. V\u00e1rios curiosos espalharam fotos pelos grupos. Ningu\u00e9m gosta de ver o seu ente querido exposto numa situa\u00e7\u00e3o dessas\u201d, desabafou Val\u00e9ria de Souza Silva, 33 anos, irm\u00e3o de Vital.<\/p>\n<p>O jovem continua internado na ala vermelha do Hospital Eduardo Campos (HEC) e ontem, foi feita uma \u2018corrente de ora\u00e7\u00e3o\u2019 por sua recupera\u00e7\u00e3o. O estado de sa\u00fade ainda inspira cuidados.<\/p>\n","protected":false},"excerpt":{"rendered":"<p>No \u00faltimo domingo (24) foi registrado um acidente na Avenida Triunfo, que deixou em estado grave o serra-talhadense\u00a0Vital Jos\u00e9 de Souza.\u00a0Ele conduzia uma motocicleta quando se chocou com um ve\u00edculo de passeio. Enquanto estava ca\u00eddo, aguardando socorro, uma s\u00e9rie de imagens foram espalhadas nas redes sociais de\u00a0Serra Talhada e regi\u00e3o. Nessa segunda-feira (25), em contato com a reda\u00e7\u00e3o do\u00a0Farol, familiares condenaram a exposi\u00e7\u00e3o da trag\u00e9dia por parte dos grupos de WhatsApp. \u201cEu queria saber o que essa pessoa ganhou, ap\u00f3s tirar fotos do meu irm\u00e3o, ferido, ap\u00f3s o acidente, postando nos grupos? Agora, se fosse o filho dele, o pai, [&hellip;]<\/p>\n","protected":false},"author":2,"featured_media":15308,"comment_status":"open","ping_status":"open","sticky":false,"template":"","format":"standard","meta":{"_jetpack_newsletter_access":"","_jetpack_dont_email_post_to_subs":false,"_jetpack_newsletter_tier_id":0,"_jetpack_memberships_contains_paywalled_content":false,"_jetpack_feature_clip_id":0,"_jetpack_memberships_contains_paid_content":false,"footnotes":"","jetpack_publicize_message":"","jetpack_publicize_feature_enabled":true,"jetpack_social_post_already_shared":true,"jetpack_social_options":{"image_generator_settings":{"template":"highway","default_image_id":0,"font":"","enabled":false},"version":2},"jetpack_post_was_ever_published":false},"categories":[2],"tags":[],"class_list":["post-15307","post","type-post","status-publish","format-standard","has-post-thumbnail","hentry","category-noticias"],"aioseo_notices":[],"aioseo_head":"\n\t\t<!-- All in One SEO 4.9.10 - aioseo.com -->\n\t<meta name=\"description\" content=\"No \u00faltimo domingo (24) foi registrado um acidente na Avenida Triunfo, que deixou em estado grave o serra-talhadense Vital Jos\u00e9 de Souza. Ele conduzia uma motocicleta quando se chocou com um ve\u00edculo de passeio. Enquanto estava ca\u00eddo, aguardando socorro, uma s\u00e9rie de imagens foram espalhadas nas redes sociais de Serra Talhada e regi\u00e3o. Nessa segunda-feira (25), em contato\" \/>\n\t<meta name=\"robots\" content=\"max-image-preview:large\" \/>\n\t<meta name=\"author\" content=\"serrafm87\"\/>\n\t<link rel=\"canonical\" href=\"https:\/\/serrafm879.com.br\/serrafm\/2023\/12\/apos-acidente-em-st-familia-condena-exposicao-nas-redes\/\" \/>\n\t<meta name=\"generator\" content=\"All in One SEO (AIOSEO) 4.9.10\" \/>\n\t\t<meta name=\"twitter:card\" content=\"summary_large_image\" \/>\n\t\t<meta name=\"twitter:title\" content=\"Ap\u00f3s acidente em ST, fam\u00edlia condena exposi\u00e7\u00e3o nas redes - Serra FM 87,9\" \/>\n\t\t<meta name=\"twitter:description\" content=\"No \u00faltimo domingo (24) foi registrado um acidente na Avenida Triunfo, que deixou em estado grave o serra-talhadense Vital Jos\u00e9 de Souza. Ele conduzia uma motocicleta quando se chocou com um ve\u00edculo de passeio. Enquanto estava ca\u00eddo, aguardando socorro, uma s\u00e9rie de imagens foram espalhadas nas redes sociais de Serra Talhada e regi\u00e3o. Nessa segunda-feira (25), em contato\" \/>\n\t\t<meta name=\"twitter:image\" content=\"https:\/\/serrafm879.com.br\/serrafm\/wp-content\/uploads\/2023\/12\/vital-jose.jpg\" \/>\n\t\t<script type=\"application\/ld+json\" class=\"aioseo-schema\">\n\t\t\t{\"@context\":\"https:\\\/\\\/schema.org\",\"@graph\":[{\"@type\":\"BlogPosting\",\"@id\":\"https:\\\/\\\/serrafm879.com.br\\\/serrafm\\\/2023\\\/12\\\/apos-acidente-em-st-familia-condena-exposicao-nas-redes\\\/#blogposting\",\"name\":\"Ap\\u00f3s acidente em ST, fam\\u00edlia condena exposi\\u00e7\\u00e3o nas redes - Serra FM 87,9\",\"headline\":\"Ap\\u00f3s acidente em ST, fam\\u00edlia condena exposi\\u00e7\\u00e3o nas redes\",\"author\":{\"@id\":\"https:\\\/\\\/serrafm879.com.br\\\/serrafm\\\/author\\\/serrafm87\\\/#author\"},\"publisher\":{\"@id\":\"https:\\\/\\\/serrafm879.com.br\\\/serrafm\\\/#organization\"},\"image\":{\"@type\":\"ImageObject\",\"url\":\"https:\\\/\\\/serrafm879.com.br\\\/serrafm\\\/wp-content\\\/uploads\\\/2023\\\/12\\\/vital-jose.jpg\",\"width\":1080,\"height\":1080},\"datePublished\":\"2023-12-26T17:37:01-03:00\",\"dateModified\":\"2023-12-26T17:37:01-03:00\",\"inLanguage\":\"pt-BR\",\"mainEntityOfPage\":{\"@id\":\"https:\\\/\\\/serrafm879.com.br\\\/serrafm\\\/2023\\\/12\\\/apos-acidente-em-st-familia-condena-exposicao-nas-redes\\\/#webpage\"},\"isPartOf\":{\"@id\":\"https:\\\/\\\/serrafm879.com.br\\\/serrafm\\\/2023\\\/12\\\/apos-acidente-em-st-familia-condena-exposicao-nas-redes\\\/#webpage\"},\"articleSection\":\"Not\\u00edcias\"},{\"@type\":\"BreadcrumbList\",\"@id\":\"https:\\\/\\\/serrafm879.com.br\\\/serrafm\\\/2023\\\/12\\\/apos-acidente-em-st-familia-condena-exposicao-nas-redes\\\/#breadcrumblist\",\"itemListElement\":[{\"@type\":\"ListItem\",\"@id\":\"https:\\\/\\\/serrafm879.com.br\\\/serrafm#listItem\",\"position\":1,\"name\":\"Home\",\"item\":\"https:\\\/\\\/serrafm879.com.br\\\/serrafm\",\"nextItem\":{\"@type\":\"ListItem\",\"@id\":\"https:\\\/\\\/serrafm879.com.br\\\/serrafm\\\/categoria\\\/noticias\\\/#listItem\",\"name\":\"Not\\u00edcias\"}},{\"@type\":\"ListItem\",\"@id\":\"https:\\\/\\\/serrafm879.com.br\\\/serrafm\\\/categoria\\\/noticias\\\/#listItem\",\"position\":2,\"name\":\"Not\\u00edcias\",\"item\":\"https:\\\/\\\/serrafm879.com.br\\\/serrafm\\\/categoria\\\/noticias\\\/\",\"nextItem\":{\"@type\":\"ListItem\",\"@id\":\"https:\\\/\\\/serrafm879.com.br\\\/serrafm\\\/2023\\\/12\\\/apos-acidente-em-st-familia-condena-exposicao-nas-redes\\\/#listItem\",\"name\":\"Ap\\u00f3s acidente em ST, fam\\u00edlia condena exposi\\u00e7\\u00e3o nas redes\"},\"previousItem\":{\"@type\":\"ListItem\",\"@id\":\"https:\\\/\\\/serrafm879.com.br\\\/serrafm#listItem\",\"name\":\"Home\"}},{\"@type\":\"ListItem\",\"@id\":\"https:\\\/\\\/serrafm879.com.br\\\/serrafm\\\/2023\\\/12\\\/apos-acidente-em-st-familia-condena-exposicao-nas-redes\\\/#listItem\",\"position\":3,\"name\":\"Ap\\u00f3s acidente em ST, fam\\u00edlia condena exposi\\u00e7\\u00e3o nas redes\",\"previousItem\":{\"@type\":\"ListItem\",\"@id\":\"https:\\\/\\\/serrafm879.com.br\\\/serrafm\\\/categoria\\\/noticias\\\/#listItem\",\"name\":\"Not\\u00edcias\"}}]},{\"@type\":\"Organization\",\"@id\":\"https:\\\/\\\/serrafm879.com.br\\\/serrafm\\\/#organization\",\"name\":\"Serra FM 87,9\",\"description\":\"O seu novo amor!\",\"url\":\"https:\\\/\\\/serrafm879.com.br\\\/serrafm\\\/\"},{\"@type\":\"Person\",\"@id\":\"https:\\\/\\\/serrafm879.com.br\\\/serrafm\\\/author\\\/serrafm87\\\/#author\",\"url\":\"https:\\\/\\\/serrafm879.com.br\\\/serrafm\\\/author\\\/serrafm87\\\/\",\"name\":\"serrafm87\",\"image\":{\"@type\":\"ImageObject\",\"@id\":\"https:\\\/\\\/serrafm879.com.br\\\/serrafm\\\/2023\\\/12\\\/apos-acidente-em-st-familia-condena-exposicao-nas-redes\\\/#authorImage\",\"url\":\"https:\\\/\\\/secure.gravatar.com\\\/avatar\\\/a743233f1112d34f48bb3dc9559b76eb930bab8b27175856cba6362608736235?s=96&d=mm&r=g\",\"width\":96,\"height\":96,\"caption\":\"serrafm87\"}},{\"@type\":\"WebPage\",\"@id\":\"https:\\\/\\\/serrafm879.com.br\\\/serrafm\\\/2023\\\/12\\\/apos-acidente-em-st-familia-condena-exposicao-nas-redes\\\/#webpage\",\"url\":\"https:\\\/\\\/serrafm879.com.br\\\/serrafm\\\/2023\\\/12\\\/apos-acidente-em-st-familia-condena-exposicao-nas-redes\\\/\",\"name\":\"Ap\\u00f3s acidente em ST, fam\\u00edlia condena exposi\\u00e7\\u00e3o nas redes - Serra FM 87,9\",\"description\":\"No \\u00faltimo domingo (24) foi registrado um acidente na Avenida Triunfo, que deixou em estado grave o serra-talhadense Vital Jos\\u00e9 de Souza. Ele conduzia uma motocicleta quando se chocou com um ve\\u00edculo de passeio. Enquanto estava ca\\u00eddo, aguardando socorro, uma s\\u00e9rie de imagens foram espalhadas nas redes sociais de Serra Talhada e regi\\u00e3o. Nessa segunda-feira (25), em contato\",\"inLanguage\":\"pt-BR\",\"isPartOf\":{\"@id\":\"https:\\\/\\\/serrafm879.com.br\\\/serrafm\\\/#website\"},\"breadcrumb\":{\"@id\":\"https:\\\/\\\/serrafm879.com.br\\\/serrafm\\\/2023\\\/12\\\/apos-acidente-em-st-familia-condena-exposicao-nas-redes\\\/#breadcrumblist\"},\"author\":{\"@id\":\"https:\\\/\\\/serrafm879.com.br\\\/serrafm\\\/author\\\/serrafm87\\\/#author\"},\"creator\":{\"@id\":\"https:\\\/\\\/serrafm879.com.br\\\/serrafm\\\/author\\\/serrafm87\\\/#author\"},\"image\":{\"@type\":\"ImageObject\",\"url\":\"https:\\\/\\\/serrafm879.com.br\\\/serrafm\\\/wp-content\\\/uploads\\\/2023\\\/12\\\/vital-jose.jpg\",\"@id\":\"https:\\\/\\\/serrafm879.com.br\\\/serrafm\\\/2023\\\/12\\\/apos-acidente-em-st-familia-condena-exposicao-nas-redes\\\/#mainImage\",\"width\":1080,\"height\":1080},\"primaryImageOfPage\":{\"@id\":\"https:\\\/\\\/serrafm879.com.br\\\/serrafm\\\/2023\\\/12\\\/apos-acidente-em-st-familia-condena-exposicao-nas-redes\\\/#mainImage\"},\"datePublished\":\"2023-12-26T17:37:01-03:00\",\"dateModified\":\"2023-12-26T17:37:01-03:00\"},{\"@type\":\"WebSite\",\"@id\":\"https:\\\/\\\/serrafm879.com.br\\\/serrafm\\\/#website\",\"url\":\"https:\\\/\\\/serrafm879.com.br\\\/serrafm\\\/\",\"name\":\"Serra FM 87,9\",\"description\":\"O seu novo amor!\",\"inLanguage\":\"pt-BR\",\"publisher\":{\"@id\":\"https:\\\/\\\/serrafm879.com.br\\\/serrafm\\\/#organization\"}}]}\n\t\t<\/script>\n\t\t<!-- All in One SEO -->\n\n","aioseo_head_json":{"title":"Ap\u00f3s acidente em ST, fam\u00edlia condena exposi\u00e7\u00e3o nas redes - Serra FM 87,9","description":"No \u00faltimo domingo (24) foi registrado um acidente na Avenida Triunfo, que deixou em estado grave o serra-talhadense Vital Jos\u00e9 de Souza. Ele conduzia uma motocicleta quando se chocou com um ve\u00edculo de passeio. Enquanto estava ca\u00eddo, aguardando socorro, uma s\u00e9rie de imagens foram espalhadas nas redes sociais de Serra Talhada e regi\u00e3o. Nessa segunda-feira (25), em contato","canonical_url":"https:\/\/serrafm879.com.br\/serrafm\/2023\/12\/apos-acidente-em-st-familia-condena-exposicao-nas-redes\/","robots":"max-image-preview:large","keywords":"","webmasterTools":{"miscellaneous":""},"schema":{"@context":"https:\/\/schema.org","@graph":[{"@type":"BlogPosting","@id":"https:\/\/serrafm879.com.br\/serrafm\/2023\/12\/apos-acidente-em-st-familia-condena-exposicao-nas-redes\/#blogposting","name":"Ap\u00f3s acidente em ST, fam\u00edlia condena exposi\u00e7\u00e3o nas redes - Serra FM 87,9","headline":"Ap\u00f3s acidente em ST, fam\u00edlia condena exposi\u00e7\u00e3o nas redes","author":{"@id":"https:\/\/serrafm879.com.br\/serrafm\/author\/serrafm87\/#author"},"publisher":{"@id":"https:\/\/serrafm879.com.br\/serrafm\/#organization"},"image":{"@type":"ImageObject","url":"https:\/\/serrafm879.com.br\/serrafm\/wp-content\/uploads\/2023\/12\/vital-jose.jpg","width":1080,"height":1080},"datePublished":"2023-12-26T17:37:01-03:00","dateModified":"2023-12-26T17:37:01-03:00","inLanguage":"pt-BR","mainEntityOfPage":{"@id":"https:\/\/serrafm879.com.br\/serrafm\/2023\/12\/apos-acidente-em-st-familia-condena-exposicao-nas-redes\/#webpage"},"isPartOf":{"@id":"https:\/\/serrafm879.com.br\/serrafm\/2023\/12\/apos-acidente-em-st-familia-condena-exposicao-nas-redes\/#webpage"},"articleSection":"Not\u00edcias"},{"@type":"BreadcrumbList","@id":"https:\/\/serrafm879.com.br\/serrafm\/2023\/12\/apos-acidente-em-st-familia-condena-exposicao-nas-redes\/#breadcrumblist","itemListElement":[{"@type":"ListItem","@id":"https:\/\/serrafm879.com.br\/serrafm#listItem","position":1,"name":"Home","item":"https:\/\/serrafm879.com.br\/serrafm","nextItem":{"@type":"ListItem","@id":"https:\/\/serrafm879.com.br\/serrafm\/categoria\/noticias\/#listItem","name":"Not\u00edcias"}},{"@type":"ListItem","@id":"https:\/\/serrafm879.com.br\/serrafm\/categoria\/noticias\/#listItem","position":2,"name":"Not\u00edcias","item":"https:\/\/serrafm879.com.br\/serrafm\/categoria\/noticias\/","nextItem":{"@type":"ListItem","@id":"https:\/\/serrafm879.com.br\/serrafm\/2023\/12\/apos-acidente-em-st-familia-condena-exposicao-nas-redes\/#listItem","name":"Ap\u00f3s acidente em ST, fam\u00edlia condena exposi\u00e7\u00e3o nas redes"},"previousItem":{"@type":"ListItem","@id":"https:\/\/serrafm879.com.br\/serrafm#listItem","name":"Home"}},{"@type":"ListItem","@id":"https:\/\/serrafm879.com.br\/serrafm\/2023\/12\/apos-acidente-em-st-familia-condena-exposicao-nas-redes\/#listItem","position":3,"name":"Ap\u00f3s acidente em ST, fam\u00edlia condena exposi\u00e7\u00e3o nas redes","previousItem":{"@type":"ListItem","@id":"https:\/\/serrafm879.com.br\/serrafm\/categoria\/noticias\/#listItem","name":"Not\u00edcias"}}]},{"@type":"Organization","@id":"https:\/\/serrafm879.com.br\/serrafm\/#organization","name":"Serra FM 87,9","description":"O seu novo amor!","url":"https:\/\/serrafm879.com.br\/serrafm\/"},{"@type":"Person","@id":"https:\/\/serrafm879.com.br\/serrafm\/author\/serrafm87\/#author","url":"https:\/\/serrafm879.com.br\/serrafm\/author\/serrafm87\/","name":"serrafm87","image":{"@type":"ImageObject","@id":"https:\/\/serrafm879.com.br\/serrafm\/2023\/12\/apos-acidente-em-st-familia-condena-exposicao-nas-redes\/#authorImage","url":"https:\/\/secure.gravatar.com\/avatar\/a743233f1112d34f48bb3dc9559b76eb930bab8b27175856cba6362608736235?s=96&d=mm&r=g","width":96,"height":96,"caption":"serrafm87"}},{"@type":"WebPage","@id":"https:\/\/serrafm879.com.br\/serrafm\/2023\/12\/apos-acidente-em-st-familia-condena-exposicao-nas-redes\/#webpage","url":"https:\/\/serrafm879.com.br\/serrafm\/2023\/12\/apos-acidente-em-st-familia-condena-exposicao-nas-redes\/","name":"Ap\u00f3s acidente em ST, fam\u00edlia condena exposi\u00e7\u00e3o nas redes - Serra FM 87,9","description":"No \u00faltimo domingo (24) foi registrado um acidente na Avenida Triunfo, que deixou em estado grave o serra-talhadense Vital Jos\u00e9 de Souza. Ele conduzia uma motocicleta quando se chocou com um ve\u00edculo de passeio. Enquanto estava ca\u00eddo, aguardando socorro, uma s\u00e9rie de imagens foram espalhadas nas redes sociais de Serra Talhada e regi\u00e3o. Nessa segunda-feira (25), em contato","inLanguage":"pt-BR","isPartOf":{"@id":"https:\/\/serrafm879.com.br\/serrafm\/#website"},"breadcrumb":{"@id":"https:\/\/serrafm879.com.br\/serrafm\/2023\/12\/apos-acidente-em-st-familia-condena-exposicao-nas-redes\/#breadcrumblist"},"author":{"@id":"https:\/\/serrafm879.com.br\/serrafm\/author\/serrafm87\/#author"},"creator":{"@id":"https:\/\/serrafm879.com.br\/serrafm\/author\/serrafm87\/#author"},"image":{"@type":"ImageObject","url":"https:\/\/serrafm879.com.br\/serrafm\/wp-content\/uploads\/2023\/12\/vital-jose.jpg","@id":"https:\/\/serrafm879.com.br\/serrafm\/2023\/12\/apos-acidente-em-st-familia-condena-exposicao-nas-redes\/#mainImage","width":1080,"height":1080},"primaryImageOfPage":{"@id":"https:\/\/serrafm879.com.br\/serrafm\/2023\/12\/apos-acidente-em-st-familia-condena-exposicao-nas-redes\/#mainImage"},"datePublished":"2023-12-26T17:37:01-03:00","dateModified":"2023-12-26T17:37:01-03:00"},{"@type":"WebSite","@id":"https:\/\/serrafm879.com.br\/serrafm\/#website","url":"https:\/\/serrafm879.com.br\/serrafm\/","name":"Serra FM 87,9","description":"O seu novo amor!","inLanguage":"pt-BR","publisher":{"@id":"https:\/\/serrafm879.com.br\/serrafm\/#organization"}}]},"twitter:card":"summary_large_image","twitter:title":"Ap\u00f3s acidente em ST, fam\u00edlia condena exposi\u00e7\u00e3o nas redes - Serra FM 87,9","twitter:description":"No \u00faltimo domingo (24) foi registrado um acidente na Avenida Triunfo, que deixou em estado grave o serra-talhadense Vital Jos\u00e9 de Souza. Ele conduzia uma motocicleta quando se chocou com um ve\u00edculo de passeio. Enquanto estava ca\u00eddo, aguardando socorro, uma s\u00e9rie de imagens foram espalhadas nas redes sociais de Serra Talhada e regi\u00e3o. Nessa segunda-feira (25), em contato","twitter:image":"https:\/\/serrafm879.com.br\/serrafm\/wp-content\/uploads\/2023\/12\/vital-jose.jpg"},"aioseo_meta_data":{"post_id":"15307","title":null,"description":null,"keywords":null,"keyphrases":null,"primary_term":null,"canonical_url":null,"og_title":null,"og_description":null,"og_object_type":"default","og_image_type":"default","og_image_custom_url":null,"og_image_custom_fields":null,"og_image_url":null,"og_image_width":null,"og_image_height":null,"og_video":null,"og_custom_url":null,"og_article_section":null,"og_article_tags":null,"twitter_use_og":false,"twitter_card":"default","twitter_image_type":"default","twitter_image_custom_url":null,"twitter_image_custom_fields":null,"twitter_image_url":null,"twitter_title":null,"twitter_description":null,"schema_type":"default","schema_type_options":null,"schema":{"blockGraphs":[],"customGraphs":[],"default":{"data":{"Article":[],"Course":[],"Dataset":[],"FAQPage":[],"Movie":[],"Person":[],"Product":[],"ProductReview":[],"Car":[],"Recipe":[],"Service":[],"SoftwareApplication":[],"WebPage":[]},"graphName":"","isEnabled":true},"graphs":[]},"pillar_content":false,"robots_default":true,"robots_noindex":false,"robots_noarchive":false,"robots_nosnippet":false,"robots_nofollow":false,"robots_noimageindex":false,"robots_noodp":false,"robots_notranslate":false,"robots_max_snippet":null,"robots_max_videopreview":null,"robots_max_imagepreview":"large","priority":null,"frequency":null,"local_seo":null,"limit_modified_date":false,"ai":null,"breadcrumb_settings":null,"seo_analyzer_scan_date":null,"created":"2026-07-21 09:27:44","updated":"2026-07-21 09:27:44"},"aioseo_breadcrumb":"<div class=\"aioseo-breadcrumbs\"><span class=\"aioseo-breadcrumb\">\n\t\t\t<a href=\"https:\/\/serrafm879.com.br\/serrafm\" title=\"Home\">Home<\/a>\n\t\t<\/span><span class=\"aioseo-breadcrumb-separator\">&raquo;<\/span><span class=\"aioseo-breadcrumb\">\n\t\t\t<a href=\"https:\/\/serrafm879.com.br\/serrafm\/categoria\/noticias\/\" title=\"Not\u00edcias\">Not\u00edcias<\/a>\n\t\t<\/span><span class=\"aioseo-breadcrumb-separator\">&raquo;<\/span><span class=\"aioseo-breadcrumb\">\n\t\t\tAp\u00f3s acidente em ST, fam\u00edlia condena exposi\u00e7\u00e3o nas redes\n\t\t<\/span><\/div>","aioseo_breadcrumb_json":[{"label":"Home","link":"https:\/\/serrafm879.com.br\/serrafm"},{"label":"Not\u00edcias","link":"https:\/\/serrafm879.com.br\/serrafm\/categoria\/noticias\/"},{"label":"Ap\u00f3s acidente em ST, fam\u00edlia condena exposi\u00e7\u00e3o nas redes","link":"https:\/\/serrafm879.com.br\/serrafm\/2023\/12\/apos-acidente-em-st-familia-condena-exposicao-nas-redes\/"}],"jetpack_publicize_connections":[],"jetpack_featured_media_url":"https:\/\/serrafm879.com.br\/serrafm\/wp-content\/uploads\/2023\/12\/vital-jose.jpg","jetpack_shortlink":"https:\/\/wp.me\/p7HyXg-3YT","jetpack_sharing_enabled":true,"_links":{"self":[{"href":"https:\/\/serrafm879.com.br\/serrafm\/wp-json\/wp\/v2\/posts\/15307","targetHints":{"allow":["GET"]}}],"collection":[{"href":"https:\/\/serrafm879.com.br\/serrafm\/wp-json\/wp\/v2\/posts"}],"about":[{"href":"https:\/\/serrafm879.com.br\/serrafm\/wp-json\/wp\/v2\/types\/post"}],"author":[{"embeddable":true,"href":"https:\/\/serrafm879.com.br\/serrafm\/wp-json\/wp\/v2\/users\/2"}],"replies":[{"embeddable":true,"href":"https:\/\/serrafm879.com.br\/serrafm\/wp-json\/wp\/v2\/comments?post=15307"}],"version-history":[{"count":1,"href":"https:\/\/serrafm879.com.br\/serrafm\/wp-json\/wp\/v2\/posts\/15307\/revisions"}],"predecessor-version":[{"id":15309,"href":"https:\/\/serrafm879.com.br\/serrafm\/wp-json\/wp\/v2\/posts\/15307\/revisions\/15309"}],"wp:featuredmedia":[{"embeddable":true,"href":"https:\/\/serrafm879.com.br\/serrafm\/wp-json\/wp\/v2\/media\/15308"}],"wp:attachment":[{"href":"https:\/\/serrafm879.com.br\/serrafm\/wp-json\/wp\/v2\/media?parent=15307"}],"wp:term":[{"taxonomy":"category","embeddable":true,"href":"https:\/\/serrafm879.com.br\/serrafm\/wp-json\/wp\/v2\/categories?post=15307"},{"taxonomy":"post_tag","embeddable":true,"href":"https:\/\/serrafm879.com.br\/serrafm\/wp-json\/wp\/v2\/tags?post=15307"}],"curies":[{"name":"wp","href":"https:\/\/api.w.org\/{rel}","templated":true}]}}