{"id":15379,"date":"2024-01-02T09:58:29","date_gmt":"2024-01-02T12:58:29","guid":{"rendered":"https:\/?p=15379"},"modified":"2024-01-02T09:58:29","modified_gmt":"2024-01-02T12:58:29","slug":"sebastiao-oliveira-deve-anunciar-nome-do-escolhido-ate-4a","status":"publish","type":"post","link":"https:\/\/serrafm879.com.br\/serrafm\/2024\/01\/sebastiao-oliveira-deve-anunciar-nome-do-escolhido-ate-4a\/","title":{"rendered":"Sebasti\u00e3o Oliveira deve anunciar nome do escolhido at\u00e9 4\u00aa"},"content":{"rendered":"<p>&nbsp;<\/p>\n<p>O ex-deputado Sebasti\u00e3o Oliveira, presidente do Avante em Pernambuco, deve anunciar o nome do pr\u00e9-candidato a prefeito do grupo, at\u00e9 amanh\u00e3 (quarta-feira). Hoje ele se re\u00fane com o deputado Waldemar Oliveira, mas pretende ouvir demais integrantes do partido.<\/p>\n<p>No leque de apostas est\u00e3o os nomes de\u00a0<strong>Duquinho, Allan Pereira\u00a0<\/strong>e\u00a0<strong>Andr\u00e9 Maio.\u00a0<\/strong>Este \u00e9 vereador da base de M\u00e1rcia Conrado, mas vem se distanciando muito da gestora, nos \u00faltimos meses, inclusive, fazendo o contraponto com v\u00e1rios elogios a Sebasti\u00e3o Oliveira<\/p>\n<p>Na opini\u00e3o de \u2018Seb\u00e1\u2019, o grupo tem que se fortalecer para fazer uma dura oposi\u00e7\u00e3o ao governo do PT, nos pr\u00f3ximos meses, e manter um canal aberto com o deputado Luciano Duque.<\/p>\n<p>&nbsp;<\/p>\n<p>Fonte: Farol de Not\u00edcias<\/p>\n","protected":false},"excerpt":{"rendered":"<p>&nbsp; O ex-deputado Sebasti\u00e3o Oliveira, presidente do Avante em Pernambuco, deve anunciar o nome do pr\u00e9-candidato a prefeito do grupo, at\u00e9 amanh\u00e3 (quarta-feira). Hoje ele se re\u00fane com o deputado Waldemar Oliveira, mas pretende ouvir demais integrantes do partido. No leque de apostas est\u00e3o os nomes de\u00a0Duquinho, Allan Pereira\u00a0e\u00a0Andr\u00e9 Maio.\u00a0Este \u00e9 vereador da base de M\u00e1rcia Conrado, mas vem se distanciando muito da gestora, nos \u00faltimos meses, inclusive, fazendo o contraponto com v\u00e1rios elogios a Sebasti\u00e3o Oliveira Na opini\u00e3o de \u2018Seb\u00e1\u2019, o grupo tem que se fortalecer para fazer uma dura oposi\u00e7\u00e3o ao governo do PT, nos pr\u00f3ximos meses, e [&hellip;]<\/p>\n","protected":false},"author":2,"featured_media":15380,"comment_status":"open","ping_status":"open","sticky":false,"template":"","format":"standard","meta":{"_jetpack_newsletter_access":"","_jetpack_dont_email_post_to_subs":false,"_jetpack_newsletter_tier_id":0,"_jetpack_memberships_contains_paywalled_content":false,"_jetpack_feature_clip_id":0,"_jetpack_memberships_contains_paid_content":false,"footnotes":"","jetpack_publicize_message":"","jetpack_publicize_feature_enabled":true,"jetpack_social_post_already_shared":true,"jetpack_social_options":{"image_generator_settings":{"template":"highway","default_image_id":0,"font":"","enabled":false},"version":2},"jetpack_post_was_ever_published":false},"categories":[144],"tags":[],"class_list":["post-15379","post","type-post","status-publish","format-standard","has-post-thumbnail","hentry","category-politica"],"aioseo_notices":[],"aioseo_head":"\n\t\t<!-- All in One SEO 4.9.10 - aioseo.com -->\n\t<meta name=\"description\" content=\"O ex-deputado Sebasti\u00e3o Oliveira, presidente do Avante em Pernambuco, deve anunciar o nome do pr\u00e9-candidato a prefeito do grupo, at\u00e9 amanh\u00e3 (quarta-feira). Hoje ele se re\u00fane com o deputado Waldemar Oliveira, mas pretende ouvir demais integrantes do partido. No leque de apostas est\u00e3o os nomes de Duquinho, Allan Pereira e Andr\u00e9 Maio. Este \u00e9 vereador da base de\" \/>\n\t<meta name=\"robots\" content=\"max-image-preview:large\" \/>\n\t<meta name=\"author\" content=\"serrafm87\"\/>\n\t<link rel=\"canonical\" href=\"https:\/\/serrafm879.com.br\/serrafm\/2024\/01\/sebastiao-oliveira-deve-anunciar-nome-do-escolhido-ate-4a\/\" \/>\n\t<meta name=\"generator\" content=\"All in One SEO (AIOSEO) 4.9.10\" \/>\n\t\t<meta name=\"twitter:card\" content=\"summary_large_image\" \/>\n\t\t<meta name=\"twitter:title\" content=\"Sebasti\u00e3o Oliveira deve anunciar nome do escolhido at\u00e9 4\u00aa - Serra FM 87,9\" \/>\n\t\t<meta name=\"twitter:description\" content=\"O ex-deputado Sebasti\u00e3o Oliveira, presidente do Avante em Pernambuco, deve anunciar o nome do pr\u00e9-candidato a prefeito do grupo, at\u00e9 amanh\u00e3 (quarta-feira). Hoje ele se re\u00fane com o deputado Waldemar Oliveira, mas pretende ouvir demais integrantes do partido. No leque de apostas est\u00e3o os nomes de Duquinho, Allan Pereira e Andr\u00e9 Maio. Este \u00e9 vereador da base de\" \/>\n\t\t<meta name=\"twitter:image\" content=\"https:\/\/serrafm879.com.br\/serrafm\/wp-content\/uploads\/2024\/01\/whatsapp-image-2023-10-07-at-163700.jpeg\" \/>\n\t\t<script type=\"application\/ld+json\" class=\"aioseo-schema\">\n\t\t\t{\"@context\":\"https:\\\/\\\/schema.org\",\"@graph\":[{\"@type\":\"BlogPosting\",\"@id\":\"https:\\\/\\\/serrafm879.com.br\\\/serrafm\\\/2024\\\/01\\\/sebastiao-oliveira-deve-anunciar-nome-do-escolhido-ate-4a\\\/#blogposting\",\"name\":\"Sebasti\\u00e3o Oliveira deve anunciar nome do escolhido at\\u00e9 4\\u00aa - Serra FM 87,9\",\"headline\":\"Sebasti\\u00e3o Oliveira deve anunciar nome do escolhido at\\u00e9 4\\u00aa\",\"author\":{\"@id\":\"https:\\\/\\\/serrafm879.com.br\\\/serrafm\\\/author\\\/serrafm87\\\/#author\"},\"publisher\":{\"@id\":\"https:\\\/\\\/serrafm879.com.br\\\/serrafm\\\/#organization\"},\"image\":{\"@type\":\"ImageObject\",\"url\":\"https:\\\/\\\/serrafm879.com.br\\\/serrafm\\\/wp-content\\\/uploads\\\/2024\\\/01\\\/whatsapp-image-2023-10-07-at-163700.jpeg\",\"width\":1440,\"height\":960},\"datePublished\":\"2024-01-02T09:58:29-03:00\",\"dateModified\":\"2024-01-02T09:58:29-03:00\",\"inLanguage\":\"pt-BR\",\"mainEntityOfPage\":{\"@id\":\"https:\\\/\\\/serrafm879.com.br\\\/serrafm\\\/2024\\\/01\\\/sebastiao-oliveira-deve-anunciar-nome-do-escolhido-ate-4a\\\/#webpage\"},\"isPartOf\":{\"@id\":\"https:\\\/\\\/serrafm879.com.br\\\/serrafm\\\/2024\\\/01\\\/sebastiao-oliveira-deve-anunciar-nome-do-escolhido-ate-4a\\\/#webpage\"},\"articleSection\":\"Pol\\u00edtica\"},{\"@type\":\"BreadcrumbList\",\"@id\":\"https:\\\/\\\/serrafm879.com.br\\\/serrafm\\\/2024\\\/01\\\/sebastiao-oliveira-deve-anunciar-nome-do-escolhido-ate-4a\\\/#breadcrumblist\",\"itemListElement\":[{\"@type\":\"ListItem\",\"@id\":\"https:\\\/\\\/serrafm879.com.br\\\/serrafm#listItem\",\"position\":1,\"name\":\"Home\",\"item\":\"https:\\\/\\\/serrafm879.com.br\\\/serrafm\",\"nextItem\":{\"@type\":\"ListItem\",\"@id\":\"https:\\\/\\\/serrafm879.com.br\\\/serrafm\\\/categoria\\\/politica\\\/#listItem\",\"name\":\"Pol\\u00edtica\"}},{\"@type\":\"ListItem\",\"@id\":\"https:\\\/\\\/serrafm879.com.br\\\/serrafm\\\/categoria\\\/politica\\\/#listItem\",\"position\":2,\"name\":\"Pol\\u00edtica\",\"item\":\"https:\\\/\\\/serrafm879.com.br\\\/serrafm\\\/categoria\\\/politica\\\/\",\"nextItem\":{\"@type\":\"ListItem\",\"@id\":\"https:\\\/\\\/serrafm879.com.br\\\/serrafm\\\/2024\\\/01\\\/sebastiao-oliveira-deve-anunciar-nome-do-escolhido-ate-4a\\\/#listItem\",\"name\":\"Sebasti\\u00e3o Oliveira deve anunciar nome do escolhido at\\u00e9 4\\u00aa\"},\"previousItem\":{\"@type\":\"ListItem\",\"@id\":\"https:\\\/\\\/serrafm879.com.br\\\/serrafm#listItem\",\"name\":\"Home\"}},{\"@type\":\"ListItem\",\"@id\":\"https:\\\/\\\/serrafm879.com.br\\\/serrafm\\\/2024\\\/01\\\/sebastiao-oliveira-deve-anunciar-nome-do-escolhido-ate-4a\\\/#listItem\",\"position\":3,\"name\":\"Sebasti\\u00e3o Oliveira deve anunciar nome do escolhido at\\u00e9 4\\u00aa\",\"previousItem\":{\"@type\":\"ListItem\",\"@id\":\"https:\\\/\\\/serrafm879.com.br\\\/serrafm\\\/categoria\\\/politica\\\/#listItem\",\"name\":\"Pol\\u00edtica\"}}]},{\"@type\":\"Organization\",\"@id\":\"https:\\\/\\\/serrafm879.com.br\\\/serrafm\\\/#organization\",\"name\":\"Serra FM 87,9\",\"description\":\"O seu novo amor!\",\"url\":\"https:\\\/\\\/serrafm879.com.br\\\/serrafm\\\/\"},{\"@type\":\"Person\",\"@id\":\"https:\\\/\\\/serrafm879.com.br\\\/serrafm\\\/author\\\/serrafm87\\\/#author\",\"url\":\"https:\\\/\\\/serrafm879.com.br\\\/serrafm\\\/author\\\/serrafm87\\\/\",\"name\":\"serrafm87\",\"image\":{\"@type\":\"ImageObject\",\"@id\":\"https:\\\/\\\/serrafm879.com.br\\\/serrafm\\\/2024\\\/01\\\/sebastiao-oliveira-deve-anunciar-nome-do-escolhido-ate-4a\\\/#authorImage\",\"url\":\"https:\\\/\\\/secure.gravatar.com\\\/avatar\\\/a743233f1112d34f48bb3dc9559b76eb930bab8b27175856cba6362608736235?s=96&d=mm&r=g\",\"width\":96,\"height\":96,\"caption\":\"serrafm87\"}},{\"@type\":\"WebPage\",\"@id\":\"https:\\\/\\\/serrafm879.com.br\\\/serrafm\\\/2024\\\/01\\\/sebastiao-oliveira-deve-anunciar-nome-do-escolhido-ate-4a\\\/#webpage\",\"url\":\"https:\\\/\\\/serrafm879.com.br\\\/serrafm\\\/2024\\\/01\\\/sebastiao-oliveira-deve-anunciar-nome-do-escolhido-ate-4a\\\/\",\"name\":\"Sebasti\\u00e3o Oliveira deve anunciar nome do escolhido at\\u00e9 4\\u00aa - Serra FM 87,9\",\"description\":\"O ex-deputado Sebasti\\u00e3o Oliveira, presidente do Avante em Pernambuco, deve anunciar o nome do pr\\u00e9-candidato a prefeito do grupo, at\\u00e9 amanh\\u00e3 (quarta-feira). Hoje ele se re\\u00fane com o deputado Waldemar Oliveira, mas pretende ouvir demais integrantes do partido. No leque de apostas est\\u00e3o os nomes de Duquinho, Allan Pereira e Andr\\u00e9 Maio. Este \\u00e9 vereador da base de\",\"inLanguage\":\"pt-BR\",\"isPartOf\":{\"@id\":\"https:\\\/\\\/serrafm879.com.br\\\/serrafm\\\/#website\"},\"breadcrumb\":{\"@id\":\"https:\\\/\\\/serrafm879.com.br\\\/serrafm\\\/2024\\\/01\\\/sebastiao-oliveira-deve-anunciar-nome-do-escolhido-ate-4a\\\/#breadcrumblist\"},\"author\":{\"@id\":\"https:\\\/\\\/serrafm879.com.br\\\/serrafm\\\/author\\\/serrafm87\\\/#author\"},\"creator\":{\"@id\":\"https:\\\/\\\/serrafm879.com.br\\\/serrafm\\\/author\\\/serrafm87\\\/#author\"},\"image\":{\"@type\":\"ImageObject\",\"url\":\"https:\\\/\\\/serrafm879.com.br\\\/serrafm\\\/wp-content\\\/uploads\\\/2024\\\/01\\\/whatsapp-image-2023-10-07-at-163700.jpeg\",\"@id\":\"https:\\\/\\\/serrafm879.com.br\\\/serrafm\\\/2024\\\/01\\\/sebastiao-oliveira-deve-anunciar-nome-do-escolhido-ate-4a\\\/#mainImage\",\"width\":1440,\"height\":960},\"primaryImageOfPage\":{\"@id\":\"https:\\\/\\\/serrafm879.com.br\\\/serrafm\\\/2024\\\/01\\\/sebastiao-oliveira-deve-anunciar-nome-do-escolhido-ate-4a\\\/#mainImage\"},\"datePublished\":\"2024-01-02T09:58:29-03:00\",\"dateModified\":\"2024-01-02T09:58:29-03:00\"},{\"@type\":\"WebSite\",\"@id\":\"https:\\\/\\\/serrafm879.com.br\\\/serrafm\\\/#website\",\"url\":\"https:\\\/\\\/serrafm879.com.br\\\/serrafm\\\/\",\"name\":\"Serra FM 87,9\",\"description\":\"O seu novo amor!\",\"inLanguage\":\"pt-BR\",\"publisher\":{\"@id\":\"https:\\\/\\\/serrafm879.com.br\\\/serrafm\\\/#organization\"}}]}\n\t\t<\/script>\n\t\t<!-- All in One SEO -->\n\n","aioseo_head_json":{"title":"Sebasti\u00e3o Oliveira deve anunciar nome do escolhido at\u00e9 4\u00aa - Serra FM 87,9","description":"O ex-deputado Sebasti\u00e3o Oliveira, presidente do Avante em Pernambuco, deve anunciar o nome do pr\u00e9-candidato a prefeito do grupo, at\u00e9 amanh\u00e3 (quarta-feira). Hoje ele se re\u00fane com o deputado Waldemar Oliveira, mas pretende ouvir demais integrantes do partido. No leque de apostas est\u00e3o os nomes de Duquinho, Allan Pereira e Andr\u00e9 Maio. Este \u00e9 vereador da base de","canonical_url":"https:\/\/serrafm879.com.br\/serrafm\/2024\/01\/sebastiao-oliveira-deve-anunciar-nome-do-escolhido-ate-4a\/","robots":"max-image-preview:large","keywords":"","webmasterTools":{"miscellaneous":""},"schema":{"@context":"https:\/\/schema.org","@graph":[{"@type":"BlogPosting","@id":"https:\/\/serrafm879.com.br\/serrafm\/2024\/01\/sebastiao-oliveira-deve-anunciar-nome-do-escolhido-ate-4a\/#blogposting","name":"Sebasti\u00e3o Oliveira deve anunciar nome do escolhido at\u00e9 4\u00aa - Serra FM 87,9","headline":"Sebasti\u00e3o Oliveira deve anunciar nome do escolhido at\u00e9 4\u00aa","author":{"@id":"https:\/\/serrafm879.com.br\/serrafm\/author\/serrafm87\/#author"},"publisher":{"@id":"https:\/\/serrafm879.com.br\/serrafm\/#organization"},"image":{"@type":"ImageObject","url":"https:\/\/serrafm879.com.br\/serrafm\/wp-content\/uploads\/2024\/01\/whatsapp-image-2023-10-07-at-163700.jpeg","width":1440,"height":960},"datePublished":"2024-01-02T09:58:29-03:00","dateModified":"2024-01-02T09:58:29-03:00","inLanguage":"pt-BR","mainEntityOfPage":{"@id":"https:\/\/serrafm879.com.br\/serrafm\/2024\/01\/sebastiao-oliveira-deve-anunciar-nome-do-escolhido-ate-4a\/#webpage"},"isPartOf":{"@id":"https:\/\/serrafm879.com.br\/serrafm\/2024\/01\/sebastiao-oliveira-deve-anunciar-nome-do-escolhido-ate-4a\/#webpage"},"articleSection":"Pol\u00edtica"},{"@type":"BreadcrumbList","@id":"https:\/\/serrafm879.com.br\/serrafm\/2024\/01\/sebastiao-oliveira-deve-anunciar-nome-do-escolhido-ate-4a\/#breadcrumblist","itemListElement":[{"@type":"ListItem","@id":"https:\/\/serrafm879.com.br\/serrafm#listItem","position":1,"name":"Home","item":"https:\/\/serrafm879.com.br\/serrafm","nextItem":{"@type":"ListItem","@id":"https:\/\/serrafm879.com.br\/serrafm\/categoria\/politica\/#listItem","name":"Pol\u00edtica"}},{"@type":"ListItem","@id":"https:\/\/serrafm879.com.br\/serrafm\/categoria\/politica\/#listItem","position":2,"name":"Pol\u00edtica","item":"https:\/\/serrafm879.com.br\/serrafm\/categoria\/politica\/","nextItem":{"@type":"ListItem","@id":"https:\/\/serrafm879.com.br\/serrafm\/2024\/01\/sebastiao-oliveira-deve-anunciar-nome-do-escolhido-ate-4a\/#listItem","name":"Sebasti\u00e3o Oliveira deve anunciar nome do escolhido at\u00e9 4\u00aa"},"previousItem":{"@type":"ListItem","@id":"https:\/\/serrafm879.com.br\/serrafm#listItem","name":"Home"}},{"@type":"ListItem","@id":"https:\/\/serrafm879.com.br\/serrafm\/2024\/01\/sebastiao-oliveira-deve-anunciar-nome-do-escolhido-ate-4a\/#listItem","position":3,"name":"Sebasti\u00e3o Oliveira deve anunciar nome do escolhido at\u00e9 4\u00aa","previousItem":{"@type":"ListItem","@id":"https:\/\/serrafm879.com.br\/serrafm\/categoria\/politica\/#listItem","name":"Pol\u00edtica"}}]},{"@type":"Organization","@id":"https:\/\/serrafm879.com.br\/serrafm\/#organization","name":"Serra FM 87,9","description":"O seu novo amor!","url":"https:\/\/serrafm879.com.br\/serrafm\/"},{"@type":"Person","@id":"https:\/\/serrafm879.com.br\/serrafm\/author\/serrafm87\/#author","url":"https:\/\/serrafm879.com.br\/serrafm\/author\/serrafm87\/","name":"serrafm87","image":{"@type":"ImageObject","@id":"https:\/\/serrafm879.com.br\/serrafm\/2024\/01\/sebastiao-oliveira-deve-anunciar-nome-do-escolhido-ate-4a\/#authorImage","url":"https:\/\/secure.gravatar.com\/avatar\/a743233f1112d34f48bb3dc9559b76eb930bab8b27175856cba6362608736235?s=96&d=mm&r=g","width":96,"height":96,"caption":"serrafm87"}},{"@type":"WebPage","@id":"https:\/\/serrafm879.com.br\/serrafm\/2024\/01\/sebastiao-oliveira-deve-anunciar-nome-do-escolhido-ate-4a\/#webpage","url":"https:\/\/serrafm879.com.br\/serrafm\/2024\/01\/sebastiao-oliveira-deve-anunciar-nome-do-escolhido-ate-4a\/","name":"Sebasti\u00e3o Oliveira deve anunciar nome do escolhido at\u00e9 4\u00aa - Serra FM 87,9","description":"O ex-deputado Sebasti\u00e3o Oliveira, presidente do Avante em Pernambuco, deve anunciar o nome do pr\u00e9-candidato a prefeito do grupo, at\u00e9 amanh\u00e3 (quarta-feira). Hoje ele se re\u00fane com o deputado Waldemar Oliveira, mas pretende ouvir demais integrantes do partido. No leque de apostas est\u00e3o os nomes de Duquinho, Allan Pereira e Andr\u00e9 Maio. Este \u00e9 vereador da base de","inLanguage":"pt-BR","isPartOf":{"@id":"https:\/\/serrafm879.com.br\/serrafm\/#website"},"breadcrumb":{"@id":"https:\/\/serrafm879.com.br\/serrafm\/2024\/01\/sebastiao-oliveira-deve-anunciar-nome-do-escolhido-ate-4a\/#breadcrumblist"},"author":{"@id":"https:\/\/serrafm879.com.br\/serrafm\/author\/serrafm87\/#author"},"creator":{"@id":"https:\/\/serrafm879.com.br\/serrafm\/author\/serrafm87\/#author"},"image":{"@type":"ImageObject","url":"https:\/\/serrafm879.com.br\/serrafm\/wp-content\/uploads\/2024\/01\/whatsapp-image-2023-10-07-at-163700.jpeg","@id":"https:\/\/serrafm879.com.br\/serrafm\/2024\/01\/sebastiao-oliveira-deve-anunciar-nome-do-escolhido-ate-4a\/#mainImage","width":1440,"height":960},"primaryImageOfPage":{"@id":"https:\/\/serrafm879.com.br\/serrafm\/2024\/01\/sebastiao-oliveira-deve-anunciar-nome-do-escolhido-ate-4a\/#mainImage"},"datePublished":"2024-01-02T09:58:29-03:00","dateModified":"2024-01-02T09:58:29-03:00"},{"@type":"WebSite","@id":"https:\/\/serrafm879.com.br\/serrafm\/#website","url":"https:\/\/serrafm879.com.br\/serrafm\/","name":"Serra FM 87,9","description":"O seu novo amor!","inLanguage":"pt-BR","publisher":{"@id":"https:\/\/serrafm879.com.br\/serrafm\/#organization"}}]},"twitter:card":"summary_large_image","twitter:title":"Sebasti\u00e3o Oliveira deve anunciar nome do escolhido at\u00e9 4\u00aa - Serra FM 87,9","twitter:description":"O ex-deputado Sebasti\u00e3o Oliveira, presidente do Avante em Pernambuco, deve anunciar o nome do pr\u00e9-candidato a prefeito do grupo, at\u00e9 amanh\u00e3 (quarta-feira). Hoje ele se re\u00fane com o deputado Waldemar Oliveira, mas pretende ouvir demais integrantes do partido. No leque de apostas est\u00e3o os nomes de Duquinho, Allan Pereira e Andr\u00e9 Maio. Este \u00e9 vereador da base de","twitter:image":"https:\/\/serrafm879.com.br\/serrafm\/wp-content\/uploads\/2024\/01\/whatsapp-image-2023-10-07-at-163700.jpeg"},"aioseo_meta_data":{"post_id":"15379","title":null,"description":null,"keywords":null,"keyphrases":null,"primary_term":null,"canonical_url":null,"og_title":null,"og_description":null,"og_object_type":"default","og_image_type":"default","og_image_custom_url":null,"og_image_custom_fields":null,"og_image_url":null,"og_image_width":null,"og_image_height":null,"og_video":null,"og_custom_url":null,"og_article_section":null,"og_article_tags":null,"twitter_use_og":false,"twitter_card":"default","twitter_image_type":"default","twitter_image_custom_url":null,"twitter_image_custom_fields":null,"twitter_image_url":null,"twitter_title":null,"twitter_description":null,"schema_type":"default","schema_type_options":null,"schema":{"blockGraphs":[],"customGraphs":[],"default":{"data":{"Article":[],"Course":[],"Dataset":[],"FAQPage":[],"Movie":[],"Person":[],"Product":[],"ProductReview":[],"Car":[],"Recipe":[],"Service":[],"SoftwareApplication":[],"WebPage":[]},"graphName":"","isEnabled":true},"graphs":[]},"pillar_content":false,"robots_default":true,"robots_noindex":false,"robots_noarchive":false,"robots_nosnippet":false,"robots_nofollow":false,"robots_noimageindex":false,"robots_noodp":false,"robots_notranslate":false,"robots_max_snippet":null,"robots_max_videopreview":null,"robots_max_imagepreview":"large","priority":null,"frequency":null,"local_seo":null,"limit_modified_date":false,"ai":null,"breadcrumb_settings":null,"seo_analyzer_scan_date":null,"created":"2026-07-21 09:31:49","updated":"2026-07-21 09:31:49"},"aioseo_breadcrumb":"<div class=\"aioseo-breadcrumbs\"><span class=\"aioseo-breadcrumb\">\n\t\t\t<a href=\"https:\/\/serrafm879.com.br\/serrafm\" title=\"Home\">Home<\/a>\n\t\t<\/span><span class=\"aioseo-breadcrumb-separator\">&raquo;<\/span><span class=\"aioseo-breadcrumb\">\n\t\t\t<a href=\"https:\/\/serrafm879.com.br\/serrafm\/categoria\/politica\/\" title=\"Pol\u00edtica\">Pol\u00edtica<\/a>\n\t\t<\/span><span class=\"aioseo-breadcrumb-separator\">&raquo;<\/span><span class=\"aioseo-breadcrumb\">\n\t\t\tSebasti\u00e3o Oliveira deve anunciar nome do escolhido at\u00e9 4\u00aa\n\t\t<\/span><\/div>","aioseo_breadcrumb_json":[{"label":"Home","link":"https:\/\/serrafm879.com.br\/serrafm"},{"label":"Pol\u00edtica","link":"https:\/\/serrafm879.com.br\/serrafm\/categoria\/politica\/"},{"label":"Sebasti\u00e3o Oliveira deve anunciar nome do escolhido at\u00e9 4\u00aa","link":"https:\/\/serrafm879.com.br\/serrafm\/2024\/01\/sebastiao-oliveira-deve-anunciar-nome-do-escolhido-ate-4a\/"}],"jetpack_publicize_connections":[],"jetpack_featured_media_url":"https:\/\/serrafm879.com.br\/serrafm\/wp-content\/uploads\/2024\/01\/whatsapp-image-2023-10-07-at-163700.jpeg","jetpack_shortlink":"https:\/\/wp.me\/p7HyXg-403","jetpack_sharing_enabled":true,"_links":{"self":[{"href":"https:\/\/serrafm879.com.br\/serrafm\/wp-json\/wp\/v2\/posts\/15379","targetHints":{"allow":["GET"]}}],"collection":[{"href":"https:\/\/serrafm879.com.br\/serrafm\/wp-json\/wp\/v2\/posts"}],"about":[{"href":"https:\/\/serrafm879.com.br\/serrafm\/wp-json\/wp\/v2\/types\/post"}],"author":[{"embeddable":true,"href":"https:\/\/serrafm879.com.br\/serrafm\/wp-json\/wp\/v2\/users\/2"}],"replies":[{"embeddable":true,"href":"https:\/\/serrafm879.com.br\/serrafm\/wp-json\/wp\/v2\/comments?post=15379"}],"version-history":[{"count":1,"href":"https:\/\/serrafm879.com.br\/serrafm\/wp-json\/wp\/v2\/posts\/15379\/revisions"}],"predecessor-version":[{"id":15381,"href":"https:\/\/serrafm879.com.br\/serrafm\/wp-json\/wp\/v2\/posts\/15379\/revisions\/15381"}],"wp:featuredmedia":[{"embeddable":true,"href":"https:\/\/serrafm879.com.br\/serrafm\/wp-json\/wp\/v2\/media\/15380"}],"wp:attachment":[{"href":"https:\/\/serrafm879.com.br\/serrafm\/wp-json\/wp\/v2\/media?parent=15379"}],"wp:term":[{"taxonomy":"category","embeddable":true,"href":"https:\/\/serrafm879.com.br\/serrafm\/wp-json\/wp\/v2\/categories?post=15379"},{"taxonomy":"post_tag","embeddable":true,"href":"https:\/\/serrafm879.com.br\/serrafm\/wp-json\/wp\/v2\/tags?post=15379"}],"curies":[{"name":"wp","href":"https:\/\/api.w.org\/{rel}","templated":true}]}}