{"id":15399,"date":"2024-01-03T11:55:52","date_gmt":"2024-01-03T14:55:52","guid":{"rendered":"https:\/?p=15399"},"modified":"2024-01-03T16:29:28","modified_gmt":"2024-01-03T19:29:28","slug":"prefeitos-dizem-que-repasses-por-lula-nao-resolveu-problema","status":"publish","type":"post","link":"https:\/\/serrafm879.com.br\/serrafm\/2024\/01\/prefeitos-dizem-que-repasses-por-lula-nao-resolveu-problema\/","title":{"rendered":"Prefeitos dizem que repasses por Lula n\u00e3o resolveu problema"},"content":{"rendered":"<p>Os prefeitos Sandrinho Palmeira (Afogados),\u00a0 Adelmo Moura (Itapetim) e S\u00e1vio Torres (Tuparetama) estiveram no Frente a Frente especial,\u00a0 com Magno Martins. Este blogueiro participou como convidado.<\/p>\n<p>O primeiro bloco\u00a0tratou do tratamento do governo Lula aos gestores. Em linhas gerais, avaliariam que a equipara\u00e7\u00e3o de repasses promovida pelo governo Lula no final do ano foi positiva, mas n\u00e3o equipara as perdas,\u00a0 principalmente para a infla\u00e7\u00e3o.<\/p>\n<p>\u201cSe comparados os repasses \u00e0s perdas com infla\u00e7\u00e3o,\u00a0 Tuparetama,\u00a0 que tem um dos menores FPMs teve perda real de R$ 2 milh\u00f5es no ano\u201d, reclamou S\u00e1vio. \u201cAinda teve o\u00a0Fundeb, o aumento do piso.\u00a0Eu s\u00f3 dei 7%. Fora os servi\u00e7os que precisam de custeio, o aumento dos combust\u00edveis\u201d, disse Adelmo.<\/p>\n<p>O prefeito Sandrinho fez uma defesa dizendo que o governoLula sofreu por executar o or\u00e7amento do governo Bolsonaro. Tamb\u00e9m que para tentar ser reeleito,\u00a0 Bolsonaro fez uma farra fiscal que atrapalhou o primeiro ano de Lula. \u201cAt\u00e9 empr\u00e9stimo pra quem recebia Bolsa Fam\u00edlia ele ofereceu\u201d, reclamando que isso afetou o poder de compra. \u201cEle esteve o ano arrumando a casa\u201d, defendeu.<\/p>\n<p>\u201cPelo menos temos um presidente que se preocupa com o povo, n\u00e3o fica batendo boca com STF\u201d, disse Adelmo, defendendo pol\u00edticas como a Lei Paulo Gustavo.\u00a0 \u201cEspero que melhore neste ano\u201d, disse S\u00e1vio.<\/p>\n<p>Dentre as queixas, a\u00a0<strong>Medida Provis\u00f3ria (MP) 1.202\/2023<\/strong>\u00a0revogando a<a href=\"https:\/\/www.in.gov.br\/web\/dou\/-\/lei-n-14.784-de-27-de-dezembro-de-2023-533927931\">\u00a0<strong>Lei 14.784\/2023<\/strong>\u00a0<\/a>a partir de 1\u00ba de abril de 2024. A legisla\u00e7\u00e3o, entre outros pontos, reduz para 8% a al\u00edquota de contribui\u00e7\u00e3o dos Munic\u00edpios ao Regime Geral de Previd\u00eancia Social (RGPS). Ainda as excessivas agendas internacionais do mandat\u00e1rio.<\/p>\n<p>Quanto ao governo Raquel Lyra,\u00a0 S\u00e1vio defendeu o primeiro ano da gestora e disse que em Tuparetama j\u00e1 h\u00e1 entregas com seu DNA, citando entregas feitas recentemente.<\/p>\n<p>Sandrinho tamb\u00e9m disse confiar na gestora, lembrando a agenda recente em Afogados da Ingazeira. Tamb\u00e9m a doa\u00e7\u00e3o de um terreno para um centro de hemodi\u00e1lise no munic\u00edpio. E Adelmo disse que apesar de fazer oposi\u00e7\u00e3o a seu governo,\u00a0 ela at\u00e9 o momento n\u00e3o tem discriminado o munic\u00edpio.<\/p>\n<p>Dentre os exemplos recentes,\u00a0 a melhoria dos repasses para transporte escolar e a melhoria da distribui\u00e7\u00e3o do ICMS estadual. As cr\u00edticas de maior necessidade de apoio a a\u00e7\u00f5es h\u00eddricas e de um IML Regional.<\/p>\n<p>Raquel e elei\u00e7\u00f5es<\/p>\n<p>S\u00e1vio Torres disse acreditar que, apesar da declara\u00e7\u00e3o recente de que teria menor envolvimento nas elei\u00e7\u00f5es municipais,\u00a0 Raquel estar\u00e1 alinhada com seu projeto pol\u00edtico em 2024. O prefeito Sandrinho Palmeira, que segue bno PSB, afirmou que sua perman\u00eancia no partidop n\u00e3o quer dizer que n\u00e3o haja alinhamento. \u201cVotei nela no segundo turno e tivemos uma boa conversa no Pal\u00e1cvio\u201d, afirmou. J\u00e1 Adelmo n\u00e3o apoiou a governadora, mas disse que isso n\u00e3o o faz torcer contra. \u201cSeguirei meu trabalho em Itapetim\u201d.<\/p>\n<p>FONTE: BLOG NILL J\u00daNIOR<\/p>\n","protected":false},"excerpt":{"rendered":"<p>Os prefeitos Sandrinho Palmeira (Afogados),\u00a0 Adelmo Moura (Itapetim) e S\u00e1vio Torres (Tuparetama) estiveram no Frente a Frente especial,\u00a0 com Magno Martins. Este blogueiro participou como convidado. O primeiro bloco\u00a0tratou do tratamento do governo Lula aos gestores. Em linhas gerais, avaliariam que a equipara\u00e7\u00e3o de repasses promovida pelo governo Lula no final do ano foi positiva, mas n\u00e3o equipara as perdas,\u00a0 principalmente para a infla\u00e7\u00e3o. \u201cSe comparados os repasses \u00e0s perdas com infla\u00e7\u00e3o,\u00a0 Tuparetama,\u00a0 que tem um dos menores FPMs teve perda real de R$ 2 milh\u00f5es no ano\u201d, reclamou S\u00e1vio. \u201cAinda teve o\u00a0Fundeb, o aumento do piso.\u00a0Eu s\u00f3 dei 7%. [&hellip;]<\/p>\n","protected":false},"author":2,"featured_media":15400,"comment_status":"open","ping_status":"open","sticky":false,"template":"","format":"standard","meta":{"_jetpack_newsletter_access":"","_jetpack_dont_email_post_to_subs":false,"_jetpack_newsletter_tier_id":0,"_jetpack_memberships_contains_paywalled_content":false,"_jetpack_feature_clip_id":0,"_jetpack_memberships_contains_paid_content":false,"footnotes":"","jetpack_publicize_message":"","jetpack_publicize_feature_enabled":true,"jetpack_social_post_already_shared":true,"jetpack_social_options":{"image_generator_settings":{"template":"highway","default_image_id":0,"font":"","enabled":false},"version":2},"jetpack_post_was_ever_published":false},"categories":[144,1],"tags":[],"class_list":["post-15399","post","type-post","status-publish","format-standard","has-post-thumbnail","hentry","category-politica","category-uncategorized"],"aioseo_notices":[],"aioseo_head":"\n\t\t<!-- All in One SEO 4.9.10 - aioseo.com -->\n\t<meta name=\"description\" content=\"Os prefeitos Sandrinho Palmeira (Afogados), Adelmo Moura (Itapetim) e S\u00e1vio Torres (Tuparetama) estiveram no Frente a Frente especial, com Magno Martins. Este blogueiro participou como convidado. O primeiro bloco tratou do tratamento do governo Lula aos gestores. Em linhas gerais, avaliariam que a equipara\u00e7\u00e3o de repasses promovida pelo governo Lula no final do ano foi positiva,\" \/>\n\t<meta name=\"robots\" content=\"max-image-preview:large\" \/>\n\t<meta name=\"author\" content=\"serrafm87\"\/>\n\t<link rel=\"canonical\" href=\"https:\/\/serrafm879.com.br\/serrafm\/2024\/01\/prefeitos-dizem-que-repasses-por-lula-nao-resolveu-problema\/\" \/>\n\t<meta name=\"generator\" content=\"All in One SEO (AIOSEO) 4.9.10\" \/>\n\t\t<meta name=\"twitter:card\" content=\"summary_large_image\" \/>\n\t\t<meta name=\"twitter:title\" content=\"Prefeitos dizem que repasses por Lula n\u00e3o resolveu problema - Serra FM 87,9\" \/>\n\t\t<meta name=\"twitter:description\" content=\"Os prefeitos Sandrinho Palmeira (Afogados), Adelmo Moura (Itapetim) e S\u00e1vio Torres (Tuparetama) estiveram no Frente a Frente especial, com Magno Martins. Este blogueiro participou como convidado. O primeiro bloco tratou do tratamento do governo Lula aos gestores. Em linhas gerais, avaliariam que a equipara\u00e7\u00e3o de repasses promovida pelo governo Lula no final do ano foi positiva,\" \/>\n\t\t<meta name=\"twitter:image\" content=\"https:\/\/serrafm879.com.br\/serrafm\/wp-content\/uploads\/2024\/01\/images.jpg\" \/>\n\t\t<script type=\"application\/ld+json\" class=\"aioseo-schema\">\n\t\t\t{\"@context\":\"https:\\\/\\\/schema.org\",\"@graph\":[{\"@type\":\"BlogPosting\",\"@id\":\"https:\\\/\\\/serrafm879.com.br\\\/serrafm\\\/2024\\\/01\\\/prefeitos-dizem-que-repasses-por-lula-nao-resolveu-problema\\\/#blogposting\",\"name\":\"Prefeitos dizem que repasses por Lula n\\u00e3o resolveu problema - Serra FM 87,9\",\"headline\":\"Prefeitos dizem que repasses por Lula n\\u00e3o resolveu problema\",\"author\":{\"@id\":\"https:\\\/\\\/serrafm879.com.br\\\/serrafm\\\/author\\\/serrafm87\\\/#author\"},\"publisher\":{\"@id\":\"https:\\\/\\\/serrafm879.com.br\\\/serrafm\\\/#organization\"},\"image\":{\"@type\":\"ImageObject\",\"url\":\"https:\\\/\\\/serrafm879.com.br\\\/serrafm\\\/wp-content\\\/uploads\\\/2024\\\/01\\\/images.jpg\",\"width\":300,\"height\":168},\"datePublished\":\"2024-01-03T11:55:52-03:00\",\"dateModified\":\"2024-01-03T16:29:28-03:00\",\"inLanguage\":\"pt-BR\",\"mainEntityOfPage\":{\"@id\":\"https:\\\/\\\/serrafm879.com.br\\\/serrafm\\\/2024\\\/01\\\/prefeitos-dizem-que-repasses-por-lula-nao-resolveu-problema\\\/#webpage\"},\"isPartOf\":{\"@id\":\"https:\\\/\\\/serrafm879.com.br\\\/serrafm\\\/2024\\\/01\\\/prefeitos-dizem-que-repasses-por-lula-nao-resolveu-problema\\\/#webpage\"},\"articleSection\":\"Pol\\u00edtica, Uncategorized\"},{\"@type\":\"BreadcrumbList\",\"@id\":\"https:\\\/\\\/serrafm879.com.br\\\/serrafm\\\/2024\\\/01\\\/prefeitos-dizem-que-repasses-por-lula-nao-resolveu-problema\\\/#breadcrumblist\",\"itemListElement\":[{\"@type\":\"ListItem\",\"@id\":\"https:\\\/\\\/serrafm879.com.br\\\/serrafm#listItem\",\"position\":1,\"name\":\"Home\",\"item\":\"https:\\\/\\\/serrafm879.com.br\\\/serrafm\",\"nextItem\":{\"@type\":\"ListItem\",\"@id\":\"https:\\\/\\\/serrafm879.com.br\\\/serrafm\\\/categoria\\\/uncategorized\\\/#listItem\",\"name\":\"Uncategorized\"}},{\"@type\":\"ListItem\",\"@id\":\"https:\\\/\\\/serrafm879.com.br\\\/serrafm\\\/categoria\\\/uncategorized\\\/#listItem\",\"position\":2,\"name\":\"Uncategorized\",\"item\":\"https:\\\/\\\/serrafm879.com.br\\\/serrafm\\\/categoria\\\/uncategorized\\\/\",\"nextItem\":{\"@type\":\"ListItem\",\"@id\":\"https:\\\/\\\/serrafm879.com.br\\\/serrafm\\\/2024\\\/01\\\/prefeitos-dizem-que-repasses-por-lula-nao-resolveu-problema\\\/#listItem\",\"name\":\"Prefeitos dizem que repasses por Lula n\\u00e3o resolveu problema\"},\"previousItem\":{\"@type\":\"ListItem\",\"@id\":\"https:\\\/\\\/serrafm879.com.br\\\/serrafm#listItem\",\"name\":\"Home\"}},{\"@type\":\"ListItem\",\"@id\":\"https:\\\/\\\/serrafm879.com.br\\\/serrafm\\\/2024\\\/01\\\/prefeitos-dizem-que-repasses-por-lula-nao-resolveu-problema\\\/#listItem\",\"position\":3,\"name\":\"Prefeitos dizem que repasses por Lula n\\u00e3o resolveu problema\",\"previousItem\":{\"@type\":\"ListItem\",\"@id\":\"https:\\\/\\\/serrafm879.com.br\\\/serrafm\\\/categoria\\\/uncategorized\\\/#listItem\",\"name\":\"Uncategorized\"}}]},{\"@type\":\"Organization\",\"@id\":\"https:\\\/\\\/serrafm879.com.br\\\/serrafm\\\/#organization\",\"name\":\"Serra FM 87,9\",\"description\":\"O seu novo amor!\",\"url\":\"https:\\\/\\\/serrafm879.com.br\\\/serrafm\\\/\"},{\"@type\":\"Person\",\"@id\":\"https:\\\/\\\/serrafm879.com.br\\\/serrafm\\\/author\\\/serrafm87\\\/#author\",\"url\":\"https:\\\/\\\/serrafm879.com.br\\\/serrafm\\\/author\\\/serrafm87\\\/\",\"name\":\"serrafm87\",\"image\":{\"@type\":\"ImageObject\",\"@id\":\"https:\\\/\\\/serrafm879.com.br\\\/serrafm\\\/2024\\\/01\\\/prefeitos-dizem-que-repasses-por-lula-nao-resolveu-problema\\\/#authorImage\",\"url\":\"https:\\\/\\\/secure.gravatar.com\\\/avatar\\\/a743233f1112d34f48bb3dc9559b76eb930bab8b27175856cba6362608736235?s=96&d=mm&r=g\",\"width\":96,\"height\":96,\"caption\":\"serrafm87\"}},{\"@type\":\"WebPage\",\"@id\":\"https:\\\/\\\/serrafm879.com.br\\\/serrafm\\\/2024\\\/01\\\/prefeitos-dizem-que-repasses-por-lula-nao-resolveu-problema\\\/#webpage\",\"url\":\"https:\\\/\\\/serrafm879.com.br\\\/serrafm\\\/2024\\\/01\\\/prefeitos-dizem-que-repasses-por-lula-nao-resolveu-problema\\\/\",\"name\":\"Prefeitos dizem que repasses por Lula n\\u00e3o resolveu problema - Serra FM 87,9\",\"description\":\"Os prefeitos Sandrinho Palmeira (Afogados), Adelmo Moura (Itapetim) e S\\u00e1vio Torres (Tuparetama) estiveram no Frente a Frente especial, com Magno Martins. Este blogueiro participou como convidado. O primeiro bloco tratou do tratamento do governo Lula aos gestores. Em linhas gerais, avaliariam que a equipara\\u00e7\\u00e3o de repasses promovida pelo governo Lula no final do ano foi positiva,\",\"inLanguage\":\"pt-BR\",\"isPartOf\":{\"@id\":\"https:\\\/\\\/serrafm879.com.br\\\/serrafm\\\/#website\"},\"breadcrumb\":{\"@id\":\"https:\\\/\\\/serrafm879.com.br\\\/serrafm\\\/2024\\\/01\\\/prefeitos-dizem-que-repasses-por-lula-nao-resolveu-problema\\\/#breadcrumblist\"},\"author\":{\"@id\":\"https:\\\/\\\/serrafm879.com.br\\\/serrafm\\\/author\\\/serrafm87\\\/#author\"},\"creator\":{\"@id\":\"https:\\\/\\\/serrafm879.com.br\\\/serrafm\\\/author\\\/serrafm87\\\/#author\"},\"image\":{\"@type\":\"ImageObject\",\"url\":\"https:\\\/\\\/serrafm879.com.br\\\/serrafm\\\/wp-content\\\/uploads\\\/2024\\\/01\\\/images.jpg\",\"@id\":\"https:\\\/\\\/serrafm879.com.br\\\/serrafm\\\/2024\\\/01\\\/prefeitos-dizem-que-repasses-por-lula-nao-resolveu-problema\\\/#mainImage\",\"width\":300,\"height\":168},\"primaryImageOfPage\":{\"@id\":\"https:\\\/\\\/serrafm879.com.br\\\/serrafm\\\/2024\\\/01\\\/prefeitos-dizem-que-repasses-por-lula-nao-resolveu-problema\\\/#mainImage\"},\"datePublished\":\"2024-01-03T11:55:52-03:00\",\"dateModified\":\"2024-01-03T16:29:28-03:00\"},{\"@type\":\"WebSite\",\"@id\":\"https:\\\/\\\/serrafm879.com.br\\\/serrafm\\\/#website\",\"url\":\"https:\\\/\\\/serrafm879.com.br\\\/serrafm\\\/\",\"name\":\"Serra FM 87,9\",\"description\":\"O seu novo amor!\",\"inLanguage\":\"pt-BR\",\"publisher\":{\"@id\":\"https:\\\/\\\/serrafm879.com.br\\\/serrafm\\\/#organization\"}}]}\n\t\t<\/script>\n\t\t<!-- All in One SEO -->\n\n","aioseo_head_json":{"title":"Prefeitos dizem que repasses por Lula n\u00e3o resolveu problema - Serra FM 87,9","description":"Os prefeitos Sandrinho Palmeira (Afogados), Adelmo Moura (Itapetim) e S\u00e1vio Torres (Tuparetama) estiveram no Frente a Frente especial, com Magno Martins. Este blogueiro participou como convidado. O primeiro bloco tratou do tratamento do governo Lula aos gestores. Em linhas gerais, avaliariam que a equipara\u00e7\u00e3o de repasses promovida pelo governo Lula no final do ano foi positiva,","canonical_url":"https:\/\/serrafm879.com.br\/serrafm\/2024\/01\/prefeitos-dizem-que-repasses-por-lula-nao-resolveu-problema\/","robots":"max-image-preview:large","keywords":"","webmasterTools":{"miscellaneous":""},"schema":{"@context":"https:\/\/schema.org","@graph":[{"@type":"BlogPosting","@id":"https:\/\/serrafm879.com.br\/serrafm\/2024\/01\/prefeitos-dizem-que-repasses-por-lula-nao-resolveu-problema\/#blogposting","name":"Prefeitos dizem que repasses por Lula n\u00e3o resolveu problema - Serra FM 87,9","headline":"Prefeitos dizem que repasses por Lula n\u00e3o resolveu problema","author":{"@id":"https:\/\/serrafm879.com.br\/serrafm\/author\/serrafm87\/#author"},"publisher":{"@id":"https:\/\/serrafm879.com.br\/serrafm\/#organization"},"image":{"@type":"ImageObject","url":"https:\/\/serrafm879.com.br\/serrafm\/wp-content\/uploads\/2024\/01\/images.jpg","width":300,"height":168},"datePublished":"2024-01-03T11:55:52-03:00","dateModified":"2024-01-03T16:29:28-03:00","inLanguage":"pt-BR","mainEntityOfPage":{"@id":"https:\/\/serrafm879.com.br\/serrafm\/2024\/01\/prefeitos-dizem-que-repasses-por-lula-nao-resolveu-problema\/#webpage"},"isPartOf":{"@id":"https:\/\/serrafm879.com.br\/serrafm\/2024\/01\/prefeitos-dizem-que-repasses-por-lula-nao-resolveu-problema\/#webpage"},"articleSection":"Pol\u00edtica, Uncategorized"},{"@type":"BreadcrumbList","@id":"https:\/\/serrafm879.com.br\/serrafm\/2024\/01\/prefeitos-dizem-que-repasses-por-lula-nao-resolveu-problema\/#breadcrumblist","itemListElement":[{"@type":"ListItem","@id":"https:\/\/serrafm879.com.br\/serrafm#listItem","position":1,"name":"Home","item":"https:\/\/serrafm879.com.br\/serrafm","nextItem":{"@type":"ListItem","@id":"https:\/\/serrafm879.com.br\/serrafm\/categoria\/uncategorized\/#listItem","name":"Uncategorized"}},{"@type":"ListItem","@id":"https:\/\/serrafm879.com.br\/serrafm\/categoria\/uncategorized\/#listItem","position":2,"name":"Uncategorized","item":"https:\/\/serrafm879.com.br\/serrafm\/categoria\/uncategorized\/","nextItem":{"@type":"ListItem","@id":"https:\/\/serrafm879.com.br\/serrafm\/2024\/01\/prefeitos-dizem-que-repasses-por-lula-nao-resolveu-problema\/#listItem","name":"Prefeitos dizem que repasses por Lula n\u00e3o resolveu problema"},"previousItem":{"@type":"ListItem","@id":"https:\/\/serrafm879.com.br\/serrafm#listItem","name":"Home"}},{"@type":"ListItem","@id":"https:\/\/serrafm879.com.br\/serrafm\/2024\/01\/prefeitos-dizem-que-repasses-por-lula-nao-resolveu-problema\/#listItem","position":3,"name":"Prefeitos dizem que repasses por Lula n\u00e3o resolveu problema","previousItem":{"@type":"ListItem","@id":"https:\/\/serrafm879.com.br\/serrafm\/categoria\/uncategorized\/#listItem","name":"Uncategorized"}}]},{"@type":"Organization","@id":"https:\/\/serrafm879.com.br\/serrafm\/#organization","name":"Serra FM 87,9","description":"O seu novo amor!","url":"https:\/\/serrafm879.com.br\/serrafm\/"},{"@type":"Person","@id":"https:\/\/serrafm879.com.br\/serrafm\/author\/serrafm87\/#author","url":"https:\/\/serrafm879.com.br\/serrafm\/author\/serrafm87\/","name":"serrafm87","image":{"@type":"ImageObject","@id":"https:\/\/serrafm879.com.br\/serrafm\/2024\/01\/prefeitos-dizem-que-repasses-por-lula-nao-resolveu-problema\/#authorImage","url":"https:\/\/secure.gravatar.com\/avatar\/a743233f1112d34f48bb3dc9559b76eb930bab8b27175856cba6362608736235?s=96&d=mm&r=g","width":96,"height":96,"caption":"serrafm87"}},{"@type":"WebPage","@id":"https:\/\/serrafm879.com.br\/serrafm\/2024\/01\/prefeitos-dizem-que-repasses-por-lula-nao-resolveu-problema\/#webpage","url":"https:\/\/serrafm879.com.br\/serrafm\/2024\/01\/prefeitos-dizem-que-repasses-por-lula-nao-resolveu-problema\/","name":"Prefeitos dizem que repasses por Lula n\u00e3o resolveu problema - Serra FM 87,9","description":"Os prefeitos Sandrinho Palmeira (Afogados), Adelmo Moura (Itapetim) e S\u00e1vio Torres (Tuparetama) estiveram no Frente a Frente especial, com Magno Martins. Este blogueiro participou como convidado. O primeiro bloco tratou do tratamento do governo Lula aos gestores. Em linhas gerais, avaliariam que a equipara\u00e7\u00e3o de repasses promovida pelo governo Lula no final do ano foi positiva,","inLanguage":"pt-BR","isPartOf":{"@id":"https:\/\/serrafm879.com.br\/serrafm\/#website"},"breadcrumb":{"@id":"https:\/\/serrafm879.com.br\/serrafm\/2024\/01\/prefeitos-dizem-que-repasses-por-lula-nao-resolveu-problema\/#breadcrumblist"},"author":{"@id":"https:\/\/serrafm879.com.br\/serrafm\/author\/serrafm87\/#author"},"creator":{"@id":"https:\/\/serrafm879.com.br\/serrafm\/author\/serrafm87\/#author"},"image":{"@type":"ImageObject","url":"https:\/\/serrafm879.com.br\/serrafm\/wp-content\/uploads\/2024\/01\/images.jpg","@id":"https:\/\/serrafm879.com.br\/serrafm\/2024\/01\/prefeitos-dizem-que-repasses-por-lula-nao-resolveu-problema\/#mainImage","width":300,"height":168},"primaryImageOfPage":{"@id":"https:\/\/serrafm879.com.br\/serrafm\/2024\/01\/prefeitos-dizem-que-repasses-por-lula-nao-resolveu-problema\/#mainImage"},"datePublished":"2024-01-03T11:55:52-03:00","dateModified":"2024-01-03T16:29:28-03:00"},{"@type":"WebSite","@id":"https:\/\/serrafm879.com.br\/serrafm\/#website","url":"https:\/\/serrafm879.com.br\/serrafm\/","name":"Serra FM 87,9","description":"O seu novo amor!","inLanguage":"pt-BR","publisher":{"@id":"https:\/\/serrafm879.com.br\/serrafm\/#organization"}}]},"twitter:card":"summary_large_image","twitter:title":"Prefeitos dizem que repasses por Lula n\u00e3o resolveu problema - Serra FM 87,9","twitter:description":"Os prefeitos Sandrinho Palmeira (Afogados), Adelmo Moura (Itapetim) e S\u00e1vio Torres (Tuparetama) estiveram no Frente a Frente especial, com Magno Martins. Este blogueiro participou como convidado. O primeiro bloco tratou do tratamento do governo Lula aos gestores. Em linhas gerais, avaliariam que a equipara\u00e7\u00e3o de repasses promovida pelo governo Lula no final do ano foi positiva,","twitter:image":"https:\/\/serrafm879.com.br\/serrafm\/wp-content\/uploads\/2024\/01\/images.jpg"},"aioseo_meta_data":{"post_id":"15399","title":null,"description":null,"keywords":null,"keyphrases":null,"primary_term":null,"canonical_url":null,"og_title":null,"og_description":null,"og_object_type":"default","og_image_type":"default","og_image_custom_url":null,"og_image_custom_fields":null,"og_image_url":null,"og_image_width":null,"og_image_height":null,"og_video":null,"og_custom_url":null,"og_article_section":null,"og_article_tags":null,"twitter_use_og":false,"twitter_card":"default","twitter_image_type":"default","twitter_image_custom_url":null,"twitter_image_custom_fields":null,"twitter_image_url":null,"twitter_title":null,"twitter_description":null,"schema_type":"default","schema_type_options":null,"schema":{"blockGraphs":[],"customGraphs":[],"default":{"data":{"Article":[],"Course":[],"Dataset":[],"FAQPage":[],"Movie":[],"Person":[],"Product":[],"ProductReview":[],"Car":[],"Recipe":[],"Service":[],"SoftwareApplication":[],"WebPage":[]},"graphName":"","isEnabled":true},"graphs":[]},"pillar_content":false,"robots_default":true,"robots_noindex":false,"robots_noarchive":false,"robots_nosnippet":false,"robots_nofollow":false,"robots_noimageindex":false,"robots_noodp":false,"robots_notranslate":false,"robots_max_snippet":null,"robots_max_videopreview":null,"robots_max_imagepreview":"large","priority":null,"frequency":null,"local_seo":null,"limit_modified_date":false,"ai":null,"breadcrumb_settings":null,"seo_analyzer_scan_date":null,"created":"2026-07-21 09:33:13","updated":"2026-07-21 09:33:13"},"aioseo_breadcrumb":"<div class=\"aioseo-breadcrumbs\"><span class=\"aioseo-breadcrumb\">\n\t\t\t<a href=\"https:\/\/serrafm879.com.br\/serrafm\" title=\"Home\">Home<\/a>\n\t\t<\/span><span class=\"aioseo-breadcrumb-separator\">&raquo;<\/span><span class=\"aioseo-breadcrumb\">\n\t\t\t<a href=\"https:\/\/serrafm879.com.br\/serrafm\/categoria\/uncategorized\/\" title=\"Uncategorized\">Uncategorized<\/a>\n\t\t<\/span><span class=\"aioseo-breadcrumb-separator\">&raquo;<\/span><span class=\"aioseo-breadcrumb\">\n\t\t\tPrefeitos dizem que repasses por Lula n\u00e3o resolveu problema\n\t\t<\/span><\/div>","aioseo_breadcrumb_json":[{"label":"Home","link":"https:\/\/serrafm879.com.br\/serrafm"},{"label":"Uncategorized","link":"https:\/\/serrafm879.com.br\/serrafm\/categoria\/uncategorized\/"},{"label":"Prefeitos dizem que repasses por Lula n\u00e3o resolveu problema","link":"https:\/\/serrafm879.com.br\/serrafm\/2024\/01\/prefeitos-dizem-que-repasses-por-lula-nao-resolveu-problema\/"}],"jetpack_publicize_connections":[],"jetpack_featured_media_url":"https:\/\/serrafm879.com.br\/serrafm\/wp-content\/uploads\/2024\/01\/images.jpg","jetpack_shortlink":"https:\/\/wp.me\/p7HyXg-40n","jetpack_sharing_enabled":true,"_links":{"self":[{"href":"https:\/\/serrafm879.com.br\/serrafm\/wp-json\/wp\/v2\/posts\/15399","targetHints":{"allow":["GET"]}}],"collection":[{"href":"https:\/\/serrafm879.com.br\/serrafm\/wp-json\/wp\/v2\/posts"}],"about":[{"href":"https:\/\/serrafm879.com.br\/serrafm\/wp-json\/wp\/v2\/types\/post"}],"author":[{"embeddable":true,"href":"https:\/\/serrafm879.com.br\/serrafm\/wp-json\/wp\/v2\/users\/2"}],"replies":[{"embeddable":true,"href":"https:\/\/serrafm879.com.br\/serrafm\/wp-json\/wp\/v2\/comments?post=15399"}],"version-history":[{"count":1,"href":"https:\/\/serrafm879.com.br\/serrafm\/wp-json\/wp\/v2\/posts\/15399\/revisions"}],"predecessor-version":[{"id":15401,"href":"https:\/\/serrafm879.com.br\/serrafm\/wp-json\/wp\/v2\/posts\/15399\/revisions\/15401"}],"wp:featuredmedia":[{"embeddable":true,"href":"https:\/\/serrafm879.com.br\/serrafm\/wp-json\/wp\/v2\/media\/15400"}],"wp:attachment":[{"href":"https:\/\/serrafm879.com.br\/serrafm\/wp-json\/wp\/v2\/media?parent=15399"}],"wp:term":[{"taxonomy":"category","embeddable":true,"href":"https:\/\/serrafm879.com.br\/serrafm\/wp-json\/wp\/v2\/categories?post=15399"},{"taxonomy":"post_tag","embeddable":true,"href":"https:\/\/serrafm879.com.br\/serrafm\/wp-json\/wp\/v2\/tags?post=15399"}],"curies":[{"name":"wp","href":"https:\/\/api.w.org\/{rel}","templated":true}]}}