{"id":15402,"date":"2024-01-03T17:02:59","date_gmt":"2024-01-03T20:02:59","guid":{"rendered":"https:\/?p=15402"},"modified":"2024-01-03T17:02:59","modified_gmt":"2024-01-03T20:02:59","slug":"oposicao-prepara-chapa-competitiva-para-mudar-o-perfil-da-camara-de-st","status":"publish","type":"post","link":"https:\/\/serrafm879.com.br\/serrafm\/2024\/01\/oposicao-prepara-chapa-competitiva-para-mudar-o-perfil-da-camara-de-st\/","title":{"rendered":"Oposi\u00e7\u00e3o prepara chapa competitiva para mudar o perfil da C\u00e2mara de ST"},"content":{"rendered":"<p>O bloco de oposi\u00e7\u00e3o ao governo M\u00e1rcia Conrado est\u00e1 trabalhando para mudar o perfil ideol\u00f3gico da C\u00e2mara Municipal de Serra Talhada. O objetivo \u00e9 fazer uma bancada nas elei\u00e7\u00f5es deste ano, mas comprometida com as causas populares, com\u00a0 atua\u00e7\u00f5es nas \u00e1reas do meio ambiente, sa\u00fade, educa\u00e7\u00e3o, entre outros.<\/p>\n<p>Na linha de frente o presidente do PDT,\u00a0<strong>Divonaldo Barbosa,\u00a0<\/strong>que faz um trabalho de \u2018formiguinha\u2019 nos bastidores.<\/p>\n<p>\u201cO\u00a0<strong>PDT<\/strong>\u00a0trabalha para eleger tres vereadores, e o\u00a0<strong>Podemos\u00a0<\/strong>trabalha para eleger quatro. O puxador de votos dever\u00e1 ser o vereador\u00a0<strong>Vandinho da Sa\u00fade.\u00a0<\/strong>Outros nomes ser\u00e3o anunciados, mas \u00e9 uma chapa robusta e competitiva\u201d, disse Barbosa, assegurando que at\u00e9 18 de fevereiro outros pr\u00e9-candidatos ainda mais competitivos ser\u00e3o anunciados.<\/p>\n<p>Na esteira dos \u2018nomes de qualidade\u2019 encontra-se o ex-vereador Z\u00e9 Pereira, Bonzinho Magalh\u00e3es, Lero do Po\u00e7o, Patr\u00edcia do Vanete a Almeida, N\u00fabia de Mocinha, Alisson Fraz\u00e3o, Juvenal da Ca\u00e7amba e Ivanildo Gomes, entre outros.<\/p>\n<p>&nbsp;<\/p>\n<p>Fonte : Farol de Not\u00edcias<\/p>\n","protected":false},"excerpt":{"rendered":"<p>O bloco de oposi\u00e7\u00e3o ao governo M\u00e1rcia Conrado est\u00e1 trabalhando para mudar o perfil ideol\u00f3gico da C\u00e2mara Municipal de Serra Talhada. O objetivo \u00e9 fazer uma bancada nas elei\u00e7\u00f5es deste ano, mas comprometida com as causas populares, com\u00a0 atua\u00e7\u00f5es nas \u00e1reas do meio ambiente, sa\u00fade, educa\u00e7\u00e3o, entre outros. Na linha de frente o presidente do PDT,\u00a0Divonaldo Barbosa,\u00a0que faz um trabalho de \u2018formiguinha\u2019 nos bastidores. \u201cO\u00a0PDT\u00a0trabalha para eleger tres vereadores, e o\u00a0Podemos\u00a0trabalha para eleger quatro. O puxador de votos dever\u00e1 ser o vereador\u00a0Vandinho da Sa\u00fade.\u00a0Outros nomes ser\u00e3o anunciados, mas \u00e9 uma chapa robusta e competitiva\u201d, disse Barbosa, assegurando que at\u00e9 18 [&hellip;]<\/p>\n","protected":false},"author":2,"featured_media":15403,"comment_status":"open","ping_status":"open","sticky":false,"template":"","format":"standard","meta":{"_jetpack_newsletter_access":"","_jetpack_dont_email_post_to_subs":false,"_jetpack_newsletter_tier_id":0,"_jetpack_memberships_contains_paywalled_content":false,"_jetpack_feature_clip_id":0,"_jetpack_memberships_contains_paid_content":false,"footnotes":"","jetpack_publicize_message":"","jetpack_publicize_feature_enabled":true,"jetpack_social_post_already_shared":true,"jetpack_social_options":{"image_generator_settings":{"template":"highway","default_image_id":0,"font":"","enabled":false},"version":2},"jetpack_post_was_ever_published":false},"categories":[144],"tags":[],"class_list":["post-15402","post","type-post","status-publish","format-standard","has-post-thumbnail","hentry","category-politica"],"aioseo_notices":[],"aioseo_head":"\n\t\t<!-- All in One SEO 4.9.10 - aioseo.com -->\n\t<meta name=\"description\" content=\"O bloco de oposi\u00e7\u00e3o ao governo M\u00e1rcia Conrado est\u00e1 trabalhando para mudar o perfil ideol\u00f3gico da C\u00e2mara Municipal de Serra Talhada. O objetivo \u00e9 fazer uma bancada nas elei\u00e7\u00f5es deste ano, mas comprometida com as causas populares, com atua\u00e7\u00f5es nas \u00e1reas do meio ambiente, sa\u00fade, educa\u00e7\u00e3o, entre outros. Na linha de frente o presidente do\" \/>\n\t<meta name=\"robots\" content=\"max-image-preview:large\" \/>\n\t<meta name=\"author\" content=\"serrafm87\"\/>\n\t<link rel=\"canonical\" href=\"https:\/\/serrafm879.com.br\/serrafm\/2024\/01\/oposicao-prepara-chapa-competitiva-para-mudar-o-perfil-da-camara-de-st\/\" \/>\n\t<meta name=\"generator\" content=\"All in One SEO (AIOSEO) 4.9.10\" \/>\n\t\t<meta name=\"twitter:card\" content=\"summary_large_image\" \/>\n\t\t<meta name=\"twitter:title\" content=\"Oposi\u00e7\u00e3o prepara chapa competitiva para mudar o perfil da C\u00e2mara de ST - Serra FM 87,9\" \/>\n\t\t<meta name=\"twitter:description\" content=\"O bloco de oposi\u00e7\u00e3o ao governo M\u00e1rcia Conrado est\u00e1 trabalhando para mudar o perfil ideol\u00f3gico da C\u00e2mara Municipal de Serra Talhada. O objetivo \u00e9 fazer uma bancada nas elei\u00e7\u00f5es deste ano, mas comprometida com as causas populares, com atua\u00e7\u00f5es nas \u00e1reas do meio ambiente, sa\u00fade, educa\u00e7\u00e3o, entre outros. Na linha de frente o presidente do\" \/>\n\t\t<meta name=\"twitter:image\" content=\"https:\/\/serrafm879.com.br\/serrafm\/wp-content\/uploads\/2024\/01\/e31db1a8-941f-4f72-8719-4cf8f3f0e752-edited.jpeg\" \/>\n\t\t<script type=\"application\/ld+json\" class=\"aioseo-schema\">\n\t\t\t{\"@context\":\"https:\\\/\\\/schema.org\",\"@graph\":[{\"@type\":\"BlogPosting\",\"@id\":\"https:\\\/\\\/serrafm879.com.br\\\/serrafm\\\/2024\\\/01\\\/oposicao-prepara-chapa-competitiva-para-mudar-o-perfil-da-camara-de-st\\\/#blogposting\",\"name\":\"Oposi\\u00e7\\u00e3o prepara chapa competitiva para mudar o perfil da C\\u00e2mara de ST - Serra FM 87,9\",\"headline\":\"Oposi\\u00e7\\u00e3o prepara chapa competitiva para mudar o perfil da C\\u00e2mara de ST\",\"author\":{\"@id\":\"https:\\\/\\\/serrafm879.com.br\\\/serrafm\\\/author\\\/serrafm87\\\/#author\"},\"publisher\":{\"@id\":\"https:\\\/\\\/serrafm879.com.br\\\/serrafm\\\/#organization\"},\"image\":{\"@type\":\"ImageObject\",\"url\":\"https:\\\/\\\/serrafm879.com.br\\\/serrafm\\\/wp-content\\\/uploads\\\/2024\\\/01\\\/e31db1a8-941f-4f72-8719-4cf8f3f0e752-edited.jpeg\",\"width\":1600,\"height\":1066},\"datePublished\":\"2024-01-03T17:02:59-03:00\",\"dateModified\":\"2024-01-03T17:02:59-03:00\",\"inLanguage\":\"pt-BR\",\"mainEntityOfPage\":{\"@id\":\"https:\\\/\\\/serrafm879.com.br\\\/serrafm\\\/2024\\\/01\\\/oposicao-prepara-chapa-competitiva-para-mudar-o-perfil-da-camara-de-st\\\/#webpage\"},\"isPartOf\":{\"@id\":\"https:\\\/\\\/serrafm879.com.br\\\/serrafm\\\/2024\\\/01\\\/oposicao-prepara-chapa-competitiva-para-mudar-o-perfil-da-camara-de-st\\\/#webpage\"},\"articleSection\":\"Pol\\u00edtica\"},{\"@type\":\"BreadcrumbList\",\"@id\":\"https:\\\/\\\/serrafm879.com.br\\\/serrafm\\\/2024\\\/01\\\/oposicao-prepara-chapa-competitiva-para-mudar-o-perfil-da-camara-de-st\\\/#breadcrumblist\",\"itemListElement\":[{\"@type\":\"ListItem\",\"@id\":\"https:\\\/\\\/serrafm879.com.br\\\/serrafm#listItem\",\"position\":1,\"name\":\"Home\",\"item\":\"https:\\\/\\\/serrafm879.com.br\\\/serrafm\",\"nextItem\":{\"@type\":\"ListItem\",\"@id\":\"https:\\\/\\\/serrafm879.com.br\\\/serrafm\\\/categoria\\\/politica\\\/#listItem\",\"name\":\"Pol\\u00edtica\"}},{\"@type\":\"ListItem\",\"@id\":\"https:\\\/\\\/serrafm879.com.br\\\/serrafm\\\/categoria\\\/politica\\\/#listItem\",\"position\":2,\"name\":\"Pol\\u00edtica\",\"item\":\"https:\\\/\\\/serrafm879.com.br\\\/serrafm\\\/categoria\\\/politica\\\/\",\"nextItem\":{\"@type\":\"ListItem\",\"@id\":\"https:\\\/\\\/serrafm879.com.br\\\/serrafm\\\/2024\\\/01\\\/oposicao-prepara-chapa-competitiva-para-mudar-o-perfil-da-camara-de-st\\\/#listItem\",\"name\":\"Oposi\\u00e7\\u00e3o prepara chapa competitiva para mudar o perfil da C\\u00e2mara de ST\"},\"previousItem\":{\"@type\":\"ListItem\",\"@id\":\"https:\\\/\\\/serrafm879.com.br\\\/serrafm#listItem\",\"name\":\"Home\"}},{\"@type\":\"ListItem\",\"@id\":\"https:\\\/\\\/serrafm879.com.br\\\/serrafm\\\/2024\\\/01\\\/oposicao-prepara-chapa-competitiva-para-mudar-o-perfil-da-camara-de-st\\\/#listItem\",\"position\":3,\"name\":\"Oposi\\u00e7\\u00e3o prepara chapa competitiva para mudar o perfil da C\\u00e2mara de ST\",\"previousItem\":{\"@type\":\"ListItem\",\"@id\":\"https:\\\/\\\/serrafm879.com.br\\\/serrafm\\\/categoria\\\/politica\\\/#listItem\",\"name\":\"Pol\\u00edtica\"}}]},{\"@type\":\"Organization\",\"@id\":\"https:\\\/\\\/serrafm879.com.br\\\/serrafm\\\/#organization\",\"name\":\"Serra FM 87,9\",\"description\":\"O seu novo amor!\",\"url\":\"https:\\\/\\\/serrafm879.com.br\\\/serrafm\\\/\"},{\"@type\":\"Person\",\"@id\":\"https:\\\/\\\/serrafm879.com.br\\\/serrafm\\\/author\\\/serrafm87\\\/#author\",\"url\":\"https:\\\/\\\/serrafm879.com.br\\\/serrafm\\\/author\\\/serrafm87\\\/\",\"name\":\"serrafm87\",\"image\":{\"@type\":\"ImageObject\",\"@id\":\"https:\\\/\\\/serrafm879.com.br\\\/serrafm\\\/2024\\\/01\\\/oposicao-prepara-chapa-competitiva-para-mudar-o-perfil-da-camara-de-st\\\/#authorImage\",\"url\":\"https:\\\/\\\/secure.gravatar.com\\\/avatar\\\/a743233f1112d34f48bb3dc9559b76eb930bab8b27175856cba6362608736235?s=96&d=mm&r=g\",\"width\":96,\"height\":96,\"caption\":\"serrafm87\"}},{\"@type\":\"WebPage\",\"@id\":\"https:\\\/\\\/serrafm879.com.br\\\/serrafm\\\/2024\\\/01\\\/oposicao-prepara-chapa-competitiva-para-mudar-o-perfil-da-camara-de-st\\\/#webpage\",\"url\":\"https:\\\/\\\/serrafm879.com.br\\\/serrafm\\\/2024\\\/01\\\/oposicao-prepara-chapa-competitiva-para-mudar-o-perfil-da-camara-de-st\\\/\",\"name\":\"Oposi\\u00e7\\u00e3o prepara chapa competitiva para mudar o perfil da C\\u00e2mara de ST - Serra FM 87,9\",\"description\":\"O bloco de oposi\\u00e7\\u00e3o ao governo M\\u00e1rcia Conrado est\\u00e1 trabalhando para mudar o perfil ideol\\u00f3gico da C\\u00e2mara Municipal de Serra Talhada. O objetivo \\u00e9 fazer uma bancada nas elei\\u00e7\\u00f5es deste ano, mas comprometida com as causas populares, com atua\\u00e7\\u00f5es nas \\u00e1reas do meio ambiente, sa\\u00fade, educa\\u00e7\\u00e3o, entre outros. Na linha de frente o presidente do\",\"inLanguage\":\"pt-BR\",\"isPartOf\":{\"@id\":\"https:\\\/\\\/serrafm879.com.br\\\/serrafm\\\/#website\"},\"breadcrumb\":{\"@id\":\"https:\\\/\\\/serrafm879.com.br\\\/serrafm\\\/2024\\\/01\\\/oposicao-prepara-chapa-competitiva-para-mudar-o-perfil-da-camara-de-st\\\/#breadcrumblist\"},\"author\":{\"@id\":\"https:\\\/\\\/serrafm879.com.br\\\/serrafm\\\/author\\\/serrafm87\\\/#author\"},\"creator\":{\"@id\":\"https:\\\/\\\/serrafm879.com.br\\\/serrafm\\\/author\\\/serrafm87\\\/#author\"},\"image\":{\"@type\":\"ImageObject\",\"url\":\"https:\\\/\\\/serrafm879.com.br\\\/serrafm\\\/wp-content\\\/uploads\\\/2024\\\/01\\\/e31db1a8-941f-4f72-8719-4cf8f3f0e752-edited.jpeg\",\"@id\":\"https:\\\/\\\/serrafm879.com.br\\\/serrafm\\\/2024\\\/01\\\/oposicao-prepara-chapa-competitiva-para-mudar-o-perfil-da-camara-de-st\\\/#mainImage\",\"width\":1600,\"height\":1066},\"primaryImageOfPage\":{\"@id\":\"https:\\\/\\\/serrafm879.com.br\\\/serrafm\\\/2024\\\/01\\\/oposicao-prepara-chapa-competitiva-para-mudar-o-perfil-da-camara-de-st\\\/#mainImage\"},\"datePublished\":\"2024-01-03T17:02:59-03:00\",\"dateModified\":\"2024-01-03T17:02:59-03:00\"},{\"@type\":\"WebSite\",\"@id\":\"https:\\\/\\\/serrafm879.com.br\\\/serrafm\\\/#website\",\"url\":\"https:\\\/\\\/serrafm879.com.br\\\/serrafm\\\/\",\"name\":\"Serra FM 87,9\",\"description\":\"O seu novo amor!\",\"inLanguage\":\"pt-BR\",\"publisher\":{\"@id\":\"https:\\\/\\\/serrafm879.com.br\\\/serrafm\\\/#organization\"}}]}\n\t\t<\/script>\n\t\t<!-- All in One SEO -->\n\n","aioseo_head_json":{"title":"Oposi\u00e7\u00e3o prepara chapa competitiva para mudar o perfil da C\u00e2mara de ST - Serra FM 87,9","description":"O bloco de oposi\u00e7\u00e3o ao governo M\u00e1rcia Conrado est\u00e1 trabalhando para mudar o perfil ideol\u00f3gico da C\u00e2mara Municipal de Serra Talhada. O objetivo \u00e9 fazer uma bancada nas elei\u00e7\u00f5es deste ano, mas comprometida com as causas populares, com atua\u00e7\u00f5es nas \u00e1reas do meio ambiente, sa\u00fade, educa\u00e7\u00e3o, entre outros. Na linha de frente o presidente do","canonical_url":"https:\/\/serrafm879.com.br\/serrafm\/2024\/01\/oposicao-prepara-chapa-competitiva-para-mudar-o-perfil-da-camara-de-st\/","robots":"max-image-preview:large","keywords":"","webmasterTools":{"miscellaneous":""},"schema":{"@context":"https:\/\/schema.org","@graph":[{"@type":"BlogPosting","@id":"https:\/\/serrafm879.com.br\/serrafm\/2024\/01\/oposicao-prepara-chapa-competitiva-para-mudar-o-perfil-da-camara-de-st\/#blogposting","name":"Oposi\u00e7\u00e3o prepara chapa competitiva para mudar o perfil da C\u00e2mara de ST - Serra FM 87,9","headline":"Oposi\u00e7\u00e3o prepara chapa competitiva para mudar o perfil da C\u00e2mara de ST","author":{"@id":"https:\/\/serrafm879.com.br\/serrafm\/author\/serrafm87\/#author"},"publisher":{"@id":"https:\/\/serrafm879.com.br\/serrafm\/#organization"},"image":{"@type":"ImageObject","url":"https:\/\/serrafm879.com.br\/serrafm\/wp-content\/uploads\/2024\/01\/e31db1a8-941f-4f72-8719-4cf8f3f0e752-edited.jpeg","width":1600,"height":1066},"datePublished":"2024-01-03T17:02:59-03:00","dateModified":"2024-01-03T17:02:59-03:00","inLanguage":"pt-BR","mainEntityOfPage":{"@id":"https:\/\/serrafm879.com.br\/serrafm\/2024\/01\/oposicao-prepara-chapa-competitiva-para-mudar-o-perfil-da-camara-de-st\/#webpage"},"isPartOf":{"@id":"https:\/\/serrafm879.com.br\/serrafm\/2024\/01\/oposicao-prepara-chapa-competitiva-para-mudar-o-perfil-da-camara-de-st\/#webpage"},"articleSection":"Pol\u00edtica"},{"@type":"BreadcrumbList","@id":"https:\/\/serrafm879.com.br\/serrafm\/2024\/01\/oposicao-prepara-chapa-competitiva-para-mudar-o-perfil-da-camara-de-st\/#breadcrumblist","itemListElement":[{"@type":"ListItem","@id":"https:\/\/serrafm879.com.br\/serrafm#listItem","position":1,"name":"Home","item":"https:\/\/serrafm879.com.br\/serrafm","nextItem":{"@type":"ListItem","@id":"https:\/\/serrafm879.com.br\/serrafm\/categoria\/politica\/#listItem","name":"Pol\u00edtica"}},{"@type":"ListItem","@id":"https:\/\/serrafm879.com.br\/serrafm\/categoria\/politica\/#listItem","position":2,"name":"Pol\u00edtica","item":"https:\/\/serrafm879.com.br\/serrafm\/categoria\/politica\/","nextItem":{"@type":"ListItem","@id":"https:\/\/serrafm879.com.br\/serrafm\/2024\/01\/oposicao-prepara-chapa-competitiva-para-mudar-o-perfil-da-camara-de-st\/#listItem","name":"Oposi\u00e7\u00e3o prepara chapa competitiva para mudar o perfil da C\u00e2mara de ST"},"previousItem":{"@type":"ListItem","@id":"https:\/\/serrafm879.com.br\/serrafm#listItem","name":"Home"}},{"@type":"ListItem","@id":"https:\/\/serrafm879.com.br\/serrafm\/2024\/01\/oposicao-prepara-chapa-competitiva-para-mudar-o-perfil-da-camara-de-st\/#listItem","position":3,"name":"Oposi\u00e7\u00e3o prepara chapa competitiva para mudar o perfil da C\u00e2mara de ST","previousItem":{"@type":"ListItem","@id":"https:\/\/serrafm879.com.br\/serrafm\/categoria\/politica\/#listItem","name":"Pol\u00edtica"}}]},{"@type":"Organization","@id":"https:\/\/serrafm879.com.br\/serrafm\/#organization","name":"Serra FM 87,9","description":"O seu novo amor!","url":"https:\/\/serrafm879.com.br\/serrafm\/"},{"@type":"Person","@id":"https:\/\/serrafm879.com.br\/serrafm\/author\/serrafm87\/#author","url":"https:\/\/serrafm879.com.br\/serrafm\/author\/serrafm87\/","name":"serrafm87","image":{"@type":"ImageObject","@id":"https:\/\/serrafm879.com.br\/serrafm\/2024\/01\/oposicao-prepara-chapa-competitiva-para-mudar-o-perfil-da-camara-de-st\/#authorImage","url":"https:\/\/secure.gravatar.com\/avatar\/a743233f1112d34f48bb3dc9559b76eb930bab8b27175856cba6362608736235?s=96&d=mm&r=g","width":96,"height":96,"caption":"serrafm87"}},{"@type":"WebPage","@id":"https:\/\/serrafm879.com.br\/serrafm\/2024\/01\/oposicao-prepara-chapa-competitiva-para-mudar-o-perfil-da-camara-de-st\/#webpage","url":"https:\/\/serrafm879.com.br\/serrafm\/2024\/01\/oposicao-prepara-chapa-competitiva-para-mudar-o-perfil-da-camara-de-st\/","name":"Oposi\u00e7\u00e3o prepara chapa competitiva para mudar o perfil da C\u00e2mara de ST - Serra FM 87,9","description":"O bloco de oposi\u00e7\u00e3o ao governo M\u00e1rcia Conrado est\u00e1 trabalhando para mudar o perfil ideol\u00f3gico da C\u00e2mara Municipal de Serra Talhada. O objetivo \u00e9 fazer uma bancada nas elei\u00e7\u00f5es deste ano, mas comprometida com as causas populares, com atua\u00e7\u00f5es nas \u00e1reas do meio ambiente, sa\u00fade, educa\u00e7\u00e3o, entre outros. Na linha de frente o presidente do","inLanguage":"pt-BR","isPartOf":{"@id":"https:\/\/serrafm879.com.br\/serrafm\/#website"},"breadcrumb":{"@id":"https:\/\/serrafm879.com.br\/serrafm\/2024\/01\/oposicao-prepara-chapa-competitiva-para-mudar-o-perfil-da-camara-de-st\/#breadcrumblist"},"author":{"@id":"https:\/\/serrafm879.com.br\/serrafm\/author\/serrafm87\/#author"},"creator":{"@id":"https:\/\/serrafm879.com.br\/serrafm\/author\/serrafm87\/#author"},"image":{"@type":"ImageObject","url":"https:\/\/serrafm879.com.br\/serrafm\/wp-content\/uploads\/2024\/01\/e31db1a8-941f-4f72-8719-4cf8f3f0e752-edited.jpeg","@id":"https:\/\/serrafm879.com.br\/serrafm\/2024\/01\/oposicao-prepara-chapa-competitiva-para-mudar-o-perfil-da-camara-de-st\/#mainImage","width":1600,"height":1066},"primaryImageOfPage":{"@id":"https:\/\/serrafm879.com.br\/serrafm\/2024\/01\/oposicao-prepara-chapa-competitiva-para-mudar-o-perfil-da-camara-de-st\/#mainImage"},"datePublished":"2024-01-03T17:02:59-03:00","dateModified":"2024-01-03T17:02:59-03:00"},{"@type":"WebSite","@id":"https:\/\/serrafm879.com.br\/serrafm\/#website","url":"https:\/\/serrafm879.com.br\/serrafm\/","name":"Serra FM 87,9","description":"O seu novo amor!","inLanguage":"pt-BR","publisher":{"@id":"https:\/\/serrafm879.com.br\/serrafm\/#organization"}}]},"twitter:card":"summary_large_image","twitter:title":"Oposi\u00e7\u00e3o prepara chapa competitiva para mudar o perfil da C\u00e2mara de ST - Serra FM 87,9","twitter:description":"O bloco de oposi\u00e7\u00e3o ao governo M\u00e1rcia Conrado est\u00e1 trabalhando para mudar o perfil ideol\u00f3gico da C\u00e2mara Municipal de Serra Talhada. O objetivo \u00e9 fazer uma bancada nas elei\u00e7\u00f5es deste ano, mas comprometida com as causas populares, com atua\u00e7\u00f5es nas \u00e1reas do meio ambiente, sa\u00fade, educa\u00e7\u00e3o, entre outros. Na linha de frente o presidente do","twitter:image":"https:\/\/serrafm879.com.br\/serrafm\/wp-content\/uploads\/2024\/01\/e31db1a8-941f-4f72-8719-4cf8f3f0e752-edited.jpeg"},"aioseo_meta_data":{"post_id":"15402","title":null,"description":null,"keywords":null,"keyphrases":null,"primary_term":null,"canonical_url":null,"og_title":null,"og_description":null,"og_object_type":"default","og_image_type":"default","og_image_custom_url":null,"og_image_custom_fields":null,"og_image_url":null,"og_image_width":null,"og_image_height":null,"og_video":null,"og_custom_url":null,"og_article_section":null,"og_article_tags":null,"twitter_use_og":false,"twitter_card":"default","twitter_image_type":"default","twitter_image_custom_url":null,"twitter_image_custom_fields":null,"twitter_image_url":null,"twitter_title":null,"twitter_description":null,"schema_type":"default","schema_type_options":null,"schema":{"blockGraphs":[],"customGraphs":[],"default":{"data":{"Article":[],"Course":[],"Dataset":[],"FAQPage":[],"Movie":[],"Person":[],"Product":[],"ProductReview":[],"Car":[],"Recipe":[],"Service":[],"SoftwareApplication":[],"WebPage":[]},"graphName":"","isEnabled":true},"graphs":[]},"pillar_content":false,"robots_default":true,"robots_noindex":false,"robots_noarchive":false,"robots_nosnippet":false,"robots_nofollow":false,"robots_noimageindex":false,"robots_noodp":false,"robots_notranslate":false,"robots_max_snippet":null,"robots_max_videopreview":null,"robots_max_imagepreview":"large","priority":null,"frequency":null,"local_seo":null,"limit_modified_date":false,"ai":null,"breadcrumb_settings":null,"seo_analyzer_scan_date":null,"created":"2026-07-21 09:33:13","updated":"2026-07-21 09:33:13"},"aioseo_breadcrumb":"<div class=\"aioseo-breadcrumbs\"><span class=\"aioseo-breadcrumb\">\n\t\t\t<a href=\"https:\/\/serrafm879.com.br\/serrafm\" title=\"Home\">Home<\/a>\n\t\t<\/span><span class=\"aioseo-breadcrumb-separator\">&raquo;<\/span><span class=\"aioseo-breadcrumb\">\n\t\t\t<a href=\"https:\/\/serrafm879.com.br\/serrafm\/categoria\/politica\/\" title=\"Pol\u00edtica\">Pol\u00edtica<\/a>\n\t\t<\/span><span class=\"aioseo-breadcrumb-separator\">&raquo;<\/span><span class=\"aioseo-breadcrumb\">\n\t\t\tOposi\u00e7\u00e3o prepara chapa competitiva para mudar o perfil da C\u00e2mara de ST\n\t\t<\/span><\/div>","aioseo_breadcrumb_json":[{"label":"Home","link":"https:\/\/serrafm879.com.br\/serrafm"},{"label":"Pol\u00edtica","link":"https:\/\/serrafm879.com.br\/serrafm\/categoria\/politica\/"},{"label":"Oposi\u00e7\u00e3o prepara chapa competitiva para mudar o perfil da C\u00e2mara de ST","link":"https:\/\/serrafm879.com.br\/serrafm\/2024\/01\/oposicao-prepara-chapa-competitiva-para-mudar-o-perfil-da-camara-de-st\/"}],"jetpack_publicize_connections":[],"jetpack_featured_media_url":"https:\/\/serrafm879.com.br\/serrafm\/wp-content\/uploads\/2024\/01\/e31db1a8-941f-4f72-8719-4cf8f3f0e752-edited.jpeg","jetpack_shortlink":"https:\/\/wp.me\/p7HyXg-40q","jetpack_sharing_enabled":true,"_links":{"self":[{"href":"https:\/\/serrafm879.com.br\/serrafm\/wp-json\/wp\/v2\/posts\/15402","targetHints":{"allow":["GET"]}}],"collection":[{"href":"https:\/\/serrafm879.com.br\/serrafm\/wp-json\/wp\/v2\/posts"}],"about":[{"href":"https:\/\/serrafm879.com.br\/serrafm\/wp-json\/wp\/v2\/types\/post"}],"author":[{"embeddable":true,"href":"https:\/\/serrafm879.com.br\/serrafm\/wp-json\/wp\/v2\/users\/2"}],"replies":[{"embeddable":true,"href":"https:\/\/serrafm879.com.br\/serrafm\/wp-json\/wp\/v2\/comments?post=15402"}],"version-history":[{"count":1,"href":"https:\/\/serrafm879.com.br\/serrafm\/wp-json\/wp\/v2\/posts\/15402\/revisions"}],"predecessor-version":[{"id":15404,"href":"https:\/\/serrafm879.com.br\/serrafm\/wp-json\/wp\/v2\/posts\/15402\/revisions\/15404"}],"wp:featuredmedia":[{"embeddable":true,"href":"https:\/\/serrafm879.com.br\/serrafm\/wp-json\/wp\/v2\/media\/15403"}],"wp:attachment":[{"href":"https:\/\/serrafm879.com.br\/serrafm\/wp-json\/wp\/v2\/media?parent=15402"}],"wp:term":[{"taxonomy":"category","embeddable":true,"href":"https:\/\/serrafm879.com.br\/serrafm\/wp-json\/wp\/v2\/categories?post=15402"},{"taxonomy":"post_tag","embeddable":true,"href":"https:\/\/serrafm879.com.br\/serrafm\/wp-json\/wp\/v2\/tags?post=15402"}],"curies":[{"name":"wp","href":"https:\/\/api.w.org\/{rel}","templated":true}]}}