{"id":15410,"date":"2024-01-04T11:59:35","date_gmt":"2024-01-04T14:59:35","guid":{"rendered":"https:\/?p=15410"},"modified":"2024-01-04T11:59:35","modified_gmt":"2024-01-04T14:59:35","slug":"fpf-confirma-salgueiro-fora-do-pernambucano-flamengo-de-arcoverde-herda-a-vaga","status":"publish","type":"post","link":"https:\/\/serrafm879.com.br\/serrafm\/2024\/01\/fpf-confirma-salgueiro-fora-do-pernambucano-flamengo-de-arcoverde-herda-a-vaga\/","title":{"rendered":"FPF confirma Salgueiro fora do Pernambucano; Flamengo de Arcoverde herda a vaga"},"content":{"rendered":"<div id=\"chunk-bjqf3\">\n<div class=\"mc-column content-text active-extra-styles active-capital-letter\" data-block-type=\"unstyled\" data-block-weight=\"34\" data-block-id=\"2\">\n<p class=\" content-text__container theme-color-primary-first-letter\" data-track-category=\"Link no Texto\" data-track-links=\"\">Agora \u00e9 oficial. Em contato com o\u00a0<a class=\"\" href=\"https:\/\/ge.globo.com\/\">ge<\/a>,\u00a0<span class=\"highlight highlighted\">o presidente da Federa\u00e7\u00e3o Pernambucana de Futebol, Evandro Carvalho, confirmou que o Salgueiro desistiu de disputar o Campeonato Pernambucano deste ano<\/span>, por falta de recursos financeiros.<\/p>\n<p class=\" content-text__container theme-color-primary-first-letter\" data-track-category=\"Link no Texto\" data-track-links=\"\"><span style=\"font-size: 1.21429rem;\">Ao mesmo tempo,\u00a0<\/span><span class=\"highlight highlighted\" style=\"font-size: 1.21429rem;\">o dirigente tamb\u00e9m confirmou que o substituto ser\u00e1 o Flamengo de Arcoverde<\/span><span style=\"font-size: 1.21429rem;\">, terceiro colocado na \u00faltima S\u00e9rie A2. Isso porque o Vit\u00f3ria, vice-campe\u00e3o, j\u00e1 havia informado \u00e0 FPF, na ter\u00e7a-feira, que tamb\u00e9m n\u00e3o re\u00fane condi\u00e7\u00f5es de disputar a competi\u00e7\u00e3o.<\/span><\/p>\n<p data-track-category=\"Link no Texto\" data-track-links=\"\"><strong>A estreia do Flamengo no Pernambucano ser\u00e1 no pr\u00f3ximo dia 14, contra o N\u00e1utico, nos Aflitos, pela primeira rodada.\u00a0<\/strong>O restante da tabela, com a inclus\u00e3o do time de Arcoverde, sofrer\u00e1 pequenos ajustes.<\/p>\n<div id=\"chunk-8abo8\">\n<div class=\"mc-column content-text active-extra-styles \" data-block-type=\"unstyled\" data-block-weight=\"44\" data-block-id=\"10\">\n<p class=\" content-text__container \" data-track-category=\"Link no Texto\" data-track-links=\"\">Mais cedo, tamb\u00e9m ao\u00a0<a class=\"\" href=\"https:\/\/ge.globo.com\/\">ge<\/a>, Evandro Carvalho havia confirmado que, justamente por temer n\u00e3o participar do Pernambucano,\u00a0<strong>o presidente do Salgueiro, Jos\u00e9 Guilherme, protocolou uma carta de desist\u00eancia \u201cde gaveta\u201d no dia 14 de dezembro, um dia antes da data limite para a decis\u00e3o<\/strong>.<\/p>\n<\/div>\n<\/div>\n<div id=\"chunk-fjjfs\">\n<div class=\"mc-column content-text active-extra-styles \" data-block-type=\"unstyled\" data-block-weight=\"69\" data-block-id=\"11\">\n<p class=\" content-text__container \" data-track-category=\"Link no Texto\" data-track-links=\"\">A manobra foi para evitar uma multa de R$ 300 mil e o rebaixamento do clube direto para a S\u00e9rie A3, o que ocorreria caso a decis\u00e3o de n\u00e3o disputar o Estadual fosse tomada ap\u00f3s o dia 15 de dezembro. Nesse caso, de acordo com o regulamento da competi\u00e7\u00e3o, tamb\u00e9m n\u00e3o seria mais poss\u00edvel incluir uma nova equipe, com o Carcar\u00e1 sendo derrotado, em todas as partidas, por W.O.<\/p>\n<\/div>\n<\/div>\n<\/div>\n<\/div>\n","protected":false},"excerpt":{"rendered":"<p>Agora \u00e9 oficial. Em contato com o\u00a0ge,\u00a0o presidente da Federa\u00e7\u00e3o Pernambucana de Futebol, Evandro Carvalho, confirmou que o Salgueiro desistiu de disputar o Campeonato Pernambucano deste ano, por falta de recursos financeiros. Ao mesmo tempo,\u00a0o dirigente tamb\u00e9m confirmou que o substituto ser\u00e1 o Flamengo de Arcoverde, terceiro colocado na \u00faltima S\u00e9rie A2. Isso porque o Vit\u00f3ria, vice-campe\u00e3o, j\u00e1 havia informado \u00e0 FPF, na ter\u00e7a-feira, que tamb\u00e9m n\u00e3o re\u00fane condi\u00e7\u00f5es de disputar a competi\u00e7\u00e3o. A estreia do Flamengo no Pernambucano ser\u00e1 no pr\u00f3ximo dia 14, contra o N\u00e1utico, nos Aflitos, pela primeira rodada.\u00a0O restante da tabela, com a inclus\u00e3o do time [&hellip;]<\/p>\n","protected":false},"author":2,"featured_media":15411,"comment_status":"open","ping_status":"open","sticky":false,"template":"","format":"standard","meta":{"_jetpack_newsletter_access":"","_jetpack_dont_email_post_to_subs":false,"_jetpack_newsletter_tier_id":0,"_jetpack_memberships_contains_paywalled_content":false,"_jetpack_feature_clip_id":0,"_jetpack_memberships_contains_paid_content":false,"footnotes":"","jetpack_publicize_message":"","jetpack_publicize_feature_enabled":true,"jetpack_social_post_already_shared":true,"jetpack_social_options":{"image_generator_settings":{"template":"highway","default_image_id":0,"font":"","enabled":false},"version":2},"jetpack_post_was_ever_published":false},"categories":[1],"tags":[],"class_list":["post-15410","post","type-post","status-publish","format-standard","has-post-thumbnail","hentry","category-uncategorized"],"aioseo_notices":[],"aioseo_head":"\n\t\t<!-- All in One SEO 4.9.10 - aioseo.com -->\n\t<meta name=\"description\" content=\"Agora \u00e9 oficial. Em contato com o ge, o presidente da Federa\u00e7\u00e3o Pernambucana de Futebol, Evandro Carvalho, confirmou que o Salgueiro desistiu de disputar o Campeonato Pernambucano deste ano, por falta de recursos financeiros. Ao mesmo tempo, o dirigente tamb\u00e9m confirmou que o substituto ser\u00e1 o Flamengo de Arcoverde, terceiro colocado na \u00faltima S\u00e9rie A2. Isso porque o\" \/>\n\t<meta name=\"robots\" content=\"max-image-preview:large\" \/>\n\t<meta name=\"author\" content=\"serrafm87\"\/>\n\t<link rel=\"canonical\" href=\"https:\/\/serrafm879.com.br\/serrafm\/2024\/01\/fpf-confirma-salgueiro-fora-do-pernambucano-flamengo-de-arcoverde-herda-a-vaga\/\" \/>\n\t<meta name=\"generator\" content=\"All in One SEO (AIOSEO) 4.9.10\" \/>\n\t\t<meta name=\"twitter:card\" content=\"summary_large_image\" \/>\n\t\t<meta name=\"twitter:title\" content=\"FPF confirma Salgueiro fora do Pernambucano; Flamengo de Arcoverde herda a vaga - Serra FM 87,9\" \/>\n\t\t<meta name=\"twitter:description\" content=\"Agora \u00e9 oficial. Em contato com o ge, o presidente da Federa\u00e7\u00e3o Pernambucana de Futebol, Evandro Carvalho, confirmou que o Salgueiro desistiu de disputar o Campeonato Pernambucano deste ano, por falta de recursos financeiros. Ao mesmo tempo, o dirigente tamb\u00e9m confirmou que o substituto ser\u00e1 o Flamengo de Arcoverde, terceiro colocado na \u00faltima S\u00e9rie A2. Isso porque o\" \/>\n\t\t<meta name=\"twitter:image\" content=\"https:\/\/serrafm879.com.br\/serrafm\/wp-content\/uploads\/2024\/01\/SALGUEIRO.jpg\" \/>\n\t\t<script type=\"application\/ld+json\" class=\"aioseo-schema\">\n\t\t\t{\"@context\":\"https:\\\/\\\/schema.org\",\"@graph\":[{\"@type\":\"BlogPosting\",\"@id\":\"https:\\\/\\\/serrafm879.com.br\\\/serrafm\\\/2024\\\/01\\\/fpf-confirma-salgueiro-fora-do-pernambucano-flamengo-de-arcoverde-herda-a-vaga\\\/#blogposting\",\"name\":\"FPF confirma Salgueiro fora do Pernambucano; Flamengo de Arcoverde herda a vaga - Serra FM 87,9\",\"headline\":\"FPF confirma Salgueiro fora do Pernambucano; Flamengo de Arcoverde herda a vaga\",\"author\":{\"@id\":\"https:\\\/\\\/serrafm879.com.br\\\/serrafm\\\/author\\\/serrafm87\\\/#author\"},\"publisher\":{\"@id\":\"https:\\\/\\\/serrafm879.com.br\\\/serrafm\\\/#organization\"},\"image\":{\"@type\":\"ImageObject\",\"url\":\"https:\\\/\\\/serrafm879.com.br\\\/serrafm\\\/wp-content\\\/uploads\\\/2024\\\/01\\\/SALGUEIRO.jpg\",\"width\":1024,\"height\":768},\"datePublished\":\"2024-01-04T11:59:35-03:00\",\"dateModified\":\"2024-01-04T11:59:35-03:00\",\"inLanguage\":\"pt-BR\",\"mainEntityOfPage\":{\"@id\":\"https:\\\/\\\/serrafm879.com.br\\\/serrafm\\\/2024\\\/01\\\/fpf-confirma-salgueiro-fora-do-pernambucano-flamengo-de-arcoverde-herda-a-vaga\\\/#webpage\"},\"isPartOf\":{\"@id\":\"https:\\\/\\\/serrafm879.com.br\\\/serrafm\\\/2024\\\/01\\\/fpf-confirma-salgueiro-fora-do-pernambucano-flamengo-de-arcoverde-herda-a-vaga\\\/#webpage\"},\"articleSection\":\"Uncategorized\"},{\"@type\":\"BreadcrumbList\",\"@id\":\"https:\\\/\\\/serrafm879.com.br\\\/serrafm\\\/2024\\\/01\\\/fpf-confirma-salgueiro-fora-do-pernambucano-flamengo-de-arcoverde-herda-a-vaga\\\/#breadcrumblist\",\"itemListElement\":[{\"@type\":\"ListItem\",\"@id\":\"https:\\\/\\\/serrafm879.com.br\\\/serrafm#listItem\",\"position\":1,\"name\":\"Home\",\"item\":\"https:\\\/\\\/serrafm879.com.br\\\/serrafm\",\"nextItem\":{\"@type\":\"ListItem\",\"@id\":\"https:\\\/\\\/serrafm879.com.br\\\/serrafm\\\/categoria\\\/uncategorized\\\/#listItem\",\"name\":\"Uncategorized\"}},{\"@type\":\"ListItem\",\"@id\":\"https:\\\/\\\/serrafm879.com.br\\\/serrafm\\\/categoria\\\/uncategorized\\\/#listItem\",\"position\":2,\"name\":\"Uncategorized\",\"item\":\"https:\\\/\\\/serrafm879.com.br\\\/serrafm\\\/categoria\\\/uncategorized\\\/\",\"nextItem\":{\"@type\":\"ListItem\",\"@id\":\"https:\\\/\\\/serrafm879.com.br\\\/serrafm\\\/2024\\\/01\\\/fpf-confirma-salgueiro-fora-do-pernambucano-flamengo-de-arcoverde-herda-a-vaga\\\/#listItem\",\"name\":\"FPF confirma Salgueiro fora do Pernambucano; Flamengo de Arcoverde herda a vaga\"},\"previousItem\":{\"@type\":\"ListItem\",\"@id\":\"https:\\\/\\\/serrafm879.com.br\\\/serrafm#listItem\",\"name\":\"Home\"}},{\"@type\":\"ListItem\",\"@id\":\"https:\\\/\\\/serrafm879.com.br\\\/serrafm\\\/2024\\\/01\\\/fpf-confirma-salgueiro-fora-do-pernambucano-flamengo-de-arcoverde-herda-a-vaga\\\/#listItem\",\"position\":3,\"name\":\"FPF confirma Salgueiro fora do Pernambucano; Flamengo de Arcoverde herda a vaga\",\"previousItem\":{\"@type\":\"ListItem\",\"@id\":\"https:\\\/\\\/serrafm879.com.br\\\/serrafm\\\/categoria\\\/uncategorized\\\/#listItem\",\"name\":\"Uncategorized\"}}]},{\"@type\":\"Organization\",\"@id\":\"https:\\\/\\\/serrafm879.com.br\\\/serrafm\\\/#organization\",\"name\":\"Serra FM 87,9\",\"description\":\"O seu novo amor!\",\"url\":\"https:\\\/\\\/serrafm879.com.br\\\/serrafm\\\/\"},{\"@type\":\"Person\",\"@id\":\"https:\\\/\\\/serrafm879.com.br\\\/serrafm\\\/author\\\/serrafm87\\\/#author\",\"url\":\"https:\\\/\\\/serrafm879.com.br\\\/serrafm\\\/author\\\/serrafm87\\\/\",\"name\":\"serrafm87\",\"image\":{\"@type\":\"ImageObject\",\"@id\":\"https:\\\/\\\/serrafm879.com.br\\\/serrafm\\\/2024\\\/01\\\/fpf-confirma-salgueiro-fora-do-pernambucano-flamengo-de-arcoverde-herda-a-vaga\\\/#authorImage\",\"url\":\"https:\\\/\\\/secure.gravatar.com\\\/avatar\\\/a743233f1112d34f48bb3dc9559b76eb930bab8b27175856cba6362608736235?s=96&d=mm&r=g\",\"width\":96,\"height\":96,\"caption\":\"serrafm87\"}},{\"@type\":\"WebPage\",\"@id\":\"https:\\\/\\\/serrafm879.com.br\\\/serrafm\\\/2024\\\/01\\\/fpf-confirma-salgueiro-fora-do-pernambucano-flamengo-de-arcoverde-herda-a-vaga\\\/#webpage\",\"url\":\"https:\\\/\\\/serrafm879.com.br\\\/serrafm\\\/2024\\\/01\\\/fpf-confirma-salgueiro-fora-do-pernambucano-flamengo-de-arcoverde-herda-a-vaga\\\/\",\"name\":\"FPF confirma Salgueiro fora do Pernambucano; Flamengo de Arcoverde herda a vaga - Serra FM 87,9\",\"description\":\"Agora \\u00e9 oficial. Em contato com o ge, o presidente da Federa\\u00e7\\u00e3o Pernambucana de Futebol, Evandro Carvalho, confirmou que o Salgueiro desistiu de disputar o Campeonato Pernambucano deste ano, por falta de recursos financeiros. Ao mesmo tempo, o dirigente tamb\\u00e9m confirmou que o substituto ser\\u00e1 o Flamengo de Arcoverde, terceiro colocado na \\u00faltima S\\u00e9rie A2. Isso porque o\",\"inLanguage\":\"pt-BR\",\"isPartOf\":{\"@id\":\"https:\\\/\\\/serrafm879.com.br\\\/serrafm\\\/#website\"},\"breadcrumb\":{\"@id\":\"https:\\\/\\\/serrafm879.com.br\\\/serrafm\\\/2024\\\/01\\\/fpf-confirma-salgueiro-fora-do-pernambucano-flamengo-de-arcoverde-herda-a-vaga\\\/#breadcrumblist\"},\"author\":{\"@id\":\"https:\\\/\\\/serrafm879.com.br\\\/serrafm\\\/author\\\/serrafm87\\\/#author\"},\"creator\":{\"@id\":\"https:\\\/\\\/serrafm879.com.br\\\/serrafm\\\/author\\\/serrafm87\\\/#author\"},\"image\":{\"@type\":\"ImageObject\",\"url\":\"https:\\\/\\\/serrafm879.com.br\\\/serrafm\\\/wp-content\\\/uploads\\\/2024\\\/01\\\/SALGUEIRO.jpg\",\"@id\":\"https:\\\/\\\/serrafm879.com.br\\\/serrafm\\\/2024\\\/01\\\/fpf-confirma-salgueiro-fora-do-pernambucano-flamengo-de-arcoverde-herda-a-vaga\\\/#mainImage\",\"width\":1024,\"height\":768},\"primaryImageOfPage\":{\"@id\":\"https:\\\/\\\/serrafm879.com.br\\\/serrafm\\\/2024\\\/01\\\/fpf-confirma-salgueiro-fora-do-pernambucano-flamengo-de-arcoverde-herda-a-vaga\\\/#mainImage\"},\"datePublished\":\"2024-01-04T11:59:35-03:00\",\"dateModified\":\"2024-01-04T11:59:35-03:00\"},{\"@type\":\"WebSite\",\"@id\":\"https:\\\/\\\/serrafm879.com.br\\\/serrafm\\\/#website\",\"url\":\"https:\\\/\\\/serrafm879.com.br\\\/serrafm\\\/\",\"name\":\"Serra FM 87,9\",\"description\":\"O seu novo amor!\",\"inLanguage\":\"pt-BR\",\"publisher\":{\"@id\":\"https:\\\/\\\/serrafm879.com.br\\\/serrafm\\\/#organization\"}}]}\n\t\t<\/script>\n\t\t<!-- All in One SEO -->\n\n","aioseo_head_json":{"title":"FPF confirma Salgueiro fora do Pernambucano; Flamengo de Arcoverde herda a vaga - Serra FM 87,9","description":"Agora \u00e9 oficial. Em contato com o ge, o presidente da Federa\u00e7\u00e3o Pernambucana de Futebol, Evandro Carvalho, confirmou que o Salgueiro desistiu de disputar o Campeonato Pernambucano deste ano, por falta de recursos financeiros. Ao mesmo tempo, o dirigente tamb\u00e9m confirmou que o substituto ser\u00e1 o Flamengo de Arcoverde, terceiro colocado na \u00faltima S\u00e9rie A2. Isso porque o","canonical_url":"https:\/\/serrafm879.com.br\/serrafm\/2024\/01\/fpf-confirma-salgueiro-fora-do-pernambucano-flamengo-de-arcoverde-herda-a-vaga\/","robots":"max-image-preview:large","keywords":"","webmasterTools":{"miscellaneous":""},"schema":{"@context":"https:\/\/schema.org","@graph":[{"@type":"BlogPosting","@id":"https:\/\/serrafm879.com.br\/serrafm\/2024\/01\/fpf-confirma-salgueiro-fora-do-pernambucano-flamengo-de-arcoverde-herda-a-vaga\/#blogposting","name":"FPF confirma Salgueiro fora do Pernambucano; Flamengo de Arcoverde herda a vaga - Serra FM 87,9","headline":"FPF confirma Salgueiro fora do Pernambucano; Flamengo de Arcoverde herda a vaga","author":{"@id":"https:\/\/serrafm879.com.br\/serrafm\/author\/serrafm87\/#author"},"publisher":{"@id":"https:\/\/serrafm879.com.br\/serrafm\/#organization"},"image":{"@type":"ImageObject","url":"https:\/\/serrafm879.com.br\/serrafm\/wp-content\/uploads\/2024\/01\/SALGUEIRO.jpg","width":1024,"height":768},"datePublished":"2024-01-04T11:59:35-03:00","dateModified":"2024-01-04T11:59:35-03:00","inLanguage":"pt-BR","mainEntityOfPage":{"@id":"https:\/\/serrafm879.com.br\/serrafm\/2024\/01\/fpf-confirma-salgueiro-fora-do-pernambucano-flamengo-de-arcoverde-herda-a-vaga\/#webpage"},"isPartOf":{"@id":"https:\/\/serrafm879.com.br\/serrafm\/2024\/01\/fpf-confirma-salgueiro-fora-do-pernambucano-flamengo-de-arcoverde-herda-a-vaga\/#webpage"},"articleSection":"Uncategorized"},{"@type":"BreadcrumbList","@id":"https:\/\/serrafm879.com.br\/serrafm\/2024\/01\/fpf-confirma-salgueiro-fora-do-pernambucano-flamengo-de-arcoverde-herda-a-vaga\/#breadcrumblist","itemListElement":[{"@type":"ListItem","@id":"https:\/\/serrafm879.com.br\/serrafm#listItem","position":1,"name":"Home","item":"https:\/\/serrafm879.com.br\/serrafm","nextItem":{"@type":"ListItem","@id":"https:\/\/serrafm879.com.br\/serrafm\/categoria\/uncategorized\/#listItem","name":"Uncategorized"}},{"@type":"ListItem","@id":"https:\/\/serrafm879.com.br\/serrafm\/categoria\/uncategorized\/#listItem","position":2,"name":"Uncategorized","item":"https:\/\/serrafm879.com.br\/serrafm\/categoria\/uncategorized\/","nextItem":{"@type":"ListItem","@id":"https:\/\/serrafm879.com.br\/serrafm\/2024\/01\/fpf-confirma-salgueiro-fora-do-pernambucano-flamengo-de-arcoverde-herda-a-vaga\/#listItem","name":"FPF confirma Salgueiro fora do Pernambucano; Flamengo de Arcoverde herda a vaga"},"previousItem":{"@type":"ListItem","@id":"https:\/\/serrafm879.com.br\/serrafm#listItem","name":"Home"}},{"@type":"ListItem","@id":"https:\/\/serrafm879.com.br\/serrafm\/2024\/01\/fpf-confirma-salgueiro-fora-do-pernambucano-flamengo-de-arcoverde-herda-a-vaga\/#listItem","position":3,"name":"FPF confirma Salgueiro fora do Pernambucano; Flamengo de Arcoverde herda a vaga","previousItem":{"@type":"ListItem","@id":"https:\/\/serrafm879.com.br\/serrafm\/categoria\/uncategorized\/#listItem","name":"Uncategorized"}}]},{"@type":"Organization","@id":"https:\/\/serrafm879.com.br\/serrafm\/#organization","name":"Serra FM 87,9","description":"O seu novo amor!","url":"https:\/\/serrafm879.com.br\/serrafm\/"},{"@type":"Person","@id":"https:\/\/serrafm879.com.br\/serrafm\/author\/serrafm87\/#author","url":"https:\/\/serrafm879.com.br\/serrafm\/author\/serrafm87\/","name":"serrafm87","image":{"@type":"ImageObject","@id":"https:\/\/serrafm879.com.br\/serrafm\/2024\/01\/fpf-confirma-salgueiro-fora-do-pernambucano-flamengo-de-arcoverde-herda-a-vaga\/#authorImage","url":"https:\/\/secure.gravatar.com\/avatar\/a743233f1112d34f48bb3dc9559b76eb930bab8b27175856cba6362608736235?s=96&d=mm&r=g","width":96,"height":96,"caption":"serrafm87"}},{"@type":"WebPage","@id":"https:\/\/serrafm879.com.br\/serrafm\/2024\/01\/fpf-confirma-salgueiro-fora-do-pernambucano-flamengo-de-arcoverde-herda-a-vaga\/#webpage","url":"https:\/\/serrafm879.com.br\/serrafm\/2024\/01\/fpf-confirma-salgueiro-fora-do-pernambucano-flamengo-de-arcoverde-herda-a-vaga\/","name":"FPF confirma Salgueiro fora do Pernambucano; Flamengo de Arcoverde herda a vaga - Serra FM 87,9","description":"Agora \u00e9 oficial. Em contato com o ge, o presidente da Federa\u00e7\u00e3o Pernambucana de Futebol, Evandro Carvalho, confirmou que o Salgueiro desistiu de disputar o Campeonato Pernambucano deste ano, por falta de recursos financeiros. Ao mesmo tempo, o dirigente tamb\u00e9m confirmou que o substituto ser\u00e1 o Flamengo de Arcoverde, terceiro colocado na \u00faltima S\u00e9rie A2. Isso porque o","inLanguage":"pt-BR","isPartOf":{"@id":"https:\/\/serrafm879.com.br\/serrafm\/#website"},"breadcrumb":{"@id":"https:\/\/serrafm879.com.br\/serrafm\/2024\/01\/fpf-confirma-salgueiro-fora-do-pernambucano-flamengo-de-arcoverde-herda-a-vaga\/#breadcrumblist"},"author":{"@id":"https:\/\/serrafm879.com.br\/serrafm\/author\/serrafm87\/#author"},"creator":{"@id":"https:\/\/serrafm879.com.br\/serrafm\/author\/serrafm87\/#author"},"image":{"@type":"ImageObject","url":"https:\/\/serrafm879.com.br\/serrafm\/wp-content\/uploads\/2024\/01\/SALGUEIRO.jpg","@id":"https:\/\/serrafm879.com.br\/serrafm\/2024\/01\/fpf-confirma-salgueiro-fora-do-pernambucano-flamengo-de-arcoverde-herda-a-vaga\/#mainImage","width":1024,"height":768},"primaryImageOfPage":{"@id":"https:\/\/serrafm879.com.br\/serrafm\/2024\/01\/fpf-confirma-salgueiro-fora-do-pernambucano-flamengo-de-arcoverde-herda-a-vaga\/#mainImage"},"datePublished":"2024-01-04T11:59:35-03:00","dateModified":"2024-01-04T11:59:35-03:00"},{"@type":"WebSite","@id":"https:\/\/serrafm879.com.br\/serrafm\/#website","url":"https:\/\/serrafm879.com.br\/serrafm\/","name":"Serra FM 87,9","description":"O seu novo amor!","inLanguage":"pt-BR","publisher":{"@id":"https:\/\/serrafm879.com.br\/serrafm\/#organization"}}]},"twitter:card":"summary_large_image","twitter:title":"FPF confirma Salgueiro fora do Pernambucano; Flamengo de Arcoverde herda a vaga - Serra FM 87,9","twitter:description":"Agora \u00e9 oficial. Em contato com o ge, o presidente da Federa\u00e7\u00e3o Pernambucana de Futebol, Evandro Carvalho, confirmou que o Salgueiro desistiu de disputar o Campeonato Pernambucano deste ano, por falta de recursos financeiros. Ao mesmo tempo, o dirigente tamb\u00e9m confirmou que o substituto ser\u00e1 o Flamengo de Arcoverde, terceiro colocado na \u00faltima S\u00e9rie A2. Isso porque o","twitter:image":"https:\/\/serrafm879.com.br\/serrafm\/wp-content\/uploads\/2024\/01\/SALGUEIRO.jpg"},"aioseo_meta_data":{"post_id":"15410","title":null,"description":null,"keywords":null,"keyphrases":null,"primary_term":null,"canonical_url":null,"og_title":null,"og_description":null,"og_object_type":"default","og_image_type":"default","og_image_custom_url":null,"og_image_custom_fields":null,"og_image_url":null,"og_image_width":null,"og_image_height":null,"og_video":null,"og_custom_url":null,"og_article_section":null,"og_article_tags":null,"twitter_use_og":false,"twitter_card":"default","twitter_image_type":"default","twitter_image_custom_url":null,"twitter_image_custom_fields":null,"twitter_image_url":null,"twitter_title":null,"twitter_description":null,"schema_type":"default","schema_type_options":null,"schema":{"blockGraphs":[],"customGraphs":[],"default":{"data":{"Article":[],"Course":[],"Dataset":[],"FAQPage":[],"Movie":[],"Person":[],"Product":[],"ProductReview":[],"Car":[],"Recipe":[],"Service":[],"SoftwareApplication":[],"WebPage":[]},"graphName":"","isEnabled":true},"graphs":[]},"pillar_content":false,"robots_default":true,"robots_noindex":false,"robots_noarchive":false,"robots_nosnippet":false,"robots_nofollow":false,"robots_noimageindex":false,"robots_noodp":false,"robots_notranslate":false,"robots_max_snippet":null,"robots_max_videopreview":null,"robots_max_imagepreview":"large","priority":null,"frequency":null,"local_seo":null,"limit_modified_date":false,"ai":null,"breadcrumb_settings":null,"seo_analyzer_scan_date":null,"created":"2026-07-21 09:33:13","updated":"2026-07-21 09:33:13"},"aioseo_breadcrumb":"<div class=\"aioseo-breadcrumbs\"><span class=\"aioseo-breadcrumb\">\n\t\t\t<a href=\"https:\/\/serrafm879.com.br\/serrafm\" title=\"Home\">Home<\/a>\n\t\t<\/span><span class=\"aioseo-breadcrumb-separator\">&raquo;<\/span><span class=\"aioseo-breadcrumb\">\n\t\t\t<a href=\"https:\/\/serrafm879.com.br\/serrafm\/categoria\/uncategorized\/\" title=\"Uncategorized\">Uncategorized<\/a>\n\t\t<\/span><span class=\"aioseo-breadcrumb-separator\">&raquo;<\/span><span class=\"aioseo-breadcrumb\">\n\t\t\tFPF confirma Salgueiro fora do Pernambucano; Flamengo de Arcoverde herda a vaga\n\t\t<\/span><\/div>","aioseo_breadcrumb_json":[{"label":"Home","link":"https:\/\/serrafm879.com.br\/serrafm"},{"label":"Uncategorized","link":"https:\/\/serrafm879.com.br\/serrafm\/categoria\/uncategorized\/"},{"label":"FPF confirma Salgueiro fora do Pernambucano; Flamengo de Arcoverde herda a vaga","link":"https:\/\/serrafm879.com.br\/serrafm\/2024\/01\/fpf-confirma-salgueiro-fora-do-pernambucano-flamengo-de-arcoverde-herda-a-vaga\/"}],"jetpack_publicize_connections":[],"jetpack_featured_media_url":"https:\/\/serrafm879.com.br\/serrafm\/wp-content\/uploads\/2024\/01\/SALGUEIRO.jpg","jetpack_shortlink":"https:\/\/wp.me\/p7HyXg-40y","jetpack_sharing_enabled":true,"_links":{"self":[{"href":"https:\/\/serrafm879.com.br\/serrafm\/wp-json\/wp\/v2\/posts\/15410","targetHints":{"allow":["GET"]}}],"collection":[{"href":"https:\/\/serrafm879.com.br\/serrafm\/wp-json\/wp\/v2\/posts"}],"about":[{"href":"https:\/\/serrafm879.com.br\/serrafm\/wp-json\/wp\/v2\/types\/post"}],"author":[{"embeddable":true,"href":"https:\/\/serrafm879.com.br\/serrafm\/wp-json\/wp\/v2\/users\/2"}],"replies":[{"embeddable":true,"href":"https:\/\/serrafm879.com.br\/serrafm\/wp-json\/wp\/v2\/comments?post=15410"}],"version-history":[{"count":1,"href":"https:\/\/serrafm879.com.br\/serrafm\/wp-json\/wp\/v2\/posts\/15410\/revisions"}],"predecessor-version":[{"id":15412,"href":"https:\/\/serrafm879.com.br\/serrafm\/wp-json\/wp\/v2\/posts\/15410\/revisions\/15412"}],"wp:featuredmedia":[{"embeddable":true,"href":"https:\/\/serrafm879.com.br\/serrafm\/wp-json\/wp\/v2\/media\/15411"}],"wp:attachment":[{"href":"https:\/\/serrafm879.com.br\/serrafm\/wp-json\/wp\/v2\/media?parent=15410"}],"wp:term":[{"taxonomy":"category","embeddable":true,"href":"https:\/\/serrafm879.com.br\/serrafm\/wp-json\/wp\/v2\/categories?post=15410"},{"taxonomy":"post_tag","embeddable":true,"href":"https:\/\/serrafm879.com.br\/serrafm\/wp-json\/wp\/v2\/tags?post=15410"}],"curies":[{"name":"wp","href":"https:\/\/api.w.org\/{rel}","templated":true}]}}