{"id":15425,"date":"2024-01-04T18:31:23","date_gmt":"2024-01-04T21:31:23","guid":{"rendered":"https:\/?p=15425"},"modified":"2024-01-04T18:31:23","modified_gmt":"2024-01-04T21:31:23","slug":"lula-volta-hoje-04-a-brasilia-com-foco-em-conciliar-conflitos-no-pt-e-planejar-8-de-janeiro","status":"publish","type":"post","link":"https:\/\/serrafm879.com.br\/serrafm\/2024\/01\/lula-volta-hoje-04-a-brasilia-com-foco-em-conciliar-conflitos-no-pt-e-planejar-8-de-janeiro\/","title":{"rendered":"Lula volta hoje (04) a Bras\u00edlia com foco em conciliar conflitos no PT e planejar 8 de janeiro"},"content":{"rendered":"<p>O presidente\u00a0<strong>Lula<\/strong>\u00a0(PT) volta a Bras\u00edlia nesta quinta-feira (04) com diversos pontos a serem acertados. Depois de um recesso na Restinga de Marambaia, no Rio de Janeiro, Luiz In\u00e1cio come\u00e7a sua agenda presidencial de 2024 ainda nesta semana com a resolu\u00e7\u00e3o de conflitos e tomada de decis\u00f5es.<\/p>\n<p>Lula volta para\u00a0<a href=\"https:\/\/jc.ne10.uol.com.br\/colunas\/cena-politica\/2023\/09\/15592585-tentativa-de-reconfiguracao-da-politica-de-pernambuco-a-partir-da-esplanada-dos-ministerios.html\" target=\"_blank\" rel=\"noopener noreferrer\">Esplanada dos Minist\u00e9rios<\/a>\u00a0ap\u00f3s seu recesso de virada de ano com o objetivo de reajustar e reavaliar quest\u00f5es criticadas pelos eleitores. Apesar de j\u00e1 ter metas para o longo prazo, como garantir mais viagens dentro do Brasil do que no exterior,<strong>\u00a0Lula<\/strong>\u00a0tem grandes desafios para o come\u00e7o de janeiro.<\/p>\n<p>Entre os inc\u00eandios que precisa apagar na volta das pequenas f\u00e9rias, Lula deve focar em apartar a briga p\u00fablica entre o ministro da Fazenda,\u00a0<a href=\"https:\/\/jc.ne10.uol.com.br\/colunas\/jamildo\/2023\/12\/15653219-lula-sanciona-mp-de-haddad-para-aumento-da-arrecadacao-em-2024.html\" target=\"_blank\" rel=\"noopener noreferrer\">Fernando Haddad<\/a>\u00a0(PT), e parte do PT, incluindo Gleisi Hoffmann.<\/p>\n<p>O conflito em que Haddad reclamou do posicionamento de parte do PT, que critica suas decis\u00f5es sobre a economia, mas celebra os avan\u00e7os econ\u00f4micos do pa\u00eds marcou a virada do ano no governo Lula, o que irritou o presidente. Apesar de relatar gostar de conflitos de posicionamento em sua gest\u00e3o, Luiz In\u00e1cio j\u00e1 afirmou se incomodar quando as farpas s\u00e3o p\u00fablicas.<\/p>\n<p class=\"texto\">Al\u00e9m dessa situa\u00e7\u00e3o, Lula ainda n\u00e3o apresentou aos seus aliados quem seria seu indicado para substituir\u00a0<a href=\"https:\/\/jc.ne10.uol.com.br\/colunas\/jamildo\/2023\/12\/15651126-flavio-dino-comemora-prisao-de-zinho-miliciano-mais-procurado-do-rio-de-janeiro.html\" target=\"_blank\" rel=\"noopener noreferrer\">Fl\u00e1vio Dino<\/a>\u00a0na Justi\u00e7a. Enquanto j\u00e1 relatou que o futuro ministro do\u00a0<strong>Supremo Tribunal Federal (STF<\/strong>) s\u00f3 ficar\u00e1 no cargo at\u00e9 8 de janeiro, o presidente ainda n\u00e3o bateu o martelo sobre quem ir\u00e1 assumir o posto vago.<\/p>\n<p class=\"texto\">A proximidade com o 8 de janeiro tamb\u00e9m deve ser destaque para a volta do presidente ao Planalto. Como Luiz In\u00e1cio escolheu desenvolver um evento para relembrar os atos antidemocr\u00e1ticos de 2023 e passar, falta menos de uma semana para que todos os pontos sobre a cerim\u00f4nia sejam apresentados.<\/p>\n<p class=\"texto\">O caso piora com o fato de que\u00a0<a href=\"https:\/\/jc.ne10.uol.com.br\/colunas\/jamildo\/2023\/12\/15652767-governadores-aliados-de-bolsonaro-evitam-evento-de-lula-sobre-1-ano-do-8-de-janeiro.html\" target=\"_blank\" rel=\"noopener noreferrer\">muitos governadores aliados ao ex-presidente Jair Bolsonaro (PL) planejam esvaziar o evento<\/a>, o que indicar\u00e1 mais um problema que Lula precisar\u00e1 resolver para garantir que sua iniciativa n\u00e3o seja um fracasso.<\/p>\n","protected":false},"excerpt":{"rendered":"<p>O presidente\u00a0Lula\u00a0(PT) volta a Bras\u00edlia nesta quinta-feira (04) com diversos pontos a serem acertados. Depois de um recesso na Restinga de Marambaia, no Rio de Janeiro, Luiz In\u00e1cio come\u00e7a sua agenda presidencial de 2024 ainda nesta semana com a resolu\u00e7\u00e3o de conflitos e tomada de decis\u00f5es. Lula volta para\u00a0Esplanada dos Minist\u00e9rios\u00a0ap\u00f3s seu recesso de virada de ano com o objetivo de reajustar e reavaliar quest\u00f5es criticadas pelos eleitores. Apesar de j\u00e1 ter metas para o longo prazo, como garantir mais viagens dentro do Brasil do que no exterior,\u00a0Lula\u00a0tem grandes desafios para o come\u00e7o de janeiro. Entre os inc\u00eandios que precisa [&hellip;]<\/p>\n","protected":false},"author":2,"featured_media":15426,"comment_status":"open","ping_status":"open","sticky":false,"template":"","format":"standard","meta":{"_jetpack_newsletter_access":"","_jetpack_dont_email_post_to_subs":false,"_jetpack_newsletter_tier_id":0,"_jetpack_memberships_contains_paywalled_content":false,"_jetpack_feature_clip_id":0,"_jetpack_memberships_contains_paid_content":false,"footnotes":"","jetpack_publicize_message":"","jetpack_publicize_feature_enabled":true,"jetpack_social_post_already_shared":true,"jetpack_social_options":{"image_generator_settings":{"template":"highway","default_image_id":0,"font":"","enabled":false},"version":2},"jetpack_post_was_ever_published":false},"categories":[144],"tags":[],"class_list":["post-15425","post","type-post","status-publish","format-standard","has-post-thumbnail","hentry","category-politica"],"aioseo_notices":[],"aioseo_head":"\n\t\t<!-- All in One SEO 4.9.10 - aioseo.com -->\n\t<meta name=\"description\" content=\"O presidente Lula (PT) volta a Bras\u00edlia nesta quinta-feira (04) com diversos pontos a serem acertados. Depois de um recesso na Restinga de Marambaia, no Rio de Janeiro, Luiz In\u00e1cio come\u00e7a sua agenda presidencial de 2024 ainda nesta semana com a resolu\u00e7\u00e3o de conflitos e tomada de decis\u00f5es. Lula volta para Esplanada dos Minist\u00e9rios ap\u00f3s seu recesso de virada\" \/>\n\t<meta name=\"robots\" content=\"max-image-preview:large\" \/>\n\t<meta name=\"author\" content=\"serrafm87\"\/>\n\t<link rel=\"canonical\" href=\"https:\/\/serrafm879.com.br\/serrafm\/2024\/01\/lula-volta-hoje-04-a-brasilia-com-foco-em-conciliar-conflitos-no-pt-e-planejar-8-de-janeiro\/\" \/>\n\t<meta name=\"generator\" content=\"All in One SEO (AIOSEO) 4.9.10\" \/>\n\t\t<meta name=\"twitter:card\" content=\"summary_large_image\" \/>\n\t\t<meta name=\"twitter:title\" content=\"Lula volta hoje (04) a Bras\u00edlia com foco em conciliar conflitos no PT e planejar 8 de janeiro - Serra FM 87,9\" \/>\n\t\t<meta name=\"twitter:description\" content=\"O presidente Lula (PT) volta a Bras\u00edlia nesta quinta-feira (04) com diversos pontos a serem acertados. Depois de um recesso na Restinga de Marambaia, no Rio de Janeiro, Luiz In\u00e1cio come\u00e7a sua agenda presidencial de 2024 ainda nesta semana com a resolu\u00e7\u00e3o de conflitos e tomada de decis\u00f5es. Lula volta para Esplanada dos Minist\u00e9rios ap\u00f3s seu recesso de virada\" \/>\n\t\t<meta name=\"twitter:image\" content=\"https:\/\/serrafm879.com.br\/serrafm\/wp-content\/uploads\/2024\/01\/1_lula-24599786.jpg\" \/>\n\t\t<script type=\"application\/ld+json\" class=\"aioseo-schema\">\n\t\t\t{\"@context\":\"https:\\\/\\\/schema.org\",\"@graph\":[{\"@type\":\"BlogPosting\",\"@id\":\"https:\\\/\\\/serrafm879.com.br\\\/serrafm\\\/2024\\\/01\\\/lula-volta-hoje-04-a-brasilia-com-foco-em-conciliar-conflitos-no-pt-e-planejar-8-de-janeiro\\\/#blogposting\",\"name\":\"Lula volta hoje (04) a Bras\\u00edlia com foco em conciliar conflitos no PT e planejar 8 de janeiro - Serra FM 87,9\",\"headline\":\"Lula volta hoje (04) a Bras\\u00edlia com foco em conciliar conflitos no PT e planejar 8 de janeiro\",\"author\":{\"@id\":\"https:\\\/\\\/serrafm879.com.br\\\/serrafm\\\/author\\\/serrafm87\\\/#author\"},\"publisher\":{\"@id\":\"https:\\\/\\\/serrafm879.com.br\\\/serrafm\\\/#organization\"},\"image\":{\"@type\":\"ImageObject\",\"url\":\"https:\\\/\\\/serrafm879.com.br\\\/serrafm\\\/wp-content\\\/uploads\\\/2024\\\/01\\\/1_lula-24599786.jpg\",\"width\":806,\"height\":443},\"datePublished\":\"2024-01-04T18:31:23-03:00\",\"dateModified\":\"2024-01-04T18:31:23-03:00\",\"inLanguage\":\"pt-BR\",\"mainEntityOfPage\":{\"@id\":\"https:\\\/\\\/serrafm879.com.br\\\/serrafm\\\/2024\\\/01\\\/lula-volta-hoje-04-a-brasilia-com-foco-em-conciliar-conflitos-no-pt-e-planejar-8-de-janeiro\\\/#webpage\"},\"isPartOf\":{\"@id\":\"https:\\\/\\\/serrafm879.com.br\\\/serrafm\\\/2024\\\/01\\\/lula-volta-hoje-04-a-brasilia-com-foco-em-conciliar-conflitos-no-pt-e-planejar-8-de-janeiro\\\/#webpage\"},\"articleSection\":\"Pol\\u00edtica\"},{\"@type\":\"BreadcrumbList\",\"@id\":\"https:\\\/\\\/serrafm879.com.br\\\/serrafm\\\/2024\\\/01\\\/lula-volta-hoje-04-a-brasilia-com-foco-em-conciliar-conflitos-no-pt-e-planejar-8-de-janeiro\\\/#breadcrumblist\",\"itemListElement\":[{\"@type\":\"ListItem\",\"@id\":\"https:\\\/\\\/serrafm879.com.br\\\/serrafm#listItem\",\"position\":1,\"name\":\"Home\",\"item\":\"https:\\\/\\\/serrafm879.com.br\\\/serrafm\",\"nextItem\":{\"@type\":\"ListItem\",\"@id\":\"https:\\\/\\\/serrafm879.com.br\\\/serrafm\\\/categoria\\\/politica\\\/#listItem\",\"name\":\"Pol\\u00edtica\"}},{\"@type\":\"ListItem\",\"@id\":\"https:\\\/\\\/serrafm879.com.br\\\/serrafm\\\/categoria\\\/politica\\\/#listItem\",\"position\":2,\"name\":\"Pol\\u00edtica\",\"item\":\"https:\\\/\\\/serrafm879.com.br\\\/serrafm\\\/categoria\\\/politica\\\/\",\"nextItem\":{\"@type\":\"ListItem\",\"@id\":\"https:\\\/\\\/serrafm879.com.br\\\/serrafm\\\/2024\\\/01\\\/lula-volta-hoje-04-a-brasilia-com-foco-em-conciliar-conflitos-no-pt-e-planejar-8-de-janeiro\\\/#listItem\",\"name\":\"Lula volta hoje (04) a Bras\\u00edlia com foco em conciliar conflitos no PT e planejar 8 de janeiro\"},\"previousItem\":{\"@type\":\"ListItem\",\"@id\":\"https:\\\/\\\/serrafm879.com.br\\\/serrafm#listItem\",\"name\":\"Home\"}},{\"@type\":\"ListItem\",\"@id\":\"https:\\\/\\\/serrafm879.com.br\\\/serrafm\\\/2024\\\/01\\\/lula-volta-hoje-04-a-brasilia-com-foco-em-conciliar-conflitos-no-pt-e-planejar-8-de-janeiro\\\/#listItem\",\"position\":3,\"name\":\"Lula volta hoje (04) a Bras\\u00edlia com foco em conciliar conflitos no PT e planejar 8 de janeiro\",\"previousItem\":{\"@type\":\"ListItem\",\"@id\":\"https:\\\/\\\/serrafm879.com.br\\\/serrafm\\\/categoria\\\/politica\\\/#listItem\",\"name\":\"Pol\\u00edtica\"}}]},{\"@type\":\"Organization\",\"@id\":\"https:\\\/\\\/serrafm879.com.br\\\/serrafm\\\/#organization\",\"name\":\"Serra FM 87,9\",\"description\":\"O seu novo amor!\",\"url\":\"https:\\\/\\\/serrafm879.com.br\\\/serrafm\\\/\"},{\"@type\":\"Person\",\"@id\":\"https:\\\/\\\/serrafm879.com.br\\\/serrafm\\\/author\\\/serrafm87\\\/#author\",\"url\":\"https:\\\/\\\/serrafm879.com.br\\\/serrafm\\\/author\\\/serrafm87\\\/\",\"name\":\"serrafm87\",\"image\":{\"@type\":\"ImageObject\",\"@id\":\"https:\\\/\\\/serrafm879.com.br\\\/serrafm\\\/2024\\\/01\\\/lula-volta-hoje-04-a-brasilia-com-foco-em-conciliar-conflitos-no-pt-e-planejar-8-de-janeiro\\\/#authorImage\",\"url\":\"https:\\\/\\\/secure.gravatar.com\\\/avatar\\\/a743233f1112d34f48bb3dc9559b76eb930bab8b27175856cba6362608736235?s=96&d=mm&r=g\",\"width\":96,\"height\":96,\"caption\":\"serrafm87\"}},{\"@type\":\"WebPage\",\"@id\":\"https:\\\/\\\/serrafm879.com.br\\\/serrafm\\\/2024\\\/01\\\/lula-volta-hoje-04-a-brasilia-com-foco-em-conciliar-conflitos-no-pt-e-planejar-8-de-janeiro\\\/#webpage\",\"url\":\"https:\\\/\\\/serrafm879.com.br\\\/serrafm\\\/2024\\\/01\\\/lula-volta-hoje-04-a-brasilia-com-foco-em-conciliar-conflitos-no-pt-e-planejar-8-de-janeiro\\\/\",\"name\":\"Lula volta hoje (04) a Bras\\u00edlia com foco em conciliar conflitos no PT e planejar 8 de janeiro - Serra FM 87,9\",\"description\":\"O presidente Lula (PT) volta a Bras\\u00edlia nesta quinta-feira (04) com diversos pontos a serem acertados. Depois de um recesso na Restinga de Marambaia, no Rio de Janeiro, Luiz In\\u00e1cio come\\u00e7a sua agenda presidencial de 2024 ainda nesta semana com a resolu\\u00e7\\u00e3o de conflitos e tomada de decis\\u00f5es. Lula volta para Esplanada dos Minist\\u00e9rios ap\\u00f3s seu recesso de virada\",\"inLanguage\":\"pt-BR\",\"isPartOf\":{\"@id\":\"https:\\\/\\\/serrafm879.com.br\\\/serrafm\\\/#website\"},\"breadcrumb\":{\"@id\":\"https:\\\/\\\/serrafm879.com.br\\\/serrafm\\\/2024\\\/01\\\/lula-volta-hoje-04-a-brasilia-com-foco-em-conciliar-conflitos-no-pt-e-planejar-8-de-janeiro\\\/#breadcrumblist\"},\"author\":{\"@id\":\"https:\\\/\\\/serrafm879.com.br\\\/serrafm\\\/author\\\/serrafm87\\\/#author\"},\"creator\":{\"@id\":\"https:\\\/\\\/serrafm879.com.br\\\/serrafm\\\/author\\\/serrafm87\\\/#author\"},\"image\":{\"@type\":\"ImageObject\",\"url\":\"https:\\\/\\\/serrafm879.com.br\\\/serrafm\\\/wp-content\\\/uploads\\\/2024\\\/01\\\/1_lula-24599786.jpg\",\"@id\":\"https:\\\/\\\/serrafm879.com.br\\\/serrafm\\\/2024\\\/01\\\/lula-volta-hoje-04-a-brasilia-com-foco-em-conciliar-conflitos-no-pt-e-planejar-8-de-janeiro\\\/#mainImage\",\"width\":806,\"height\":443},\"primaryImageOfPage\":{\"@id\":\"https:\\\/\\\/serrafm879.com.br\\\/serrafm\\\/2024\\\/01\\\/lula-volta-hoje-04-a-brasilia-com-foco-em-conciliar-conflitos-no-pt-e-planejar-8-de-janeiro\\\/#mainImage\"},\"datePublished\":\"2024-01-04T18:31:23-03:00\",\"dateModified\":\"2024-01-04T18:31:23-03:00\"},{\"@type\":\"WebSite\",\"@id\":\"https:\\\/\\\/serrafm879.com.br\\\/serrafm\\\/#website\",\"url\":\"https:\\\/\\\/serrafm879.com.br\\\/serrafm\\\/\",\"name\":\"Serra FM 87,9\",\"description\":\"O seu novo amor!\",\"inLanguage\":\"pt-BR\",\"publisher\":{\"@id\":\"https:\\\/\\\/serrafm879.com.br\\\/serrafm\\\/#organization\"}}]}\n\t\t<\/script>\n\t\t<!-- All in One SEO -->\n\n","aioseo_head_json":{"title":"Lula volta hoje (04) a Bras\u00edlia com foco em conciliar conflitos no PT e planejar 8 de janeiro - Serra FM 87,9","description":"O presidente Lula (PT) volta a Bras\u00edlia nesta quinta-feira (04) com diversos pontos a serem acertados. Depois de um recesso na Restinga de Marambaia, no Rio de Janeiro, Luiz In\u00e1cio come\u00e7a sua agenda presidencial de 2024 ainda nesta semana com a resolu\u00e7\u00e3o de conflitos e tomada de decis\u00f5es. Lula volta para Esplanada dos Minist\u00e9rios ap\u00f3s seu recesso de virada","canonical_url":"https:\/\/serrafm879.com.br\/serrafm\/2024\/01\/lula-volta-hoje-04-a-brasilia-com-foco-em-conciliar-conflitos-no-pt-e-planejar-8-de-janeiro\/","robots":"max-image-preview:large","keywords":"","webmasterTools":{"miscellaneous":""},"schema":{"@context":"https:\/\/schema.org","@graph":[{"@type":"BlogPosting","@id":"https:\/\/serrafm879.com.br\/serrafm\/2024\/01\/lula-volta-hoje-04-a-brasilia-com-foco-em-conciliar-conflitos-no-pt-e-planejar-8-de-janeiro\/#blogposting","name":"Lula volta hoje (04) a Bras\u00edlia com foco em conciliar conflitos no PT e planejar 8 de janeiro - Serra FM 87,9","headline":"Lula volta hoje (04) a Bras\u00edlia com foco em conciliar conflitos no PT e planejar 8 de janeiro","author":{"@id":"https:\/\/serrafm879.com.br\/serrafm\/author\/serrafm87\/#author"},"publisher":{"@id":"https:\/\/serrafm879.com.br\/serrafm\/#organization"},"image":{"@type":"ImageObject","url":"https:\/\/serrafm879.com.br\/serrafm\/wp-content\/uploads\/2024\/01\/1_lula-24599786.jpg","width":806,"height":443},"datePublished":"2024-01-04T18:31:23-03:00","dateModified":"2024-01-04T18:31:23-03:00","inLanguage":"pt-BR","mainEntityOfPage":{"@id":"https:\/\/serrafm879.com.br\/serrafm\/2024\/01\/lula-volta-hoje-04-a-brasilia-com-foco-em-conciliar-conflitos-no-pt-e-planejar-8-de-janeiro\/#webpage"},"isPartOf":{"@id":"https:\/\/serrafm879.com.br\/serrafm\/2024\/01\/lula-volta-hoje-04-a-brasilia-com-foco-em-conciliar-conflitos-no-pt-e-planejar-8-de-janeiro\/#webpage"},"articleSection":"Pol\u00edtica"},{"@type":"BreadcrumbList","@id":"https:\/\/serrafm879.com.br\/serrafm\/2024\/01\/lula-volta-hoje-04-a-brasilia-com-foco-em-conciliar-conflitos-no-pt-e-planejar-8-de-janeiro\/#breadcrumblist","itemListElement":[{"@type":"ListItem","@id":"https:\/\/serrafm879.com.br\/serrafm#listItem","position":1,"name":"Home","item":"https:\/\/serrafm879.com.br\/serrafm","nextItem":{"@type":"ListItem","@id":"https:\/\/serrafm879.com.br\/serrafm\/categoria\/politica\/#listItem","name":"Pol\u00edtica"}},{"@type":"ListItem","@id":"https:\/\/serrafm879.com.br\/serrafm\/categoria\/politica\/#listItem","position":2,"name":"Pol\u00edtica","item":"https:\/\/serrafm879.com.br\/serrafm\/categoria\/politica\/","nextItem":{"@type":"ListItem","@id":"https:\/\/serrafm879.com.br\/serrafm\/2024\/01\/lula-volta-hoje-04-a-brasilia-com-foco-em-conciliar-conflitos-no-pt-e-planejar-8-de-janeiro\/#listItem","name":"Lula volta hoje (04) a Bras\u00edlia com foco em conciliar conflitos no PT e planejar 8 de janeiro"},"previousItem":{"@type":"ListItem","@id":"https:\/\/serrafm879.com.br\/serrafm#listItem","name":"Home"}},{"@type":"ListItem","@id":"https:\/\/serrafm879.com.br\/serrafm\/2024\/01\/lula-volta-hoje-04-a-brasilia-com-foco-em-conciliar-conflitos-no-pt-e-planejar-8-de-janeiro\/#listItem","position":3,"name":"Lula volta hoje (04) a Bras\u00edlia com foco em conciliar conflitos no PT e planejar 8 de janeiro","previousItem":{"@type":"ListItem","@id":"https:\/\/serrafm879.com.br\/serrafm\/categoria\/politica\/#listItem","name":"Pol\u00edtica"}}]},{"@type":"Organization","@id":"https:\/\/serrafm879.com.br\/serrafm\/#organization","name":"Serra FM 87,9","description":"O seu novo amor!","url":"https:\/\/serrafm879.com.br\/serrafm\/"},{"@type":"Person","@id":"https:\/\/serrafm879.com.br\/serrafm\/author\/serrafm87\/#author","url":"https:\/\/serrafm879.com.br\/serrafm\/author\/serrafm87\/","name":"serrafm87","image":{"@type":"ImageObject","@id":"https:\/\/serrafm879.com.br\/serrafm\/2024\/01\/lula-volta-hoje-04-a-brasilia-com-foco-em-conciliar-conflitos-no-pt-e-planejar-8-de-janeiro\/#authorImage","url":"https:\/\/secure.gravatar.com\/avatar\/a743233f1112d34f48bb3dc9559b76eb930bab8b27175856cba6362608736235?s=96&d=mm&r=g","width":96,"height":96,"caption":"serrafm87"}},{"@type":"WebPage","@id":"https:\/\/serrafm879.com.br\/serrafm\/2024\/01\/lula-volta-hoje-04-a-brasilia-com-foco-em-conciliar-conflitos-no-pt-e-planejar-8-de-janeiro\/#webpage","url":"https:\/\/serrafm879.com.br\/serrafm\/2024\/01\/lula-volta-hoje-04-a-brasilia-com-foco-em-conciliar-conflitos-no-pt-e-planejar-8-de-janeiro\/","name":"Lula volta hoje (04) a Bras\u00edlia com foco em conciliar conflitos no PT e planejar 8 de janeiro - Serra FM 87,9","description":"O presidente Lula (PT) volta a Bras\u00edlia nesta quinta-feira (04) com diversos pontos a serem acertados. Depois de um recesso na Restinga de Marambaia, no Rio de Janeiro, Luiz In\u00e1cio come\u00e7a sua agenda presidencial de 2024 ainda nesta semana com a resolu\u00e7\u00e3o de conflitos e tomada de decis\u00f5es. Lula volta para Esplanada dos Minist\u00e9rios ap\u00f3s seu recesso de virada","inLanguage":"pt-BR","isPartOf":{"@id":"https:\/\/serrafm879.com.br\/serrafm\/#website"},"breadcrumb":{"@id":"https:\/\/serrafm879.com.br\/serrafm\/2024\/01\/lula-volta-hoje-04-a-brasilia-com-foco-em-conciliar-conflitos-no-pt-e-planejar-8-de-janeiro\/#breadcrumblist"},"author":{"@id":"https:\/\/serrafm879.com.br\/serrafm\/author\/serrafm87\/#author"},"creator":{"@id":"https:\/\/serrafm879.com.br\/serrafm\/author\/serrafm87\/#author"},"image":{"@type":"ImageObject","url":"https:\/\/serrafm879.com.br\/serrafm\/wp-content\/uploads\/2024\/01\/1_lula-24599786.jpg","@id":"https:\/\/serrafm879.com.br\/serrafm\/2024\/01\/lula-volta-hoje-04-a-brasilia-com-foco-em-conciliar-conflitos-no-pt-e-planejar-8-de-janeiro\/#mainImage","width":806,"height":443},"primaryImageOfPage":{"@id":"https:\/\/serrafm879.com.br\/serrafm\/2024\/01\/lula-volta-hoje-04-a-brasilia-com-foco-em-conciliar-conflitos-no-pt-e-planejar-8-de-janeiro\/#mainImage"},"datePublished":"2024-01-04T18:31:23-03:00","dateModified":"2024-01-04T18:31:23-03:00"},{"@type":"WebSite","@id":"https:\/\/serrafm879.com.br\/serrafm\/#website","url":"https:\/\/serrafm879.com.br\/serrafm\/","name":"Serra FM 87,9","description":"O seu novo amor!","inLanguage":"pt-BR","publisher":{"@id":"https:\/\/serrafm879.com.br\/serrafm\/#organization"}}]},"twitter:card":"summary_large_image","twitter:title":"Lula volta hoje (04) a Bras\u00edlia com foco em conciliar conflitos no PT e planejar 8 de janeiro - Serra FM 87,9","twitter:description":"O presidente Lula (PT) volta a Bras\u00edlia nesta quinta-feira (04) com diversos pontos a serem acertados. Depois de um recesso na Restinga de Marambaia, no Rio de Janeiro, Luiz In\u00e1cio come\u00e7a sua agenda presidencial de 2024 ainda nesta semana com a resolu\u00e7\u00e3o de conflitos e tomada de decis\u00f5es. Lula volta para Esplanada dos Minist\u00e9rios ap\u00f3s seu recesso de virada","twitter:image":"https:\/\/serrafm879.com.br\/serrafm\/wp-content\/uploads\/2024\/01\/1_lula-24599786.jpg"},"aioseo_meta_data":{"post_id":"15425","title":null,"description":null,"keywords":null,"keyphrases":null,"primary_term":null,"canonical_url":null,"og_title":null,"og_description":null,"og_object_type":"default","og_image_type":"default","og_image_custom_url":null,"og_image_custom_fields":null,"og_image_url":null,"og_image_width":null,"og_image_height":null,"og_video":null,"og_custom_url":null,"og_article_section":null,"og_article_tags":null,"twitter_use_og":false,"twitter_card":"default","twitter_image_type":"default","twitter_image_custom_url":null,"twitter_image_custom_fields":null,"twitter_image_url":null,"twitter_title":null,"twitter_description":null,"schema_type":"default","schema_type_options":null,"schema":{"blockGraphs":[],"customGraphs":[],"default":{"data":{"Article":[],"Course":[],"Dataset":[],"FAQPage":[],"Movie":[],"Person":[],"Product":[],"ProductReview":[],"Car":[],"Recipe":[],"Service":[],"SoftwareApplication":[],"WebPage":[]},"graphName":"","isEnabled":true},"graphs":[]},"pillar_content":false,"robots_default":true,"robots_noindex":false,"robots_noarchive":false,"robots_nosnippet":false,"robots_nofollow":false,"robots_noimageindex":false,"robots_noodp":false,"robots_notranslate":false,"robots_max_snippet":null,"robots_max_videopreview":null,"robots_max_imagepreview":"large","priority":null,"frequency":null,"local_seo":null,"limit_modified_date":false,"ai":null,"breadcrumb_settings":null,"seo_analyzer_scan_date":null,"created":"2026-07-21 09:33:13","updated":"2026-07-21 09:33:13"},"aioseo_breadcrumb":"<div class=\"aioseo-breadcrumbs\"><span class=\"aioseo-breadcrumb\">\n\t\t\t<a href=\"https:\/\/serrafm879.com.br\/serrafm\" title=\"Home\">Home<\/a>\n\t\t<\/span><span class=\"aioseo-breadcrumb-separator\">&raquo;<\/span><span class=\"aioseo-breadcrumb\">\n\t\t\t<a href=\"https:\/\/serrafm879.com.br\/serrafm\/categoria\/politica\/\" title=\"Pol\u00edtica\">Pol\u00edtica<\/a>\n\t\t<\/span><span class=\"aioseo-breadcrumb-separator\">&raquo;<\/span><span class=\"aioseo-breadcrumb\">\n\t\t\tLula volta hoje (04) a Bras\u00edlia com foco em conciliar conflitos no PT e planejar 8 de janeiro\n\t\t<\/span><\/div>","aioseo_breadcrumb_json":[{"label":"Home","link":"https:\/\/serrafm879.com.br\/serrafm"},{"label":"Pol\u00edtica","link":"https:\/\/serrafm879.com.br\/serrafm\/categoria\/politica\/"},{"label":"Lula volta hoje (04) a Bras\u00edlia com foco em conciliar conflitos no PT e planejar 8 de janeiro","link":"https:\/\/serrafm879.com.br\/serrafm\/2024\/01\/lula-volta-hoje-04-a-brasilia-com-foco-em-conciliar-conflitos-no-pt-e-planejar-8-de-janeiro\/"}],"jetpack_publicize_connections":[],"jetpack_featured_media_url":"https:\/\/serrafm879.com.br\/serrafm\/wp-content\/uploads\/2024\/01\/1_lula-24599786.jpg","jetpack_shortlink":"https:\/\/wp.me\/p7HyXg-40N","jetpack_sharing_enabled":true,"_links":{"self":[{"href":"https:\/\/serrafm879.com.br\/serrafm\/wp-json\/wp\/v2\/posts\/15425","targetHints":{"allow":["GET"]}}],"collection":[{"href":"https:\/\/serrafm879.com.br\/serrafm\/wp-json\/wp\/v2\/posts"}],"about":[{"href":"https:\/\/serrafm879.com.br\/serrafm\/wp-json\/wp\/v2\/types\/post"}],"author":[{"embeddable":true,"href":"https:\/\/serrafm879.com.br\/serrafm\/wp-json\/wp\/v2\/users\/2"}],"replies":[{"embeddable":true,"href":"https:\/\/serrafm879.com.br\/serrafm\/wp-json\/wp\/v2\/comments?post=15425"}],"version-history":[{"count":1,"href":"https:\/\/serrafm879.com.br\/serrafm\/wp-json\/wp\/v2\/posts\/15425\/revisions"}],"predecessor-version":[{"id":15427,"href":"https:\/\/serrafm879.com.br\/serrafm\/wp-json\/wp\/v2\/posts\/15425\/revisions\/15427"}],"wp:featuredmedia":[{"embeddable":true,"href":"https:\/\/serrafm879.com.br\/serrafm\/wp-json\/wp\/v2\/media\/15426"}],"wp:attachment":[{"href":"https:\/\/serrafm879.com.br\/serrafm\/wp-json\/wp\/v2\/media?parent=15425"}],"wp:term":[{"taxonomy":"category","embeddable":true,"href":"https:\/\/serrafm879.com.br\/serrafm\/wp-json\/wp\/v2\/categories?post=15425"},{"taxonomy":"post_tag","embeddable":true,"href":"https:\/\/serrafm879.com.br\/serrafm\/wp-json\/wp\/v2\/tags?post=15425"}],"curies":[{"name":"wp","href":"https:\/\/api.w.org\/{rel}","templated":true}]}}