{"id":15428,"date":"2024-01-04T18:39:44","date_gmt":"2024-01-04T21:39:44","guid":{"rendered":"https:\/?p=15428"},"modified":"2024-01-04T18:39:44","modified_gmt":"2024-01-04T21:39:44","slug":"vereador-andre-maio-pp-rompe-com-base-do-governo-em-serra-talhada-e-declara-independencia-politica","status":"publish","type":"post","link":"https:\/\/serrafm879.com.br\/serrafm\/2024\/01\/vereador-andre-maio-pp-rompe-com-base-do-governo-em-serra-talhada-e-declara-independencia-politica\/","title":{"rendered":"Vereador Andr\u00e9 Maio (PP) rompe com base do governo em Serra Talhada e declara independ\u00eancia pol\u00edtica"},"content":{"rendered":"<p>Em uma declara\u00e7\u00e3o exclusiva ao blog, o vereador Andr\u00e9 Maio (PP) confirmou o rompimento com a base do governo em Serra Talhada. O parlamentar, conhecido por sua atua\u00e7\u00e3o firme e coerente, revelou que a decis\u00e3o foi tomada ap\u00f3s um longo per\u00edodo de distanciamento.<\/p>\n<p>\u201cProcede, sim. Falei pessoalmente, assim, por telefone para a dona Alice, a vereadora, a m\u00e3e da prefeita. Agradeci. Passei um \u00e1udio para a prefeita agradecendo e desejando sorte a ela. E vida segue. Desejo sorte a ela, ao governo. Possa acertar, e quem ganha \u00e9 Serra Talhada\u201d, afirmou o vereador.<\/p>\n<p>Andr\u00e9 Maio destacou que a decis\u00e3o de romper com a base do governo foi motivada pelo distanciamento progressivo que vinha ocorrendo nos \u00faltimos tempos. O vereador ressaltou sua coer\u00eancia nas decis\u00f5es e enfatizou que n\u00e3o poderia permanecer no governo e, posteriormente, se afastar da prefeita.<\/p>\n<p>\u201cToda a minha vida eu fui coerente nas minhas decis\u00f5es, n\u00e3o poderia ficar no governo e l\u00e1 na frente sair da prefeita, do governo, de forma alguma. Ent\u00e3o, preferi me desligar agora e sair como sempre, entrei em todos os lugares que eu cheguei. Deixar as portas abertas, n\u00e3o tenho nada, n\u00e3o tenho m\u00e1goa contra ningu\u00e9m, contra a prefeita, contra secret\u00e1rios, contra lideran\u00e7as, contra ningu\u00e9m da base\u201d, explicou Maio.<\/p>\n<p>O vereador reiterou seu compromisso com o desenvolvimento de Serra Talhada, afirmando que continuar\u00e1 atuando na C\u00e2mara de Vereadores de forma independente. Ele garantiu que votar\u00e1 a favor dos projetos que beneficiem a cidade e cobrar\u00e1 quando necess\u00e1rio, mesmo que isso v\u00e1 contra a sua antiga base pol\u00edtica.<\/p>\n<p>\u201cAo contr\u00e1rio, desejo sorte a ela, desejo que ela possa acertar naquilo que n\u00e3o vinha acertando, n\u00e9? E o que for bom para ser Serra Talhada, estarei l\u00e1 na C\u00e2mara de Vereadores. O que for bom para Serra Talhada, eu vou continuar com a minha postura, voto a favor dos projetos que sejam bons para a cidade e para o desenvolvimento da nossa terra. Aqueles projetos que a gente v\u00ea que n\u00e3o \u00e9 da nossa ideologia, a gente vai continuar votando contra e cobrando\u201d, assegurou o vereador.<\/p>\n<p>Andr\u00e9 Maio encerrou destacando sua independ\u00eancia pol\u00edtica e reafirmando sua disposi\u00e7\u00e3o para contribuir com o bem de Serra Talhada. \u201cQuando tiver que cobrar, como sempre fiz, mesmo sendo da base da prefeita, e para o bem de Serra Talhada, estaremos aqui sempre \u00e0 disposi\u00e7\u00e3o. Deus aben\u00e7oe a todos\u201d, concluiu o vereador.<\/p>\n<p>Fonte: Blog J\u00fanior Campos<\/p>\n","protected":false},"excerpt":{"rendered":"<p>Em uma declara\u00e7\u00e3o exclusiva ao blog, o vereador Andr\u00e9 Maio (PP) confirmou o rompimento com a base do governo em Serra Talhada. O parlamentar, conhecido por sua atua\u00e7\u00e3o firme e coerente, revelou que a decis\u00e3o foi tomada ap\u00f3s um longo per\u00edodo de distanciamento. \u201cProcede, sim. Falei pessoalmente, assim, por telefone para a dona Alice, a vereadora, a m\u00e3e da prefeita. Agradeci. Passei um \u00e1udio para a prefeita agradecendo e desejando sorte a ela. E vida segue. Desejo sorte a ela, ao governo. Possa acertar, e quem ganha \u00e9 Serra Talhada\u201d, afirmou o vereador. Andr\u00e9 Maio destacou que a decis\u00e3o de [&hellip;]<\/p>\n","protected":false},"author":2,"featured_media":15429,"comment_status":"open","ping_status":"open","sticky":false,"template":"","format":"standard","meta":{"_jetpack_newsletter_access":"","_jetpack_dont_email_post_to_subs":false,"_jetpack_newsletter_tier_id":0,"_jetpack_memberships_contains_paywalled_content":false,"_jetpack_feature_clip_id":0,"_jetpack_memberships_contains_paid_content":false,"footnotes":"","jetpack_publicize_message":"","jetpack_publicize_feature_enabled":true,"jetpack_social_post_already_shared":true,"jetpack_social_options":{"image_generator_settings":{"template":"highway","default_image_id":0,"font":"","enabled":false},"version":2},"jetpack_post_was_ever_published":false},"categories":[144],"tags":[],"class_list":["post-15428","post","type-post","status-publish","format-standard","has-post-thumbnail","hentry","category-politica"],"aioseo_notices":[],"aioseo_head":"\n\t\t<!-- All in One SEO 4.9.10 - aioseo.com -->\n\t<meta name=\"description\" content=\"Em uma declara\u00e7\u00e3o exclusiva ao blog, o vereador Andr\u00e9 Maio (PP) confirmou o rompimento com a base do governo em Serra Talhada. O parlamentar, conhecido por sua atua\u00e7\u00e3o firme e coerente, revelou que a decis\u00e3o foi tomada ap\u00f3s um longo per\u00edodo de distanciamento. \u201cProcede, sim. Falei pessoalmente, assim, por telefone para a dona Alice, a\" \/>\n\t<meta name=\"robots\" content=\"max-image-preview:large\" \/>\n\t<meta name=\"author\" content=\"serrafm87\"\/>\n\t<link rel=\"canonical\" href=\"https:\/\/serrafm879.com.br\/serrafm\/2024\/01\/vereador-andre-maio-pp-rompe-com-base-do-governo-em-serra-talhada-e-declara-independencia-politica\/\" \/>\n\t<meta name=\"generator\" content=\"All in One SEO (AIOSEO) 4.9.10\" \/>\n\t\t<meta name=\"twitter:card\" content=\"summary_large_image\" \/>\n\t\t<meta name=\"twitter:title\" content=\"Vereador Andr\u00e9 Maio (PP) rompe com base do governo em Serra Talhada e declara independ\u00eancia pol\u00edtica - Serra FM 87,9\" \/>\n\t\t<meta name=\"twitter:description\" content=\"Em uma declara\u00e7\u00e3o exclusiva ao blog, o vereador Andr\u00e9 Maio (PP) confirmou o rompimento com a base do governo em Serra Talhada. O parlamentar, conhecido por sua atua\u00e7\u00e3o firme e coerente, revelou que a decis\u00e3o foi tomada ap\u00f3s um longo per\u00edodo de distanciamento. \u201cProcede, sim. Falei pessoalmente, assim, por telefone para a dona Alice, a\" \/>\n\t\t<meta name=\"twitter:image\" content=\"https:\/\/serrafm879.com.br\/serrafm\/wp-content\/uploads\/2024\/01\/Andre-Maio.jpg\" \/>\n\t\t<script type=\"application\/ld+json\" class=\"aioseo-schema\">\n\t\t\t{\"@context\":\"https:\\\/\\\/schema.org\",\"@graph\":[{\"@type\":\"BlogPosting\",\"@id\":\"https:\\\/\\\/serrafm879.com.br\\\/serrafm\\\/2024\\\/01\\\/vereador-andre-maio-pp-rompe-com-base-do-governo-em-serra-talhada-e-declara-independencia-politica\\\/#blogposting\",\"name\":\"Vereador Andr\\u00e9 Maio (PP) rompe com base do governo em Serra Talhada e declara independ\\u00eancia pol\\u00edtica - Serra FM 87,9\",\"headline\":\"Vereador Andr\\u00e9 Maio (PP) rompe com base do governo em Serra Talhada e declara independ\\u00eancia pol\\u00edtica\",\"author\":{\"@id\":\"https:\\\/\\\/serrafm879.com.br\\\/serrafm\\\/author\\\/serrafm87\\\/#author\"},\"publisher\":{\"@id\":\"https:\\\/\\\/serrafm879.com.br\\\/serrafm\\\/#organization\"},\"image\":{\"@type\":\"ImageObject\",\"url\":\"https:\\\/\\\/serrafm879.com.br\\\/serrafm\\\/wp-content\\\/uploads\\\/2024\\\/01\\\/Andre-Maio.jpg\",\"width\":451,\"height\":254},\"datePublished\":\"2024-01-04T18:39:44-03:00\",\"dateModified\":\"2024-01-04T18:39:44-03:00\",\"inLanguage\":\"pt-BR\",\"mainEntityOfPage\":{\"@id\":\"https:\\\/\\\/serrafm879.com.br\\\/serrafm\\\/2024\\\/01\\\/vereador-andre-maio-pp-rompe-com-base-do-governo-em-serra-talhada-e-declara-independencia-politica\\\/#webpage\"},\"isPartOf\":{\"@id\":\"https:\\\/\\\/serrafm879.com.br\\\/serrafm\\\/2024\\\/01\\\/vereador-andre-maio-pp-rompe-com-base-do-governo-em-serra-talhada-e-declara-independencia-politica\\\/#webpage\"},\"articleSection\":\"Pol\\u00edtica\"},{\"@type\":\"BreadcrumbList\",\"@id\":\"https:\\\/\\\/serrafm879.com.br\\\/serrafm\\\/2024\\\/01\\\/vereador-andre-maio-pp-rompe-com-base-do-governo-em-serra-talhada-e-declara-independencia-politica\\\/#breadcrumblist\",\"itemListElement\":[{\"@type\":\"ListItem\",\"@id\":\"https:\\\/\\\/serrafm879.com.br\\\/serrafm#listItem\",\"position\":1,\"name\":\"Home\",\"item\":\"https:\\\/\\\/serrafm879.com.br\\\/serrafm\",\"nextItem\":{\"@type\":\"ListItem\",\"@id\":\"https:\\\/\\\/serrafm879.com.br\\\/serrafm\\\/categoria\\\/politica\\\/#listItem\",\"name\":\"Pol\\u00edtica\"}},{\"@type\":\"ListItem\",\"@id\":\"https:\\\/\\\/serrafm879.com.br\\\/serrafm\\\/categoria\\\/politica\\\/#listItem\",\"position\":2,\"name\":\"Pol\\u00edtica\",\"item\":\"https:\\\/\\\/serrafm879.com.br\\\/serrafm\\\/categoria\\\/politica\\\/\",\"nextItem\":{\"@type\":\"ListItem\",\"@id\":\"https:\\\/\\\/serrafm879.com.br\\\/serrafm\\\/2024\\\/01\\\/vereador-andre-maio-pp-rompe-com-base-do-governo-em-serra-talhada-e-declara-independencia-politica\\\/#listItem\",\"name\":\"Vereador Andr\\u00e9 Maio (PP) rompe com base do governo em Serra Talhada e declara independ\\u00eancia pol\\u00edtica\"},\"previousItem\":{\"@type\":\"ListItem\",\"@id\":\"https:\\\/\\\/serrafm879.com.br\\\/serrafm#listItem\",\"name\":\"Home\"}},{\"@type\":\"ListItem\",\"@id\":\"https:\\\/\\\/serrafm879.com.br\\\/serrafm\\\/2024\\\/01\\\/vereador-andre-maio-pp-rompe-com-base-do-governo-em-serra-talhada-e-declara-independencia-politica\\\/#listItem\",\"position\":3,\"name\":\"Vereador Andr\\u00e9 Maio (PP) rompe com base do governo em Serra Talhada e declara independ\\u00eancia pol\\u00edtica\",\"previousItem\":{\"@type\":\"ListItem\",\"@id\":\"https:\\\/\\\/serrafm879.com.br\\\/serrafm\\\/categoria\\\/politica\\\/#listItem\",\"name\":\"Pol\\u00edtica\"}}]},{\"@type\":\"Organization\",\"@id\":\"https:\\\/\\\/serrafm879.com.br\\\/serrafm\\\/#organization\",\"name\":\"Serra FM 87,9\",\"description\":\"O seu novo amor!\",\"url\":\"https:\\\/\\\/serrafm879.com.br\\\/serrafm\\\/\"},{\"@type\":\"Person\",\"@id\":\"https:\\\/\\\/serrafm879.com.br\\\/serrafm\\\/author\\\/serrafm87\\\/#author\",\"url\":\"https:\\\/\\\/serrafm879.com.br\\\/serrafm\\\/author\\\/serrafm87\\\/\",\"name\":\"serrafm87\",\"image\":{\"@type\":\"ImageObject\",\"@id\":\"https:\\\/\\\/serrafm879.com.br\\\/serrafm\\\/2024\\\/01\\\/vereador-andre-maio-pp-rompe-com-base-do-governo-em-serra-talhada-e-declara-independencia-politica\\\/#authorImage\",\"url\":\"https:\\\/\\\/secure.gravatar.com\\\/avatar\\\/a743233f1112d34f48bb3dc9559b76eb930bab8b27175856cba6362608736235?s=96&d=mm&r=g\",\"width\":96,\"height\":96,\"caption\":\"serrafm87\"}},{\"@type\":\"WebPage\",\"@id\":\"https:\\\/\\\/serrafm879.com.br\\\/serrafm\\\/2024\\\/01\\\/vereador-andre-maio-pp-rompe-com-base-do-governo-em-serra-talhada-e-declara-independencia-politica\\\/#webpage\",\"url\":\"https:\\\/\\\/serrafm879.com.br\\\/serrafm\\\/2024\\\/01\\\/vereador-andre-maio-pp-rompe-com-base-do-governo-em-serra-talhada-e-declara-independencia-politica\\\/\",\"name\":\"Vereador Andr\\u00e9 Maio (PP) rompe com base do governo em Serra Talhada e declara independ\\u00eancia pol\\u00edtica - Serra FM 87,9\",\"description\":\"Em uma declara\\u00e7\\u00e3o exclusiva ao blog, o vereador Andr\\u00e9 Maio (PP) confirmou o rompimento com a base do governo em Serra Talhada. O parlamentar, conhecido por sua atua\\u00e7\\u00e3o firme e coerente, revelou que a decis\\u00e3o foi tomada ap\\u00f3s um longo per\\u00edodo de distanciamento. \\u201cProcede, sim. Falei pessoalmente, assim, por telefone para a dona Alice, a\",\"inLanguage\":\"pt-BR\",\"isPartOf\":{\"@id\":\"https:\\\/\\\/serrafm879.com.br\\\/serrafm\\\/#website\"},\"breadcrumb\":{\"@id\":\"https:\\\/\\\/serrafm879.com.br\\\/serrafm\\\/2024\\\/01\\\/vereador-andre-maio-pp-rompe-com-base-do-governo-em-serra-talhada-e-declara-independencia-politica\\\/#breadcrumblist\"},\"author\":{\"@id\":\"https:\\\/\\\/serrafm879.com.br\\\/serrafm\\\/author\\\/serrafm87\\\/#author\"},\"creator\":{\"@id\":\"https:\\\/\\\/serrafm879.com.br\\\/serrafm\\\/author\\\/serrafm87\\\/#author\"},\"image\":{\"@type\":\"ImageObject\",\"url\":\"https:\\\/\\\/serrafm879.com.br\\\/serrafm\\\/wp-content\\\/uploads\\\/2024\\\/01\\\/Andre-Maio.jpg\",\"@id\":\"https:\\\/\\\/serrafm879.com.br\\\/serrafm\\\/2024\\\/01\\\/vereador-andre-maio-pp-rompe-com-base-do-governo-em-serra-talhada-e-declara-independencia-politica\\\/#mainImage\",\"width\":451,\"height\":254},\"primaryImageOfPage\":{\"@id\":\"https:\\\/\\\/serrafm879.com.br\\\/serrafm\\\/2024\\\/01\\\/vereador-andre-maio-pp-rompe-com-base-do-governo-em-serra-talhada-e-declara-independencia-politica\\\/#mainImage\"},\"datePublished\":\"2024-01-04T18:39:44-03:00\",\"dateModified\":\"2024-01-04T18:39:44-03:00\"},{\"@type\":\"WebSite\",\"@id\":\"https:\\\/\\\/serrafm879.com.br\\\/serrafm\\\/#website\",\"url\":\"https:\\\/\\\/serrafm879.com.br\\\/serrafm\\\/\",\"name\":\"Serra FM 87,9\",\"description\":\"O seu novo amor!\",\"inLanguage\":\"pt-BR\",\"publisher\":{\"@id\":\"https:\\\/\\\/serrafm879.com.br\\\/serrafm\\\/#organization\"}}]}\n\t\t<\/script>\n\t\t<!-- All in One SEO -->\n\n","aioseo_head_json":{"title":"Vereador Andr\u00e9 Maio (PP) rompe com base do governo em Serra Talhada e declara independ\u00eancia pol\u00edtica - Serra FM 87,9","description":"Em uma declara\u00e7\u00e3o exclusiva ao blog, o vereador Andr\u00e9 Maio (PP) confirmou o rompimento com a base do governo em Serra Talhada. O parlamentar, conhecido por sua atua\u00e7\u00e3o firme e coerente, revelou que a decis\u00e3o foi tomada ap\u00f3s um longo per\u00edodo de distanciamento. \u201cProcede, sim. Falei pessoalmente, assim, por telefone para a dona Alice, a","canonical_url":"https:\/\/serrafm879.com.br\/serrafm\/2024\/01\/vereador-andre-maio-pp-rompe-com-base-do-governo-em-serra-talhada-e-declara-independencia-politica\/","robots":"max-image-preview:large","keywords":"","webmasterTools":{"miscellaneous":""},"schema":{"@context":"https:\/\/schema.org","@graph":[{"@type":"BlogPosting","@id":"https:\/\/serrafm879.com.br\/serrafm\/2024\/01\/vereador-andre-maio-pp-rompe-com-base-do-governo-em-serra-talhada-e-declara-independencia-politica\/#blogposting","name":"Vereador Andr\u00e9 Maio (PP) rompe com base do governo em Serra Talhada e declara independ\u00eancia pol\u00edtica - Serra FM 87,9","headline":"Vereador Andr\u00e9 Maio (PP) rompe com base do governo em Serra Talhada e declara independ\u00eancia pol\u00edtica","author":{"@id":"https:\/\/serrafm879.com.br\/serrafm\/author\/serrafm87\/#author"},"publisher":{"@id":"https:\/\/serrafm879.com.br\/serrafm\/#organization"},"image":{"@type":"ImageObject","url":"https:\/\/serrafm879.com.br\/serrafm\/wp-content\/uploads\/2024\/01\/Andre-Maio.jpg","width":451,"height":254},"datePublished":"2024-01-04T18:39:44-03:00","dateModified":"2024-01-04T18:39:44-03:00","inLanguage":"pt-BR","mainEntityOfPage":{"@id":"https:\/\/serrafm879.com.br\/serrafm\/2024\/01\/vereador-andre-maio-pp-rompe-com-base-do-governo-em-serra-talhada-e-declara-independencia-politica\/#webpage"},"isPartOf":{"@id":"https:\/\/serrafm879.com.br\/serrafm\/2024\/01\/vereador-andre-maio-pp-rompe-com-base-do-governo-em-serra-talhada-e-declara-independencia-politica\/#webpage"},"articleSection":"Pol\u00edtica"},{"@type":"BreadcrumbList","@id":"https:\/\/serrafm879.com.br\/serrafm\/2024\/01\/vereador-andre-maio-pp-rompe-com-base-do-governo-em-serra-talhada-e-declara-independencia-politica\/#breadcrumblist","itemListElement":[{"@type":"ListItem","@id":"https:\/\/serrafm879.com.br\/serrafm#listItem","position":1,"name":"Home","item":"https:\/\/serrafm879.com.br\/serrafm","nextItem":{"@type":"ListItem","@id":"https:\/\/serrafm879.com.br\/serrafm\/categoria\/politica\/#listItem","name":"Pol\u00edtica"}},{"@type":"ListItem","@id":"https:\/\/serrafm879.com.br\/serrafm\/categoria\/politica\/#listItem","position":2,"name":"Pol\u00edtica","item":"https:\/\/serrafm879.com.br\/serrafm\/categoria\/politica\/","nextItem":{"@type":"ListItem","@id":"https:\/\/serrafm879.com.br\/serrafm\/2024\/01\/vereador-andre-maio-pp-rompe-com-base-do-governo-em-serra-talhada-e-declara-independencia-politica\/#listItem","name":"Vereador Andr\u00e9 Maio (PP) rompe com base do governo em Serra Talhada e declara independ\u00eancia pol\u00edtica"},"previousItem":{"@type":"ListItem","@id":"https:\/\/serrafm879.com.br\/serrafm#listItem","name":"Home"}},{"@type":"ListItem","@id":"https:\/\/serrafm879.com.br\/serrafm\/2024\/01\/vereador-andre-maio-pp-rompe-com-base-do-governo-em-serra-talhada-e-declara-independencia-politica\/#listItem","position":3,"name":"Vereador Andr\u00e9 Maio (PP) rompe com base do governo em Serra Talhada e declara independ\u00eancia pol\u00edtica","previousItem":{"@type":"ListItem","@id":"https:\/\/serrafm879.com.br\/serrafm\/categoria\/politica\/#listItem","name":"Pol\u00edtica"}}]},{"@type":"Organization","@id":"https:\/\/serrafm879.com.br\/serrafm\/#organization","name":"Serra FM 87,9","description":"O seu novo amor!","url":"https:\/\/serrafm879.com.br\/serrafm\/"},{"@type":"Person","@id":"https:\/\/serrafm879.com.br\/serrafm\/author\/serrafm87\/#author","url":"https:\/\/serrafm879.com.br\/serrafm\/author\/serrafm87\/","name":"serrafm87","image":{"@type":"ImageObject","@id":"https:\/\/serrafm879.com.br\/serrafm\/2024\/01\/vereador-andre-maio-pp-rompe-com-base-do-governo-em-serra-talhada-e-declara-independencia-politica\/#authorImage","url":"https:\/\/secure.gravatar.com\/avatar\/a743233f1112d34f48bb3dc9559b76eb930bab8b27175856cba6362608736235?s=96&d=mm&r=g","width":96,"height":96,"caption":"serrafm87"}},{"@type":"WebPage","@id":"https:\/\/serrafm879.com.br\/serrafm\/2024\/01\/vereador-andre-maio-pp-rompe-com-base-do-governo-em-serra-talhada-e-declara-independencia-politica\/#webpage","url":"https:\/\/serrafm879.com.br\/serrafm\/2024\/01\/vereador-andre-maio-pp-rompe-com-base-do-governo-em-serra-talhada-e-declara-independencia-politica\/","name":"Vereador Andr\u00e9 Maio (PP) rompe com base do governo em Serra Talhada e declara independ\u00eancia pol\u00edtica - Serra FM 87,9","description":"Em uma declara\u00e7\u00e3o exclusiva ao blog, o vereador Andr\u00e9 Maio (PP) confirmou o rompimento com a base do governo em Serra Talhada. O parlamentar, conhecido por sua atua\u00e7\u00e3o firme e coerente, revelou que a decis\u00e3o foi tomada ap\u00f3s um longo per\u00edodo de distanciamento. \u201cProcede, sim. Falei pessoalmente, assim, por telefone para a dona Alice, a","inLanguage":"pt-BR","isPartOf":{"@id":"https:\/\/serrafm879.com.br\/serrafm\/#website"},"breadcrumb":{"@id":"https:\/\/serrafm879.com.br\/serrafm\/2024\/01\/vereador-andre-maio-pp-rompe-com-base-do-governo-em-serra-talhada-e-declara-independencia-politica\/#breadcrumblist"},"author":{"@id":"https:\/\/serrafm879.com.br\/serrafm\/author\/serrafm87\/#author"},"creator":{"@id":"https:\/\/serrafm879.com.br\/serrafm\/author\/serrafm87\/#author"},"image":{"@type":"ImageObject","url":"https:\/\/serrafm879.com.br\/serrafm\/wp-content\/uploads\/2024\/01\/Andre-Maio.jpg","@id":"https:\/\/serrafm879.com.br\/serrafm\/2024\/01\/vereador-andre-maio-pp-rompe-com-base-do-governo-em-serra-talhada-e-declara-independencia-politica\/#mainImage","width":451,"height":254},"primaryImageOfPage":{"@id":"https:\/\/serrafm879.com.br\/serrafm\/2024\/01\/vereador-andre-maio-pp-rompe-com-base-do-governo-em-serra-talhada-e-declara-independencia-politica\/#mainImage"},"datePublished":"2024-01-04T18:39:44-03:00","dateModified":"2024-01-04T18:39:44-03:00"},{"@type":"WebSite","@id":"https:\/\/serrafm879.com.br\/serrafm\/#website","url":"https:\/\/serrafm879.com.br\/serrafm\/","name":"Serra FM 87,9","description":"O seu novo amor!","inLanguage":"pt-BR","publisher":{"@id":"https:\/\/serrafm879.com.br\/serrafm\/#organization"}}]},"twitter:card":"summary_large_image","twitter:title":"Vereador Andr\u00e9 Maio (PP) rompe com base do governo em Serra Talhada e declara independ\u00eancia pol\u00edtica - Serra FM 87,9","twitter:description":"Em uma declara\u00e7\u00e3o exclusiva ao blog, o vereador Andr\u00e9 Maio (PP) confirmou o rompimento com a base do governo em Serra Talhada. O parlamentar, conhecido por sua atua\u00e7\u00e3o firme e coerente, revelou que a decis\u00e3o foi tomada ap\u00f3s um longo per\u00edodo de distanciamento. \u201cProcede, sim. Falei pessoalmente, assim, por telefone para a dona Alice, a","twitter:image":"https:\/\/serrafm879.com.br\/serrafm\/wp-content\/uploads\/2024\/01\/Andre-Maio.jpg"},"aioseo_meta_data":{"post_id":"15428","title":null,"description":null,"keywords":null,"keyphrases":null,"primary_term":null,"canonical_url":null,"og_title":null,"og_description":null,"og_object_type":"default","og_image_type":"default","og_image_custom_url":null,"og_image_custom_fields":null,"og_image_url":null,"og_image_width":null,"og_image_height":null,"og_video":null,"og_custom_url":null,"og_article_section":null,"og_article_tags":null,"twitter_use_og":false,"twitter_card":"default","twitter_image_type":"default","twitter_image_custom_url":null,"twitter_image_custom_fields":null,"twitter_image_url":null,"twitter_title":null,"twitter_description":null,"schema_type":"default","schema_type_options":null,"schema":{"blockGraphs":[],"customGraphs":[],"default":{"data":{"Article":[],"Course":[],"Dataset":[],"FAQPage":[],"Movie":[],"Person":[],"Product":[],"ProductReview":[],"Car":[],"Recipe":[],"Service":[],"SoftwareApplication":[],"WebPage":[]},"graphName":"","isEnabled":true},"graphs":[]},"pillar_content":false,"robots_default":true,"robots_noindex":false,"robots_noarchive":false,"robots_nosnippet":false,"robots_nofollow":false,"robots_noimageindex":false,"robots_noodp":false,"robots_notranslate":false,"robots_max_snippet":null,"robots_max_videopreview":null,"robots_max_imagepreview":"large","priority":null,"frequency":null,"local_seo":null,"limit_modified_date":false,"ai":null,"breadcrumb_settings":null,"seo_analyzer_scan_date":null,"created":"2026-07-21 09:34:57","updated":"2026-07-21 09:34:57"},"aioseo_breadcrumb":"<div class=\"aioseo-breadcrumbs\"><span class=\"aioseo-breadcrumb\">\n\t\t\t<a href=\"https:\/\/serrafm879.com.br\/serrafm\" title=\"Home\">Home<\/a>\n\t\t<\/span><span class=\"aioseo-breadcrumb-separator\">&raquo;<\/span><span class=\"aioseo-breadcrumb\">\n\t\t\t<a href=\"https:\/\/serrafm879.com.br\/serrafm\/categoria\/politica\/\" title=\"Pol\u00edtica\">Pol\u00edtica<\/a>\n\t\t<\/span><span class=\"aioseo-breadcrumb-separator\">&raquo;<\/span><span class=\"aioseo-breadcrumb\">\n\t\t\tVereador Andr\u00e9 Maio (PP) rompe com base do governo em Serra Talhada e declara independ\u00eancia pol\u00edtica\n\t\t<\/span><\/div>","aioseo_breadcrumb_json":[{"label":"Home","link":"https:\/\/serrafm879.com.br\/serrafm"},{"label":"Pol\u00edtica","link":"https:\/\/serrafm879.com.br\/serrafm\/categoria\/politica\/"},{"label":"Vereador Andr\u00e9 Maio (PP) rompe com base do governo em Serra Talhada e declara independ\u00eancia pol\u00edtica","link":"https:\/\/serrafm879.com.br\/serrafm\/2024\/01\/vereador-andre-maio-pp-rompe-com-base-do-governo-em-serra-talhada-e-declara-independencia-politica\/"}],"jetpack_publicize_connections":[],"jetpack_featured_media_url":"https:\/\/serrafm879.com.br\/serrafm\/wp-content\/uploads\/2024\/01\/Andre-Maio.jpg","jetpack_shortlink":"https:\/\/wp.me\/p7HyXg-40Q","jetpack_sharing_enabled":true,"_links":{"self":[{"href":"https:\/\/serrafm879.com.br\/serrafm\/wp-json\/wp\/v2\/posts\/15428","targetHints":{"allow":["GET"]}}],"collection":[{"href":"https:\/\/serrafm879.com.br\/serrafm\/wp-json\/wp\/v2\/posts"}],"about":[{"href":"https:\/\/serrafm879.com.br\/serrafm\/wp-json\/wp\/v2\/types\/post"}],"author":[{"embeddable":true,"href":"https:\/\/serrafm879.com.br\/serrafm\/wp-json\/wp\/v2\/users\/2"}],"replies":[{"embeddable":true,"href":"https:\/\/serrafm879.com.br\/serrafm\/wp-json\/wp\/v2\/comments?post=15428"}],"version-history":[{"count":1,"href":"https:\/\/serrafm879.com.br\/serrafm\/wp-json\/wp\/v2\/posts\/15428\/revisions"}],"predecessor-version":[{"id":15430,"href":"https:\/\/serrafm879.com.br\/serrafm\/wp-json\/wp\/v2\/posts\/15428\/revisions\/15430"}],"wp:featuredmedia":[{"embeddable":true,"href":"https:\/\/serrafm879.com.br\/serrafm\/wp-json\/wp\/v2\/media\/15429"}],"wp:attachment":[{"href":"https:\/\/serrafm879.com.br\/serrafm\/wp-json\/wp\/v2\/media?parent=15428"}],"wp:term":[{"taxonomy":"category","embeddable":true,"href":"https:\/\/serrafm879.com.br\/serrafm\/wp-json\/wp\/v2\/categories?post=15428"},{"taxonomy":"post_tag","embeddable":true,"href":"https:\/\/serrafm879.com.br\/serrafm\/wp-json\/wp\/v2\/tags?post=15428"}],"curies":[{"name":"wp","href":"https:\/\/api.w.org\/{rel}","templated":true}]}}