{"id":15460,"date":"2024-01-05T18:35:28","date_gmt":"2024-01-05T21:35:28","guid":{"rendered":"https:\/?p=15460"},"modified":"2024-01-05T18:35:28","modified_gmt":"2024-01-05T21:35:28","slug":"escolas-da-rede-estadual-comecam-a-receber-kit-escolar-e-fardamento-para-o-ano-letivo-de-2024","status":"publish","type":"post","link":"https:\/\/serrafm879.com.br\/serrafm\/2024\/01\/escolas-da-rede-estadual-comecam-a-receber-kit-escolar-e-fardamento-para-o-ano-letivo-de-2024\/","title":{"rendered":"Escolas da rede estadual come\u00e7am a receber kit escolar e fardamento para o ano letivo de 2024"},"content":{"rendered":"<p>A partir do dia 4 de fevereiro, data que marca o in\u00edcio das aulas, os alunos da Rede Estadual de Ensino v\u00e3o receber o\u00a0kit escolar e fardamento de forma gratuita em suas respectivas escolas. A distribui\u00e7\u00e3o j\u00e1 foi iniciada pela Secretaria de Educa\u00e7\u00e3o. Pela primeira vez, ser\u00e3o disponibilizados kits escolares diferentes para cada etapa de ensino: educa\u00e7\u00e3o infantil, ensino fundamental e ensino m\u00e9dio, de acordo com suas rotinas e especificidades.<\/p>\n<p>\u201cOs nossos estudantes v\u00e3o come\u00e7ar come\u00e7ar 2024 com esses materiais, garantindo a promo\u00e7\u00e3o da igualdade de oportunidades entre todos os nossos alunos e alunas e um ambiente prop\u00edcio para a aprendizagem. \u00c9 assim que estamos mudando a Educa\u00e7\u00e3o em Pernambuco\u201d, destacou a governadora Raquel Lyra.<\/p>\n<p>O kit \u00e9 composto por caneta, l\u00e1pis, borracha, r\u00e9gua, giz de cera, pincel, cola, tesoura, caderno, al\u00e9m de itens in\u00e9ditos, como caixa de l\u00e1pis de cor com diversos tons de pele, que ir\u00e3o auxiliar os estudantes nas atividades di\u00e1rias. O total para distribui\u00e7\u00e3o em 2024 \u00e9 de 476.320 conjuntos; um investimento de R$ 43,8 milh\u00f5es.<\/p>\n<p>Cada estudante receber\u00e1 duas fardas novas ao longo do ano letivo. Ao todo, ser\u00e3o distribu\u00eddas, prioritariamente aos alunos novatos, 326.206 pe\u00e7as, or\u00e7adas em R$ 3,5 milh\u00f5es; os veteranos receber\u00e3o no decorrer do ano. \u201cEstamos trabalhando e pensando, desde o in\u00edcio de 2023, em cada detalhe dos kits e do fardamento. O nosso objetivo \u00e9 iniciar o ano letivo com todos os estudantes equipados para aprender e desenvolver suas compet\u00eancias nas nossas escolas\u201d, refor\u00e7ou a secret\u00e1ria de Gest\u00e3o da Rede, M\u00f4nica Andrade.<\/p>\n","protected":false},"excerpt":{"rendered":"<p>A partir do dia 4 de fevereiro, data que marca o in\u00edcio das aulas, os alunos da Rede Estadual de Ensino v\u00e3o receber o\u00a0kit escolar e fardamento de forma gratuita em suas respectivas escolas. A distribui\u00e7\u00e3o j\u00e1 foi iniciada pela Secretaria de Educa\u00e7\u00e3o. Pela primeira vez, ser\u00e3o disponibilizados kits escolares diferentes para cada etapa de ensino: educa\u00e7\u00e3o infantil, ensino fundamental e ensino m\u00e9dio, de acordo com suas rotinas e especificidades. \u201cOs nossos estudantes v\u00e3o come\u00e7ar come\u00e7ar 2024 com esses materiais, garantindo a promo\u00e7\u00e3o da igualdade de oportunidades entre todos os nossos alunos e alunas e um ambiente prop\u00edcio para a [&hellip;]<\/p>\n","protected":false},"author":2,"featured_media":15461,"comment_status":"open","ping_status":"open","sticky":false,"template":"","format":"standard","meta":{"_jetpack_newsletter_access":"","_jetpack_dont_email_post_to_subs":false,"_jetpack_newsletter_tier_id":0,"_jetpack_memberships_contains_paywalled_content":false,"_jetpack_feature_clip_id":0,"_jetpack_memberships_contains_paid_content":false,"footnotes":"","jetpack_publicize_message":"","jetpack_publicize_feature_enabled":true,"jetpack_social_post_already_shared":true,"jetpack_social_options":{"image_generator_settings":{"template":"highway","default_image_id":0,"font":"","enabled":false},"version":2},"jetpack_post_was_ever_published":false},"categories":[1],"tags":[],"class_list":["post-15460","post","type-post","status-publish","format-standard","has-post-thumbnail","hentry","category-uncategorized"],"aioseo_notices":[],"aioseo_head":"\n\t\t<!-- All in One SEO 4.9.10 - aioseo.com -->\n\t<meta name=\"description\" content=\"A partir do dia 4 de fevereiro, data que marca o in\u00edcio das aulas, os alunos da Rede Estadual de Ensino v\u00e3o receber o kit escolar e fardamento de forma gratuita em suas respectivas escolas. A distribui\u00e7\u00e3o j\u00e1 foi iniciada pela Secretaria de Educa\u00e7\u00e3o. Pela primeira vez, ser\u00e3o disponibilizados kits escolares diferentes para cada etapa de\" \/>\n\t<meta name=\"robots\" content=\"max-image-preview:large\" \/>\n\t<meta name=\"author\" content=\"serrafm87\"\/>\n\t<link rel=\"canonical\" href=\"https:\/\/serrafm879.com.br\/serrafm\/2024\/01\/escolas-da-rede-estadual-comecam-a-receber-kit-escolar-e-fardamento-para-o-ano-letivo-de-2024\/\" \/>\n\t<meta name=\"generator\" content=\"All in One SEO (AIOSEO) 4.9.10\" \/>\n\t\t<meta name=\"twitter:card\" content=\"summary_large_image\" \/>\n\t\t<meta name=\"twitter:title\" content=\"Escolas da rede estadual come\u00e7am a receber kit escolar e fardamento para o ano letivo de 2024 - Serra FM 87,9\" \/>\n\t\t<meta name=\"twitter:description\" content=\"A partir do dia 4 de fevereiro, data que marca o in\u00edcio das aulas, os alunos da Rede Estadual de Ensino v\u00e3o receber o kit escolar e fardamento de forma gratuita em suas respectivas escolas. A distribui\u00e7\u00e3o j\u00e1 foi iniciada pela Secretaria de Educa\u00e7\u00e3o. Pela primeira vez, ser\u00e3o disponibilizados kits escolares diferentes para cada etapa de\" \/>\n\t\t<meta name=\"twitter:image\" content=\"https:\/\/serrafm879.com.br\/serrafm\/wp-content\/uploads\/2024\/01\/kit.jpeg\" \/>\n\t\t<script type=\"application\/ld+json\" class=\"aioseo-schema\">\n\t\t\t{\"@context\":\"https:\\\/\\\/schema.org\",\"@graph\":[{\"@type\":\"BlogPosting\",\"@id\":\"https:\\\/\\\/serrafm879.com.br\\\/serrafm\\\/2024\\\/01\\\/escolas-da-rede-estadual-comecam-a-receber-kit-escolar-e-fardamento-para-o-ano-letivo-de-2024\\\/#blogposting\",\"name\":\"Escolas da rede estadual come\\u00e7am a receber kit escolar e fardamento para o ano letivo de 2024 - Serra FM 87,9\",\"headline\":\"Escolas da rede estadual come\\u00e7am a receber kit escolar e fardamento para o ano letivo de 2024\",\"author\":{\"@id\":\"https:\\\/\\\/serrafm879.com.br\\\/serrafm\\\/author\\\/serrafm87\\\/#author\"},\"publisher\":{\"@id\":\"https:\\\/\\\/serrafm879.com.br\\\/serrafm\\\/#organization\"},\"image\":{\"@type\":\"ImageObject\",\"url\":\"https:\\\/\\\/serrafm879.com.br\\\/serrafm\\\/wp-content\\\/uploads\\\/2024\\\/01\\\/kit.jpeg\",\"width\":960,\"height\":640},\"datePublished\":\"2024-01-05T18:35:28-03:00\",\"dateModified\":\"2024-01-05T18:35:28-03:00\",\"inLanguage\":\"pt-BR\",\"mainEntityOfPage\":{\"@id\":\"https:\\\/\\\/serrafm879.com.br\\\/serrafm\\\/2024\\\/01\\\/escolas-da-rede-estadual-comecam-a-receber-kit-escolar-e-fardamento-para-o-ano-letivo-de-2024\\\/#webpage\"},\"isPartOf\":{\"@id\":\"https:\\\/\\\/serrafm879.com.br\\\/serrafm\\\/2024\\\/01\\\/escolas-da-rede-estadual-comecam-a-receber-kit-escolar-e-fardamento-para-o-ano-letivo-de-2024\\\/#webpage\"},\"articleSection\":\"Uncategorized\"},{\"@type\":\"BreadcrumbList\",\"@id\":\"https:\\\/\\\/serrafm879.com.br\\\/serrafm\\\/2024\\\/01\\\/escolas-da-rede-estadual-comecam-a-receber-kit-escolar-e-fardamento-para-o-ano-letivo-de-2024\\\/#breadcrumblist\",\"itemListElement\":[{\"@type\":\"ListItem\",\"@id\":\"https:\\\/\\\/serrafm879.com.br\\\/serrafm#listItem\",\"position\":1,\"name\":\"Home\",\"item\":\"https:\\\/\\\/serrafm879.com.br\\\/serrafm\",\"nextItem\":{\"@type\":\"ListItem\",\"@id\":\"https:\\\/\\\/serrafm879.com.br\\\/serrafm\\\/categoria\\\/uncategorized\\\/#listItem\",\"name\":\"Uncategorized\"}},{\"@type\":\"ListItem\",\"@id\":\"https:\\\/\\\/serrafm879.com.br\\\/serrafm\\\/categoria\\\/uncategorized\\\/#listItem\",\"position\":2,\"name\":\"Uncategorized\",\"item\":\"https:\\\/\\\/serrafm879.com.br\\\/serrafm\\\/categoria\\\/uncategorized\\\/\",\"nextItem\":{\"@type\":\"ListItem\",\"@id\":\"https:\\\/\\\/serrafm879.com.br\\\/serrafm\\\/2024\\\/01\\\/escolas-da-rede-estadual-comecam-a-receber-kit-escolar-e-fardamento-para-o-ano-letivo-de-2024\\\/#listItem\",\"name\":\"Escolas da rede estadual come\\u00e7am a receber kit escolar e fardamento para o ano letivo de 2024\"},\"previousItem\":{\"@type\":\"ListItem\",\"@id\":\"https:\\\/\\\/serrafm879.com.br\\\/serrafm#listItem\",\"name\":\"Home\"}},{\"@type\":\"ListItem\",\"@id\":\"https:\\\/\\\/serrafm879.com.br\\\/serrafm\\\/2024\\\/01\\\/escolas-da-rede-estadual-comecam-a-receber-kit-escolar-e-fardamento-para-o-ano-letivo-de-2024\\\/#listItem\",\"position\":3,\"name\":\"Escolas da rede estadual come\\u00e7am a receber kit escolar e fardamento para o ano letivo de 2024\",\"previousItem\":{\"@type\":\"ListItem\",\"@id\":\"https:\\\/\\\/serrafm879.com.br\\\/serrafm\\\/categoria\\\/uncategorized\\\/#listItem\",\"name\":\"Uncategorized\"}}]},{\"@type\":\"Organization\",\"@id\":\"https:\\\/\\\/serrafm879.com.br\\\/serrafm\\\/#organization\",\"name\":\"Serra FM 87,9\",\"description\":\"O seu novo amor!\",\"url\":\"https:\\\/\\\/serrafm879.com.br\\\/serrafm\\\/\"},{\"@type\":\"Person\",\"@id\":\"https:\\\/\\\/serrafm879.com.br\\\/serrafm\\\/author\\\/serrafm87\\\/#author\",\"url\":\"https:\\\/\\\/serrafm879.com.br\\\/serrafm\\\/author\\\/serrafm87\\\/\",\"name\":\"serrafm87\",\"image\":{\"@type\":\"ImageObject\",\"@id\":\"https:\\\/\\\/serrafm879.com.br\\\/serrafm\\\/2024\\\/01\\\/escolas-da-rede-estadual-comecam-a-receber-kit-escolar-e-fardamento-para-o-ano-letivo-de-2024\\\/#authorImage\",\"url\":\"https:\\\/\\\/secure.gravatar.com\\\/avatar\\\/a743233f1112d34f48bb3dc9559b76eb930bab8b27175856cba6362608736235?s=96&d=mm&r=g\",\"width\":96,\"height\":96,\"caption\":\"serrafm87\"}},{\"@type\":\"WebPage\",\"@id\":\"https:\\\/\\\/serrafm879.com.br\\\/serrafm\\\/2024\\\/01\\\/escolas-da-rede-estadual-comecam-a-receber-kit-escolar-e-fardamento-para-o-ano-letivo-de-2024\\\/#webpage\",\"url\":\"https:\\\/\\\/serrafm879.com.br\\\/serrafm\\\/2024\\\/01\\\/escolas-da-rede-estadual-comecam-a-receber-kit-escolar-e-fardamento-para-o-ano-letivo-de-2024\\\/\",\"name\":\"Escolas da rede estadual come\\u00e7am a receber kit escolar e fardamento para o ano letivo de 2024 - Serra FM 87,9\",\"description\":\"A partir do dia 4 de fevereiro, data que marca o in\\u00edcio das aulas, os alunos da Rede Estadual de Ensino v\\u00e3o receber o kit escolar e fardamento de forma gratuita em suas respectivas escolas. A distribui\\u00e7\\u00e3o j\\u00e1 foi iniciada pela Secretaria de Educa\\u00e7\\u00e3o. Pela primeira vez, ser\\u00e3o disponibilizados kits escolares diferentes para cada etapa de\",\"inLanguage\":\"pt-BR\",\"isPartOf\":{\"@id\":\"https:\\\/\\\/serrafm879.com.br\\\/serrafm\\\/#website\"},\"breadcrumb\":{\"@id\":\"https:\\\/\\\/serrafm879.com.br\\\/serrafm\\\/2024\\\/01\\\/escolas-da-rede-estadual-comecam-a-receber-kit-escolar-e-fardamento-para-o-ano-letivo-de-2024\\\/#breadcrumblist\"},\"author\":{\"@id\":\"https:\\\/\\\/serrafm879.com.br\\\/serrafm\\\/author\\\/serrafm87\\\/#author\"},\"creator\":{\"@id\":\"https:\\\/\\\/serrafm879.com.br\\\/serrafm\\\/author\\\/serrafm87\\\/#author\"},\"image\":{\"@type\":\"ImageObject\",\"url\":\"https:\\\/\\\/serrafm879.com.br\\\/serrafm\\\/wp-content\\\/uploads\\\/2024\\\/01\\\/kit.jpeg\",\"@id\":\"https:\\\/\\\/serrafm879.com.br\\\/serrafm\\\/2024\\\/01\\\/escolas-da-rede-estadual-comecam-a-receber-kit-escolar-e-fardamento-para-o-ano-letivo-de-2024\\\/#mainImage\",\"width\":960,\"height\":640},\"primaryImageOfPage\":{\"@id\":\"https:\\\/\\\/serrafm879.com.br\\\/serrafm\\\/2024\\\/01\\\/escolas-da-rede-estadual-comecam-a-receber-kit-escolar-e-fardamento-para-o-ano-letivo-de-2024\\\/#mainImage\"},\"datePublished\":\"2024-01-05T18:35:28-03:00\",\"dateModified\":\"2024-01-05T18:35:28-03:00\"},{\"@type\":\"WebSite\",\"@id\":\"https:\\\/\\\/serrafm879.com.br\\\/serrafm\\\/#website\",\"url\":\"https:\\\/\\\/serrafm879.com.br\\\/serrafm\\\/\",\"name\":\"Serra FM 87,9\",\"description\":\"O seu novo amor!\",\"inLanguage\":\"pt-BR\",\"publisher\":{\"@id\":\"https:\\\/\\\/serrafm879.com.br\\\/serrafm\\\/#organization\"}}]}\n\t\t<\/script>\n\t\t<!-- All in One SEO -->\n\n","aioseo_head_json":{"title":"Escolas da rede estadual come\u00e7am a receber kit escolar e fardamento para o ano letivo de 2024 - Serra FM 87,9","description":"A partir do dia 4 de fevereiro, data que marca o in\u00edcio das aulas, os alunos da Rede Estadual de Ensino v\u00e3o receber o kit escolar e fardamento de forma gratuita em suas respectivas escolas. A distribui\u00e7\u00e3o j\u00e1 foi iniciada pela Secretaria de Educa\u00e7\u00e3o. Pela primeira vez, ser\u00e3o disponibilizados kits escolares diferentes para cada etapa de","canonical_url":"https:\/\/serrafm879.com.br\/serrafm\/2024\/01\/escolas-da-rede-estadual-comecam-a-receber-kit-escolar-e-fardamento-para-o-ano-letivo-de-2024\/","robots":"max-image-preview:large","keywords":"","webmasterTools":{"miscellaneous":""},"schema":{"@context":"https:\/\/schema.org","@graph":[{"@type":"BlogPosting","@id":"https:\/\/serrafm879.com.br\/serrafm\/2024\/01\/escolas-da-rede-estadual-comecam-a-receber-kit-escolar-e-fardamento-para-o-ano-letivo-de-2024\/#blogposting","name":"Escolas da rede estadual come\u00e7am a receber kit escolar e fardamento para o ano letivo de 2024 - Serra FM 87,9","headline":"Escolas da rede estadual come\u00e7am a receber kit escolar e fardamento para o ano letivo de 2024","author":{"@id":"https:\/\/serrafm879.com.br\/serrafm\/author\/serrafm87\/#author"},"publisher":{"@id":"https:\/\/serrafm879.com.br\/serrafm\/#organization"},"image":{"@type":"ImageObject","url":"https:\/\/serrafm879.com.br\/serrafm\/wp-content\/uploads\/2024\/01\/kit.jpeg","width":960,"height":640},"datePublished":"2024-01-05T18:35:28-03:00","dateModified":"2024-01-05T18:35:28-03:00","inLanguage":"pt-BR","mainEntityOfPage":{"@id":"https:\/\/serrafm879.com.br\/serrafm\/2024\/01\/escolas-da-rede-estadual-comecam-a-receber-kit-escolar-e-fardamento-para-o-ano-letivo-de-2024\/#webpage"},"isPartOf":{"@id":"https:\/\/serrafm879.com.br\/serrafm\/2024\/01\/escolas-da-rede-estadual-comecam-a-receber-kit-escolar-e-fardamento-para-o-ano-letivo-de-2024\/#webpage"},"articleSection":"Uncategorized"},{"@type":"BreadcrumbList","@id":"https:\/\/serrafm879.com.br\/serrafm\/2024\/01\/escolas-da-rede-estadual-comecam-a-receber-kit-escolar-e-fardamento-para-o-ano-letivo-de-2024\/#breadcrumblist","itemListElement":[{"@type":"ListItem","@id":"https:\/\/serrafm879.com.br\/serrafm#listItem","position":1,"name":"Home","item":"https:\/\/serrafm879.com.br\/serrafm","nextItem":{"@type":"ListItem","@id":"https:\/\/serrafm879.com.br\/serrafm\/categoria\/uncategorized\/#listItem","name":"Uncategorized"}},{"@type":"ListItem","@id":"https:\/\/serrafm879.com.br\/serrafm\/categoria\/uncategorized\/#listItem","position":2,"name":"Uncategorized","item":"https:\/\/serrafm879.com.br\/serrafm\/categoria\/uncategorized\/","nextItem":{"@type":"ListItem","@id":"https:\/\/serrafm879.com.br\/serrafm\/2024\/01\/escolas-da-rede-estadual-comecam-a-receber-kit-escolar-e-fardamento-para-o-ano-letivo-de-2024\/#listItem","name":"Escolas da rede estadual come\u00e7am a receber kit escolar e fardamento para o ano letivo de 2024"},"previousItem":{"@type":"ListItem","@id":"https:\/\/serrafm879.com.br\/serrafm#listItem","name":"Home"}},{"@type":"ListItem","@id":"https:\/\/serrafm879.com.br\/serrafm\/2024\/01\/escolas-da-rede-estadual-comecam-a-receber-kit-escolar-e-fardamento-para-o-ano-letivo-de-2024\/#listItem","position":3,"name":"Escolas da rede estadual come\u00e7am a receber kit escolar e fardamento para o ano letivo de 2024","previousItem":{"@type":"ListItem","@id":"https:\/\/serrafm879.com.br\/serrafm\/categoria\/uncategorized\/#listItem","name":"Uncategorized"}}]},{"@type":"Organization","@id":"https:\/\/serrafm879.com.br\/serrafm\/#organization","name":"Serra FM 87,9","description":"O seu novo amor!","url":"https:\/\/serrafm879.com.br\/serrafm\/"},{"@type":"Person","@id":"https:\/\/serrafm879.com.br\/serrafm\/author\/serrafm87\/#author","url":"https:\/\/serrafm879.com.br\/serrafm\/author\/serrafm87\/","name":"serrafm87","image":{"@type":"ImageObject","@id":"https:\/\/serrafm879.com.br\/serrafm\/2024\/01\/escolas-da-rede-estadual-comecam-a-receber-kit-escolar-e-fardamento-para-o-ano-letivo-de-2024\/#authorImage","url":"https:\/\/secure.gravatar.com\/avatar\/a743233f1112d34f48bb3dc9559b76eb930bab8b27175856cba6362608736235?s=96&d=mm&r=g","width":96,"height":96,"caption":"serrafm87"}},{"@type":"WebPage","@id":"https:\/\/serrafm879.com.br\/serrafm\/2024\/01\/escolas-da-rede-estadual-comecam-a-receber-kit-escolar-e-fardamento-para-o-ano-letivo-de-2024\/#webpage","url":"https:\/\/serrafm879.com.br\/serrafm\/2024\/01\/escolas-da-rede-estadual-comecam-a-receber-kit-escolar-e-fardamento-para-o-ano-letivo-de-2024\/","name":"Escolas da rede estadual come\u00e7am a receber kit escolar e fardamento para o ano letivo de 2024 - Serra FM 87,9","description":"A partir do dia 4 de fevereiro, data que marca o in\u00edcio das aulas, os alunos da Rede Estadual de Ensino v\u00e3o receber o kit escolar e fardamento de forma gratuita em suas respectivas escolas. A distribui\u00e7\u00e3o j\u00e1 foi iniciada pela Secretaria de Educa\u00e7\u00e3o. Pela primeira vez, ser\u00e3o disponibilizados kits escolares diferentes para cada etapa de","inLanguage":"pt-BR","isPartOf":{"@id":"https:\/\/serrafm879.com.br\/serrafm\/#website"},"breadcrumb":{"@id":"https:\/\/serrafm879.com.br\/serrafm\/2024\/01\/escolas-da-rede-estadual-comecam-a-receber-kit-escolar-e-fardamento-para-o-ano-letivo-de-2024\/#breadcrumblist"},"author":{"@id":"https:\/\/serrafm879.com.br\/serrafm\/author\/serrafm87\/#author"},"creator":{"@id":"https:\/\/serrafm879.com.br\/serrafm\/author\/serrafm87\/#author"},"image":{"@type":"ImageObject","url":"https:\/\/serrafm879.com.br\/serrafm\/wp-content\/uploads\/2024\/01\/kit.jpeg","@id":"https:\/\/serrafm879.com.br\/serrafm\/2024\/01\/escolas-da-rede-estadual-comecam-a-receber-kit-escolar-e-fardamento-para-o-ano-letivo-de-2024\/#mainImage","width":960,"height":640},"primaryImageOfPage":{"@id":"https:\/\/serrafm879.com.br\/serrafm\/2024\/01\/escolas-da-rede-estadual-comecam-a-receber-kit-escolar-e-fardamento-para-o-ano-letivo-de-2024\/#mainImage"},"datePublished":"2024-01-05T18:35:28-03:00","dateModified":"2024-01-05T18:35:28-03:00"},{"@type":"WebSite","@id":"https:\/\/serrafm879.com.br\/serrafm\/#website","url":"https:\/\/serrafm879.com.br\/serrafm\/","name":"Serra FM 87,9","description":"O seu novo amor!","inLanguage":"pt-BR","publisher":{"@id":"https:\/\/serrafm879.com.br\/serrafm\/#organization"}}]},"twitter:card":"summary_large_image","twitter:title":"Escolas da rede estadual come\u00e7am a receber kit escolar e fardamento para o ano letivo de 2024 - Serra FM 87,9","twitter:description":"A partir do dia 4 de fevereiro, data que marca o in\u00edcio das aulas, os alunos da Rede Estadual de Ensino v\u00e3o receber o kit escolar e fardamento de forma gratuita em suas respectivas escolas. A distribui\u00e7\u00e3o j\u00e1 foi iniciada pela Secretaria de Educa\u00e7\u00e3o. Pela primeira vez, ser\u00e3o disponibilizados kits escolares diferentes para cada etapa de","twitter:image":"https:\/\/serrafm879.com.br\/serrafm\/wp-content\/uploads\/2024\/01\/kit.jpeg"},"aioseo_meta_data":{"post_id":"15460","title":null,"description":null,"keywords":null,"keyphrases":null,"primary_term":null,"canonical_url":null,"og_title":null,"og_description":null,"og_object_type":"default","og_image_type":"default","og_image_custom_url":null,"og_image_custom_fields":null,"og_image_url":null,"og_image_width":null,"og_image_height":null,"og_video":null,"og_custom_url":null,"og_article_section":null,"og_article_tags":null,"twitter_use_og":false,"twitter_card":"default","twitter_image_type":"default","twitter_image_custom_url":null,"twitter_image_custom_fields":null,"twitter_image_url":null,"twitter_title":null,"twitter_description":null,"schema_type":"default","schema_type_options":null,"schema":{"blockGraphs":[],"customGraphs":[],"default":{"data":{"Article":[],"Course":[],"Dataset":[],"FAQPage":[],"Movie":[],"Person":[],"Product":[],"ProductReview":[],"Car":[],"Recipe":[],"Service":[],"SoftwareApplication":[],"WebPage":[]},"graphName":"","isEnabled":true},"graphs":[]},"pillar_content":false,"robots_default":true,"robots_noindex":false,"robots_noarchive":false,"robots_nosnippet":false,"robots_nofollow":false,"robots_noimageindex":false,"robots_noodp":false,"robots_notranslate":false,"robots_max_snippet":null,"robots_max_videopreview":null,"robots_max_imagepreview":"large","priority":null,"frequency":null,"local_seo":null,"limit_modified_date":false,"ai":null,"breadcrumb_settings":null,"seo_analyzer_scan_date":null,"created":"2026-07-21 09:34:57","updated":"2026-07-21 09:34:57"},"aioseo_breadcrumb":"<div class=\"aioseo-breadcrumbs\"><span class=\"aioseo-breadcrumb\">\n\t\t\t<a href=\"https:\/\/serrafm879.com.br\/serrafm\" title=\"Home\">Home<\/a>\n\t\t<\/span><span class=\"aioseo-breadcrumb-separator\">&raquo;<\/span><span class=\"aioseo-breadcrumb\">\n\t\t\t<a href=\"https:\/\/serrafm879.com.br\/serrafm\/categoria\/uncategorized\/\" title=\"Uncategorized\">Uncategorized<\/a>\n\t\t<\/span><span class=\"aioseo-breadcrumb-separator\">&raquo;<\/span><span class=\"aioseo-breadcrumb\">\n\t\t\tEscolas da rede estadual come\u00e7am a receber kit escolar e fardamento para o ano letivo de 2024\n\t\t<\/span><\/div>","aioseo_breadcrumb_json":[{"label":"Home","link":"https:\/\/serrafm879.com.br\/serrafm"},{"label":"Uncategorized","link":"https:\/\/serrafm879.com.br\/serrafm\/categoria\/uncategorized\/"},{"label":"Escolas da rede estadual come\u00e7am a receber kit escolar e fardamento para o ano letivo de 2024","link":"https:\/\/serrafm879.com.br\/serrafm\/2024\/01\/escolas-da-rede-estadual-comecam-a-receber-kit-escolar-e-fardamento-para-o-ano-letivo-de-2024\/"}],"jetpack_publicize_connections":[],"jetpack_featured_media_url":"https:\/\/serrafm879.com.br\/serrafm\/wp-content\/uploads\/2024\/01\/kit.jpeg","jetpack_shortlink":"https:\/\/wp.me\/p7HyXg-41m","jetpack_sharing_enabled":true,"_links":{"self":[{"href":"https:\/\/serrafm879.com.br\/serrafm\/wp-json\/wp\/v2\/posts\/15460","targetHints":{"allow":["GET"]}}],"collection":[{"href":"https:\/\/serrafm879.com.br\/serrafm\/wp-json\/wp\/v2\/posts"}],"about":[{"href":"https:\/\/serrafm879.com.br\/serrafm\/wp-json\/wp\/v2\/types\/post"}],"author":[{"embeddable":true,"href":"https:\/\/serrafm879.com.br\/serrafm\/wp-json\/wp\/v2\/users\/2"}],"replies":[{"embeddable":true,"href":"https:\/\/serrafm879.com.br\/serrafm\/wp-json\/wp\/v2\/comments?post=15460"}],"version-history":[{"count":1,"href":"https:\/\/serrafm879.com.br\/serrafm\/wp-json\/wp\/v2\/posts\/15460\/revisions"}],"predecessor-version":[{"id":15462,"href":"https:\/\/serrafm879.com.br\/serrafm\/wp-json\/wp\/v2\/posts\/15460\/revisions\/15462"}],"wp:featuredmedia":[{"embeddable":true,"href":"https:\/\/serrafm879.com.br\/serrafm\/wp-json\/wp\/v2\/media\/15461"}],"wp:attachment":[{"href":"https:\/\/serrafm879.com.br\/serrafm\/wp-json\/wp\/v2\/media?parent=15460"}],"wp:term":[{"taxonomy":"category","embeddable":true,"href":"https:\/\/serrafm879.com.br\/serrafm\/wp-json\/wp\/v2\/categories?post=15460"},{"taxonomy":"post_tag","embeddable":true,"href":"https:\/\/serrafm879.com.br\/serrafm\/wp-json\/wp\/v2\/tags?post=15460"}],"curies":[{"name":"wp","href":"https:\/\/api.w.org\/{rel}","templated":true}]}}