{"id":15498,"date":"2024-01-09T17:01:36","date_gmt":"2024-01-09T20:01:36","guid":{"rendered":"https:\/?p=15498"},"modified":"2024-01-09T17:01:36","modified_gmt":"2024-01-09T20:01:36","slug":"marcia-exalta-gestao-do-meio-ambiente-em-st-como-exemplo-internacional","status":"publish","type":"post","link":"https:\/\/serrafm879.com.br\/serrafm\/2024\/01\/marcia-exalta-gestao-do-meio-ambiente-em-st-como-exemplo-internacional\/","title":{"rendered":"M\u00e1rcia exalta gest\u00e3o do meio ambiente em ST como exemplo internacional"},"content":{"rendered":"<p>Enquanto Serra Talhada estaria vivendo uma crise do lixo, como apregoam os cr\u00edticos do governo M\u00e1rcia [<a href=\"https:\/\/faroldenoticias.com.br\/vereador-aciona-promotoria-questionando-recolhimento-de-lixo-em-st\/\" target=\"_blank\" rel=\"noopener\">veja aqui<\/a>], a prefeita tem buscado construir uma imagem contr\u00e1ria a este discurso.<\/p>\n<p>Segundo a gestora, o cen\u00e1rio ambiental na Capital do Xaxado atualmente \u00e9 bem diferente, e especialmente, positivo. Doa a quem doer, na interpreta\u00e7\u00e3o de M\u00e1rcia.<\/p>\n<p>Em entrevista ao programa\u00a0<strong>Falando Francamente\u00a0<\/strong>na\u00a0<strong>TV Farol no YouTube,\u00a0<\/strong>M\u00e1rcia classificou a sua gest\u00e3o do meio ambiente em Serra ao patamar de um modelo internacional.<\/p>\n<p>M\u00e1rcia enfatizou disso ao dizer que a cidade \u00e9 constantemente citada como padr\u00e3o em pol\u00edticas ambientais aplicadas pela Uni\u00e3o Europeia, al\u00e9m de ser vista como refer\u00eancia Brasil.<\/p>\n<p>\u201cHoje Serra Talhada \u00e9 refer\u00eancia no Brasil. A Uni\u00e3o Europeia sempre escolhe Serra Talhada para falar dos casos positivos que a gente tem conseguido aos poucos fazer para o meio ambiente\u201d, disse a gestora. Assista no v\u00eddeo abaixo.<\/p>\n<p>FONTE : FAROL DE NOT\u00cdCIAS<\/p>\n","protected":false},"excerpt":{"rendered":"<p>Enquanto Serra Talhada estaria vivendo uma crise do lixo, como apregoam os cr\u00edticos do governo M\u00e1rcia [veja aqui], a prefeita tem buscado construir uma imagem contr\u00e1ria a este discurso. Segundo a gestora, o cen\u00e1rio ambiental na Capital do Xaxado atualmente \u00e9 bem diferente, e especialmente, positivo. Doa a quem doer, na interpreta\u00e7\u00e3o de M\u00e1rcia. Em entrevista ao programa\u00a0Falando Francamente\u00a0na\u00a0TV Farol no YouTube,\u00a0M\u00e1rcia classificou a sua gest\u00e3o do meio ambiente em Serra ao patamar de um modelo internacional. M\u00e1rcia enfatizou disso ao dizer que a cidade \u00e9 constantemente citada como padr\u00e3o em pol\u00edticas ambientais aplicadas pela Uni\u00e3o Europeia, al\u00e9m de ser [&hellip;]<\/p>\n","protected":false},"author":2,"featured_media":15499,"comment_status":"open","ping_status":"open","sticky":false,"template":"","format":"standard","meta":{"_jetpack_newsletter_access":"","_jetpack_dont_email_post_to_subs":false,"_jetpack_newsletter_tier_id":0,"_jetpack_memberships_contains_paywalled_content":false,"_jetpack_feature_clip_id":0,"_jetpack_memberships_contains_paid_content":false,"footnotes":"","jetpack_publicize_message":"","jetpack_publicize_feature_enabled":true,"jetpack_social_post_already_shared":true,"jetpack_social_options":{"image_generator_settings":{"template":"highway","default_image_id":0,"font":"","enabled":false},"version":2},"jetpack_post_was_ever_published":false},"categories":[144],"tags":[],"class_list":["post-15498","post","type-post","status-publish","format-standard","has-post-thumbnail","hentry","category-politica"],"aioseo_notices":[],"aioseo_head":"\n\t\t<!-- All in One SEO 4.9.10 - aioseo.com -->\n\t<meta name=\"description\" content=\"Enquanto Serra Talhada estaria vivendo uma crise do lixo, como apregoam os cr\u00edticos do governo M\u00e1rcia [veja aqui], a prefeita tem buscado construir uma imagem contr\u00e1ria a este discurso. Segundo a gestora, o cen\u00e1rio ambiental na Capital do Xaxado atualmente \u00e9 bem diferente, e especialmente, positivo. Doa a quem doer, na interpreta\u00e7\u00e3o de M\u00e1rcia. Em\" \/>\n\t<meta name=\"robots\" content=\"max-image-preview:large\" \/>\n\t<meta name=\"author\" content=\"serrafm87\"\/>\n\t<link rel=\"canonical\" href=\"https:\/\/serrafm879.com.br\/serrafm\/2024\/01\/marcia-exalta-gestao-do-meio-ambiente-em-st-como-exemplo-internacional\/\" \/>\n\t<meta name=\"generator\" content=\"All in One SEO (AIOSEO) 4.9.10\" \/>\n\t\t<meta name=\"twitter:card\" content=\"summary_large_image\" \/>\n\t\t<meta name=\"twitter:title\" content=\"M\u00e1rcia exalta gest\u00e3o do meio ambiente em ST como exemplo internacional - Serra FM 87,9\" \/>\n\t\t<meta name=\"twitter:description\" content=\"Enquanto Serra Talhada estaria vivendo uma crise do lixo, como apregoam os cr\u00edticos do governo M\u00e1rcia [veja aqui], a prefeita tem buscado construir uma imagem contr\u00e1ria a este discurso. Segundo a gestora, o cen\u00e1rio ambiental na Capital do Xaxado atualmente \u00e9 bem diferente, e especialmente, positivo. Doa a quem doer, na interpreta\u00e7\u00e3o de M\u00e1rcia. Em\" \/>\n\t\t<meta name=\"twitter:image\" content=\"https:\/\/serrafm879.com.br\/serrafm\/wp-content\/uploads\/2024\/01\/marcia-amupe-300x300-1.jpg\" \/>\n\t\t<script type=\"application\/ld+json\" class=\"aioseo-schema\">\n\t\t\t{\"@context\":\"https:\\\/\\\/schema.org\",\"@graph\":[{\"@type\":\"BlogPosting\",\"@id\":\"https:\\\/\\\/serrafm879.com.br\\\/serrafm\\\/2024\\\/01\\\/marcia-exalta-gestao-do-meio-ambiente-em-st-como-exemplo-internacional\\\/#blogposting\",\"name\":\"M\\u00e1rcia exalta gest\\u00e3o do meio ambiente em ST como exemplo internacional - Serra FM 87,9\",\"headline\":\"M\\u00e1rcia exalta gest\\u00e3o do meio ambiente em ST como exemplo internacional\",\"author\":{\"@id\":\"https:\\\/\\\/serrafm879.com.br\\\/serrafm\\\/author\\\/serrafm87\\\/#author\"},\"publisher\":{\"@id\":\"https:\\\/\\\/serrafm879.com.br\\\/serrafm\\\/#organization\"},\"image\":{\"@type\":\"ImageObject\",\"url\":\"https:\\\/\\\/serrafm879.com.br\\\/serrafm\\\/wp-content\\\/uploads\\\/2024\\\/01\\\/marcia-amupe-300x300-1.jpg\",\"width\":300,\"height\":300},\"datePublished\":\"2024-01-09T17:01:36-03:00\",\"dateModified\":\"2024-01-09T17:01:36-03:00\",\"inLanguage\":\"pt-BR\",\"mainEntityOfPage\":{\"@id\":\"https:\\\/\\\/serrafm879.com.br\\\/serrafm\\\/2024\\\/01\\\/marcia-exalta-gestao-do-meio-ambiente-em-st-como-exemplo-internacional\\\/#webpage\"},\"isPartOf\":{\"@id\":\"https:\\\/\\\/serrafm879.com.br\\\/serrafm\\\/2024\\\/01\\\/marcia-exalta-gestao-do-meio-ambiente-em-st-como-exemplo-internacional\\\/#webpage\"},\"articleSection\":\"Pol\\u00edtica\"},{\"@type\":\"BreadcrumbList\",\"@id\":\"https:\\\/\\\/serrafm879.com.br\\\/serrafm\\\/2024\\\/01\\\/marcia-exalta-gestao-do-meio-ambiente-em-st-como-exemplo-internacional\\\/#breadcrumblist\",\"itemListElement\":[{\"@type\":\"ListItem\",\"@id\":\"https:\\\/\\\/serrafm879.com.br\\\/serrafm#listItem\",\"position\":1,\"name\":\"Home\",\"item\":\"https:\\\/\\\/serrafm879.com.br\\\/serrafm\",\"nextItem\":{\"@type\":\"ListItem\",\"@id\":\"https:\\\/\\\/serrafm879.com.br\\\/serrafm\\\/categoria\\\/politica\\\/#listItem\",\"name\":\"Pol\\u00edtica\"}},{\"@type\":\"ListItem\",\"@id\":\"https:\\\/\\\/serrafm879.com.br\\\/serrafm\\\/categoria\\\/politica\\\/#listItem\",\"position\":2,\"name\":\"Pol\\u00edtica\",\"item\":\"https:\\\/\\\/serrafm879.com.br\\\/serrafm\\\/categoria\\\/politica\\\/\",\"nextItem\":{\"@type\":\"ListItem\",\"@id\":\"https:\\\/\\\/serrafm879.com.br\\\/serrafm\\\/2024\\\/01\\\/marcia-exalta-gestao-do-meio-ambiente-em-st-como-exemplo-internacional\\\/#listItem\",\"name\":\"M\\u00e1rcia exalta gest\\u00e3o do meio ambiente em ST como exemplo internacional\"},\"previousItem\":{\"@type\":\"ListItem\",\"@id\":\"https:\\\/\\\/serrafm879.com.br\\\/serrafm#listItem\",\"name\":\"Home\"}},{\"@type\":\"ListItem\",\"@id\":\"https:\\\/\\\/serrafm879.com.br\\\/serrafm\\\/2024\\\/01\\\/marcia-exalta-gestao-do-meio-ambiente-em-st-como-exemplo-internacional\\\/#listItem\",\"position\":3,\"name\":\"M\\u00e1rcia exalta gest\\u00e3o do meio ambiente em ST como exemplo internacional\",\"previousItem\":{\"@type\":\"ListItem\",\"@id\":\"https:\\\/\\\/serrafm879.com.br\\\/serrafm\\\/categoria\\\/politica\\\/#listItem\",\"name\":\"Pol\\u00edtica\"}}]},{\"@type\":\"Organization\",\"@id\":\"https:\\\/\\\/serrafm879.com.br\\\/serrafm\\\/#organization\",\"name\":\"Serra FM 87,9\",\"description\":\"O seu novo amor!\",\"url\":\"https:\\\/\\\/serrafm879.com.br\\\/serrafm\\\/\"},{\"@type\":\"Person\",\"@id\":\"https:\\\/\\\/serrafm879.com.br\\\/serrafm\\\/author\\\/serrafm87\\\/#author\",\"url\":\"https:\\\/\\\/serrafm879.com.br\\\/serrafm\\\/author\\\/serrafm87\\\/\",\"name\":\"serrafm87\",\"image\":{\"@type\":\"ImageObject\",\"@id\":\"https:\\\/\\\/serrafm879.com.br\\\/serrafm\\\/2024\\\/01\\\/marcia-exalta-gestao-do-meio-ambiente-em-st-como-exemplo-internacional\\\/#authorImage\",\"url\":\"https:\\\/\\\/secure.gravatar.com\\\/avatar\\\/a743233f1112d34f48bb3dc9559b76eb930bab8b27175856cba6362608736235?s=96&d=mm&r=g\",\"width\":96,\"height\":96,\"caption\":\"serrafm87\"}},{\"@type\":\"WebPage\",\"@id\":\"https:\\\/\\\/serrafm879.com.br\\\/serrafm\\\/2024\\\/01\\\/marcia-exalta-gestao-do-meio-ambiente-em-st-como-exemplo-internacional\\\/#webpage\",\"url\":\"https:\\\/\\\/serrafm879.com.br\\\/serrafm\\\/2024\\\/01\\\/marcia-exalta-gestao-do-meio-ambiente-em-st-como-exemplo-internacional\\\/\",\"name\":\"M\\u00e1rcia exalta gest\\u00e3o do meio ambiente em ST como exemplo internacional - Serra FM 87,9\",\"description\":\"Enquanto Serra Talhada estaria vivendo uma crise do lixo, como apregoam os cr\\u00edticos do governo M\\u00e1rcia [veja aqui], a prefeita tem buscado construir uma imagem contr\\u00e1ria a este discurso. Segundo a gestora, o cen\\u00e1rio ambiental na Capital do Xaxado atualmente \\u00e9 bem diferente, e especialmente, positivo. Doa a quem doer, na interpreta\\u00e7\\u00e3o de M\\u00e1rcia. Em\",\"inLanguage\":\"pt-BR\",\"isPartOf\":{\"@id\":\"https:\\\/\\\/serrafm879.com.br\\\/serrafm\\\/#website\"},\"breadcrumb\":{\"@id\":\"https:\\\/\\\/serrafm879.com.br\\\/serrafm\\\/2024\\\/01\\\/marcia-exalta-gestao-do-meio-ambiente-em-st-como-exemplo-internacional\\\/#breadcrumblist\"},\"author\":{\"@id\":\"https:\\\/\\\/serrafm879.com.br\\\/serrafm\\\/author\\\/serrafm87\\\/#author\"},\"creator\":{\"@id\":\"https:\\\/\\\/serrafm879.com.br\\\/serrafm\\\/author\\\/serrafm87\\\/#author\"},\"image\":{\"@type\":\"ImageObject\",\"url\":\"https:\\\/\\\/serrafm879.com.br\\\/serrafm\\\/wp-content\\\/uploads\\\/2024\\\/01\\\/marcia-amupe-300x300-1.jpg\",\"@id\":\"https:\\\/\\\/serrafm879.com.br\\\/serrafm\\\/2024\\\/01\\\/marcia-exalta-gestao-do-meio-ambiente-em-st-como-exemplo-internacional\\\/#mainImage\",\"width\":300,\"height\":300},\"primaryImageOfPage\":{\"@id\":\"https:\\\/\\\/serrafm879.com.br\\\/serrafm\\\/2024\\\/01\\\/marcia-exalta-gestao-do-meio-ambiente-em-st-como-exemplo-internacional\\\/#mainImage\"},\"datePublished\":\"2024-01-09T17:01:36-03:00\",\"dateModified\":\"2024-01-09T17:01:36-03:00\"},{\"@type\":\"WebSite\",\"@id\":\"https:\\\/\\\/serrafm879.com.br\\\/serrafm\\\/#website\",\"url\":\"https:\\\/\\\/serrafm879.com.br\\\/serrafm\\\/\",\"name\":\"Serra FM 87,9\",\"description\":\"O seu novo amor!\",\"inLanguage\":\"pt-BR\",\"publisher\":{\"@id\":\"https:\\\/\\\/serrafm879.com.br\\\/serrafm\\\/#organization\"}}]}\n\t\t<\/script>\n\t\t<!-- All in One SEO -->\n\n","aioseo_head_json":{"title":"M\u00e1rcia exalta gest\u00e3o do meio ambiente em ST como exemplo internacional - Serra FM 87,9","description":"Enquanto Serra Talhada estaria vivendo uma crise do lixo, como apregoam os cr\u00edticos do governo M\u00e1rcia [veja aqui], a prefeita tem buscado construir uma imagem contr\u00e1ria a este discurso. Segundo a gestora, o cen\u00e1rio ambiental na Capital do Xaxado atualmente \u00e9 bem diferente, e especialmente, positivo. Doa a quem doer, na interpreta\u00e7\u00e3o de M\u00e1rcia. Em","canonical_url":"https:\/\/serrafm879.com.br\/serrafm\/2024\/01\/marcia-exalta-gestao-do-meio-ambiente-em-st-como-exemplo-internacional\/","robots":"max-image-preview:large","keywords":"","webmasterTools":{"miscellaneous":""},"schema":{"@context":"https:\/\/schema.org","@graph":[{"@type":"BlogPosting","@id":"https:\/\/serrafm879.com.br\/serrafm\/2024\/01\/marcia-exalta-gestao-do-meio-ambiente-em-st-como-exemplo-internacional\/#blogposting","name":"M\u00e1rcia exalta gest\u00e3o do meio ambiente em ST como exemplo internacional - Serra FM 87,9","headline":"M\u00e1rcia exalta gest\u00e3o do meio ambiente em ST como exemplo internacional","author":{"@id":"https:\/\/serrafm879.com.br\/serrafm\/author\/serrafm87\/#author"},"publisher":{"@id":"https:\/\/serrafm879.com.br\/serrafm\/#organization"},"image":{"@type":"ImageObject","url":"https:\/\/serrafm879.com.br\/serrafm\/wp-content\/uploads\/2024\/01\/marcia-amupe-300x300-1.jpg","width":300,"height":300},"datePublished":"2024-01-09T17:01:36-03:00","dateModified":"2024-01-09T17:01:36-03:00","inLanguage":"pt-BR","mainEntityOfPage":{"@id":"https:\/\/serrafm879.com.br\/serrafm\/2024\/01\/marcia-exalta-gestao-do-meio-ambiente-em-st-como-exemplo-internacional\/#webpage"},"isPartOf":{"@id":"https:\/\/serrafm879.com.br\/serrafm\/2024\/01\/marcia-exalta-gestao-do-meio-ambiente-em-st-como-exemplo-internacional\/#webpage"},"articleSection":"Pol\u00edtica"},{"@type":"BreadcrumbList","@id":"https:\/\/serrafm879.com.br\/serrafm\/2024\/01\/marcia-exalta-gestao-do-meio-ambiente-em-st-como-exemplo-internacional\/#breadcrumblist","itemListElement":[{"@type":"ListItem","@id":"https:\/\/serrafm879.com.br\/serrafm#listItem","position":1,"name":"Home","item":"https:\/\/serrafm879.com.br\/serrafm","nextItem":{"@type":"ListItem","@id":"https:\/\/serrafm879.com.br\/serrafm\/categoria\/politica\/#listItem","name":"Pol\u00edtica"}},{"@type":"ListItem","@id":"https:\/\/serrafm879.com.br\/serrafm\/categoria\/politica\/#listItem","position":2,"name":"Pol\u00edtica","item":"https:\/\/serrafm879.com.br\/serrafm\/categoria\/politica\/","nextItem":{"@type":"ListItem","@id":"https:\/\/serrafm879.com.br\/serrafm\/2024\/01\/marcia-exalta-gestao-do-meio-ambiente-em-st-como-exemplo-internacional\/#listItem","name":"M\u00e1rcia exalta gest\u00e3o do meio ambiente em ST como exemplo internacional"},"previousItem":{"@type":"ListItem","@id":"https:\/\/serrafm879.com.br\/serrafm#listItem","name":"Home"}},{"@type":"ListItem","@id":"https:\/\/serrafm879.com.br\/serrafm\/2024\/01\/marcia-exalta-gestao-do-meio-ambiente-em-st-como-exemplo-internacional\/#listItem","position":3,"name":"M\u00e1rcia exalta gest\u00e3o do meio ambiente em ST como exemplo internacional","previousItem":{"@type":"ListItem","@id":"https:\/\/serrafm879.com.br\/serrafm\/categoria\/politica\/#listItem","name":"Pol\u00edtica"}}]},{"@type":"Organization","@id":"https:\/\/serrafm879.com.br\/serrafm\/#organization","name":"Serra FM 87,9","description":"O seu novo amor!","url":"https:\/\/serrafm879.com.br\/serrafm\/"},{"@type":"Person","@id":"https:\/\/serrafm879.com.br\/serrafm\/author\/serrafm87\/#author","url":"https:\/\/serrafm879.com.br\/serrafm\/author\/serrafm87\/","name":"serrafm87","image":{"@type":"ImageObject","@id":"https:\/\/serrafm879.com.br\/serrafm\/2024\/01\/marcia-exalta-gestao-do-meio-ambiente-em-st-como-exemplo-internacional\/#authorImage","url":"https:\/\/secure.gravatar.com\/avatar\/a743233f1112d34f48bb3dc9559b76eb930bab8b27175856cba6362608736235?s=96&d=mm&r=g","width":96,"height":96,"caption":"serrafm87"}},{"@type":"WebPage","@id":"https:\/\/serrafm879.com.br\/serrafm\/2024\/01\/marcia-exalta-gestao-do-meio-ambiente-em-st-como-exemplo-internacional\/#webpage","url":"https:\/\/serrafm879.com.br\/serrafm\/2024\/01\/marcia-exalta-gestao-do-meio-ambiente-em-st-como-exemplo-internacional\/","name":"M\u00e1rcia exalta gest\u00e3o do meio ambiente em ST como exemplo internacional - Serra FM 87,9","description":"Enquanto Serra Talhada estaria vivendo uma crise do lixo, como apregoam os cr\u00edticos do governo M\u00e1rcia [veja aqui], a prefeita tem buscado construir uma imagem contr\u00e1ria a este discurso. Segundo a gestora, o cen\u00e1rio ambiental na Capital do Xaxado atualmente \u00e9 bem diferente, e especialmente, positivo. Doa a quem doer, na interpreta\u00e7\u00e3o de M\u00e1rcia. Em","inLanguage":"pt-BR","isPartOf":{"@id":"https:\/\/serrafm879.com.br\/serrafm\/#website"},"breadcrumb":{"@id":"https:\/\/serrafm879.com.br\/serrafm\/2024\/01\/marcia-exalta-gestao-do-meio-ambiente-em-st-como-exemplo-internacional\/#breadcrumblist"},"author":{"@id":"https:\/\/serrafm879.com.br\/serrafm\/author\/serrafm87\/#author"},"creator":{"@id":"https:\/\/serrafm879.com.br\/serrafm\/author\/serrafm87\/#author"},"image":{"@type":"ImageObject","url":"https:\/\/serrafm879.com.br\/serrafm\/wp-content\/uploads\/2024\/01\/marcia-amupe-300x300-1.jpg","@id":"https:\/\/serrafm879.com.br\/serrafm\/2024\/01\/marcia-exalta-gestao-do-meio-ambiente-em-st-como-exemplo-internacional\/#mainImage","width":300,"height":300},"primaryImageOfPage":{"@id":"https:\/\/serrafm879.com.br\/serrafm\/2024\/01\/marcia-exalta-gestao-do-meio-ambiente-em-st-como-exemplo-internacional\/#mainImage"},"datePublished":"2024-01-09T17:01:36-03:00","dateModified":"2024-01-09T17:01:36-03:00"},{"@type":"WebSite","@id":"https:\/\/serrafm879.com.br\/serrafm\/#website","url":"https:\/\/serrafm879.com.br\/serrafm\/","name":"Serra FM 87,9","description":"O seu novo amor!","inLanguage":"pt-BR","publisher":{"@id":"https:\/\/serrafm879.com.br\/serrafm\/#organization"}}]},"twitter:card":"summary_large_image","twitter:title":"M\u00e1rcia exalta gest\u00e3o do meio ambiente em ST como exemplo internacional - Serra FM 87,9","twitter:description":"Enquanto Serra Talhada estaria vivendo uma crise do lixo, como apregoam os cr\u00edticos do governo M\u00e1rcia [veja aqui], a prefeita tem buscado construir uma imagem contr\u00e1ria a este discurso. Segundo a gestora, o cen\u00e1rio ambiental na Capital do Xaxado atualmente \u00e9 bem diferente, e especialmente, positivo. Doa a quem doer, na interpreta\u00e7\u00e3o de M\u00e1rcia. Em","twitter:image":"https:\/\/serrafm879.com.br\/serrafm\/wp-content\/uploads\/2024\/01\/marcia-amupe-300x300-1.jpg"},"aioseo_meta_data":{"post_id":"15498","title":null,"description":null,"keywords":null,"keyphrases":null,"primary_term":null,"canonical_url":null,"og_title":null,"og_description":null,"og_object_type":"default","og_image_type":"default","og_image_custom_url":null,"og_image_custom_fields":null,"og_image_url":null,"og_image_width":null,"og_image_height":null,"og_video":null,"og_custom_url":null,"og_article_section":null,"og_article_tags":null,"twitter_use_og":false,"twitter_card":"default","twitter_image_type":"default","twitter_image_custom_url":null,"twitter_image_custom_fields":null,"twitter_image_url":null,"twitter_title":null,"twitter_description":null,"schema_type":"default","schema_type_options":null,"schema":{"blockGraphs":[],"customGraphs":[],"default":{"data":{"Article":[],"Course":[],"Dataset":[],"FAQPage":[],"Movie":[],"Person":[],"Product":[],"ProductReview":[],"Car":[],"Recipe":[],"Service":[],"SoftwareApplication":[],"WebPage":[]},"graphName":"","isEnabled":true},"graphs":[]},"pillar_content":false,"robots_default":true,"robots_noindex":false,"robots_noarchive":false,"robots_nosnippet":false,"robots_nofollow":false,"robots_noimageindex":false,"robots_noodp":false,"robots_notranslate":false,"robots_max_snippet":null,"robots_max_videopreview":null,"robots_max_imagepreview":"large","priority":null,"frequency":null,"local_seo":null,"limit_modified_date":false,"ai":null,"breadcrumb_settings":null,"seo_analyzer_scan_date":null,"created":"2026-07-21 09:37:42","updated":"2026-07-21 09:37:42"},"aioseo_breadcrumb":"<div class=\"aioseo-breadcrumbs\"><span class=\"aioseo-breadcrumb\">\n\t\t\t<a href=\"https:\/\/serrafm879.com.br\/serrafm\" title=\"Home\">Home<\/a>\n\t\t<\/span><span class=\"aioseo-breadcrumb-separator\">&raquo;<\/span><span class=\"aioseo-breadcrumb\">\n\t\t\t<a href=\"https:\/\/serrafm879.com.br\/serrafm\/categoria\/politica\/\" title=\"Pol\u00edtica\">Pol\u00edtica<\/a>\n\t\t<\/span><span class=\"aioseo-breadcrumb-separator\">&raquo;<\/span><span class=\"aioseo-breadcrumb\">\n\t\t\tM\u00e1rcia exalta gest\u00e3o do meio ambiente em ST como exemplo internacional\n\t\t<\/span><\/div>","aioseo_breadcrumb_json":[{"label":"Home","link":"https:\/\/serrafm879.com.br\/serrafm"},{"label":"Pol\u00edtica","link":"https:\/\/serrafm879.com.br\/serrafm\/categoria\/politica\/"},{"label":"M\u00e1rcia exalta gest\u00e3o do meio ambiente em ST como exemplo internacional","link":"https:\/\/serrafm879.com.br\/serrafm\/2024\/01\/marcia-exalta-gestao-do-meio-ambiente-em-st-como-exemplo-internacional\/"}],"jetpack_publicize_connections":[],"jetpack_featured_media_url":"https:\/\/serrafm879.com.br\/serrafm\/wp-content\/uploads\/2024\/01\/marcia-amupe-300x300-1.jpg","jetpack_shortlink":"https:\/\/wp.me\/p7HyXg-41Y","jetpack_sharing_enabled":true,"_links":{"self":[{"href":"https:\/\/serrafm879.com.br\/serrafm\/wp-json\/wp\/v2\/posts\/15498","targetHints":{"allow":["GET"]}}],"collection":[{"href":"https:\/\/serrafm879.com.br\/serrafm\/wp-json\/wp\/v2\/posts"}],"about":[{"href":"https:\/\/serrafm879.com.br\/serrafm\/wp-json\/wp\/v2\/types\/post"}],"author":[{"embeddable":true,"href":"https:\/\/serrafm879.com.br\/serrafm\/wp-json\/wp\/v2\/users\/2"}],"replies":[{"embeddable":true,"href":"https:\/\/serrafm879.com.br\/serrafm\/wp-json\/wp\/v2\/comments?post=15498"}],"version-history":[{"count":1,"href":"https:\/\/serrafm879.com.br\/serrafm\/wp-json\/wp\/v2\/posts\/15498\/revisions"}],"predecessor-version":[{"id":15500,"href":"https:\/\/serrafm879.com.br\/serrafm\/wp-json\/wp\/v2\/posts\/15498\/revisions\/15500"}],"wp:featuredmedia":[{"embeddable":true,"href":"https:\/\/serrafm879.com.br\/serrafm\/wp-json\/wp\/v2\/media\/15499"}],"wp:attachment":[{"href":"https:\/\/serrafm879.com.br\/serrafm\/wp-json\/wp\/v2\/media?parent=15498"}],"wp:term":[{"taxonomy":"category","embeddable":true,"href":"https:\/\/serrafm879.com.br\/serrafm\/wp-json\/wp\/v2\/categories?post=15498"},{"taxonomy":"post_tag","embeddable":true,"href":"https:\/\/serrafm879.com.br\/serrafm\/wp-json\/wp\/v2\/tags?post=15498"}],"curies":[{"name":"wp","href":"https:\/\/api.w.org\/{rel}","templated":true}]}}