{"id":15506,"date":"2024-01-10T08:49:02","date_gmt":"2024-01-10T11:49:02","guid":{"rendered":"https:\/?p=15506"},"modified":"2024-01-10T08:49:02","modified_gmt":"2024-01-10T11:49:02","slug":"governo-de-pernambuco-cria-secretaria-para-administrar-sistema-penitenciario-e-outras-confira","status":"publish","type":"post","link":"https:\/\/serrafm879.com.br\/serrafm\/2024\/01\/governo-de-pernambuco-cria-secretaria-para-administrar-sistema-penitenciario-e-outras-confira\/","title":{"rendered":"Governo de Pernambuco cria secretaria para administrar sistema penitenci\u00e1rio e outras; confira"},"content":{"rendered":"<p>Em lei publicada na edi\u00e7\u00e3o desta quarta-feira (10) do\u00a0<strong>Di\u00e1rio Oficial do Estado<\/strong>, a governadora de<strong>\u00a0Pernambuco<\/strong>,\u00a0<strong>Raquel Lyra<\/strong>\u00a0(PSDB), alterou pontos da\u00a0<strong>estrutura e do funcionamento\u00a0do Poder Executivo<\/strong>. Entre as principais mudan\u00e7as, a instala\u00e7\u00e3o da<strong>\u00a0Secretaria de Administra\u00e7\u00e3o Penitenci\u00e1ria e Ressocializa\u00e7\u00e3o<\/strong>, que ser\u00e1 respons\u00e1vel por gerir o<strong>\u00a0sistema prisional<\/strong>, e novas atribui\u00e7\u00f5es e o desmembramento de outras pastas.<\/p>\n<p>At\u00e9 ent\u00e3o, a administra\u00e7\u00e3o penitenci\u00e1ria do Estado era vinculada \u00e0\u00a0<strong>Secretaria de Defesa Social\u00a0<\/strong>e funcionava como a\u00a0<strong>Secretaria Executiva de Ressocializa\u00e7\u00e3o<\/strong>\u00a0(Seres). A cria\u00e7\u00e3o da pasta dedicada \u00e0 gest\u00e3o das cadeias, penitenci\u00e1rias e centros de ressocializa\u00e7\u00e3o do Estado foi firmada como compromisso do plano\u00a0<strong>Juntos pela Seguran\u00e7a<\/strong>.<\/p>\n<p>Outras mudan\u00e7as da estrutura incluem a divis\u00e3o da ent\u00e3o\u00a0<strong>Secretaria de Desenvolvimento Social, Crian\u00e7a, Juventude e Preven\u00e7\u00e3o \u00e0 Viol\u00eancia e \u00e0s Drogas<\/strong>\u00a0(SDSCJPVD) em duas: a\u00a0<strong>Secretaria de Assist\u00eancia Social<\/strong>,\u00a0<strong>Combate \u00e0 Fome e Pol\u00edticas Sobre Drogas<\/strong>, e a\u00a0<strong>Secretaria da Crian\u00e7a e da Juventude<\/strong>.<\/p>\n<div class=\"dn_noticiasRelacionadas\"><\/div>\n<p>A\u00a0<strong>Secretaria de Justi\u00e7a e Direitos Humanos\u00a0<\/strong>passa a incorporar no t\u00edtulo a\u00a0<strong>Preven\u00e7\u00e3o \u00e0 Viol\u00eancia<\/strong>, contando tamb\u00e9m no seu escopo com as pol\u00edticas afirmativas em defesa de popula\u00e7\u00f5es vulner\u00e1veis, como a defesa das pessoas idosas, com defici\u00eancia, da comunidade LGTBQIAPN+, das comunidades tradicionais e em defesa do enfrentamento \u00e0 desigualdade \u00e9tnico racial, social e humana.<\/p>\n<p>As a\u00e7\u00f5es de Transforma\u00e7\u00e3o Digital, antes na Secretaria de Comunica\u00e7\u00e3o, agora ser\u00e3o incorporadas \u00e0 Secretaria de Administra\u00e7\u00e3o e a<strong>\u00a0Secretaria de Assessoria Especial \u00e0 Governadora\u00a0<\/strong>incluir\u00e1 no t\u00edtulo a denomina\u00e7\u00e3o referente a\u00a0<strong>Rela\u00e7\u00f5es Internacionais<\/strong>.<\/p>\n<p>Fonte: Folha PE<\/p>\n","protected":false},"excerpt":{"rendered":"<p>Em lei publicada na edi\u00e7\u00e3o desta quarta-feira (10) do\u00a0Di\u00e1rio Oficial do Estado, a governadora de\u00a0Pernambuco,\u00a0Raquel Lyra\u00a0(PSDB), alterou pontos da\u00a0estrutura e do funcionamento\u00a0do Poder Executivo. Entre as principais mudan\u00e7as, a instala\u00e7\u00e3o da\u00a0Secretaria de Administra\u00e7\u00e3o Penitenci\u00e1ria e Ressocializa\u00e7\u00e3o, que ser\u00e1 respons\u00e1vel por gerir o\u00a0sistema prisional, e novas atribui\u00e7\u00f5es e o desmembramento de outras pastas. At\u00e9 ent\u00e3o, a administra\u00e7\u00e3o penitenci\u00e1ria do Estado era vinculada \u00e0\u00a0Secretaria de Defesa Social\u00a0e funcionava como a\u00a0Secretaria Executiva de Ressocializa\u00e7\u00e3o\u00a0(Seres). A cria\u00e7\u00e3o da pasta dedicada \u00e0 gest\u00e3o das cadeias, penitenci\u00e1rias e centros de ressocializa\u00e7\u00e3o do Estado foi firmada como compromisso do plano\u00a0Juntos pela Seguran\u00e7a. Outras mudan\u00e7as da estrutura incluem [&hellip;]<\/p>\n","protected":false},"author":2,"featured_media":15507,"comment_status":"open","ping_status":"open","sticky":false,"template":"","format":"standard","meta":{"_jetpack_newsletter_access":"","_jetpack_dont_email_post_to_subs":false,"_jetpack_newsletter_tier_id":0,"_jetpack_memberships_contains_paywalled_content":false,"_jetpack_feature_clip_id":0,"_jetpack_memberships_contains_paid_content":false,"footnotes":"","jetpack_publicize_message":"","jetpack_publicize_feature_enabled":true,"jetpack_social_post_already_shared":true,"jetpack_social_options":{"image_generator_settings":{"template":"highway","default_image_id":0,"font":"","enabled":false},"version":2},"jetpack_post_was_ever_published":false},"categories":[2],"tags":[],"class_list":["post-15506","post","type-post","status-publish","format-standard","has-post-thumbnail","hentry","category-noticias"],"aioseo_notices":[],"aioseo_head":"\n\t\t<!-- All in One SEO 4.9.10 - aioseo.com -->\n\t<meta name=\"description\" content=\"Em lei publicada na edi\u00e7\u00e3o desta quarta-feira (10) do Di\u00e1rio Oficial do Estado, a governadora de Pernambuco, Raquel Lyra (PSDB), alterou pontos da estrutura e do funcionamento do Poder Executivo. Entre as principais mudan\u00e7as, a instala\u00e7\u00e3o da Secretaria de Administra\u00e7\u00e3o Penitenci\u00e1ria e Ressocializa\u00e7\u00e3o, que ser\u00e1 respons\u00e1vel por gerir o sistema prisional, e novas atribui\u00e7\u00f5es e o desmembramento de outras pastas. At\u00e9 ent\u00e3o, a\" \/>\n\t<meta name=\"robots\" content=\"max-image-preview:large\" \/>\n\t<meta name=\"author\" content=\"serrafm87\"\/>\n\t<link rel=\"canonical\" href=\"https:\/\/serrafm879.com.br\/serrafm\/2024\/01\/governo-de-pernambuco-cria-secretaria-para-administrar-sistema-penitenciario-e-outras-confira\/\" \/>\n\t<meta name=\"generator\" content=\"All in One SEO (AIOSEO) 4.9.10\" \/>\n\t\t<meta name=\"twitter:card\" content=\"summary_large_image\" \/>\n\t\t<meta name=\"twitter:title\" content=\"Governo de Pernambuco cria secretaria para administrar sistema penitenci\u00e1rio e outras; confira - Serra FM 87,9\" \/>\n\t\t<meta name=\"twitter:description\" content=\"Em lei publicada na edi\u00e7\u00e3o desta quarta-feira (10) do Di\u00e1rio Oficial do Estado, a governadora de Pernambuco, Raquel Lyra (PSDB), alterou pontos da estrutura e do funcionamento do Poder Executivo. Entre as principais mudan\u00e7as, a instala\u00e7\u00e3o da Secretaria de Administra\u00e7\u00e3o Penitenci\u00e1ria e Ressocializa\u00e7\u00e3o, que ser\u00e1 respons\u00e1vel por gerir o sistema prisional, e novas atribui\u00e7\u00f5es e o desmembramento de outras pastas. At\u00e9 ent\u00e3o, a\" \/>\n\t\t<meta name=\"twitter:image\" content=\"https:\/\/serrafm879.com.br\/serrafm\/wp-content\/uploads\/2024\/01\/PALACIO.jpeg\" \/>\n\t\t<script type=\"application\/ld+json\" class=\"aioseo-schema\">\n\t\t\t{\"@context\":\"https:\\\/\\\/schema.org\",\"@graph\":[{\"@type\":\"BlogPosting\",\"@id\":\"https:\\\/\\\/serrafm879.com.br\\\/serrafm\\\/2024\\\/01\\\/governo-de-pernambuco-cria-secretaria-para-administrar-sistema-penitenciario-e-outras-confira\\\/#blogposting\",\"name\":\"Governo de Pernambuco cria secretaria para administrar sistema penitenci\\u00e1rio e outras; confira - Serra FM 87,9\",\"headline\":\"Governo de Pernambuco cria secretaria para administrar sistema penitenci\\u00e1rio e outras; confira\",\"author\":{\"@id\":\"https:\\\/\\\/serrafm879.com.br\\\/serrafm\\\/author\\\/serrafm87\\\/#author\"},\"publisher\":{\"@id\":\"https:\\\/\\\/serrafm879.com.br\\\/serrafm\\\/#organization\"},\"image\":{\"@type\":\"ImageObject\",\"url\":\"https:\\\/\\\/serrafm879.com.br\\\/serrafm\\\/wp-content\\\/uploads\\\/2024\\\/01\\\/PALACIO.jpeg\",\"width\":1100,\"height\":734},\"datePublished\":\"2024-01-10T08:49:02-03:00\",\"dateModified\":\"2024-01-10T08:49:02-03:00\",\"inLanguage\":\"pt-BR\",\"mainEntityOfPage\":{\"@id\":\"https:\\\/\\\/serrafm879.com.br\\\/serrafm\\\/2024\\\/01\\\/governo-de-pernambuco-cria-secretaria-para-administrar-sistema-penitenciario-e-outras-confira\\\/#webpage\"},\"isPartOf\":{\"@id\":\"https:\\\/\\\/serrafm879.com.br\\\/serrafm\\\/2024\\\/01\\\/governo-de-pernambuco-cria-secretaria-para-administrar-sistema-penitenciario-e-outras-confira\\\/#webpage\"},\"articleSection\":\"Not\\u00edcias\"},{\"@type\":\"BreadcrumbList\",\"@id\":\"https:\\\/\\\/serrafm879.com.br\\\/serrafm\\\/2024\\\/01\\\/governo-de-pernambuco-cria-secretaria-para-administrar-sistema-penitenciario-e-outras-confira\\\/#breadcrumblist\",\"itemListElement\":[{\"@type\":\"ListItem\",\"@id\":\"https:\\\/\\\/serrafm879.com.br\\\/serrafm#listItem\",\"position\":1,\"name\":\"Home\",\"item\":\"https:\\\/\\\/serrafm879.com.br\\\/serrafm\",\"nextItem\":{\"@type\":\"ListItem\",\"@id\":\"https:\\\/\\\/serrafm879.com.br\\\/serrafm\\\/categoria\\\/noticias\\\/#listItem\",\"name\":\"Not\\u00edcias\"}},{\"@type\":\"ListItem\",\"@id\":\"https:\\\/\\\/serrafm879.com.br\\\/serrafm\\\/categoria\\\/noticias\\\/#listItem\",\"position\":2,\"name\":\"Not\\u00edcias\",\"item\":\"https:\\\/\\\/serrafm879.com.br\\\/serrafm\\\/categoria\\\/noticias\\\/\",\"nextItem\":{\"@type\":\"ListItem\",\"@id\":\"https:\\\/\\\/serrafm879.com.br\\\/serrafm\\\/2024\\\/01\\\/governo-de-pernambuco-cria-secretaria-para-administrar-sistema-penitenciario-e-outras-confira\\\/#listItem\",\"name\":\"Governo de Pernambuco cria secretaria para administrar sistema penitenci\\u00e1rio e outras; confira\"},\"previousItem\":{\"@type\":\"ListItem\",\"@id\":\"https:\\\/\\\/serrafm879.com.br\\\/serrafm#listItem\",\"name\":\"Home\"}},{\"@type\":\"ListItem\",\"@id\":\"https:\\\/\\\/serrafm879.com.br\\\/serrafm\\\/2024\\\/01\\\/governo-de-pernambuco-cria-secretaria-para-administrar-sistema-penitenciario-e-outras-confira\\\/#listItem\",\"position\":3,\"name\":\"Governo de Pernambuco cria secretaria para administrar sistema penitenci\\u00e1rio e outras; confira\",\"previousItem\":{\"@type\":\"ListItem\",\"@id\":\"https:\\\/\\\/serrafm879.com.br\\\/serrafm\\\/categoria\\\/noticias\\\/#listItem\",\"name\":\"Not\\u00edcias\"}}]},{\"@type\":\"Organization\",\"@id\":\"https:\\\/\\\/serrafm879.com.br\\\/serrafm\\\/#organization\",\"name\":\"Serra FM 87,9\",\"description\":\"O seu novo amor!\",\"url\":\"https:\\\/\\\/serrafm879.com.br\\\/serrafm\\\/\"},{\"@type\":\"Person\",\"@id\":\"https:\\\/\\\/serrafm879.com.br\\\/serrafm\\\/author\\\/serrafm87\\\/#author\",\"url\":\"https:\\\/\\\/serrafm879.com.br\\\/serrafm\\\/author\\\/serrafm87\\\/\",\"name\":\"serrafm87\",\"image\":{\"@type\":\"ImageObject\",\"@id\":\"https:\\\/\\\/serrafm879.com.br\\\/serrafm\\\/2024\\\/01\\\/governo-de-pernambuco-cria-secretaria-para-administrar-sistema-penitenciario-e-outras-confira\\\/#authorImage\",\"url\":\"https:\\\/\\\/secure.gravatar.com\\\/avatar\\\/a743233f1112d34f48bb3dc9559b76eb930bab8b27175856cba6362608736235?s=96&d=mm&r=g\",\"width\":96,\"height\":96,\"caption\":\"serrafm87\"}},{\"@type\":\"WebPage\",\"@id\":\"https:\\\/\\\/serrafm879.com.br\\\/serrafm\\\/2024\\\/01\\\/governo-de-pernambuco-cria-secretaria-para-administrar-sistema-penitenciario-e-outras-confira\\\/#webpage\",\"url\":\"https:\\\/\\\/serrafm879.com.br\\\/serrafm\\\/2024\\\/01\\\/governo-de-pernambuco-cria-secretaria-para-administrar-sistema-penitenciario-e-outras-confira\\\/\",\"name\":\"Governo de Pernambuco cria secretaria para administrar sistema penitenci\\u00e1rio e outras; confira - Serra FM 87,9\",\"description\":\"Em lei publicada na edi\\u00e7\\u00e3o desta quarta-feira (10) do Di\\u00e1rio Oficial do Estado, a governadora de Pernambuco, Raquel Lyra (PSDB), alterou pontos da estrutura e do funcionamento do Poder Executivo. Entre as principais mudan\\u00e7as, a instala\\u00e7\\u00e3o da Secretaria de Administra\\u00e7\\u00e3o Penitenci\\u00e1ria e Ressocializa\\u00e7\\u00e3o, que ser\\u00e1 respons\\u00e1vel por gerir o sistema prisional, e novas atribui\\u00e7\\u00f5es e o desmembramento de outras pastas. At\\u00e9 ent\\u00e3o, a\",\"inLanguage\":\"pt-BR\",\"isPartOf\":{\"@id\":\"https:\\\/\\\/serrafm879.com.br\\\/serrafm\\\/#website\"},\"breadcrumb\":{\"@id\":\"https:\\\/\\\/serrafm879.com.br\\\/serrafm\\\/2024\\\/01\\\/governo-de-pernambuco-cria-secretaria-para-administrar-sistema-penitenciario-e-outras-confira\\\/#breadcrumblist\"},\"author\":{\"@id\":\"https:\\\/\\\/serrafm879.com.br\\\/serrafm\\\/author\\\/serrafm87\\\/#author\"},\"creator\":{\"@id\":\"https:\\\/\\\/serrafm879.com.br\\\/serrafm\\\/author\\\/serrafm87\\\/#author\"},\"image\":{\"@type\":\"ImageObject\",\"url\":\"https:\\\/\\\/serrafm879.com.br\\\/serrafm\\\/wp-content\\\/uploads\\\/2024\\\/01\\\/PALACIO.jpeg\",\"@id\":\"https:\\\/\\\/serrafm879.com.br\\\/serrafm\\\/2024\\\/01\\\/governo-de-pernambuco-cria-secretaria-para-administrar-sistema-penitenciario-e-outras-confira\\\/#mainImage\",\"width\":1100,\"height\":734},\"primaryImageOfPage\":{\"@id\":\"https:\\\/\\\/serrafm879.com.br\\\/serrafm\\\/2024\\\/01\\\/governo-de-pernambuco-cria-secretaria-para-administrar-sistema-penitenciario-e-outras-confira\\\/#mainImage\"},\"datePublished\":\"2024-01-10T08:49:02-03:00\",\"dateModified\":\"2024-01-10T08:49:02-03:00\"},{\"@type\":\"WebSite\",\"@id\":\"https:\\\/\\\/serrafm879.com.br\\\/serrafm\\\/#website\",\"url\":\"https:\\\/\\\/serrafm879.com.br\\\/serrafm\\\/\",\"name\":\"Serra FM 87,9\",\"description\":\"O seu novo amor!\",\"inLanguage\":\"pt-BR\",\"publisher\":{\"@id\":\"https:\\\/\\\/serrafm879.com.br\\\/serrafm\\\/#organization\"}}]}\n\t\t<\/script>\n\t\t<!-- All in One SEO -->\n\n","aioseo_head_json":{"title":"Governo de Pernambuco cria secretaria para administrar sistema penitenci\u00e1rio e outras; confira - Serra FM 87,9","description":"Em lei publicada na edi\u00e7\u00e3o desta quarta-feira (10) do Di\u00e1rio Oficial do Estado, a governadora de Pernambuco, Raquel Lyra (PSDB), alterou pontos da estrutura e do funcionamento do Poder Executivo. Entre as principais mudan\u00e7as, a instala\u00e7\u00e3o da Secretaria de Administra\u00e7\u00e3o Penitenci\u00e1ria e Ressocializa\u00e7\u00e3o, que ser\u00e1 respons\u00e1vel por gerir o sistema prisional, e novas atribui\u00e7\u00f5es e o desmembramento de outras pastas. At\u00e9 ent\u00e3o, a","canonical_url":"https:\/\/serrafm879.com.br\/serrafm\/2024\/01\/governo-de-pernambuco-cria-secretaria-para-administrar-sistema-penitenciario-e-outras-confira\/","robots":"max-image-preview:large","keywords":"","webmasterTools":{"miscellaneous":""},"schema":{"@context":"https:\/\/schema.org","@graph":[{"@type":"BlogPosting","@id":"https:\/\/serrafm879.com.br\/serrafm\/2024\/01\/governo-de-pernambuco-cria-secretaria-para-administrar-sistema-penitenciario-e-outras-confira\/#blogposting","name":"Governo de Pernambuco cria secretaria para administrar sistema penitenci\u00e1rio e outras; confira - Serra FM 87,9","headline":"Governo de Pernambuco cria secretaria para administrar sistema penitenci\u00e1rio e outras; confira","author":{"@id":"https:\/\/serrafm879.com.br\/serrafm\/author\/serrafm87\/#author"},"publisher":{"@id":"https:\/\/serrafm879.com.br\/serrafm\/#organization"},"image":{"@type":"ImageObject","url":"https:\/\/serrafm879.com.br\/serrafm\/wp-content\/uploads\/2024\/01\/PALACIO.jpeg","width":1100,"height":734},"datePublished":"2024-01-10T08:49:02-03:00","dateModified":"2024-01-10T08:49:02-03:00","inLanguage":"pt-BR","mainEntityOfPage":{"@id":"https:\/\/serrafm879.com.br\/serrafm\/2024\/01\/governo-de-pernambuco-cria-secretaria-para-administrar-sistema-penitenciario-e-outras-confira\/#webpage"},"isPartOf":{"@id":"https:\/\/serrafm879.com.br\/serrafm\/2024\/01\/governo-de-pernambuco-cria-secretaria-para-administrar-sistema-penitenciario-e-outras-confira\/#webpage"},"articleSection":"Not\u00edcias"},{"@type":"BreadcrumbList","@id":"https:\/\/serrafm879.com.br\/serrafm\/2024\/01\/governo-de-pernambuco-cria-secretaria-para-administrar-sistema-penitenciario-e-outras-confira\/#breadcrumblist","itemListElement":[{"@type":"ListItem","@id":"https:\/\/serrafm879.com.br\/serrafm#listItem","position":1,"name":"Home","item":"https:\/\/serrafm879.com.br\/serrafm","nextItem":{"@type":"ListItem","@id":"https:\/\/serrafm879.com.br\/serrafm\/categoria\/noticias\/#listItem","name":"Not\u00edcias"}},{"@type":"ListItem","@id":"https:\/\/serrafm879.com.br\/serrafm\/categoria\/noticias\/#listItem","position":2,"name":"Not\u00edcias","item":"https:\/\/serrafm879.com.br\/serrafm\/categoria\/noticias\/","nextItem":{"@type":"ListItem","@id":"https:\/\/serrafm879.com.br\/serrafm\/2024\/01\/governo-de-pernambuco-cria-secretaria-para-administrar-sistema-penitenciario-e-outras-confira\/#listItem","name":"Governo de Pernambuco cria secretaria para administrar sistema penitenci\u00e1rio e outras; confira"},"previousItem":{"@type":"ListItem","@id":"https:\/\/serrafm879.com.br\/serrafm#listItem","name":"Home"}},{"@type":"ListItem","@id":"https:\/\/serrafm879.com.br\/serrafm\/2024\/01\/governo-de-pernambuco-cria-secretaria-para-administrar-sistema-penitenciario-e-outras-confira\/#listItem","position":3,"name":"Governo de Pernambuco cria secretaria para administrar sistema penitenci\u00e1rio e outras; confira","previousItem":{"@type":"ListItem","@id":"https:\/\/serrafm879.com.br\/serrafm\/categoria\/noticias\/#listItem","name":"Not\u00edcias"}}]},{"@type":"Organization","@id":"https:\/\/serrafm879.com.br\/serrafm\/#organization","name":"Serra FM 87,9","description":"O seu novo amor!","url":"https:\/\/serrafm879.com.br\/serrafm\/"},{"@type":"Person","@id":"https:\/\/serrafm879.com.br\/serrafm\/author\/serrafm87\/#author","url":"https:\/\/serrafm879.com.br\/serrafm\/author\/serrafm87\/","name":"serrafm87","image":{"@type":"ImageObject","@id":"https:\/\/serrafm879.com.br\/serrafm\/2024\/01\/governo-de-pernambuco-cria-secretaria-para-administrar-sistema-penitenciario-e-outras-confira\/#authorImage","url":"https:\/\/secure.gravatar.com\/avatar\/a743233f1112d34f48bb3dc9559b76eb930bab8b27175856cba6362608736235?s=96&d=mm&r=g","width":96,"height":96,"caption":"serrafm87"}},{"@type":"WebPage","@id":"https:\/\/serrafm879.com.br\/serrafm\/2024\/01\/governo-de-pernambuco-cria-secretaria-para-administrar-sistema-penitenciario-e-outras-confira\/#webpage","url":"https:\/\/serrafm879.com.br\/serrafm\/2024\/01\/governo-de-pernambuco-cria-secretaria-para-administrar-sistema-penitenciario-e-outras-confira\/","name":"Governo de Pernambuco cria secretaria para administrar sistema penitenci\u00e1rio e outras; confira - Serra FM 87,9","description":"Em lei publicada na edi\u00e7\u00e3o desta quarta-feira (10) do Di\u00e1rio Oficial do Estado, a governadora de Pernambuco, Raquel Lyra (PSDB), alterou pontos da estrutura e do funcionamento do Poder Executivo. Entre as principais mudan\u00e7as, a instala\u00e7\u00e3o da Secretaria de Administra\u00e7\u00e3o Penitenci\u00e1ria e Ressocializa\u00e7\u00e3o, que ser\u00e1 respons\u00e1vel por gerir o sistema prisional, e novas atribui\u00e7\u00f5es e o desmembramento de outras pastas. At\u00e9 ent\u00e3o, a","inLanguage":"pt-BR","isPartOf":{"@id":"https:\/\/serrafm879.com.br\/serrafm\/#website"},"breadcrumb":{"@id":"https:\/\/serrafm879.com.br\/serrafm\/2024\/01\/governo-de-pernambuco-cria-secretaria-para-administrar-sistema-penitenciario-e-outras-confira\/#breadcrumblist"},"author":{"@id":"https:\/\/serrafm879.com.br\/serrafm\/author\/serrafm87\/#author"},"creator":{"@id":"https:\/\/serrafm879.com.br\/serrafm\/author\/serrafm87\/#author"},"image":{"@type":"ImageObject","url":"https:\/\/serrafm879.com.br\/serrafm\/wp-content\/uploads\/2024\/01\/PALACIO.jpeg","@id":"https:\/\/serrafm879.com.br\/serrafm\/2024\/01\/governo-de-pernambuco-cria-secretaria-para-administrar-sistema-penitenciario-e-outras-confira\/#mainImage","width":1100,"height":734},"primaryImageOfPage":{"@id":"https:\/\/serrafm879.com.br\/serrafm\/2024\/01\/governo-de-pernambuco-cria-secretaria-para-administrar-sistema-penitenciario-e-outras-confira\/#mainImage"},"datePublished":"2024-01-10T08:49:02-03:00","dateModified":"2024-01-10T08:49:02-03:00"},{"@type":"WebSite","@id":"https:\/\/serrafm879.com.br\/serrafm\/#website","url":"https:\/\/serrafm879.com.br\/serrafm\/","name":"Serra FM 87,9","description":"O seu novo amor!","inLanguage":"pt-BR","publisher":{"@id":"https:\/\/serrafm879.com.br\/serrafm\/#organization"}}]},"twitter:card":"summary_large_image","twitter:title":"Governo de Pernambuco cria secretaria para administrar sistema penitenci\u00e1rio e outras; confira - Serra FM 87,9","twitter:description":"Em lei publicada na edi\u00e7\u00e3o desta quarta-feira (10) do Di\u00e1rio Oficial do Estado, a governadora de Pernambuco, Raquel Lyra (PSDB), alterou pontos da estrutura e do funcionamento do Poder Executivo. Entre as principais mudan\u00e7as, a instala\u00e7\u00e3o da Secretaria de Administra\u00e7\u00e3o Penitenci\u00e1ria e Ressocializa\u00e7\u00e3o, que ser\u00e1 respons\u00e1vel por gerir o sistema prisional, e novas atribui\u00e7\u00f5es e o desmembramento de outras pastas. At\u00e9 ent\u00e3o, a","twitter:image":"https:\/\/serrafm879.com.br\/serrafm\/wp-content\/uploads\/2024\/01\/PALACIO.jpeg"},"aioseo_meta_data":{"post_id":"15506","title":null,"description":null,"keywords":null,"keyphrases":null,"primary_term":null,"canonical_url":null,"og_title":null,"og_description":null,"og_object_type":"default","og_image_type":"default","og_image_custom_url":null,"og_image_custom_fields":null,"og_image_url":null,"og_image_width":null,"og_image_height":null,"og_video":null,"og_custom_url":null,"og_article_section":null,"og_article_tags":null,"twitter_use_og":false,"twitter_card":"default","twitter_image_type":"default","twitter_image_custom_url":null,"twitter_image_custom_fields":null,"twitter_image_url":null,"twitter_title":null,"twitter_description":null,"schema_type":"default","schema_type_options":null,"schema":{"blockGraphs":[],"customGraphs":[],"default":{"data":{"Article":[],"Course":[],"Dataset":[],"FAQPage":[],"Movie":[],"Person":[],"Product":[],"ProductReview":[],"Car":[],"Recipe":[],"Service":[],"SoftwareApplication":[],"WebPage":[]},"graphName":"","isEnabled":true},"graphs":[]},"pillar_content":false,"robots_default":true,"robots_noindex":false,"robots_noarchive":false,"robots_nosnippet":false,"robots_nofollow":false,"robots_noimageindex":false,"robots_noodp":false,"robots_notranslate":false,"robots_max_snippet":null,"robots_max_videopreview":null,"robots_max_imagepreview":"large","priority":null,"frequency":null,"local_seo":null,"limit_modified_date":false,"ai":null,"breadcrumb_settings":null,"seo_analyzer_scan_date":null,"created":"2026-07-21 09:37:42","updated":"2026-07-21 09:37:42"},"aioseo_breadcrumb":"<div class=\"aioseo-breadcrumbs\"><span class=\"aioseo-breadcrumb\">\n\t\t\t<a href=\"https:\/\/serrafm879.com.br\/serrafm\" title=\"Home\">Home<\/a>\n\t\t<\/span><span class=\"aioseo-breadcrumb-separator\">&raquo;<\/span><span class=\"aioseo-breadcrumb\">\n\t\t\t<a href=\"https:\/\/serrafm879.com.br\/serrafm\/categoria\/noticias\/\" title=\"Not\u00edcias\">Not\u00edcias<\/a>\n\t\t<\/span><span class=\"aioseo-breadcrumb-separator\">&raquo;<\/span><span class=\"aioseo-breadcrumb\">\n\t\t\tGoverno de Pernambuco cria secretaria para administrar sistema penitenci\u00e1rio e outras; confira\n\t\t<\/span><\/div>","aioseo_breadcrumb_json":[{"label":"Home","link":"https:\/\/serrafm879.com.br\/serrafm"},{"label":"Not\u00edcias","link":"https:\/\/serrafm879.com.br\/serrafm\/categoria\/noticias\/"},{"label":"Governo de Pernambuco cria secretaria para administrar sistema penitenci\u00e1rio e outras; confira","link":"https:\/\/serrafm879.com.br\/serrafm\/2024\/01\/governo-de-pernambuco-cria-secretaria-para-administrar-sistema-penitenciario-e-outras-confira\/"}],"jetpack_publicize_connections":[],"jetpack_featured_media_url":"https:\/\/serrafm879.com.br\/serrafm\/wp-content\/uploads\/2024\/01\/PALACIO.jpeg","jetpack_shortlink":"https:\/\/wp.me\/p7HyXg-426","jetpack_sharing_enabled":true,"_links":{"self":[{"href":"https:\/\/serrafm879.com.br\/serrafm\/wp-json\/wp\/v2\/posts\/15506","targetHints":{"allow":["GET"]}}],"collection":[{"href":"https:\/\/serrafm879.com.br\/serrafm\/wp-json\/wp\/v2\/posts"}],"about":[{"href":"https:\/\/serrafm879.com.br\/serrafm\/wp-json\/wp\/v2\/types\/post"}],"author":[{"embeddable":true,"href":"https:\/\/serrafm879.com.br\/serrafm\/wp-json\/wp\/v2\/users\/2"}],"replies":[{"embeddable":true,"href":"https:\/\/serrafm879.com.br\/serrafm\/wp-json\/wp\/v2\/comments?post=15506"}],"version-history":[{"count":1,"href":"https:\/\/serrafm879.com.br\/serrafm\/wp-json\/wp\/v2\/posts\/15506\/revisions"}],"predecessor-version":[{"id":15508,"href":"https:\/\/serrafm879.com.br\/serrafm\/wp-json\/wp\/v2\/posts\/15506\/revisions\/15508"}],"wp:featuredmedia":[{"embeddable":true,"href":"https:\/\/serrafm879.com.br\/serrafm\/wp-json\/wp\/v2\/media\/15507"}],"wp:attachment":[{"href":"https:\/\/serrafm879.com.br\/serrafm\/wp-json\/wp\/v2\/media?parent=15506"}],"wp:term":[{"taxonomy":"category","embeddable":true,"href":"https:\/\/serrafm879.com.br\/serrafm\/wp-json\/wp\/v2\/categories?post=15506"},{"taxonomy":"post_tag","embeddable":true,"href":"https:\/\/serrafm879.com.br\/serrafm\/wp-json\/wp\/v2\/tags?post=15506"}],"curies":[{"name":"wp","href":"https:\/\/api.w.org\/{rel}","templated":true}]}}