{"id":15562,"date":"2024-01-15T05:50:29","date_gmt":"2024-01-15T08:50:29","guid":{"rendered":"https:\/?p=15562"},"modified":"2024-01-15T05:52:28","modified_gmt":"2024-01-15T08:52:28","slug":"ventania-arrasta-telhados-e-arvores-em-bairros-de-serra-talhada","status":"publish","type":"post","link":"https:\/\/serrafm879.com.br\/serrafm\/2024\/01\/ventania-arrasta-telhados-e-arvores-em-bairros-de-serra-talhada\/","title":{"rendered":"Chuva com fortes ventos arrasta telhados e \u00e1rvores em Serra Talhada"},"content":{"rendered":"<p>Nesta tarde de domingo(14),Uma chuvacom\u00a0 pouco mais de 30 minutos, deixou um rastro de destrui\u00e7\u00e3o e preju\u00edzos ficou por Serra Talhada.<\/p>\n<p>Casas e estabelecimentos no bairro Ipsep, S\u00e3o Crist\u00f3v\u00e3o e Cohab ficaram danificados.<\/p>\n<p>Al\u00e9m disso, h\u00e1 registros de carros sendo amassados por estruturas de ferro. O parte do teto do posto S\u00e3o Crist\u00f3v\u00e3o, \u00e0s margens da BR-232, tamb\u00e9m ficou danificado.<\/p>\n<div><\/div>\n","protected":false},"excerpt":{"rendered":"<p>Nesta tarde de domingo(14),Uma chuvacom\u00a0 pouco mais de 30 minutos, deixou um rastro de destrui\u00e7\u00e3o e preju\u00edzos ficou por Serra Talhada. Casas e estabelecimentos no bairro Ipsep, S\u00e3o Crist\u00f3v\u00e3o e Cohab ficaram danificados. Al\u00e9m disso, h\u00e1 registros de carros sendo amassados por estruturas de ferro. O parte do teto do posto S\u00e3o Crist\u00f3v\u00e3o, \u00e0s margens da BR-232, tamb\u00e9m ficou danificado.<\/p>\n","protected":false},"author":2,"featured_media":0,"comment_status":"open","ping_status":"open","sticky":false,"template":"","format":"standard","meta":{"_jetpack_memberships_contains_paid_content":false,"footnotes":"","jetpack_publicize_message":"","jetpack_publicize_feature_enabled":true,"jetpack_social_post_already_shared":true,"jetpack_social_options":{"image_generator_settings":{"template":"highway","enabled":false},"version":2}},"categories":[2],"tags":[],"class_list":["post-15562","post","type-post","status-publish","format-standard","hentry","category-noticias"],"jetpack_publicize_connections":[],"yoast_head":"<!-- This site is optimized with the Yoast SEO plugin v24.7 - https:\/\/yoast.com\/wordpress\/plugins\/seo\/ -->\n<title>Chuva com fortes ventos arrasta telhados e \u00e1rvores em Serra Talhada - Serra FM 87,9<\/title>\n<meta name=\"robots\" content=\"index, follow, max-snippet:-1, max-image-preview:large, max-video-preview:-1\" \/>\n<link rel=\"canonical\" href=\"https:\/\/serrafm879.com.br\/serrafm\/2024\/01\/ventania-arrasta-telhados-e-arvores-em-bairros-de-serra-talhada\/\" \/>\n<meta property=\"og:locale\" content=\"pt_BR\" \/>\n<meta property=\"og:type\" content=\"article\" \/>\n<meta property=\"og:title\" content=\"Chuva com fortes ventos arrasta telhados e \u00e1rvores em Serra Talhada - Serra FM 87,9\" \/>\n<meta property=\"og:description\" content=\"Nesta tarde de domingo(14),Uma chuvacom\u00a0 pouco mais de 30 minutos, deixou um rastro de destrui\u00e7\u00e3o e preju\u00edzos ficou por Serra Talhada. Casas e estabelecimentos no bairro Ipsep, S\u00e3o Crist\u00f3v\u00e3o e Cohab ficaram danificados. Al\u00e9m disso, h\u00e1 registros de carros sendo amassados por estruturas de ferro. O parte do teto do posto S\u00e3o Crist\u00f3v\u00e3o, \u00e0s margens da BR-232, tamb\u00e9m ficou danificado.\" \/>\n<meta property=\"og:url\" content=\"https:\/\/serrafm879.com.br\/serrafm\/2024\/01\/ventania-arrasta-telhados-e-arvores-em-bairros-de-serra-talhada\/\" \/>\n<meta property=\"og:site_name\" content=\"Serra FM 87,9\" \/>\n<meta property=\"article:published_time\" content=\"2024-01-15T08:50:29+00:00\" \/>\n<meta property=\"article:modified_time\" content=\"2024-01-15T08:52:28+00:00\" \/>\n<meta property=\"og:image\" content=\"https:\/wp-content\/themes\/serrafm\/img\/xlogo-serra-fm.png\" \/>\n<meta name=\"author\" content=\"serrafm87\" \/>\n<meta name=\"twitter:card\" content=\"summary_large_image\" \/>\n<meta name=\"twitter:label1\" content=\"Escrito por\" \/>\n\t<meta name=\"twitter:data1\" content=\"serrafm87\" \/>\n\t<meta name=\"twitter:label2\" content=\"Est. tempo de leitura\" \/>\n\t<meta name=\"twitter:data2\" content=\"1 minuto\" \/>\n<script type=\"application\/ld+json\" class=\"yoast-schema-graph\">{\"@context\":\"https:\/\/schema.org\",\"@graph\":[{\"@type\":\"WebPage\",\"@id\":\"https:\/\/serrafm879.com.br\/serrafm\/2024\/01\/ventania-arrasta-telhados-e-arvores-em-bairros-de-serra-talhada\/\",\"url\":\"https:\/\/serrafm879.com.br\/serrafm\/2024\/01\/ventania-arrasta-telhados-e-arvores-em-bairros-de-serra-talhada\/\",\"name\":\"Chuva com fortes ventos arrasta telhados e \u00e1rvores em Serra Talhada - Serra FM 87,9\",\"isPartOf\":{\"@id\":\"https:\/\/serrafm879.com.br\/serrafm\/#website\"},\"datePublished\":\"2024-01-15T08:50:29+00:00\",\"dateModified\":\"2024-01-15T08:52:28+00:00\",\"author\":{\"@id\":\"https:\/\/serrafm879.com.br\/serrafm\/#\/schema\/person\/c028a197030ff8b1c03c68dfba4a787a\"},\"breadcrumb\":{\"@id\":\"https:\/\/serrafm879.com.br\/serrafm\/2024\/01\/ventania-arrasta-telhados-e-arvores-em-bairros-de-serra-talhada\/#breadcrumb\"},\"inLanguage\":\"pt-BR\",\"potentialAction\":[{\"@type\":\"ReadAction\",\"target\":[\"https:\/\/serrafm879.com.br\/serrafm\/2024\/01\/ventania-arrasta-telhados-e-arvores-em-bairros-de-serra-talhada\/\"]}]},{\"@type\":\"BreadcrumbList\",\"@id\":\"https:\/\/serrafm879.com.br\/serrafm\/2024\/01\/ventania-arrasta-telhados-e-arvores-em-bairros-de-serra-talhada\/#breadcrumb\",\"itemListElement\":[{\"@type\":\"ListItem\",\"position\":1,\"name\":\"In\u00edcio\",\"item\":\"https:\/\/serrafm879.com.br\/serrafm\/\"},{\"@type\":\"ListItem\",\"position\":2,\"name\":\"Chuva com fortes ventos arrasta telhados e \u00e1rvores em Serra Talhada\"}]},{\"@type\":\"WebSite\",\"@id\":\"https:\/\/serrafm879.com.br\/serrafm\/#website\",\"url\":\"https:\/\/serrafm879.com.br\/serrafm\/\",\"name\":\"Serra FM 87,9\",\"description\":\"O seu novo amor!\",\"potentialAction\":[{\"@type\":\"SearchAction\",\"target\":{\"@type\":\"EntryPoint\",\"urlTemplate\":\"https:\/\/serrafm879.com.br\/serrafm\/?s={search_term_string}\"},\"query-input\":{\"@type\":\"PropertyValueSpecification\",\"valueRequired\":true,\"valueName\":\"search_term_string\"}}],\"inLanguage\":\"pt-BR\"},{\"@type\":\"Person\",\"@id\":\"https:\/\/serrafm879.com.br\/serrafm\/#\/schema\/person\/c028a197030ff8b1c03c68dfba4a787a\",\"name\":\"serrafm87\",\"image\":{\"@type\":\"ImageObject\",\"inLanguage\":\"pt-BR\",\"@id\":\"https:\/\/serrafm879.com.br\/serrafm\/#\/schema\/person\/image\/\",\"url\":\"https:\/\/secure.gravatar.com\/avatar\/a743233f1112d34f48bb3dc9559b76eb930bab8b27175856cba6362608736235?s=96&d=mm&r=g\",\"contentUrl\":\"https:\/\/secure.gravatar.com\/avatar\/a743233f1112d34f48bb3dc9559b76eb930bab8b27175856cba6362608736235?s=96&d=mm&r=g\",\"caption\":\"serrafm87\"},\"sameAs\":[\"http:\/\/serrafm879.com.br\/\"],\"url\":\"https:\/\/serrafm879.com.br\/serrafm\/author\/serrafm87\/\"}]}<\/script>\n<!-- \/ Yoast SEO plugin. -->","yoast_head_json":{"title":"Chuva com fortes ventos arrasta telhados e \u00e1rvores em Serra Talhada - Serra FM 87,9","robots":{"index":"index","follow":"follow","max-snippet":"max-snippet:-1","max-image-preview":"max-image-preview:large","max-video-preview":"max-video-preview:-1"},"canonical":"https:\/\/serrafm879.com.br\/serrafm\/2024\/01\/ventania-arrasta-telhados-e-arvores-em-bairros-de-serra-talhada\/","og_locale":"pt_BR","og_type":"article","og_title":"Chuva com fortes ventos arrasta telhados e \u00e1rvores em Serra Talhada - Serra FM 87,9","og_description":"Nesta tarde de domingo(14),Uma chuvacom\u00a0 pouco mais de 30 minutos, deixou um rastro de destrui\u00e7\u00e3o e preju\u00edzos ficou por Serra Talhada. Casas e estabelecimentos no bairro Ipsep, S\u00e3o Crist\u00f3v\u00e3o e Cohab ficaram danificados. Al\u00e9m disso, h\u00e1 registros de carros sendo amassados por estruturas de ferro. O parte do teto do posto S\u00e3o Crist\u00f3v\u00e3o, \u00e0s margens da BR-232, tamb\u00e9m ficou danificado.","og_url":"https:\/\/serrafm879.com.br\/serrafm\/2024\/01\/ventania-arrasta-telhados-e-arvores-em-bairros-de-serra-talhada\/","og_site_name":"Serra FM 87,9","article_published_time":"2024-01-15T08:50:29+00:00","article_modified_time":"2024-01-15T08:52:28+00:00","og_image":[{"url":"https:\/wp-content\/themes\/serrafm\/img\/xlogo-serra-fm.png","type":"","width":"","height":""}],"author":"serrafm87","twitter_card":"summary_large_image","twitter_misc":{"Escrito por":"serrafm87","Est. tempo de leitura":"1 minuto"},"schema":{"@context":"https:\/\/schema.org","@graph":[{"@type":"WebPage","@id":"https:\/\/serrafm879.com.br\/serrafm\/2024\/01\/ventania-arrasta-telhados-e-arvores-em-bairros-de-serra-talhada\/","url":"https:\/\/serrafm879.com.br\/serrafm\/2024\/01\/ventania-arrasta-telhados-e-arvores-em-bairros-de-serra-talhada\/","name":"Chuva com fortes ventos arrasta telhados e \u00e1rvores em Serra Talhada - Serra FM 87,9","isPartOf":{"@id":"https:\/\/serrafm879.com.br\/serrafm\/#website"},"datePublished":"2024-01-15T08:50:29+00:00","dateModified":"2024-01-15T08:52:28+00:00","author":{"@id":"https:\/\/serrafm879.com.br\/serrafm\/#\/schema\/person\/c028a197030ff8b1c03c68dfba4a787a"},"breadcrumb":{"@id":"https:\/\/serrafm879.com.br\/serrafm\/2024\/01\/ventania-arrasta-telhados-e-arvores-em-bairros-de-serra-talhada\/#breadcrumb"},"inLanguage":"pt-BR","potentialAction":[{"@type":"ReadAction","target":["https:\/\/serrafm879.com.br\/serrafm\/2024\/01\/ventania-arrasta-telhados-e-arvores-em-bairros-de-serra-talhada\/"]}]},{"@type":"BreadcrumbList","@id":"https:\/\/serrafm879.com.br\/serrafm\/2024\/01\/ventania-arrasta-telhados-e-arvores-em-bairros-de-serra-talhada\/#breadcrumb","itemListElement":[{"@type":"ListItem","position":1,"name":"In\u00edcio","item":"https:\/\/serrafm879.com.br\/serrafm\/"},{"@type":"ListItem","position":2,"name":"Chuva com fortes ventos arrasta telhados e \u00e1rvores em Serra Talhada"}]},{"@type":"WebSite","@id":"https:\/\/serrafm879.com.br\/serrafm\/#website","url":"https:\/\/serrafm879.com.br\/serrafm\/","name":"Serra FM 87,9","description":"O seu novo amor!","potentialAction":[{"@type":"SearchAction","target":{"@type":"EntryPoint","urlTemplate":"https:\/\/serrafm879.com.br\/serrafm\/?s={search_term_string}"},"query-input":{"@type":"PropertyValueSpecification","valueRequired":true,"valueName":"search_term_string"}}],"inLanguage":"pt-BR"},{"@type":"Person","@id":"https:\/\/serrafm879.com.br\/serrafm\/#\/schema\/person\/c028a197030ff8b1c03c68dfba4a787a","name":"serrafm87","image":{"@type":"ImageObject","inLanguage":"pt-BR","@id":"https:\/\/serrafm879.com.br\/serrafm\/#\/schema\/person\/image\/","url":"https:\/\/secure.gravatar.com\/avatar\/a743233f1112d34f48bb3dc9559b76eb930bab8b27175856cba6362608736235?s=96&d=mm&r=g","contentUrl":"https:\/\/secure.gravatar.com\/avatar\/a743233f1112d34f48bb3dc9559b76eb930bab8b27175856cba6362608736235?s=96&d=mm&r=g","caption":"serrafm87"},"sameAs":["http:\/\/serrafm879.com.br\/"],"url":"https:\/\/serrafm879.com.br\/serrafm\/author\/serrafm87\/"}]}},"jetpack_featured_media_url":"","jetpack_shortlink":"https:\/\/wp.me\/p7HyXg-430","jetpack_sharing_enabled":true,"_links":{"self":[{"href":"https:\/\/serrafm879.com.br\/serrafm\/wp-json\/wp\/v2\/posts\/15562","targetHints":{"allow":["GET"]}}],"collection":[{"href":"https:\/\/serrafm879.com.br\/serrafm\/wp-json\/wp\/v2\/posts"}],"about":[{"href":"https:\/\/serrafm879.com.br\/serrafm\/wp-json\/wp\/v2\/types\/post"}],"author":[{"embeddable":true,"href":"https:\/\/serrafm879.com.br\/serrafm\/wp-json\/wp\/v2\/users\/2"}],"replies":[{"embeddable":true,"href":"https:\/\/serrafm879.com.br\/serrafm\/wp-json\/wp\/v2\/comments?post=15562"}],"version-history":[{"count":3,"href":"https:\/\/serrafm879.com.br\/serrafm\/wp-json\/wp\/v2\/posts\/15562\/revisions"}],"predecessor-version":[{"id":15566,"href":"https:\/\/serrafm879.com.br\/serrafm\/wp-json\/wp\/v2\/posts\/15562\/revisions\/15566"}],"wp:attachment":[{"href":"https:\/\/serrafm879.com.br\/serrafm\/wp-json\/wp\/v2\/media?parent=15562"}],"wp:term":[{"taxonomy":"category","embeddable":true,"href":"https:\/\/serrafm879.com.br\/serrafm\/wp-json\/wp\/v2\/categories?post=15562"},{"taxonomy":"post_tag","embeddable":true,"href":"https:\/\/serrafm879.com.br\/serrafm\/wp-json\/wp\/v2\/tags?post=15562"}],"curies":[{"name":"wp","href":"https:\/\/api.w.org\/{rel}","templated":true}]}}