{"id":16583,"date":"2024-07-01T17:12:16","date_gmt":"2024-07-01T20:12:16","guid":{"rendered":"https:\/?p=16583"},"modified":"2024-07-01T17:12:16","modified_gmt":"2024-07-01T20:12:16","slug":"principais-restricoes-do-calendario-eleitoral-comecam-neste-mes-de-julho","status":"publish","type":"post","link":"https:\/\/serrafm879.com.br\/serrafm\/2024\/07\/principais-restricoes-do-calendario-eleitoral-comecam-neste-mes-de-julho\/","title":{"rendered":"Principais restri\u00e7\u00f5es do calend\u00e1rio eleitoral come\u00e7am neste m\u00eas de julho"},"content":{"rendered":"<p>A partir deste m\u00eas, come\u00e7am a valer as principais restri\u00e7\u00f5es previstas no calend\u00e1rio eleitoral para impedir o uso da m\u00e1quina p\u00fablica a favor de candidatos \u00e0s elei\u00e7\u00f5es municipais de outubro. As veda\u00e7\u00f5es est\u00e3o previstas na Lei das Elei\u00e7\u00f5es (Lei 9.504\/1997).<\/p>\n<p>No dia 6 de julho, tr\u00eas meses antes do pleito, come\u00e7am as restri\u00e7\u00f5es para contrata\u00e7\u00e3o e demiss\u00e3o de servidores p\u00fablicos. A partir do dia 20, os partidos podem realizar suas conven\u00e7\u00f5es internas para a escolha dos candidatos aos cargos de prefeito, vice-prefeito e vereadores.<\/p>\n<p>O primeiro turno das elei\u00e7\u00f5es ser\u00e1 no dia 6 de outubro. O segundo turno da disputa poder\u00e1 ser realizado em 27 de outubro nos munic\u00edpios com mais de 200 mil eleitores, nos quais nenhum dos candidatos \u00e0 prefeitura atingiu mais da metade dos votos v\u00e1lidos, exclu\u00eddos os brancos e nulos, no primeiro turno.<\/p>\n<p><b>Confira as principais restri\u00e7\u00f5es<\/b><\/p>\n<p><b>6 de julho<\/b><\/p>\n<p>Nomea\u00e7\u00e3o de servidores ser\u00e1 a partir do pr\u00f3ximo s\u00e1bado (6), tr\u00eas meses antes do pleito, os agentes p\u00fablicos n\u00e3o podem nomear, contratar e demitir por justa causa servidores p\u00fablicos. A lei abre exce\u00e7\u00e3o para nomea\u00e7\u00e3o e exonera\u00e7\u00e3o de pessoas que exercem fun\u00e7\u00e3o comissionada e a contrata\u00e7\u00e3o de natureza emergencial para garantir o funcionamento de servi\u00e7os p\u00fablicos essenciais.<\/p>\n<p><b>Concursos \u2013<\/b>\u00a0A nomea\u00e7\u00e3o de servidores s\u00f3 pode ocorrer se o resultado do concurso foi homologado at\u00e9 6 de julho.<\/p>\n<p><b>Verbas \u2013<\/b>\u00a0Os agentes p\u00fablicos tamb\u00e9m est\u00e3o proibidos de fazer transfer\u00eancia volunt\u00e1ria de recursos do governo federal aos estados e munic\u00edpios. O dinheiro s\u00f3 pode ser enviado para obras que j\u00e1 est\u00e3o em andamento ou para atender situa\u00e7\u00f5es de calamidade p\u00fablica.<\/p>\n<p><b>Publicidade estatal \u2013<\/b>\u00a0A autoriza\u00e7\u00e3o para realiza\u00e7\u00e3o de publicidade institucional de programas de governo tamb\u00e9m est\u00e1 proibida. Pronunciamentos oficiais em cadeia de r\u00e1dio e televis\u00e3o e a divulga\u00e7\u00e3o de nomes de candidatos em sites oficiais tamb\u00e9m est\u00e3o vedados e s\u00f3 podem ocorrer com autoriza\u00e7\u00e3o da Justi\u00e7a Eleitoral.<\/p>\n<p><b>Inaugura\u00e7\u00e3o de obras \u2013<\/b>\u00a0Tamb\u00e9m fica proibida a participa\u00e7\u00e3o de candidatos em inaugura\u00e7\u00f5es de obras p\u00fablicas.<\/p>\n<p><b>20 de julho<\/b><\/p>\n<p><b>Conven\u00e7\u00f5es \u2013<\/b>\u00a0A partir do dia 20 de julho, os partidos pol\u00edticos e as federa\u00e7\u00f5es poder\u00e3o escolher seus candidatos para os cargos de prefeito, vice-prefeito e vereador. O prazo para realiza\u00e7\u00e3o das conven\u00e7\u00f5es termina em 5 de agosto.<\/p>\n<p><b>Gastos de campanha \u2013\u00a0<\/b>Na mesma data, o TSE divulgar\u00e1 o limite de gastos de campanha para os cargos que estar\u00e3o em disputa.<\/p>\n<p><b>Direito de resposta \u2013<\/b>\u00a0Tamb\u00e9m come\u00e7a a valer a possiblidade de candidatos e partidos pedirem direito de resposta contra reportagens, coment\u00e1rios e postagens que considerarem ofensivas na imprensa e nas redes sociais. As informa\u00e7\u00f5es s\u00e3o da Ag\u00eancia Brasil.<\/p>\n<p>&nbsp;<\/p>\n","protected":false},"excerpt":{"rendered":"<p>A partir deste m\u00eas, come\u00e7am a valer as principais restri\u00e7\u00f5es previstas no calend\u00e1rio eleitoral para impedir o uso da m\u00e1quina p\u00fablica a favor de candidatos \u00e0s elei\u00e7\u00f5es municipais de outubro. As veda\u00e7\u00f5es est\u00e3o previstas na Lei das Elei\u00e7\u00f5es (Lei 9.504\/1997). No dia 6 de julho, tr\u00eas meses antes do pleito, come\u00e7am as restri\u00e7\u00f5es para contrata\u00e7\u00e3o e demiss\u00e3o de servidores p\u00fablicos. A partir do dia 20, os partidos podem realizar suas conven\u00e7\u00f5es internas para a escolha dos candidatos aos cargos de prefeito, vice-prefeito e vereadores. O primeiro turno das elei\u00e7\u00f5es ser\u00e1 no dia 6 de outubro. O segundo turno da disputa [&hellip;]<\/p>\n","protected":false},"author":2,"featured_media":16584,"comment_status":"open","ping_status":"open","sticky":false,"template":"","format":"standard","meta":{"_jetpack_memberships_contains_paid_content":false,"footnotes":"","jetpack_publicize_message":"","jetpack_publicize_feature_enabled":true,"jetpack_social_post_already_shared":true,"jetpack_social_options":{"image_generator_settings":{"template":"highway","enabled":false},"version":2}},"categories":[1],"tags":[],"class_list":["post-16583","post","type-post","status-publish","format-standard","has-post-thumbnail","hentry","category-uncategorized"],"jetpack_publicize_connections":[],"yoast_head":"<!-- This site is optimized with the Yoast SEO plugin v24.7 - https:\/\/yoast.com\/wordpress\/plugins\/seo\/ -->\n<title>Principais restri\u00e7\u00f5es do calend\u00e1rio eleitoral come\u00e7am neste m\u00eas de julho - Serra FM 87,9<\/title>\n<meta name=\"robots\" content=\"index, follow, max-snippet:-1, max-image-preview:large, max-video-preview:-1\" \/>\n<link rel=\"canonical\" href=\"https:\/\/serrafm879.com.br\/serrafm\/2024\/07\/principais-restricoes-do-calendario-eleitoral-comecam-neste-mes-de-julho\/\" \/>\n<meta property=\"og:locale\" content=\"pt_BR\" \/>\n<meta property=\"og:type\" content=\"article\" \/>\n<meta property=\"og:title\" content=\"Principais restri\u00e7\u00f5es do calend\u00e1rio eleitoral come\u00e7am neste m\u00eas de julho - Serra FM 87,9\" \/>\n<meta property=\"og:description\" content=\"A partir deste m\u00eas, come\u00e7am a valer as principais restri\u00e7\u00f5es previstas no calend\u00e1rio eleitoral para impedir o uso da m\u00e1quina p\u00fablica a favor de candidatos \u00e0s elei\u00e7\u00f5es municipais de outubro. As veda\u00e7\u00f5es est\u00e3o previstas na Lei das Elei\u00e7\u00f5es (Lei 9.504\/1997). No dia 6 de julho, tr\u00eas meses antes do pleito, come\u00e7am as restri\u00e7\u00f5es para contrata\u00e7\u00e3o e demiss\u00e3o de servidores p\u00fablicos. A partir do dia 20, os partidos podem realizar suas conven\u00e7\u00f5es internas para a escolha dos candidatos aos cargos de prefeito, vice-prefeito e vereadores. O primeiro turno das elei\u00e7\u00f5es ser\u00e1 no dia 6 de outubro. O segundo turno da disputa [&hellip;]\" \/>\n<meta property=\"og:url\" content=\"https:\/\/serrafm879.com.br\/serrafm\/2024\/07\/principais-restricoes-do-calendario-eleitoral-comecam-neste-mes-de-julho\/\" \/>\n<meta property=\"og:site_name\" content=\"Serra FM 87,9\" \/>\n<meta property=\"article:published_time\" content=\"2024-07-01T20:12:16+00:00\" \/>\n<meta property=\"og:image\" content=\"https:\/\/serrafm879.com.br\/serrafm\/wp-content\/uploads\/2024\/07\/download.jpg\" \/>\n\t<meta property=\"og:image:width\" content=\"194\" \/>\n\t<meta property=\"og:image:height\" content=\"183\" \/>\n\t<meta property=\"og:image:type\" content=\"image\/jpeg\" \/>\n<meta name=\"author\" content=\"serrafm87\" \/>\n<meta name=\"twitter:card\" content=\"summary_large_image\" \/>\n<meta name=\"twitter:label1\" content=\"Escrito por\" \/>\n\t<meta name=\"twitter:data1\" content=\"serrafm87\" \/>\n\t<meta name=\"twitter:label2\" content=\"Est. tempo de leitura\" \/>\n\t<meta name=\"twitter:data2\" content=\"3 minutos\" \/>\n<script type=\"application\/ld+json\" class=\"yoast-schema-graph\">{\"@context\":\"https:\/\/schema.org\",\"@graph\":[{\"@type\":\"WebPage\",\"@id\":\"https:\/\/serrafm879.com.br\/serrafm\/2024\/07\/principais-restricoes-do-calendario-eleitoral-comecam-neste-mes-de-julho\/\",\"url\":\"https:\/\/serrafm879.com.br\/serrafm\/2024\/07\/principais-restricoes-do-calendario-eleitoral-comecam-neste-mes-de-julho\/\",\"name\":\"Principais restri\u00e7\u00f5es do calend\u00e1rio eleitoral come\u00e7am neste m\u00eas de julho - Serra FM 87,9\",\"isPartOf\":{\"@id\":\"https:\/\/serrafm879.com.br\/serrafm\/#website\"},\"primaryImageOfPage\":{\"@id\":\"https:\/\/serrafm879.com.br\/serrafm\/2024\/07\/principais-restricoes-do-calendario-eleitoral-comecam-neste-mes-de-julho\/#primaryimage\"},\"image\":{\"@id\":\"https:\/\/serrafm879.com.br\/serrafm\/2024\/07\/principais-restricoes-do-calendario-eleitoral-comecam-neste-mes-de-julho\/#primaryimage\"},\"thumbnailUrl\":\"https:\/\/serrafm879.com.br\/serrafm\/wp-content\/uploads\/2024\/07\/download.jpg\",\"datePublished\":\"2024-07-01T20:12:16+00:00\",\"author\":{\"@id\":\"https:\/\/serrafm879.com.br\/serrafm\/#\/schema\/person\/c028a197030ff8b1c03c68dfba4a787a\"},\"breadcrumb\":{\"@id\":\"https:\/\/serrafm879.com.br\/serrafm\/2024\/07\/principais-restricoes-do-calendario-eleitoral-comecam-neste-mes-de-julho\/#breadcrumb\"},\"inLanguage\":\"pt-BR\",\"potentialAction\":[{\"@type\":\"ReadAction\",\"target\":[\"https:\/\/serrafm879.com.br\/serrafm\/2024\/07\/principais-restricoes-do-calendario-eleitoral-comecam-neste-mes-de-julho\/\"]}]},{\"@type\":\"ImageObject\",\"inLanguage\":\"pt-BR\",\"@id\":\"https:\/\/serrafm879.com.br\/serrafm\/2024\/07\/principais-restricoes-do-calendario-eleitoral-comecam-neste-mes-de-julho\/#primaryimage\",\"url\":\"https:\/\/serrafm879.com.br\/serrafm\/wp-content\/uploads\/2024\/07\/download.jpg\",\"contentUrl\":\"https:\/\/serrafm879.com.br\/serrafm\/wp-content\/uploads\/2024\/07\/download.jpg\",\"width\":194,\"height\":183},{\"@type\":\"BreadcrumbList\",\"@id\":\"https:\/\/serrafm879.com.br\/serrafm\/2024\/07\/principais-restricoes-do-calendario-eleitoral-comecam-neste-mes-de-julho\/#breadcrumb\",\"itemListElement\":[{\"@type\":\"ListItem\",\"position\":1,\"name\":\"In\u00edcio\",\"item\":\"https:\/\/serrafm879.com.br\/serrafm\/\"},{\"@type\":\"ListItem\",\"position\":2,\"name\":\"Principais restri\u00e7\u00f5es do calend\u00e1rio eleitoral come\u00e7am neste m\u00eas de julho\"}]},{\"@type\":\"WebSite\",\"@id\":\"https:\/\/serrafm879.com.br\/serrafm\/#website\",\"url\":\"https:\/\/serrafm879.com.br\/serrafm\/\",\"name\":\"Serra FM 87,9\",\"description\":\"O seu novo amor!\",\"potentialAction\":[{\"@type\":\"SearchAction\",\"target\":{\"@type\":\"EntryPoint\",\"urlTemplate\":\"https:\/\/serrafm879.com.br\/serrafm\/?s={search_term_string}\"},\"query-input\":{\"@type\":\"PropertyValueSpecification\",\"valueRequired\":true,\"valueName\":\"search_term_string\"}}],\"inLanguage\":\"pt-BR\"},{\"@type\":\"Person\",\"@id\":\"https:\/\/serrafm879.com.br\/serrafm\/#\/schema\/person\/c028a197030ff8b1c03c68dfba4a787a\",\"name\":\"serrafm87\",\"image\":{\"@type\":\"ImageObject\",\"inLanguage\":\"pt-BR\",\"@id\":\"https:\/\/serrafm879.com.br\/serrafm\/#\/schema\/person\/image\/\",\"url\":\"https:\/\/secure.gravatar.com\/avatar\/a743233f1112d34f48bb3dc9559b76eb930bab8b27175856cba6362608736235?s=96&d=mm&r=g\",\"contentUrl\":\"https:\/\/secure.gravatar.com\/avatar\/a743233f1112d34f48bb3dc9559b76eb930bab8b27175856cba6362608736235?s=96&d=mm&r=g\",\"caption\":\"serrafm87\"},\"sameAs\":[\"http:\/\/serrafm879.com.br\/\"],\"url\":\"https:\/\/serrafm879.com.br\/serrafm\/author\/serrafm87\/\"}]}<\/script>\n<!-- \/ Yoast SEO plugin. -->","yoast_head_json":{"title":"Principais restri\u00e7\u00f5es do calend\u00e1rio eleitoral come\u00e7am neste m\u00eas de julho - Serra FM 87,9","robots":{"index":"index","follow":"follow","max-snippet":"max-snippet:-1","max-image-preview":"max-image-preview:large","max-video-preview":"max-video-preview:-1"},"canonical":"https:\/\/serrafm879.com.br\/serrafm\/2024\/07\/principais-restricoes-do-calendario-eleitoral-comecam-neste-mes-de-julho\/","og_locale":"pt_BR","og_type":"article","og_title":"Principais restri\u00e7\u00f5es do calend\u00e1rio eleitoral come\u00e7am neste m\u00eas de julho - Serra FM 87,9","og_description":"A partir deste m\u00eas, come\u00e7am a valer as principais restri\u00e7\u00f5es previstas no calend\u00e1rio eleitoral para impedir o uso da m\u00e1quina p\u00fablica a favor de candidatos \u00e0s elei\u00e7\u00f5es municipais de outubro. As veda\u00e7\u00f5es est\u00e3o previstas na Lei das Elei\u00e7\u00f5es (Lei 9.504\/1997). No dia 6 de julho, tr\u00eas meses antes do pleito, come\u00e7am as restri\u00e7\u00f5es para contrata\u00e7\u00e3o e demiss\u00e3o de servidores p\u00fablicos. A partir do dia 20, os partidos podem realizar suas conven\u00e7\u00f5es internas para a escolha dos candidatos aos cargos de prefeito, vice-prefeito e vereadores. O primeiro turno das elei\u00e7\u00f5es ser\u00e1 no dia 6 de outubro. O segundo turno da disputa [&hellip;]","og_url":"https:\/\/serrafm879.com.br\/serrafm\/2024\/07\/principais-restricoes-do-calendario-eleitoral-comecam-neste-mes-de-julho\/","og_site_name":"Serra FM 87,9","article_published_time":"2024-07-01T20:12:16+00:00","og_image":[{"width":194,"height":183,"url":"https:\/\/serrafm879.com.br\/serrafm\/wp-content\/uploads\/2024\/07\/download.jpg","type":"image\/jpeg"}],"author":"serrafm87","twitter_card":"summary_large_image","twitter_misc":{"Escrito por":"serrafm87","Est. tempo de leitura":"3 minutos"},"schema":{"@context":"https:\/\/schema.org","@graph":[{"@type":"WebPage","@id":"https:\/\/serrafm879.com.br\/serrafm\/2024\/07\/principais-restricoes-do-calendario-eleitoral-comecam-neste-mes-de-julho\/","url":"https:\/\/serrafm879.com.br\/serrafm\/2024\/07\/principais-restricoes-do-calendario-eleitoral-comecam-neste-mes-de-julho\/","name":"Principais restri\u00e7\u00f5es do calend\u00e1rio eleitoral come\u00e7am neste m\u00eas de julho - Serra FM 87,9","isPartOf":{"@id":"https:\/\/serrafm879.com.br\/serrafm\/#website"},"primaryImageOfPage":{"@id":"https:\/\/serrafm879.com.br\/serrafm\/2024\/07\/principais-restricoes-do-calendario-eleitoral-comecam-neste-mes-de-julho\/#primaryimage"},"image":{"@id":"https:\/\/serrafm879.com.br\/serrafm\/2024\/07\/principais-restricoes-do-calendario-eleitoral-comecam-neste-mes-de-julho\/#primaryimage"},"thumbnailUrl":"https:\/\/serrafm879.com.br\/serrafm\/wp-content\/uploads\/2024\/07\/download.jpg","datePublished":"2024-07-01T20:12:16+00:00","author":{"@id":"https:\/\/serrafm879.com.br\/serrafm\/#\/schema\/person\/c028a197030ff8b1c03c68dfba4a787a"},"breadcrumb":{"@id":"https:\/\/serrafm879.com.br\/serrafm\/2024\/07\/principais-restricoes-do-calendario-eleitoral-comecam-neste-mes-de-julho\/#breadcrumb"},"inLanguage":"pt-BR","potentialAction":[{"@type":"ReadAction","target":["https:\/\/serrafm879.com.br\/serrafm\/2024\/07\/principais-restricoes-do-calendario-eleitoral-comecam-neste-mes-de-julho\/"]}]},{"@type":"ImageObject","inLanguage":"pt-BR","@id":"https:\/\/serrafm879.com.br\/serrafm\/2024\/07\/principais-restricoes-do-calendario-eleitoral-comecam-neste-mes-de-julho\/#primaryimage","url":"https:\/\/serrafm879.com.br\/serrafm\/wp-content\/uploads\/2024\/07\/download.jpg","contentUrl":"https:\/\/serrafm879.com.br\/serrafm\/wp-content\/uploads\/2024\/07\/download.jpg","width":194,"height":183},{"@type":"BreadcrumbList","@id":"https:\/\/serrafm879.com.br\/serrafm\/2024\/07\/principais-restricoes-do-calendario-eleitoral-comecam-neste-mes-de-julho\/#breadcrumb","itemListElement":[{"@type":"ListItem","position":1,"name":"In\u00edcio","item":"https:\/\/serrafm879.com.br\/serrafm\/"},{"@type":"ListItem","position":2,"name":"Principais restri\u00e7\u00f5es do calend\u00e1rio eleitoral come\u00e7am neste m\u00eas de julho"}]},{"@type":"WebSite","@id":"https:\/\/serrafm879.com.br\/serrafm\/#website","url":"https:\/\/serrafm879.com.br\/serrafm\/","name":"Serra FM 87,9","description":"O seu novo amor!","potentialAction":[{"@type":"SearchAction","target":{"@type":"EntryPoint","urlTemplate":"https:\/\/serrafm879.com.br\/serrafm\/?s={search_term_string}"},"query-input":{"@type":"PropertyValueSpecification","valueRequired":true,"valueName":"search_term_string"}}],"inLanguage":"pt-BR"},{"@type":"Person","@id":"https:\/\/serrafm879.com.br\/serrafm\/#\/schema\/person\/c028a197030ff8b1c03c68dfba4a787a","name":"serrafm87","image":{"@type":"ImageObject","inLanguage":"pt-BR","@id":"https:\/\/serrafm879.com.br\/serrafm\/#\/schema\/person\/image\/","url":"https:\/\/secure.gravatar.com\/avatar\/a743233f1112d34f48bb3dc9559b76eb930bab8b27175856cba6362608736235?s=96&d=mm&r=g","contentUrl":"https:\/\/secure.gravatar.com\/avatar\/a743233f1112d34f48bb3dc9559b76eb930bab8b27175856cba6362608736235?s=96&d=mm&r=g","caption":"serrafm87"},"sameAs":["http:\/\/serrafm879.com.br\/"],"url":"https:\/\/serrafm879.com.br\/serrafm\/author\/serrafm87\/"}]}},"jetpack_featured_media_url":"https:\/\/serrafm879.com.br\/serrafm\/wp-content\/uploads\/2024\/07\/download.jpg","jetpack_shortlink":"https:\/\/wp.me\/p7HyXg-4jt","jetpack_sharing_enabled":true,"_links":{"self":[{"href":"https:\/\/serrafm879.com.br\/serrafm\/wp-json\/wp\/v2\/posts\/16583","targetHints":{"allow":["GET"]}}],"collection":[{"href":"https:\/\/serrafm879.com.br\/serrafm\/wp-json\/wp\/v2\/posts"}],"about":[{"href":"https:\/\/serrafm879.com.br\/serrafm\/wp-json\/wp\/v2\/types\/post"}],"author":[{"embeddable":true,"href":"https:\/\/serrafm879.com.br\/serrafm\/wp-json\/wp\/v2\/users\/2"}],"replies":[{"embeddable":true,"href":"https:\/\/serrafm879.com.br\/serrafm\/wp-json\/wp\/v2\/comments?post=16583"}],"version-history":[{"count":1,"href":"https:\/\/serrafm879.com.br\/serrafm\/wp-json\/wp\/v2\/posts\/16583\/revisions"}],"predecessor-version":[{"id":16585,"href":"https:\/\/serrafm879.com.br\/serrafm\/wp-json\/wp\/v2\/posts\/16583\/revisions\/16585"}],"wp:featuredmedia":[{"embeddable":true,"href":"https:\/\/serrafm879.com.br\/serrafm\/wp-json\/wp\/v2\/media\/16584"}],"wp:attachment":[{"href":"https:\/\/serrafm879.com.br\/serrafm\/wp-json\/wp\/v2\/media?parent=16583"}],"wp:term":[{"taxonomy":"category","embeddable":true,"href":"https:\/\/serrafm879.com.br\/serrafm\/wp-json\/wp\/v2\/categories?post=16583"},{"taxonomy":"post_tag","embeddable":true,"href":"https:\/\/serrafm879.com.br\/serrafm\/wp-json\/wp\/v2\/tags?post=16583"}],"curies":[{"name":"wp","href":"https:\/\/api.w.org\/{rel}","templated":true}]}}