{"id":17102,"date":"2024-07-30T10:32:01","date_gmt":"2024-07-30T13:32:01","guid":{"rendered":"https:\/?p=17102"},"modified":"2024-07-30T10:32:01","modified_gmt":"2024-07-30T13:32:01","slug":"waldemar-diverge-de-marcia-e-diz-que-raquel-nao-fez-nada-em-st","status":"publish","type":"post","link":"https:\/\/serrafm879.com.br\/serrafm\/2024\/07\/waldemar-diverge-de-marcia-e-diz-que-raquel-nao-fez-nada-em-st\/","title":{"rendered":"Waldemar diverge de M\u00e1rcia e diz que Raquel n\u00e3o fez nada em ST"},"content":{"rendered":"<p>Saia justa? Aliado da prefeita M\u00e1rcia Conrado, depois do ingresso do AVANTE na composi\u00e7\u00e3o, o Deputado Federal Waldemar Oliveira diz desconhecer a\u00e7\u00f5es da governadora Raquel Lyra na cidade.<\/p>\n<p>Em entrevista \u00e0 R\u00e1dio Folha , Waldemar citou a\u00e7\u00f5es em Serra que contaram com emendas de Sebasti\u00e3o Oliveira ou foram entregues por Paulo C\u00e2mara e at\u00e9 Bolsonaro.<\/p>\n<h5>WALDEMAR COMENTA SOBRE AEROPORTO<\/h5>\n<p>Sobre a reforma do Aeroporto Santa Magalh\u00e3es, n\u00e3o fez refer\u00eancia ao apoio de M\u00e1rcia ou interven\u00e7\u00e3o do Estado.<\/p>\n<p>A fala foi uma resposta \u00e0 pergunta da jornalista Bet\u00e2nia Santana. Registre-se,\u00a0 em\u00a0Serra Talhada,\u00a0 tanto M\u00e1rcia Conrado quanto Luciano Duque s\u00e3o aliados da governadora Raquel Lyra.<\/p>\n<p><strong>Blog do Nill J\u00fanior<\/strong><\/p>\n","protected":false},"excerpt":{"rendered":"<p>Saia justa? Aliado da prefeita M\u00e1rcia Conrado, depois do ingresso do AVANTE na composi\u00e7\u00e3o, o Deputado Federal Waldemar Oliveira diz desconhecer a\u00e7\u00f5es da governadora Raquel Lyra na cidade. Em entrevista \u00e0 R\u00e1dio Folha , Waldemar citou a\u00e7\u00f5es em Serra que contaram com emendas de Sebasti\u00e3o Oliveira ou foram entregues por Paulo C\u00e2mara e at\u00e9 Bolsonaro. WALDEMAR COMENTA SOBRE AEROPORTO Sobre a reforma do Aeroporto Santa Magalh\u00e3es, n\u00e3o fez refer\u00eancia ao apoio de M\u00e1rcia ou interven\u00e7\u00e3o do Estado. A fala foi uma resposta \u00e0 pergunta da jornalista Bet\u00e2nia Santana. Registre-se,\u00a0 em\u00a0Serra Talhada,\u00a0 tanto M\u00e1rcia Conrado quanto Luciano Duque s\u00e3o aliados da [&hellip;]<\/p>\n","protected":false},"author":2,"featured_media":17103,"comment_status":"open","ping_status":"open","sticky":false,"template":"","format":"standard","meta":{"_jetpack_memberships_contains_paid_content":false,"footnotes":"","jetpack_publicize_message":"","jetpack_publicize_feature_enabled":true,"jetpack_social_post_already_shared":true,"jetpack_social_options":{"image_generator_settings":{"template":"highway","enabled":false},"version":2}},"categories":[144],"tags":[],"class_list":["post-17102","post","type-post","status-publish","format-standard","has-post-thumbnail","hentry","category-politica"],"jetpack_publicize_connections":[],"yoast_head":"<!-- This site is optimized with the Yoast SEO plugin v24.7 - https:\/\/yoast.com\/wordpress\/plugins\/seo\/ -->\n<title>Waldemar diverge de M\u00e1rcia e diz que Raquel n\u00e3o fez nada em ST - Serra FM 87,9<\/title>\n<meta name=\"description\" content=\"Saia justa? Aliado da prefeita M\u00e1rcia Conrado, depois do ingresso do AVANTE na composi\u00e7\u00e3o, o Deputado Federal Waldemar Oliveira diz desconhecer a\u00e7\u00f5es da governadora Raquel Lyra na cidade.\" \/>\n<meta name=\"robots\" content=\"index, follow, max-snippet:-1, max-image-preview:large, max-video-preview:-1\" \/>\n<link rel=\"canonical\" href=\"https:\/\/serrafm879.com.br\/serrafm\/2024\/07\/waldemar-diverge-de-marcia-e-diz-que-raquel-nao-fez-nada-em-st\/\" \/>\n<meta property=\"og:locale\" content=\"pt_BR\" \/>\n<meta property=\"og:type\" content=\"article\" \/>\n<meta property=\"og:title\" content=\"Waldemar diverge de M\u00e1rcia e diz que Raquel n\u00e3o fez nada em ST - Serra FM 87,9\" \/>\n<meta property=\"og:description\" content=\"Saia justa? Aliado da prefeita M\u00e1rcia Conrado, depois do ingresso do AVANTE na composi\u00e7\u00e3o, o Deputado Federal Waldemar Oliveira diz desconhecer a\u00e7\u00f5es da governadora Raquel Lyra na cidade.\" \/>\n<meta property=\"og:url\" content=\"https:\/\/serrafm879.com.br\/serrafm\/2024\/07\/waldemar-diverge-de-marcia-e-diz-que-raquel-nao-fez-nada-em-st\/\" \/>\n<meta property=\"og:site_name\" content=\"Serra FM 87,9\" \/>\n<meta property=\"article:published_time\" content=\"2024-07-30T13:32:01+00:00\" \/>\n<meta property=\"og:image\" content=\"https:\/\/serrafm879.com.br\/serrafm\/wp-content\/uploads\/2024\/07\/Captura-de-tela-2024-07-30-102948.png\" \/>\n\t<meta property=\"og:image:width\" content=\"639\" \/>\n\t<meta property=\"og:image:height\" content=\"514\" \/>\n\t<meta property=\"og:image:type\" content=\"image\/png\" \/>\n<meta name=\"author\" content=\"serrafm87\" \/>\n<meta name=\"twitter:card\" content=\"summary_large_image\" \/>\n<meta name=\"twitter:label1\" content=\"Escrito por\" \/>\n\t<meta name=\"twitter:data1\" content=\"serrafm87\" \/>\n\t<meta name=\"twitter:label2\" content=\"Est. tempo de leitura\" \/>\n\t<meta name=\"twitter:data2\" content=\"1 minuto\" \/>\n<script type=\"application\/ld+json\" class=\"yoast-schema-graph\">{\"@context\":\"https:\/\/schema.org\",\"@graph\":[{\"@type\":\"WebPage\",\"@id\":\"https:\/\/serrafm879.com.br\/serrafm\/2024\/07\/waldemar-diverge-de-marcia-e-diz-que-raquel-nao-fez-nada-em-st\/\",\"url\":\"https:\/\/serrafm879.com.br\/serrafm\/2024\/07\/waldemar-diverge-de-marcia-e-diz-que-raquel-nao-fez-nada-em-st\/\",\"name\":\"Waldemar diverge de M\u00e1rcia e diz que Raquel n\u00e3o fez nada em ST - Serra FM 87,9\",\"isPartOf\":{\"@id\":\"https:\/\/serrafm879.com.br\/serrafm\/#website\"},\"primaryImageOfPage\":{\"@id\":\"https:\/\/serrafm879.com.br\/serrafm\/2024\/07\/waldemar-diverge-de-marcia-e-diz-que-raquel-nao-fez-nada-em-st\/#primaryimage\"},\"image\":{\"@id\":\"https:\/\/serrafm879.com.br\/serrafm\/2024\/07\/waldemar-diverge-de-marcia-e-diz-que-raquel-nao-fez-nada-em-st\/#primaryimage\"},\"thumbnailUrl\":\"https:\/\/serrafm879.com.br\/serrafm\/wp-content\/uploads\/2024\/07\/Captura-de-tela-2024-07-30-102948.png\",\"datePublished\":\"2024-07-30T13:32:01+00:00\",\"author\":{\"@id\":\"https:\/\/serrafm879.com.br\/serrafm\/#\/schema\/person\/c028a197030ff8b1c03c68dfba4a787a\"},\"description\":\"Saia justa? Aliado da prefeita M\u00e1rcia Conrado, depois do ingresso do AVANTE na composi\u00e7\u00e3o, o Deputado Federal Waldemar Oliveira diz desconhecer a\u00e7\u00f5es da governadora Raquel Lyra na cidade.\",\"breadcrumb\":{\"@id\":\"https:\/\/serrafm879.com.br\/serrafm\/2024\/07\/waldemar-diverge-de-marcia-e-diz-que-raquel-nao-fez-nada-em-st\/#breadcrumb\"},\"inLanguage\":\"pt-BR\",\"potentialAction\":[{\"@type\":\"ReadAction\",\"target\":[\"https:\/\/serrafm879.com.br\/serrafm\/2024\/07\/waldemar-diverge-de-marcia-e-diz-que-raquel-nao-fez-nada-em-st\/\"]}]},{\"@type\":\"ImageObject\",\"inLanguage\":\"pt-BR\",\"@id\":\"https:\/\/serrafm879.com.br\/serrafm\/2024\/07\/waldemar-diverge-de-marcia-e-diz-que-raquel-nao-fez-nada-em-st\/#primaryimage\",\"url\":\"https:\/\/serrafm879.com.br\/serrafm\/wp-content\/uploads\/2024\/07\/Captura-de-tela-2024-07-30-102948.png\",\"contentUrl\":\"https:\/\/serrafm879.com.br\/serrafm\/wp-content\/uploads\/2024\/07\/Captura-de-tela-2024-07-30-102948.png\",\"width\":639,\"height\":514},{\"@type\":\"BreadcrumbList\",\"@id\":\"https:\/\/serrafm879.com.br\/serrafm\/2024\/07\/waldemar-diverge-de-marcia-e-diz-que-raquel-nao-fez-nada-em-st\/#breadcrumb\",\"itemListElement\":[{\"@type\":\"ListItem\",\"position\":1,\"name\":\"In\u00edcio\",\"item\":\"https:\/\/serrafm879.com.br\/serrafm\/\"},{\"@type\":\"ListItem\",\"position\":2,\"name\":\"Waldemar diverge de M\u00e1rcia e diz que Raquel n\u00e3o fez nada em ST\"}]},{\"@type\":\"WebSite\",\"@id\":\"https:\/\/serrafm879.com.br\/serrafm\/#website\",\"url\":\"https:\/\/serrafm879.com.br\/serrafm\/\",\"name\":\"Serra FM 87,9\",\"description\":\"O seu novo amor!\",\"potentialAction\":[{\"@type\":\"SearchAction\",\"target\":{\"@type\":\"EntryPoint\",\"urlTemplate\":\"https:\/\/serrafm879.com.br\/serrafm\/?s={search_term_string}\"},\"query-input\":{\"@type\":\"PropertyValueSpecification\",\"valueRequired\":true,\"valueName\":\"search_term_string\"}}],\"inLanguage\":\"pt-BR\"},{\"@type\":\"Person\",\"@id\":\"https:\/\/serrafm879.com.br\/serrafm\/#\/schema\/person\/c028a197030ff8b1c03c68dfba4a787a\",\"name\":\"serrafm87\",\"image\":{\"@type\":\"ImageObject\",\"inLanguage\":\"pt-BR\",\"@id\":\"https:\/\/serrafm879.com.br\/serrafm\/#\/schema\/person\/image\/\",\"url\":\"https:\/\/secure.gravatar.com\/avatar\/a743233f1112d34f48bb3dc9559b76eb930bab8b27175856cba6362608736235?s=96&d=mm&r=g\",\"contentUrl\":\"https:\/\/secure.gravatar.com\/avatar\/a743233f1112d34f48bb3dc9559b76eb930bab8b27175856cba6362608736235?s=96&d=mm&r=g\",\"caption\":\"serrafm87\"},\"sameAs\":[\"http:\/\/serrafm879.com.br\/\"],\"url\":\"https:\/\/serrafm879.com.br\/serrafm\/author\/serrafm87\/\"}]}<\/script>\n<!-- \/ Yoast SEO plugin. -->","yoast_head_json":{"title":"Waldemar diverge de M\u00e1rcia e diz que Raquel n\u00e3o fez nada em ST - Serra FM 87,9","description":"Saia justa? Aliado da prefeita M\u00e1rcia Conrado, depois do ingresso do AVANTE na composi\u00e7\u00e3o, o Deputado Federal Waldemar Oliveira diz desconhecer a\u00e7\u00f5es da governadora Raquel Lyra na cidade.","robots":{"index":"index","follow":"follow","max-snippet":"max-snippet:-1","max-image-preview":"max-image-preview:large","max-video-preview":"max-video-preview:-1"},"canonical":"https:\/\/serrafm879.com.br\/serrafm\/2024\/07\/waldemar-diverge-de-marcia-e-diz-que-raquel-nao-fez-nada-em-st\/","og_locale":"pt_BR","og_type":"article","og_title":"Waldemar diverge de M\u00e1rcia e diz que Raquel n\u00e3o fez nada em ST - Serra FM 87,9","og_description":"Saia justa? Aliado da prefeita M\u00e1rcia Conrado, depois do ingresso do AVANTE na composi\u00e7\u00e3o, o Deputado Federal Waldemar Oliveira diz desconhecer a\u00e7\u00f5es da governadora Raquel Lyra na cidade.","og_url":"https:\/\/serrafm879.com.br\/serrafm\/2024\/07\/waldemar-diverge-de-marcia-e-diz-que-raquel-nao-fez-nada-em-st\/","og_site_name":"Serra FM 87,9","article_published_time":"2024-07-30T13:32:01+00:00","og_image":[{"width":639,"height":514,"url":"https:\/\/serrafm879.com.br\/serrafm\/wp-content\/uploads\/2024\/07\/Captura-de-tela-2024-07-30-102948.png","type":"image\/png"}],"author":"serrafm87","twitter_card":"summary_large_image","twitter_misc":{"Escrito por":"serrafm87","Est. tempo de leitura":"1 minuto"},"schema":{"@context":"https:\/\/schema.org","@graph":[{"@type":"WebPage","@id":"https:\/\/serrafm879.com.br\/serrafm\/2024\/07\/waldemar-diverge-de-marcia-e-diz-que-raquel-nao-fez-nada-em-st\/","url":"https:\/\/serrafm879.com.br\/serrafm\/2024\/07\/waldemar-diverge-de-marcia-e-diz-que-raquel-nao-fez-nada-em-st\/","name":"Waldemar diverge de M\u00e1rcia e diz que Raquel n\u00e3o fez nada em ST - Serra FM 87,9","isPartOf":{"@id":"https:\/\/serrafm879.com.br\/serrafm\/#website"},"primaryImageOfPage":{"@id":"https:\/\/serrafm879.com.br\/serrafm\/2024\/07\/waldemar-diverge-de-marcia-e-diz-que-raquel-nao-fez-nada-em-st\/#primaryimage"},"image":{"@id":"https:\/\/serrafm879.com.br\/serrafm\/2024\/07\/waldemar-diverge-de-marcia-e-diz-que-raquel-nao-fez-nada-em-st\/#primaryimage"},"thumbnailUrl":"https:\/\/serrafm879.com.br\/serrafm\/wp-content\/uploads\/2024\/07\/Captura-de-tela-2024-07-30-102948.png","datePublished":"2024-07-30T13:32:01+00:00","author":{"@id":"https:\/\/serrafm879.com.br\/serrafm\/#\/schema\/person\/c028a197030ff8b1c03c68dfba4a787a"},"description":"Saia justa? Aliado da prefeita M\u00e1rcia Conrado, depois do ingresso do AVANTE na composi\u00e7\u00e3o, o Deputado Federal Waldemar Oliveira diz desconhecer a\u00e7\u00f5es da governadora Raquel Lyra na cidade.","breadcrumb":{"@id":"https:\/\/serrafm879.com.br\/serrafm\/2024\/07\/waldemar-diverge-de-marcia-e-diz-que-raquel-nao-fez-nada-em-st\/#breadcrumb"},"inLanguage":"pt-BR","potentialAction":[{"@type":"ReadAction","target":["https:\/\/serrafm879.com.br\/serrafm\/2024\/07\/waldemar-diverge-de-marcia-e-diz-que-raquel-nao-fez-nada-em-st\/"]}]},{"@type":"ImageObject","inLanguage":"pt-BR","@id":"https:\/\/serrafm879.com.br\/serrafm\/2024\/07\/waldemar-diverge-de-marcia-e-diz-que-raquel-nao-fez-nada-em-st\/#primaryimage","url":"https:\/\/serrafm879.com.br\/serrafm\/wp-content\/uploads\/2024\/07\/Captura-de-tela-2024-07-30-102948.png","contentUrl":"https:\/\/serrafm879.com.br\/serrafm\/wp-content\/uploads\/2024\/07\/Captura-de-tela-2024-07-30-102948.png","width":639,"height":514},{"@type":"BreadcrumbList","@id":"https:\/\/serrafm879.com.br\/serrafm\/2024\/07\/waldemar-diverge-de-marcia-e-diz-que-raquel-nao-fez-nada-em-st\/#breadcrumb","itemListElement":[{"@type":"ListItem","position":1,"name":"In\u00edcio","item":"https:\/\/serrafm879.com.br\/serrafm\/"},{"@type":"ListItem","position":2,"name":"Waldemar diverge de M\u00e1rcia e diz que Raquel n\u00e3o fez nada em ST"}]},{"@type":"WebSite","@id":"https:\/\/serrafm879.com.br\/serrafm\/#website","url":"https:\/\/serrafm879.com.br\/serrafm\/","name":"Serra FM 87,9","description":"O seu novo amor!","potentialAction":[{"@type":"SearchAction","target":{"@type":"EntryPoint","urlTemplate":"https:\/\/serrafm879.com.br\/serrafm\/?s={search_term_string}"},"query-input":{"@type":"PropertyValueSpecification","valueRequired":true,"valueName":"search_term_string"}}],"inLanguage":"pt-BR"},{"@type":"Person","@id":"https:\/\/serrafm879.com.br\/serrafm\/#\/schema\/person\/c028a197030ff8b1c03c68dfba4a787a","name":"serrafm87","image":{"@type":"ImageObject","inLanguage":"pt-BR","@id":"https:\/\/serrafm879.com.br\/serrafm\/#\/schema\/person\/image\/","url":"https:\/\/secure.gravatar.com\/avatar\/a743233f1112d34f48bb3dc9559b76eb930bab8b27175856cba6362608736235?s=96&d=mm&r=g","contentUrl":"https:\/\/secure.gravatar.com\/avatar\/a743233f1112d34f48bb3dc9559b76eb930bab8b27175856cba6362608736235?s=96&d=mm&r=g","caption":"serrafm87"},"sameAs":["http:\/\/serrafm879.com.br\/"],"url":"https:\/\/serrafm879.com.br\/serrafm\/author\/serrafm87\/"}]}},"jetpack_featured_media_url":"https:\/\/serrafm879.com.br\/serrafm\/wp-content\/uploads\/2024\/07\/Captura-de-tela-2024-07-30-102948.png","jetpack_shortlink":"https:\/\/wp.me\/p7HyXg-4rQ","jetpack_sharing_enabled":true,"_links":{"self":[{"href":"https:\/\/serrafm879.com.br\/serrafm\/wp-json\/wp\/v2\/posts\/17102","targetHints":{"allow":["GET"]}}],"collection":[{"href":"https:\/\/serrafm879.com.br\/serrafm\/wp-json\/wp\/v2\/posts"}],"about":[{"href":"https:\/\/serrafm879.com.br\/serrafm\/wp-json\/wp\/v2\/types\/post"}],"author":[{"embeddable":true,"href":"https:\/\/serrafm879.com.br\/serrafm\/wp-json\/wp\/v2\/users\/2"}],"replies":[{"embeddable":true,"href":"https:\/\/serrafm879.com.br\/serrafm\/wp-json\/wp\/v2\/comments?post=17102"}],"version-history":[{"count":1,"href":"https:\/\/serrafm879.com.br\/serrafm\/wp-json\/wp\/v2\/posts\/17102\/revisions"}],"predecessor-version":[{"id":17104,"href":"https:\/\/serrafm879.com.br\/serrafm\/wp-json\/wp\/v2\/posts\/17102\/revisions\/17104"}],"wp:featuredmedia":[{"embeddable":true,"href":"https:\/\/serrafm879.com.br\/serrafm\/wp-json\/wp\/v2\/media\/17103"}],"wp:attachment":[{"href":"https:\/\/serrafm879.com.br\/serrafm\/wp-json\/wp\/v2\/media?parent=17102"}],"wp:term":[{"taxonomy":"category","embeddable":true,"href":"https:\/\/serrafm879.com.br\/serrafm\/wp-json\/wp\/v2\/categories?post=17102"},{"taxonomy":"post_tag","embeddable":true,"href":"https:\/\/serrafm879.com.br\/serrafm\/wp-json\/wp\/v2\/tags?post=17102"}],"curies":[{"name":"wp","href":"https:\/\/api.w.org\/{rel}","templated":true}]}}