{"id":17506,"date":"2024-08-27T10:12:50","date_gmt":"2024-08-27T13:12:50","guid":{"rendered":"https:\/?p=17506"},"modified":"2024-08-27T10:12:50","modified_gmt":"2024-08-27T13:12:50","slug":"ernando-de-noronha-raquel-lyra-anuncia-conclusao-do-projeto-do-novo-aeroporto-de-fernando-de-noronha","status":"publish","type":"post","link":"https:\/\/serrafm879.com.br\/serrafm\/2024\/08\/ernando-de-noronha-raquel-lyra-anuncia-conclusao-do-projeto-do-novo-aeroporto-de-fernando-de-noronha\/","title":{"rendered":"ernando de Noronha  Raquel Lyra anuncia conclus\u00e3o do projeto do novo Aeroporto de Fernando de Noronha"},"content":{"rendered":"<div>A governadora Raquel Lyra anunciou, na noite desta segunda-feira (26), a conclus\u00e3o do projeto do novo terminal de passageiros de Fernando de Noronha. A novidade foi apresentada durante reuni\u00e3o no Pal\u00e1cio do Campo das Princesas, com a participa\u00e7\u00e3o de representantes da DIX Aeroportos, concession\u00e1ria que administra o espa\u00e7o, e da Moreira Lima Consultoria, respons\u00e1vel pela elabora\u00e7\u00e3o do projeto.<\/div>\n<div><\/div>\n<div>Na ocasi\u00e3o, foram apresentados os detalhes do planejamento da obra, que tem como intuito entregar a ilh\u00e9us e turistas um equipamento moderno, sustent\u00e1vel, com mais conforto e comodidade. A vice-governadora Priscila Krause tamb\u00e9m participou do encontro.<\/div>\n<div>\u201cDepois de d\u00e9cadas de espera, eu recebi o projeto do Aeroporto de Fernando de Noronha. Agora resta apenas a aprova\u00e7\u00e3o desse documento pela Secretaria de Mobilidade e Infraestrutura e muito em breve vamos inaugurar o novo terminal\u201d, disse Raquel Lyra.<\/div>\n<div><\/div>\n<div>\n<div>A governadora afirmou, ainda, que o Governo do Estado tem planejado e executado v\u00e1rias outras a\u00e7\u00f5es voltadas ao arquip\u00e9lago. \u201cJ\u00e1 j\u00e1 vamos come\u00e7ar as obras da pista do aeroporto, implementar a usina fotovoltaica em parceria com a Neoenergia, requalificar as vias da ilha ao lado do Minist\u00e9rio dos Transportes e cuidar do saneamento com a Compesa (Companhia Pernambucana de Saneamento). Este \u00e9 um novo tempo que come\u00e7a e n\u00f3s vamos fazer com que esta joia de Pernambuco seja de fato desenvolvida e sustent\u00e1vel\u201d, destacou.<\/div>\n<div><\/div>\n<div>Manoel Ferreira, diretor do Grupo Agemar (empresa da qual a DIX faz parte), ressaltou sobre a import\u00e2ncia da conclus\u00e3o desta fase do planejamento da obra. \u201c\u00c9 com muita satisfa\u00e7\u00e3o que n\u00f3s entregamos o projeto do terminal de passageiros, pois com ele vamos conseguir oferecer \u00e0 popula\u00e7\u00e3o de Fernando de Noronha um equipamento contempor\u00e2neo, condizente com a realidade da ilha, para que possamos atender nossos passageiros da melhor forma\u201d, observou Ferreira, ao lado de Fred Moreira Lima, representante da Moreira Lima Consultoria.<\/div>\n<div><\/div>\n<div>\u201cA amplia\u00e7\u00e3o e requalifica\u00e7\u00e3o do novo terminal de passageiros do Aeroporto de Fernando de Noronha, que ser\u00e1 tr\u00eas vezes maior do que o tamanho atual, ir\u00e1 oferecer maior conforto e comodidade aos usu\u00e1rios que visitam ou moram na ilha. Isso vai trazer muitos benef\u00edcios para o turismo no arquip\u00e9lago e aquecer a economia local\u201d, disse o secret\u00e1rio de Mobilidade e Infraestrutura, Diogo Bezerra.<\/div>\n<div><\/div>\n<\/div>\n<div>Acompanharam a reuni\u00e3o os secret\u00e1rios estaduais Rodolfo Costa Pinto (Comunica\u00e7\u00e3o), Bianca Teixeira (Procuradoria Geral do Estado), Eduardo Vieira (Chefia de Gabinete) e Wilson de Paula (Fazenda).<\/div>\n","protected":false},"excerpt":{"rendered":"<p>A governadora Raquel Lyra anunciou, na noite desta segunda-feira (26), a conclus\u00e3o do projeto do novo terminal de passageiros de Fernando de Noronha. A novidade foi apresentada durante reuni\u00e3o no Pal\u00e1cio do Campo das Princesas, com a participa\u00e7\u00e3o de representantes da DIX Aeroportos, concession\u00e1ria que administra o espa\u00e7o, e da Moreira Lima Consultoria, respons\u00e1vel pela elabora\u00e7\u00e3o do projeto. Na ocasi\u00e3o, foram apresentados os detalhes do planejamento da obra, que tem como intuito entregar a ilh\u00e9us e turistas um equipamento moderno, sustent\u00e1vel, com mais conforto e comodidade. A vice-governadora Priscila Krause tamb\u00e9m participou do encontro. \u201cDepois de d\u00e9cadas de espera, eu [&hellip;]<\/p>\n","protected":false},"author":2,"featured_media":17507,"comment_status":"open","ping_status":"open","sticky":false,"template":"","format":"standard","meta":{"_jetpack_memberships_contains_paid_content":false,"footnotes":"","jetpack_publicize_message":"","jetpack_publicize_feature_enabled":true,"jetpack_social_post_already_shared":true,"jetpack_social_options":{"image_generator_settings":{"template":"highway","enabled":false},"version":2}},"categories":[1],"tags":[],"class_list":["post-17506","post","type-post","status-publish","format-standard","has-post-thumbnail","hentry","category-uncategorized"],"jetpack_publicize_connections":[],"yoast_head":"<!-- This site is optimized with the Yoast SEO plugin v24.7 - https:\/\/yoast.com\/wordpress\/plugins\/seo\/ -->\n<title>ernando de Noronha Raquel Lyra anuncia conclus\u00e3o do projeto do novo Aeroporto de Fernando de Noronha - Serra FM 87,9<\/title>\n<meta name=\"robots\" content=\"index, follow, max-snippet:-1, max-image-preview:large, max-video-preview:-1\" \/>\n<link rel=\"canonical\" href=\"https:\/\/serrafm879.com.br\/serrafm\/2024\/08\/ernando-de-noronha-raquel-lyra-anuncia-conclusao-do-projeto-do-novo-aeroporto-de-fernando-de-noronha\/\" \/>\n<meta property=\"og:locale\" content=\"pt_BR\" \/>\n<meta property=\"og:type\" content=\"article\" \/>\n<meta property=\"og:title\" content=\"ernando de Noronha Raquel Lyra anuncia conclus\u00e3o do projeto do novo Aeroporto de Fernando de Noronha - Serra FM 87,9\" \/>\n<meta property=\"og:description\" content=\"A governadora Raquel Lyra anunciou, na noite desta segunda-feira (26), a conclus\u00e3o do projeto do novo terminal de passageiros de Fernando de Noronha. A novidade foi apresentada durante reuni\u00e3o no Pal\u00e1cio do Campo das Princesas, com a participa\u00e7\u00e3o de representantes da DIX Aeroportos, concession\u00e1ria que administra o espa\u00e7o, e da Moreira Lima Consultoria, respons\u00e1vel pela elabora\u00e7\u00e3o do projeto. Na ocasi\u00e3o, foram apresentados os detalhes do planejamento da obra, que tem como intuito entregar a ilh\u00e9us e turistas um equipamento moderno, sustent\u00e1vel, com mais conforto e comodidade. A vice-governadora Priscila Krause tamb\u00e9m participou do encontro. \u201cDepois de d\u00e9cadas de espera, eu [&hellip;]\" \/>\n<meta property=\"og:url\" content=\"https:\/\/serrafm879.com.br\/serrafm\/2024\/08\/ernando-de-noronha-raquel-lyra-anuncia-conclusao-do-projeto-do-novo-aeroporto-de-fernando-de-noronha\/\" \/>\n<meta property=\"og:site_name\" content=\"Serra FM 87,9\" \/>\n<meta property=\"article:published_time\" content=\"2024-08-27T13:12:50+00:00\" \/>\n<meta property=\"og:image\" content=\"https:\/\/serrafm879.com.br\/serrafm\/wp-content\/uploads\/2024\/08\/Captura-de-tela-2024-08-27-101238.png\" \/>\n\t<meta property=\"og:image:width\" content=\"626\" \/>\n\t<meta property=\"og:image:height\" content=\"403\" \/>\n\t<meta property=\"og:image:type\" content=\"image\/png\" \/>\n<meta name=\"author\" content=\"serrafm87\" \/>\n<meta name=\"twitter:card\" content=\"summary_large_image\" \/>\n<meta name=\"twitter:label1\" content=\"Escrito por\" \/>\n\t<meta name=\"twitter:data1\" content=\"serrafm87\" \/>\n\t<meta name=\"twitter:label2\" content=\"Est. tempo de leitura\" \/>\n\t<meta name=\"twitter:data2\" content=\"3 minutos\" \/>\n<script type=\"application\/ld+json\" class=\"yoast-schema-graph\">{\"@context\":\"https:\/\/schema.org\",\"@graph\":[{\"@type\":\"WebPage\",\"@id\":\"https:\/\/serrafm879.com.br\/serrafm\/2024\/08\/ernando-de-noronha-raquel-lyra-anuncia-conclusao-do-projeto-do-novo-aeroporto-de-fernando-de-noronha\/\",\"url\":\"https:\/\/serrafm879.com.br\/serrafm\/2024\/08\/ernando-de-noronha-raquel-lyra-anuncia-conclusao-do-projeto-do-novo-aeroporto-de-fernando-de-noronha\/\",\"name\":\"ernando de Noronha Raquel Lyra anuncia conclus\u00e3o do projeto do novo Aeroporto de Fernando de Noronha - Serra FM 87,9\",\"isPartOf\":{\"@id\":\"https:\/\/serrafm879.com.br\/serrafm\/#website\"},\"primaryImageOfPage\":{\"@id\":\"https:\/\/serrafm879.com.br\/serrafm\/2024\/08\/ernando-de-noronha-raquel-lyra-anuncia-conclusao-do-projeto-do-novo-aeroporto-de-fernando-de-noronha\/#primaryimage\"},\"image\":{\"@id\":\"https:\/\/serrafm879.com.br\/serrafm\/2024\/08\/ernando-de-noronha-raquel-lyra-anuncia-conclusao-do-projeto-do-novo-aeroporto-de-fernando-de-noronha\/#primaryimage\"},\"thumbnailUrl\":\"https:\/\/serrafm879.com.br\/serrafm\/wp-content\/uploads\/2024\/08\/Captura-de-tela-2024-08-27-101238.png\",\"datePublished\":\"2024-08-27T13:12:50+00:00\",\"author\":{\"@id\":\"https:\/\/serrafm879.com.br\/serrafm\/#\/schema\/person\/c028a197030ff8b1c03c68dfba4a787a\"},\"breadcrumb\":{\"@id\":\"https:\/\/serrafm879.com.br\/serrafm\/2024\/08\/ernando-de-noronha-raquel-lyra-anuncia-conclusao-do-projeto-do-novo-aeroporto-de-fernando-de-noronha\/#breadcrumb\"},\"inLanguage\":\"pt-BR\",\"potentialAction\":[{\"@type\":\"ReadAction\",\"target\":[\"https:\/\/serrafm879.com.br\/serrafm\/2024\/08\/ernando-de-noronha-raquel-lyra-anuncia-conclusao-do-projeto-do-novo-aeroporto-de-fernando-de-noronha\/\"]}]},{\"@type\":\"ImageObject\",\"inLanguage\":\"pt-BR\",\"@id\":\"https:\/\/serrafm879.com.br\/serrafm\/2024\/08\/ernando-de-noronha-raquel-lyra-anuncia-conclusao-do-projeto-do-novo-aeroporto-de-fernando-de-noronha\/#primaryimage\",\"url\":\"https:\/\/serrafm879.com.br\/serrafm\/wp-content\/uploads\/2024\/08\/Captura-de-tela-2024-08-27-101238.png\",\"contentUrl\":\"https:\/\/serrafm879.com.br\/serrafm\/wp-content\/uploads\/2024\/08\/Captura-de-tela-2024-08-27-101238.png\",\"width\":626,\"height\":403},{\"@type\":\"BreadcrumbList\",\"@id\":\"https:\/\/serrafm879.com.br\/serrafm\/2024\/08\/ernando-de-noronha-raquel-lyra-anuncia-conclusao-do-projeto-do-novo-aeroporto-de-fernando-de-noronha\/#breadcrumb\",\"itemListElement\":[{\"@type\":\"ListItem\",\"position\":1,\"name\":\"In\u00edcio\",\"item\":\"https:\/\/serrafm879.com.br\/serrafm\/\"},{\"@type\":\"ListItem\",\"position\":2,\"name\":\"ernando de Noronha Raquel Lyra anuncia conclus\u00e3o do projeto do novo Aeroporto de Fernando de Noronha\"}]},{\"@type\":\"WebSite\",\"@id\":\"https:\/\/serrafm879.com.br\/serrafm\/#website\",\"url\":\"https:\/\/serrafm879.com.br\/serrafm\/\",\"name\":\"Serra FM 87,9\",\"description\":\"O seu novo amor!\",\"potentialAction\":[{\"@type\":\"SearchAction\",\"target\":{\"@type\":\"EntryPoint\",\"urlTemplate\":\"https:\/\/serrafm879.com.br\/serrafm\/?s={search_term_string}\"},\"query-input\":{\"@type\":\"PropertyValueSpecification\",\"valueRequired\":true,\"valueName\":\"search_term_string\"}}],\"inLanguage\":\"pt-BR\"},{\"@type\":\"Person\",\"@id\":\"https:\/\/serrafm879.com.br\/serrafm\/#\/schema\/person\/c028a197030ff8b1c03c68dfba4a787a\",\"name\":\"serrafm87\",\"image\":{\"@type\":\"ImageObject\",\"inLanguage\":\"pt-BR\",\"@id\":\"https:\/\/serrafm879.com.br\/serrafm\/#\/schema\/person\/image\/\",\"url\":\"https:\/\/secure.gravatar.com\/avatar\/a743233f1112d34f48bb3dc9559b76eb930bab8b27175856cba6362608736235?s=96&d=mm&r=g\",\"contentUrl\":\"https:\/\/secure.gravatar.com\/avatar\/a743233f1112d34f48bb3dc9559b76eb930bab8b27175856cba6362608736235?s=96&d=mm&r=g\",\"caption\":\"serrafm87\"},\"sameAs\":[\"http:\/\/serrafm879.com.br\/\"],\"url\":\"https:\/\/serrafm879.com.br\/serrafm\/author\/serrafm87\/\"}]}<\/script>\n<!-- \/ Yoast SEO plugin. -->","yoast_head_json":{"title":"ernando de Noronha Raquel Lyra anuncia conclus\u00e3o do projeto do novo Aeroporto de Fernando de Noronha - Serra FM 87,9","robots":{"index":"index","follow":"follow","max-snippet":"max-snippet:-1","max-image-preview":"max-image-preview:large","max-video-preview":"max-video-preview:-1"},"canonical":"https:\/\/serrafm879.com.br\/serrafm\/2024\/08\/ernando-de-noronha-raquel-lyra-anuncia-conclusao-do-projeto-do-novo-aeroporto-de-fernando-de-noronha\/","og_locale":"pt_BR","og_type":"article","og_title":"ernando de Noronha Raquel Lyra anuncia conclus\u00e3o do projeto do novo Aeroporto de Fernando de Noronha - Serra FM 87,9","og_description":"A governadora Raquel Lyra anunciou, na noite desta segunda-feira (26), a conclus\u00e3o do projeto do novo terminal de passageiros de Fernando de Noronha. A novidade foi apresentada durante reuni\u00e3o no Pal\u00e1cio do Campo das Princesas, com a participa\u00e7\u00e3o de representantes da DIX Aeroportos, concession\u00e1ria que administra o espa\u00e7o, e da Moreira Lima Consultoria, respons\u00e1vel pela elabora\u00e7\u00e3o do projeto. Na ocasi\u00e3o, foram apresentados os detalhes do planejamento da obra, que tem como intuito entregar a ilh\u00e9us e turistas um equipamento moderno, sustent\u00e1vel, com mais conforto e comodidade. A vice-governadora Priscila Krause tamb\u00e9m participou do encontro. \u201cDepois de d\u00e9cadas de espera, eu [&hellip;]","og_url":"https:\/\/serrafm879.com.br\/serrafm\/2024\/08\/ernando-de-noronha-raquel-lyra-anuncia-conclusao-do-projeto-do-novo-aeroporto-de-fernando-de-noronha\/","og_site_name":"Serra FM 87,9","article_published_time":"2024-08-27T13:12:50+00:00","og_image":[{"width":626,"height":403,"url":"https:\/\/serrafm879.com.br\/serrafm\/wp-content\/uploads\/2024\/08\/Captura-de-tela-2024-08-27-101238.png","type":"image\/png"}],"author":"serrafm87","twitter_card":"summary_large_image","twitter_misc":{"Escrito por":"serrafm87","Est. tempo de leitura":"3 minutos"},"schema":{"@context":"https:\/\/schema.org","@graph":[{"@type":"WebPage","@id":"https:\/\/serrafm879.com.br\/serrafm\/2024\/08\/ernando-de-noronha-raquel-lyra-anuncia-conclusao-do-projeto-do-novo-aeroporto-de-fernando-de-noronha\/","url":"https:\/\/serrafm879.com.br\/serrafm\/2024\/08\/ernando-de-noronha-raquel-lyra-anuncia-conclusao-do-projeto-do-novo-aeroporto-de-fernando-de-noronha\/","name":"ernando de Noronha Raquel Lyra anuncia conclus\u00e3o do projeto do novo Aeroporto de Fernando de Noronha - Serra FM 87,9","isPartOf":{"@id":"https:\/\/serrafm879.com.br\/serrafm\/#website"},"primaryImageOfPage":{"@id":"https:\/\/serrafm879.com.br\/serrafm\/2024\/08\/ernando-de-noronha-raquel-lyra-anuncia-conclusao-do-projeto-do-novo-aeroporto-de-fernando-de-noronha\/#primaryimage"},"image":{"@id":"https:\/\/serrafm879.com.br\/serrafm\/2024\/08\/ernando-de-noronha-raquel-lyra-anuncia-conclusao-do-projeto-do-novo-aeroporto-de-fernando-de-noronha\/#primaryimage"},"thumbnailUrl":"https:\/\/serrafm879.com.br\/serrafm\/wp-content\/uploads\/2024\/08\/Captura-de-tela-2024-08-27-101238.png","datePublished":"2024-08-27T13:12:50+00:00","author":{"@id":"https:\/\/serrafm879.com.br\/serrafm\/#\/schema\/person\/c028a197030ff8b1c03c68dfba4a787a"},"breadcrumb":{"@id":"https:\/\/serrafm879.com.br\/serrafm\/2024\/08\/ernando-de-noronha-raquel-lyra-anuncia-conclusao-do-projeto-do-novo-aeroporto-de-fernando-de-noronha\/#breadcrumb"},"inLanguage":"pt-BR","potentialAction":[{"@type":"ReadAction","target":["https:\/\/serrafm879.com.br\/serrafm\/2024\/08\/ernando-de-noronha-raquel-lyra-anuncia-conclusao-do-projeto-do-novo-aeroporto-de-fernando-de-noronha\/"]}]},{"@type":"ImageObject","inLanguage":"pt-BR","@id":"https:\/\/serrafm879.com.br\/serrafm\/2024\/08\/ernando-de-noronha-raquel-lyra-anuncia-conclusao-do-projeto-do-novo-aeroporto-de-fernando-de-noronha\/#primaryimage","url":"https:\/\/serrafm879.com.br\/serrafm\/wp-content\/uploads\/2024\/08\/Captura-de-tela-2024-08-27-101238.png","contentUrl":"https:\/\/serrafm879.com.br\/serrafm\/wp-content\/uploads\/2024\/08\/Captura-de-tela-2024-08-27-101238.png","width":626,"height":403},{"@type":"BreadcrumbList","@id":"https:\/\/serrafm879.com.br\/serrafm\/2024\/08\/ernando-de-noronha-raquel-lyra-anuncia-conclusao-do-projeto-do-novo-aeroporto-de-fernando-de-noronha\/#breadcrumb","itemListElement":[{"@type":"ListItem","position":1,"name":"In\u00edcio","item":"https:\/\/serrafm879.com.br\/serrafm\/"},{"@type":"ListItem","position":2,"name":"ernando de Noronha Raquel Lyra anuncia conclus\u00e3o do projeto do novo Aeroporto de Fernando de Noronha"}]},{"@type":"WebSite","@id":"https:\/\/serrafm879.com.br\/serrafm\/#website","url":"https:\/\/serrafm879.com.br\/serrafm\/","name":"Serra FM 87,9","description":"O seu novo amor!","potentialAction":[{"@type":"SearchAction","target":{"@type":"EntryPoint","urlTemplate":"https:\/\/serrafm879.com.br\/serrafm\/?s={search_term_string}"},"query-input":{"@type":"PropertyValueSpecification","valueRequired":true,"valueName":"search_term_string"}}],"inLanguage":"pt-BR"},{"@type":"Person","@id":"https:\/\/serrafm879.com.br\/serrafm\/#\/schema\/person\/c028a197030ff8b1c03c68dfba4a787a","name":"serrafm87","image":{"@type":"ImageObject","inLanguage":"pt-BR","@id":"https:\/\/serrafm879.com.br\/serrafm\/#\/schema\/person\/image\/","url":"https:\/\/secure.gravatar.com\/avatar\/a743233f1112d34f48bb3dc9559b76eb930bab8b27175856cba6362608736235?s=96&d=mm&r=g","contentUrl":"https:\/\/secure.gravatar.com\/avatar\/a743233f1112d34f48bb3dc9559b76eb930bab8b27175856cba6362608736235?s=96&d=mm&r=g","caption":"serrafm87"},"sameAs":["http:\/\/serrafm879.com.br\/"],"url":"https:\/\/serrafm879.com.br\/serrafm\/author\/serrafm87\/"}]}},"jetpack_featured_media_url":"https:\/\/serrafm879.com.br\/serrafm\/wp-content\/uploads\/2024\/08\/Captura-de-tela-2024-08-27-101238.png","jetpack_shortlink":"https:\/\/wp.me\/p7HyXg-4ym","jetpack_sharing_enabled":true,"_links":{"self":[{"href":"https:\/\/serrafm879.com.br\/serrafm\/wp-json\/wp\/v2\/posts\/17506","targetHints":{"allow":["GET"]}}],"collection":[{"href":"https:\/\/serrafm879.com.br\/serrafm\/wp-json\/wp\/v2\/posts"}],"about":[{"href":"https:\/\/serrafm879.com.br\/serrafm\/wp-json\/wp\/v2\/types\/post"}],"author":[{"embeddable":true,"href":"https:\/\/serrafm879.com.br\/serrafm\/wp-json\/wp\/v2\/users\/2"}],"replies":[{"embeddable":true,"href":"https:\/\/serrafm879.com.br\/serrafm\/wp-json\/wp\/v2\/comments?post=17506"}],"version-history":[{"count":1,"href":"https:\/\/serrafm879.com.br\/serrafm\/wp-json\/wp\/v2\/posts\/17506\/revisions"}],"predecessor-version":[{"id":17508,"href":"https:\/\/serrafm879.com.br\/serrafm\/wp-json\/wp\/v2\/posts\/17506\/revisions\/17508"}],"wp:featuredmedia":[{"embeddable":true,"href":"https:\/\/serrafm879.com.br\/serrafm\/wp-json\/wp\/v2\/media\/17507"}],"wp:attachment":[{"href":"https:\/\/serrafm879.com.br\/serrafm\/wp-json\/wp\/v2\/media?parent=17506"}],"wp:term":[{"taxonomy":"category","embeddable":true,"href":"https:\/\/serrafm879.com.br\/serrafm\/wp-json\/wp\/v2\/categories?post=17506"},{"taxonomy":"post_tag","embeddable":true,"href":"https:\/\/serrafm879.com.br\/serrafm\/wp-json\/wp\/v2\/tags?post=17506"}],"curies":[{"name":"wp","href":"https:\/\/api.w.org\/{rel}","templated":true}]}}