{"id":17511,"date":"2024-08-27T19:59:27","date_gmt":"2024-08-27T22:59:27","guid":{"rendered":"https:\/?p=17511"},"modified":"2024-08-27T19:59:27","modified_gmt":"2024-08-27T22:59:27","slug":"acidente-e-registrado-na-br-232-com-dois-motociclistas-uma-das-vitimas-ficou-gravetemente-feridos","status":"publish","type":"post","link":"https:\/\/serrafm879.com.br\/serrafm\/2024\/08\/acidente-e-registrado-na-br-232-com-dois-motociclistas-uma-das-vitimas-ficou-gravetemente-feridos\/","title":{"rendered":"Acidente \u00e9 registrado na BR-232 com dois motociclistas; uma das v\u00edtimas ficou gravetemente feridos"},"content":{"rendered":"<p>Na tarde desta ter\u00e7a-feira (27), mais um acidente foi registrado na Br-232 em Serra Talhada. Na ocasi\u00e3o, duas motocicletas colidiram; um dos condutores ficou gravemente ferido.<\/p>\n<p>De acordo com a equipe do SAMU, o sinistro ocorreu nas proximidades do Anel Vi\u00e1rio, setindo Esta\u00e7\u00e3o do Forr\u00f3.<\/p>\n<p>Um homem de 57 anos, estava repleto de escoria\u00e7\u00f5es, consciente, no entanto, ele apresentava estar desorientado, al\u00e9m de lacera\u00e7\u00f5es na face.<\/p>\n<p>A v\u00edtima foi encaminhada para o Hospital Eduardo Campos (HEC) para acompanhamento detalhado.<\/p>\n<p>Informa\u00e7\u00f5es do Farol de Not\u00edcias com Serra FM<\/p>\n","protected":false},"excerpt":{"rendered":"<p>Na tarde desta ter\u00e7a-feira (27), mais um acidente foi registrado na Br-232 em Serra Talhada. Na ocasi\u00e3o, duas motocicletas colidiram; um dos condutores ficou gravemente ferido. De acordo com a equipe do SAMU, o sinistro ocorreu nas proximidades do Anel Vi\u00e1rio, setindo Esta\u00e7\u00e3o do Forr\u00f3. Um homem de 57 anos, estava repleto de escoria\u00e7\u00f5es, consciente, no entanto, ele apresentava estar desorientado, al\u00e9m de lacera\u00e7\u00f5es na face. A v\u00edtima foi encaminhada para o Hospital Eduardo Campos (HEC) para acompanhamento detalhado. Informa\u00e7\u00f5es do Farol de Not\u00edcias com Serra FM<\/p>\n","protected":false},"author":2,"featured_media":17512,"comment_status":"open","ping_status":"open","sticky":false,"template":"","format":"standard","meta":{"_jetpack_memberships_contains_paid_content":false,"footnotes":"","jetpack_publicize_message":"","jetpack_publicize_feature_enabled":true,"jetpack_social_post_already_shared":true,"jetpack_social_options":{"image_generator_settings":{"template":"highway","enabled":false},"version":2}},"categories":[1],"tags":[],"class_list":["post-17511","post","type-post","status-publish","format-standard","has-post-thumbnail","hentry","category-uncategorized"],"jetpack_publicize_connections":[],"yoast_head":"<!-- This site is optimized with the Yoast SEO plugin v24.7 - https:\/\/yoast.com\/wordpress\/plugins\/seo\/ -->\n<title>Acidente \u00e9 registrado na BR-232 com dois motociclistas; uma das v\u00edtimas ficou gravetemente feridos - Serra FM 87,9<\/title>\n<meta name=\"description\" content=\"Na tarde desta ter\u00e7a-feira (27), mais um acidente foi registrado na Br-232 em Serra envolvendo duas v\u00edtimais.\" \/>\n<meta name=\"robots\" content=\"index, follow, max-snippet:-1, max-image-preview:large, max-video-preview:-1\" \/>\n<link rel=\"canonical\" href=\"https:\/\/serrafm879.com.br\/serrafm\/2024\/08\/acidente-e-registrado-na-br-232-com-dois-motociclistas-uma-das-vitimas-ficou-gravetemente-feridos\/\" \/>\n<meta property=\"og:locale\" content=\"pt_BR\" \/>\n<meta property=\"og:type\" content=\"article\" \/>\n<meta property=\"og:title\" content=\"Acidente \u00e9 registrado na BR-232 com dois motociclistas; uma das v\u00edtimas ficou gravetemente feridos - Serra FM 87,9\" \/>\n<meta property=\"og:description\" content=\"Na tarde desta ter\u00e7a-feira (27), mais um acidente foi registrado na Br-232 em Serra envolvendo duas v\u00edtimais.\" \/>\n<meta property=\"og:url\" content=\"https:\/\/serrafm879.com.br\/serrafm\/2024\/08\/acidente-e-registrado-na-br-232-com-dois-motociclistas-uma-das-vitimas-ficou-gravetemente-feridos\/\" \/>\n<meta property=\"og:site_name\" content=\"Serra FM 87,9\" \/>\n<meta property=\"article:published_time\" content=\"2024-08-27T22:59:27+00:00\" \/>\n<meta property=\"og:image\" content=\"https:\/\/serrafm879.com.br\/serrafm\/wp-content\/uploads\/2024\/08\/images-3.jpg\" \/>\n\t<meta property=\"og:image:width\" content=\"275\" \/>\n\t<meta property=\"og:image:height\" content=\"183\" \/>\n\t<meta property=\"og:image:type\" content=\"image\/jpeg\" \/>\n<meta name=\"author\" content=\"serrafm87\" \/>\n<meta name=\"twitter:card\" content=\"summary_large_image\" \/>\n<meta name=\"twitter:label1\" content=\"Escrito por\" \/>\n\t<meta name=\"twitter:data1\" content=\"serrafm87\" \/>\n\t<meta name=\"twitter:label2\" content=\"Est. tempo de leitura\" \/>\n\t<meta name=\"twitter:data2\" content=\"1 minuto\" \/>\n<script type=\"application\/ld+json\" class=\"yoast-schema-graph\">{\"@context\":\"https:\/\/schema.org\",\"@graph\":[{\"@type\":\"WebPage\",\"@id\":\"https:\/\/serrafm879.com.br\/serrafm\/2024\/08\/acidente-e-registrado-na-br-232-com-dois-motociclistas-uma-das-vitimas-ficou-gravetemente-feridos\/\",\"url\":\"https:\/\/serrafm879.com.br\/serrafm\/2024\/08\/acidente-e-registrado-na-br-232-com-dois-motociclistas-uma-das-vitimas-ficou-gravetemente-feridos\/\",\"name\":\"Acidente \u00e9 registrado na BR-232 com dois motociclistas; uma das v\u00edtimas ficou gravetemente feridos - Serra FM 87,9\",\"isPartOf\":{\"@id\":\"https:\/\/serrafm879.com.br\/serrafm\/#website\"},\"primaryImageOfPage\":{\"@id\":\"https:\/\/serrafm879.com.br\/serrafm\/2024\/08\/acidente-e-registrado-na-br-232-com-dois-motociclistas-uma-das-vitimas-ficou-gravetemente-feridos\/#primaryimage\"},\"image\":{\"@id\":\"https:\/\/serrafm879.com.br\/serrafm\/2024\/08\/acidente-e-registrado-na-br-232-com-dois-motociclistas-uma-das-vitimas-ficou-gravetemente-feridos\/#primaryimage\"},\"thumbnailUrl\":\"https:\/\/serrafm879.com.br\/serrafm\/wp-content\/uploads\/2024\/08\/images-3.jpg\",\"datePublished\":\"2024-08-27T22:59:27+00:00\",\"author\":{\"@id\":\"https:\/\/serrafm879.com.br\/serrafm\/#\/schema\/person\/c028a197030ff8b1c03c68dfba4a787a\"},\"description\":\"Na tarde desta ter\u00e7a-feira (27), mais um acidente foi registrado na Br-232 em Serra envolvendo duas v\u00edtimais.\",\"breadcrumb\":{\"@id\":\"https:\/\/serrafm879.com.br\/serrafm\/2024\/08\/acidente-e-registrado-na-br-232-com-dois-motociclistas-uma-das-vitimas-ficou-gravetemente-feridos\/#breadcrumb\"},\"inLanguage\":\"pt-BR\",\"potentialAction\":[{\"@type\":\"ReadAction\",\"target\":[\"https:\/\/serrafm879.com.br\/serrafm\/2024\/08\/acidente-e-registrado-na-br-232-com-dois-motociclistas-uma-das-vitimas-ficou-gravetemente-feridos\/\"]}]},{\"@type\":\"ImageObject\",\"inLanguage\":\"pt-BR\",\"@id\":\"https:\/\/serrafm879.com.br\/serrafm\/2024\/08\/acidente-e-registrado-na-br-232-com-dois-motociclistas-uma-das-vitimas-ficou-gravetemente-feridos\/#primaryimage\",\"url\":\"https:\/\/serrafm879.com.br\/serrafm\/wp-content\/uploads\/2024\/08\/images-3.jpg\",\"contentUrl\":\"https:\/\/serrafm879.com.br\/serrafm\/wp-content\/uploads\/2024\/08\/images-3.jpg\",\"width\":275,\"height\":183},{\"@type\":\"BreadcrumbList\",\"@id\":\"https:\/\/serrafm879.com.br\/serrafm\/2024\/08\/acidente-e-registrado-na-br-232-com-dois-motociclistas-uma-das-vitimas-ficou-gravetemente-feridos\/#breadcrumb\",\"itemListElement\":[{\"@type\":\"ListItem\",\"position\":1,\"name\":\"In\u00edcio\",\"item\":\"https:\/\/serrafm879.com.br\/serrafm\/\"},{\"@type\":\"ListItem\",\"position\":2,\"name\":\"Acidente \u00e9 registrado na BR-232 com dois motociclistas; uma das v\u00edtimas ficou gravetemente feridos\"}]},{\"@type\":\"WebSite\",\"@id\":\"https:\/\/serrafm879.com.br\/serrafm\/#website\",\"url\":\"https:\/\/serrafm879.com.br\/serrafm\/\",\"name\":\"Serra FM 87,9\",\"description\":\"O seu novo amor!\",\"potentialAction\":[{\"@type\":\"SearchAction\",\"target\":{\"@type\":\"EntryPoint\",\"urlTemplate\":\"https:\/\/serrafm879.com.br\/serrafm\/?s={search_term_string}\"},\"query-input\":{\"@type\":\"PropertyValueSpecification\",\"valueRequired\":true,\"valueName\":\"search_term_string\"}}],\"inLanguage\":\"pt-BR\"},{\"@type\":\"Person\",\"@id\":\"https:\/\/serrafm879.com.br\/serrafm\/#\/schema\/person\/c028a197030ff8b1c03c68dfba4a787a\",\"name\":\"serrafm87\",\"image\":{\"@type\":\"ImageObject\",\"inLanguage\":\"pt-BR\",\"@id\":\"https:\/\/serrafm879.com.br\/serrafm\/#\/schema\/person\/image\/\",\"url\":\"https:\/\/secure.gravatar.com\/avatar\/a743233f1112d34f48bb3dc9559b76eb930bab8b27175856cba6362608736235?s=96&d=mm&r=g\",\"contentUrl\":\"https:\/\/secure.gravatar.com\/avatar\/a743233f1112d34f48bb3dc9559b76eb930bab8b27175856cba6362608736235?s=96&d=mm&r=g\",\"caption\":\"serrafm87\"},\"sameAs\":[\"http:\/\/serrafm879.com.br\/\"],\"url\":\"https:\/\/serrafm879.com.br\/serrafm\/author\/serrafm87\/\"}]}<\/script>\n<!-- \/ Yoast SEO plugin. -->","yoast_head_json":{"title":"Acidente \u00e9 registrado na BR-232 com dois motociclistas; uma das v\u00edtimas ficou gravetemente feridos - Serra FM 87,9","description":"Na tarde desta ter\u00e7a-feira (27), mais um acidente foi registrado na Br-232 em Serra envolvendo duas v\u00edtimais.","robots":{"index":"index","follow":"follow","max-snippet":"max-snippet:-1","max-image-preview":"max-image-preview:large","max-video-preview":"max-video-preview:-1"},"canonical":"https:\/\/serrafm879.com.br\/serrafm\/2024\/08\/acidente-e-registrado-na-br-232-com-dois-motociclistas-uma-das-vitimas-ficou-gravetemente-feridos\/","og_locale":"pt_BR","og_type":"article","og_title":"Acidente \u00e9 registrado na BR-232 com dois motociclistas; uma das v\u00edtimas ficou gravetemente feridos - Serra FM 87,9","og_description":"Na tarde desta ter\u00e7a-feira (27), mais um acidente foi registrado na Br-232 em Serra envolvendo duas v\u00edtimais.","og_url":"https:\/\/serrafm879.com.br\/serrafm\/2024\/08\/acidente-e-registrado-na-br-232-com-dois-motociclistas-uma-das-vitimas-ficou-gravetemente-feridos\/","og_site_name":"Serra FM 87,9","article_published_time":"2024-08-27T22:59:27+00:00","og_image":[{"width":275,"height":183,"url":"https:\/\/serrafm879.com.br\/serrafm\/wp-content\/uploads\/2024\/08\/images-3.jpg","type":"image\/jpeg"}],"author":"serrafm87","twitter_card":"summary_large_image","twitter_misc":{"Escrito por":"serrafm87","Est. tempo de leitura":"1 minuto"},"schema":{"@context":"https:\/\/schema.org","@graph":[{"@type":"WebPage","@id":"https:\/\/serrafm879.com.br\/serrafm\/2024\/08\/acidente-e-registrado-na-br-232-com-dois-motociclistas-uma-das-vitimas-ficou-gravetemente-feridos\/","url":"https:\/\/serrafm879.com.br\/serrafm\/2024\/08\/acidente-e-registrado-na-br-232-com-dois-motociclistas-uma-das-vitimas-ficou-gravetemente-feridos\/","name":"Acidente \u00e9 registrado na BR-232 com dois motociclistas; uma das v\u00edtimas ficou gravetemente feridos - Serra FM 87,9","isPartOf":{"@id":"https:\/\/serrafm879.com.br\/serrafm\/#website"},"primaryImageOfPage":{"@id":"https:\/\/serrafm879.com.br\/serrafm\/2024\/08\/acidente-e-registrado-na-br-232-com-dois-motociclistas-uma-das-vitimas-ficou-gravetemente-feridos\/#primaryimage"},"image":{"@id":"https:\/\/serrafm879.com.br\/serrafm\/2024\/08\/acidente-e-registrado-na-br-232-com-dois-motociclistas-uma-das-vitimas-ficou-gravetemente-feridos\/#primaryimage"},"thumbnailUrl":"https:\/\/serrafm879.com.br\/serrafm\/wp-content\/uploads\/2024\/08\/images-3.jpg","datePublished":"2024-08-27T22:59:27+00:00","author":{"@id":"https:\/\/serrafm879.com.br\/serrafm\/#\/schema\/person\/c028a197030ff8b1c03c68dfba4a787a"},"description":"Na tarde desta ter\u00e7a-feira (27), mais um acidente foi registrado na Br-232 em Serra envolvendo duas v\u00edtimais.","breadcrumb":{"@id":"https:\/\/serrafm879.com.br\/serrafm\/2024\/08\/acidente-e-registrado-na-br-232-com-dois-motociclistas-uma-das-vitimas-ficou-gravetemente-feridos\/#breadcrumb"},"inLanguage":"pt-BR","potentialAction":[{"@type":"ReadAction","target":["https:\/\/serrafm879.com.br\/serrafm\/2024\/08\/acidente-e-registrado-na-br-232-com-dois-motociclistas-uma-das-vitimas-ficou-gravetemente-feridos\/"]}]},{"@type":"ImageObject","inLanguage":"pt-BR","@id":"https:\/\/serrafm879.com.br\/serrafm\/2024\/08\/acidente-e-registrado-na-br-232-com-dois-motociclistas-uma-das-vitimas-ficou-gravetemente-feridos\/#primaryimage","url":"https:\/\/serrafm879.com.br\/serrafm\/wp-content\/uploads\/2024\/08\/images-3.jpg","contentUrl":"https:\/\/serrafm879.com.br\/serrafm\/wp-content\/uploads\/2024\/08\/images-3.jpg","width":275,"height":183},{"@type":"BreadcrumbList","@id":"https:\/\/serrafm879.com.br\/serrafm\/2024\/08\/acidente-e-registrado-na-br-232-com-dois-motociclistas-uma-das-vitimas-ficou-gravetemente-feridos\/#breadcrumb","itemListElement":[{"@type":"ListItem","position":1,"name":"In\u00edcio","item":"https:\/\/serrafm879.com.br\/serrafm\/"},{"@type":"ListItem","position":2,"name":"Acidente \u00e9 registrado na BR-232 com dois motociclistas; uma das v\u00edtimas ficou gravetemente feridos"}]},{"@type":"WebSite","@id":"https:\/\/serrafm879.com.br\/serrafm\/#website","url":"https:\/\/serrafm879.com.br\/serrafm\/","name":"Serra FM 87,9","description":"O seu novo amor!","potentialAction":[{"@type":"SearchAction","target":{"@type":"EntryPoint","urlTemplate":"https:\/\/serrafm879.com.br\/serrafm\/?s={search_term_string}"},"query-input":{"@type":"PropertyValueSpecification","valueRequired":true,"valueName":"search_term_string"}}],"inLanguage":"pt-BR"},{"@type":"Person","@id":"https:\/\/serrafm879.com.br\/serrafm\/#\/schema\/person\/c028a197030ff8b1c03c68dfba4a787a","name":"serrafm87","image":{"@type":"ImageObject","inLanguage":"pt-BR","@id":"https:\/\/serrafm879.com.br\/serrafm\/#\/schema\/person\/image\/","url":"https:\/\/secure.gravatar.com\/avatar\/a743233f1112d34f48bb3dc9559b76eb930bab8b27175856cba6362608736235?s=96&d=mm&r=g","contentUrl":"https:\/\/secure.gravatar.com\/avatar\/a743233f1112d34f48bb3dc9559b76eb930bab8b27175856cba6362608736235?s=96&d=mm&r=g","caption":"serrafm87"},"sameAs":["http:\/\/serrafm879.com.br\/"],"url":"https:\/\/serrafm879.com.br\/serrafm\/author\/serrafm87\/"}]}},"jetpack_featured_media_url":"https:\/\/serrafm879.com.br\/serrafm\/wp-content\/uploads\/2024\/08\/images-3.jpg","jetpack_shortlink":"https:\/\/wp.me\/p7HyXg-4yr","jetpack_sharing_enabled":true,"_links":{"self":[{"href":"https:\/\/serrafm879.com.br\/serrafm\/wp-json\/wp\/v2\/posts\/17511","targetHints":{"allow":["GET"]}}],"collection":[{"href":"https:\/\/serrafm879.com.br\/serrafm\/wp-json\/wp\/v2\/posts"}],"about":[{"href":"https:\/\/serrafm879.com.br\/serrafm\/wp-json\/wp\/v2\/types\/post"}],"author":[{"embeddable":true,"href":"https:\/\/serrafm879.com.br\/serrafm\/wp-json\/wp\/v2\/users\/2"}],"replies":[{"embeddable":true,"href":"https:\/\/serrafm879.com.br\/serrafm\/wp-json\/wp\/v2\/comments?post=17511"}],"version-history":[{"count":1,"href":"https:\/\/serrafm879.com.br\/serrafm\/wp-json\/wp\/v2\/posts\/17511\/revisions"}],"predecessor-version":[{"id":17513,"href":"https:\/\/serrafm879.com.br\/serrafm\/wp-json\/wp\/v2\/posts\/17511\/revisions\/17513"}],"wp:featuredmedia":[{"embeddable":true,"href":"https:\/\/serrafm879.com.br\/serrafm\/wp-json\/wp\/v2\/media\/17512"}],"wp:attachment":[{"href":"https:\/\/serrafm879.com.br\/serrafm\/wp-json\/wp\/v2\/media?parent=17511"}],"wp:term":[{"taxonomy":"category","embeddable":true,"href":"https:\/\/serrafm879.com.br\/serrafm\/wp-json\/wp\/v2\/categories?post=17511"},{"taxonomy":"post_tag","embeddable":true,"href":"https:\/\/serrafm879.com.br\/serrafm\/wp-json\/wp\/v2\/tags?post=17511"}],"curies":[{"name":"wp","href":"https:\/\/api.w.org\/{rel}","templated":true}]}}