{"id":17534,"date":"2024-08-28T08:19:04","date_gmt":"2024-08-28T11:19:04","guid":{"rendered":"https:\/?p=17534"},"modified":"2024-08-28T08:19:04","modified_gmt":"2024-08-28T11:19:04","slug":"conselheiros-tutelares-devem-evitar-fotos-com-candidatos-politicos-diz-mppe","status":"publish","type":"post","link":"https:\/\/serrafm879.com.br\/serrafm\/2024\/08\/conselheiros-tutelares-devem-evitar-fotos-com-candidatos-politicos-diz-mppe\/","title":{"rendered":"Conselheiros tutelares devem evitar fotos com candidatos pol\u00edticos, diz MPPE"},"content":{"rendered":"<p>Recomenda\u00e7\u00e3o do MPPE inclui n\u00e3o realizar qualquer tipo de manifesta\u00e7\u00e3o de apoio mencionando o cargo de conselheiro tutelar.<\/p>\n<p dir=\"ltr\">O Minist\u00e9rio P\u00fablico de Pernambuco (MPPE) recomendou aos conselheiros tutelares de oito cidades do Estado para que n\u00e3o realizem propagandas eleitorais nas depend\u00eancias dos Conselhos e nem utilizem dos seus cargos como forma de atividade pol\u00edtico-partid\u00e1ria.<\/p>\n<p dir=\"ltr\">A recomenda\u00e7\u00e3o inclui n\u00e3o realizar qualquer tipo de manifesta\u00e7\u00e3o de apoio mencionando o cargo de conselheiro tutelar.\u00a0 Al\u00e9m disso, tamb\u00e9m foi orientado para que os conselheiros evitem fotografias com os candidatos das elei\u00e7\u00f5es.<\/p>\n<p dir=\"ltr\">O Minist\u00e9rio P\u00fablico tamb\u00e9m ressaltou que &#8220;embora n\u00e3o seja vedada a livre manifesta\u00e7\u00e3o pol\u00edtico-partid\u00e1ria por membro do Conselho Tutelar, essa pr\u00e1tica deve ser realizada com modera\u00e7\u00e3o e discri\u00e7\u00e3o&#8221;.<\/p>\n<p dir=\"ltr\">Os conselheiros destacados pelo Minist\u00e9rio P\u00fablico foram os das cidades: Jaboat\u00e3o dos Guararapes, Pesqueira, Jo\u00e3o Alfredo, Salgadinho, Machado, Bodoc\u00f3, Granito e Santa Maria da Boa Vista.<\/p>\n<p dir=\"ltr\">Foto:\u00a0<strong>OAB-PE<\/strong><\/p>\n<p dir=\"ltr\">Fonte: CBN RECIFE<\/p>\n","protected":false},"excerpt":{"rendered":"<p>Recomenda\u00e7\u00e3o do MPPE inclui n\u00e3o realizar qualquer tipo de manifesta\u00e7\u00e3o de apoio mencionando o cargo de conselheiro tutelar. O Minist\u00e9rio P\u00fablico de Pernambuco (MPPE) recomendou aos conselheiros tutelares de oito cidades do Estado para que n\u00e3o realizem propagandas eleitorais nas depend\u00eancias dos Conselhos e nem utilizem dos seus cargos como forma de atividade pol\u00edtico-partid\u00e1ria. A recomenda\u00e7\u00e3o inclui n\u00e3o realizar qualquer tipo de manifesta\u00e7\u00e3o de apoio mencionando o cargo de conselheiro tutelar.\u00a0 Al\u00e9m disso, tamb\u00e9m foi orientado para que os conselheiros evitem fotografias com os candidatos das elei\u00e7\u00f5es. O Minist\u00e9rio P\u00fablico tamb\u00e9m ressaltou que &#8220;embora n\u00e3o seja vedada a livre manifesta\u00e7\u00e3o [&hellip;]<\/p>\n","protected":false},"author":2,"featured_media":17535,"comment_status":"open","ping_status":"open","sticky":false,"template":"","format":"standard","meta":{"_jetpack_memberships_contains_paid_content":false,"footnotes":"","jetpack_publicize_message":"","jetpack_publicize_feature_enabled":true,"jetpack_social_post_already_shared":true,"jetpack_social_options":{"image_generator_settings":{"template":"highway","enabled":false},"version":2}},"categories":[1],"tags":[],"class_list":["post-17534","post","type-post","status-publish","format-standard","has-post-thumbnail","hentry","category-uncategorized"],"jetpack_publicize_connections":[],"yoast_head":"<!-- This site is optimized with the Yoast SEO plugin v24.7 - https:\/\/yoast.com\/wordpress\/plugins\/seo\/ -->\n<title>Conselheiros tutelares devem evitar fotos com candidatos pol\u00edticos, diz MPPE - Serra FM 87,9<\/title>\n<meta name=\"robots\" content=\"index, follow, max-snippet:-1, max-image-preview:large, max-video-preview:-1\" \/>\n<link rel=\"canonical\" href=\"https:\/\/serrafm879.com.br\/serrafm\/2024\/08\/conselheiros-tutelares-devem-evitar-fotos-com-candidatos-politicos-diz-mppe\/\" \/>\n<meta property=\"og:locale\" content=\"pt_BR\" \/>\n<meta property=\"og:type\" content=\"article\" \/>\n<meta property=\"og:title\" content=\"Conselheiros tutelares devem evitar fotos com candidatos pol\u00edticos, diz MPPE - Serra FM 87,9\" \/>\n<meta property=\"og:description\" content=\"Recomenda\u00e7\u00e3o do MPPE inclui n\u00e3o realizar qualquer tipo de manifesta\u00e7\u00e3o de apoio mencionando o cargo de conselheiro tutelar. O Minist\u00e9rio P\u00fablico de Pernambuco (MPPE) recomendou aos conselheiros tutelares de oito cidades do Estado para que n\u00e3o realizem propagandas eleitorais nas depend\u00eancias dos Conselhos e nem utilizem dos seus cargos como forma de atividade pol\u00edtico-partid\u00e1ria. A recomenda\u00e7\u00e3o inclui n\u00e3o realizar qualquer tipo de manifesta\u00e7\u00e3o de apoio mencionando o cargo de conselheiro tutelar.\u00a0 Al\u00e9m disso, tamb\u00e9m foi orientado para que os conselheiros evitem fotografias com os candidatos das elei\u00e7\u00f5es. O Minist\u00e9rio P\u00fablico tamb\u00e9m ressaltou que &#8220;embora n\u00e3o seja vedada a livre manifesta\u00e7\u00e3o [&hellip;]\" \/>\n<meta property=\"og:url\" content=\"https:\/\/serrafm879.com.br\/serrafm\/2024\/08\/conselheiros-tutelares-devem-evitar-fotos-com-candidatos-politicos-diz-mppe\/\" \/>\n<meta property=\"og:site_name\" content=\"Serra FM 87,9\" \/>\n<meta property=\"article:published_time\" content=\"2024-08-28T11:19:04+00:00\" \/>\n<meta property=\"og:image\" content=\"https:\/\/serrafm879.com.br\/serrafm\/wp-content\/uploads\/2024\/08\/crop-1.png\" \/>\n\t<meta property=\"og:image:width\" content=\"800\" \/>\n\t<meta property=\"og:image:height\" content=\"400\" \/>\n\t<meta property=\"og:image:type\" content=\"image\/png\" \/>\n<meta name=\"author\" content=\"serrafm87\" \/>\n<meta name=\"twitter:card\" content=\"summary_large_image\" \/>\n<meta name=\"twitter:label1\" content=\"Escrito por\" \/>\n\t<meta name=\"twitter:data1\" content=\"serrafm87\" \/>\n\t<meta name=\"twitter:label2\" content=\"Est. tempo de leitura\" \/>\n\t<meta name=\"twitter:data2\" content=\"1 minuto\" \/>\n<script type=\"application\/ld+json\" class=\"yoast-schema-graph\">{\"@context\":\"https:\/\/schema.org\",\"@graph\":[{\"@type\":\"WebPage\",\"@id\":\"https:\/\/serrafm879.com.br\/serrafm\/2024\/08\/conselheiros-tutelares-devem-evitar-fotos-com-candidatos-politicos-diz-mppe\/\",\"url\":\"https:\/\/serrafm879.com.br\/serrafm\/2024\/08\/conselheiros-tutelares-devem-evitar-fotos-com-candidatos-politicos-diz-mppe\/\",\"name\":\"Conselheiros tutelares devem evitar fotos com candidatos pol\u00edticos, diz MPPE - Serra FM 87,9\",\"isPartOf\":{\"@id\":\"https:\/\/serrafm879.com.br\/serrafm\/#website\"},\"primaryImageOfPage\":{\"@id\":\"https:\/\/serrafm879.com.br\/serrafm\/2024\/08\/conselheiros-tutelares-devem-evitar-fotos-com-candidatos-politicos-diz-mppe\/#primaryimage\"},\"image\":{\"@id\":\"https:\/\/serrafm879.com.br\/serrafm\/2024\/08\/conselheiros-tutelares-devem-evitar-fotos-com-candidatos-politicos-diz-mppe\/#primaryimage\"},\"thumbnailUrl\":\"https:\/\/serrafm879.com.br\/serrafm\/wp-content\/uploads\/2024\/08\/crop-1.png\",\"datePublished\":\"2024-08-28T11:19:04+00:00\",\"author\":{\"@id\":\"https:\/\/serrafm879.com.br\/serrafm\/#\/schema\/person\/c028a197030ff8b1c03c68dfba4a787a\"},\"breadcrumb\":{\"@id\":\"https:\/\/serrafm879.com.br\/serrafm\/2024\/08\/conselheiros-tutelares-devem-evitar-fotos-com-candidatos-politicos-diz-mppe\/#breadcrumb\"},\"inLanguage\":\"pt-BR\",\"potentialAction\":[{\"@type\":\"ReadAction\",\"target\":[\"https:\/\/serrafm879.com.br\/serrafm\/2024\/08\/conselheiros-tutelares-devem-evitar-fotos-com-candidatos-politicos-diz-mppe\/\"]}]},{\"@type\":\"ImageObject\",\"inLanguage\":\"pt-BR\",\"@id\":\"https:\/\/serrafm879.com.br\/serrafm\/2024\/08\/conselheiros-tutelares-devem-evitar-fotos-com-candidatos-politicos-diz-mppe\/#primaryimage\",\"url\":\"https:\/\/serrafm879.com.br\/serrafm\/wp-content\/uploads\/2024\/08\/crop-1.png\",\"contentUrl\":\"https:\/\/serrafm879.com.br\/serrafm\/wp-content\/uploads\/2024\/08\/crop-1.png\",\"width\":800,\"height\":400},{\"@type\":\"BreadcrumbList\",\"@id\":\"https:\/\/serrafm879.com.br\/serrafm\/2024\/08\/conselheiros-tutelares-devem-evitar-fotos-com-candidatos-politicos-diz-mppe\/#breadcrumb\",\"itemListElement\":[{\"@type\":\"ListItem\",\"position\":1,\"name\":\"In\u00edcio\",\"item\":\"https:\/\/serrafm879.com.br\/serrafm\/\"},{\"@type\":\"ListItem\",\"position\":2,\"name\":\"Conselheiros tutelares devem evitar fotos com candidatos pol\u00edticos, diz MPPE\"}]},{\"@type\":\"WebSite\",\"@id\":\"https:\/\/serrafm879.com.br\/serrafm\/#website\",\"url\":\"https:\/\/serrafm879.com.br\/serrafm\/\",\"name\":\"Serra FM 87,9\",\"description\":\"O seu novo amor!\",\"potentialAction\":[{\"@type\":\"SearchAction\",\"target\":{\"@type\":\"EntryPoint\",\"urlTemplate\":\"https:\/\/serrafm879.com.br\/serrafm\/?s={search_term_string}\"},\"query-input\":{\"@type\":\"PropertyValueSpecification\",\"valueRequired\":true,\"valueName\":\"search_term_string\"}}],\"inLanguage\":\"pt-BR\"},{\"@type\":\"Person\",\"@id\":\"https:\/\/serrafm879.com.br\/serrafm\/#\/schema\/person\/c028a197030ff8b1c03c68dfba4a787a\",\"name\":\"serrafm87\",\"image\":{\"@type\":\"ImageObject\",\"inLanguage\":\"pt-BR\",\"@id\":\"https:\/\/serrafm879.com.br\/serrafm\/#\/schema\/person\/image\/\",\"url\":\"https:\/\/secure.gravatar.com\/avatar\/a743233f1112d34f48bb3dc9559b76eb930bab8b27175856cba6362608736235?s=96&d=mm&r=g\",\"contentUrl\":\"https:\/\/secure.gravatar.com\/avatar\/a743233f1112d34f48bb3dc9559b76eb930bab8b27175856cba6362608736235?s=96&d=mm&r=g\",\"caption\":\"serrafm87\"},\"sameAs\":[\"http:\/\/serrafm879.com.br\/\"],\"url\":\"https:\/\/serrafm879.com.br\/serrafm\/author\/serrafm87\/\"}]}<\/script>\n<!-- \/ Yoast SEO plugin. -->","yoast_head_json":{"title":"Conselheiros tutelares devem evitar fotos com candidatos pol\u00edticos, diz MPPE - Serra FM 87,9","robots":{"index":"index","follow":"follow","max-snippet":"max-snippet:-1","max-image-preview":"max-image-preview:large","max-video-preview":"max-video-preview:-1"},"canonical":"https:\/\/serrafm879.com.br\/serrafm\/2024\/08\/conselheiros-tutelares-devem-evitar-fotos-com-candidatos-politicos-diz-mppe\/","og_locale":"pt_BR","og_type":"article","og_title":"Conselheiros tutelares devem evitar fotos com candidatos pol\u00edticos, diz MPPE - Serra FM 87,9","og_description":"Recomenda\u00e7\u00e3o do MPPE inclui n\u00e3o realizar qualquer tipo de manifesta\u00e7\u00e3o de apoio mencionando o cargo de conselheiro tutelar. O Minist\u00e9rio P\u00fablico de Pernambuco (MPPE) recomendou aos conselheiros tutelares de oito cidades do Estado para que n\u00e3o realizem propagandas eleitorais nas depend\u00eancias dos Conselhos e nem utilizem dos seus cargos como forma de atividade pol\u00edtico-partid\u00e1ria. A recomenda\u00e7\u00e3o inclui n\u00e3o realizar qualquer tipo de manifesta\u00e7\u00e3o de apoio mencionando o cargo de conselheiro tutelar.\u00a0 Al\u00e9m disso, tamb\u00e9m foi orientado para que os conselheiros evitem fotografias com os candidatos das elei\u00e7\u00f5es. O Minist\u00e9rio P\u00fablico tamb\u00e9m ressaltou que &#8220;embora n\u00e3o seja vedada a livre manifesta\u00e7\u00e3o [&hellip;]","og_url":"https:\/\/serrafm879.com.br\/serrafm\/2024\/08\/conselheiros-tutelares-devem-evitar-fotos-com-candidatos-politicos-diz-mppe\/","og_site_name":"Serra FM 87,9","article_published_time":"2024-08-28T11:19:04+00:00","og_image":[{"width":800,"height":400,"url":"https:\/\/serrafm879.com.br\/serrafm\/wp-content\/uploads\/2024\/08\/crop-1.png","type":"image\/png"}],"author":"serrafm87","twitter_card":"summary_large_image","twitter_misc":{"Escrito por":"serrafm87","Est. tempo de leitura":"1 minuto"},"schema":{"@context":"https:\/\/schema.org","@graph":[{"@type":"WebPage","@id":"https:\/\/serrafm879.com.br\/serrafm\/2024\/08\/conselheiros-tutelares-devem-evitar-fotos-com-candidatos-politicos-diz-mppe\/","url":"https:\/\/serrafm879.com.br\/serrafm\/2024\/08\/conselheiros-tutelares-devem-evitar-fotos-com-candidatos-politicos-diz-mppe\/","name":"Conselheiros tutelares devem evitar fotos com candidatos pol\u00edticos, diz MPPE - Serra FM 87,9","isPartOf":{"@id":"https:\/\/serrafm879.com.br\/serrafm\/#website"},"primaryImageOfPage":{"@id":"https:\/\/serrafm879.com.br\/serrafm\/2024\/08\/conselheiros-tutelares-devem-evitar-fotos-com-candidatos-politicos-diz-mppe\/#primaryimage"},"image":{"@id":"https:\/\/serrafm879.com.br\/serrafm\/2024\/08\/conselheiros-tutelares-devem-evitar-fotos-com-candidatos-politicos-diz-mppe\/#primaryimage"},"thumbnailUrl":"https:\/\/serrafm879.com.br\/serrafm\/wp-content\/uploads\/2024\/08\/crop-1.png","datePublished":"2024-08-28T11:19:04+00:00","author":{"@id":"https:\/\/serrafm879.com.br\/serrafm\/#\/schema\/person\/c028a197030ff8b1c03c68dfba4a787a"},"breadcrumb":{"@id":"https:\/\/serrafm879.com.br\/serrafm\/2024\/08\/conselheiros-tutelares-devem-evitar-fotos-com-candidatos-politicos-diz-mppe\/#breadcrumb"},"inLanguage":"pt-BR","potentialAction":[{"@type":"ReadAction","target":["https:\/\/serrafm879.com.br\/serrafm\/2024\/08\/conselheiros-tutelares-devem-evitar-fotos-com-candidatos-politicos-diz-mppe\/"]}]},{"@type":"ImageObject","inLanguage":"pt-BR","@id":"https:\/\/serrafm879.com.br\/serrafm\/2024\/08\/conselheiros-tutelares-devem-evitar-fotos-com-candidatos-politicos-diz-mppe\/#primaryimage","url":"https:\/\/serrafm879.com.br\/serrafm\/wp-content\/uploads\/2024\/08\/crop-1.png","contentUrl":"https:\/\/serrafm879.com.br\/serrafm\/wp-content\/uploads\/2024\/08\/crop-1.png","width":800,"height":400},{"@type":"BreadcrumbList","@id":"https:\/\/serrafm879.com.br\/serrafm\/2024\/08\/conselheiros-tutelares-devem-evitar-fotos-com-candidatos-politicos-diz-mppe\/#breadcrumb","itemListElement":[{"@type":"ListItem","position":1,"name":"In\u00edcio","item":"https:\/\/serrafm879.com.br\/serrafm\/"},{"@type":"ListItem","position":2,"name":"Conselheiros tutelares devem evitar fotos com candidatos pol\u00edticos, diz MPPE"}]},{"@type":"WebSite","@id":"https:\/\/serrafm879.com.br\/serrafm\/#website","url":"https:\/\/serrafm879.com.br\/serrafm\/","name":"Serra FM 87,9","description":"O seu novo amor!","potentialAction":[{"@type":"SearchAction","target":{"@type":"EntryPoint","urlTemplate":"https:\/\/serrafm879.com.br\/serrafm\/?s={search_term_string}"},"query-input":{"@type":"PropertyValueSpecification","valueRequired":true,"valueName":"search_term_string"}}],"inLanguage":"pt-BR"},{"@type":"Person","@id":"https:\/\/serrafm879.com.br\/serrafm\/#\/schema\/person\/c028a197030ff8b1c03c68dfba4a787a","name":"serrafm87","image":{"@type":"ImageObject","inLanguage":"pt-BR","@id":"https:\/\/serrafm879.com.br\/serrafm\/#\/schema\/person\/image\/","url":"https:\/\/secure.gravatar.com\/avatar\/a743233f1112d34f48bb3dc9559b76eb930bab8b27175856cba6362608736235?s=96&d=mm&r=g","contentUrl":"https:\/\/secure.gravatar.com\/avatar\/a743233f1112d34f48bb3dc9559b76eb930bab8b27175856cba6362608736235?s=96&d=mm&r=g","caption":"serrafm87"},"sameAs":["http:\/\/serrafm879.com.br\/"],"url":"https:\/\/serrafm879.com.br\/serrafm\/author\/serrafm87\/"}]}},"jetpack_featured_media_url":"https:\/\/serrafm879.com.br\/serrafm\/wp-content\/uploads\/2024\/08\/crop-1.png","jetpack_shortlink":"https:\/\/wp.me\/p7HyXg-4yO","jetpack_sharing_enabled":true,"_links":{"self":[{"href":"https:\/\/serrafm879.com.br\/serrafm\/wp-json\/wp\/v2\/posts\/17534","targetHints":{"allow":["GET"]}}],"collection":[{"href":"https:\/\/serrafm879.com.br\/serrafm\/wp-json\/wp\/v2\/posts"}],"about":[{"href":"https:\/\/serrafm879.com.br\/serrafm\/wp-json\/wp\/v2\/types\/post"}],"author":[{"embeddable":true,"href":"https:\/\/serrafm879.com.br\/serrafm\/wp-json\/wp\/v2\/users\/2"}],"replies":[{"embeddable":true,"href":"https:\/\/serrafm879.com.br\/serrafm\/wp-json\/wp\/v2\/comments?post=17534"}],"version-history":[{"count":1,"href":"https:\/\/serrafm879.com.br\/serrafm\/wp-json\/wp\/v2\/posts\/17534\/revisions"}],"predecessor-version":[{"id":17536,"href":"https:\/\/serrafm879.com.br\/serrafm\/wp-json\/wp\/v2\/posts\/17534\/revisions\/17536"}],"wp:featuredmedia":[{"embeddable":true,"href":"https:\/\/serrafm879.com.br\/serrafm\/wp-json\/wp\/v2\/media\/17535"}],"wp:attachment":[{"href":"https:\/\/serrafm879.com.br\/serrafm\/wp-json\/wp\/v2\/media?parent=17534"}],"wp:term":[{"taxonomy":"category","embeddable":true,"href":"https:\/\/serrafm879.com.br\/serrafm\/wp-json\/wp\/v2\/categories?post=17534"},{"taxonomy":"post_tag","embeddable":true,"href":"https:\/\/serrafm879.com.br\/serrafm\/wp-json\/wp\/v2\/tags?post=17534"}],"curies":[{"name":"wp","href":"https:\/\/api.w.org\/{rel}","templated":true}]}}