{"id":17543,"date":"2024-08-28T20:03:00","date_gmt":"2024-08-28T23:03:00","guid":{"rendered":"https:\/?p=17543"},"modified":"2024-08-28T20:03:00","modified_gmt":"2024-08-28T23:03:00","slug":"saiba-a-programacao-completa-da-234-festa-de-setembro","status":"publish","type":"post","link":"https:\/\/serrafm879.com.br\/serrafm\/2024\/08\/saiba-a-programacao-completa-da-234-festa-de-setembro\/","title":{"rendered":"Saiba a programa\u00e7\u00e3o completa da 234 Festa de Setembro"},"content":{"rendered":"<p>A Festa de Nossa Senhora da Penha chega a 234 edi\u00e7\u00e3o.O maior evento religioso e cultural do sert\u00e3o do paje\u00fa, uma tradi\u00e7\u00e3o que come\u00e7ou em 1790, emociona e re\u00fane milhares de fi\u00e9is cat\u00f3licos em Serra Talhada.<\/p>\n<p>A grande celebra\u00e7\u00e3o deste ano traz o tema: \u201cEm Maria, a profecia se cumpriu! 100 anos do Profeta do Paje\u00fa, Dom Francisco\u201d. Ao longo das 11 noites passar\u00e3o pela Concatedral da Penha 11 padres de\u00a0Serra Talhada\u00a0e regi\u00e3o, al\u00e9m da celebra\u00e7\u00e3o de encerramento que contar\u00e1 com o Dom Limac\u00eado Antonio da Silva, bispo da diocese de Afogados da Ingazeira.<\/p>\n<p>Confira a programa\u00e7\u00e3o completa:<\/p>\n<h5>Celebra\u00e7\u00f5es Eucar\u00edsticas<\/h5>\n<p><strong>29\/08 (quinta-feira) \u2013 Noite da Bandeira<br \/>\n18h \u2013<\/strong>\u00a0Ter\u00e7o e prociss\u00e3o da bandeira saindo da resid\u00eancia de Dra. Socorro e Dr. Dilson<br \/>\n<strong>19h \u2013<\/strong>\u00a0Celebra\u00e7\u00e3o Eucar\u00edstica<br \/>\n<strong>Celebrante:\u00a0<\/strong>Pe. Jorge Adjan<br \/>\n<strong><br \/>\n30\/08 (sexta-feira) \u2013 Noite da Educa\u00e7\u00e3o<br \/>\n19h \u2013\u00a0<\/strong>Novena Celebra\u00e7\u00e3o Eucar\u00edstica<strong><br \/>\nCelebrante:<\/strong>\u00a0Pe. Adenildo da Silva Santos<\/p>\n<p><strong>31\/08\u00a0 (s\u00e1bado) \u2013 Noite das Comunidades Rurais<br \/>\n19h \u2013\u00a0<\/strong>Novena Celebra\u00e7\u00e3o Eucar\u00edstica<strong><br \/>\nCelebrante:\u00a0<\/strong>Pe. Edilberto Aparecido B. de S\u00e1<strong><br \/>\n<\/strong><br \/>\n<strong>01\/09 (domingo) \u2013 Noite da Juventude<br \/>\n15h \u2013<\/strong>\u00a0Romaria da Juventude<strong><br \/>\n19h \u2013<\/strong>\u00a0Novena Celebra\u00e7\u00e3o Eucar\u00edstica<strong><br \/>\nCelebrante:\u00a0<\/strong>Pe. Vin\u00edcius V\u00e9ras C. Ribeiro<strong><br \/>\n<\/strong><br \/>\n<strong>02\/09 (segunda-feira) \u2013 Noite dos Servidores P\u00fablicos<br \/>\n(municipais, estaduais e federais)<br \/>\n<\/strong><strong>19h \u2013<\/strong>\u00a0Novena Celebra\u00e7\u00e3o Eucar\u00edstica<strong><br \/>\nCelebrante:\u00a0<\/strong>Pe. Am\u00e9rico Leite de S\u00e1 Neto<\/p>\n<p><strong>03\/09 (ter\u00e7a-feira) \u2013 Noite dos Disc\u00edpulos Mission\u00e1rios<br \/>\n(pastorais, grupos e movimentos)<\/strong><br \/>\n<strong>19h \u2013<\/strong>\u00a0Novena Celebra\u00e7\u00e3o Eucar\u00edstica<strong><br \/>\nCelebrante:\u00a0<\/strong>Pe. Edson Andr\u00e9 Ramos da Silva<\/p>\n<p><strong>04\/09 (quarta-feira) \u2013 Noite do Com\u00e9rcio<\/strong><br \/>\n<strong>19h \u2013<\/strong>\u00a0Novena Celebra\u00e7\u00e3o Eucar\u00edstica<strong><br \/>\nCelebrante:\u00a0<\/strong>Pe. Ant\u00f4nio Orlando Bezerra<\/p>\n<p><strong>05\/09 (quinta-feira) \u2013 Noite das Crian\u00e7as<\/strong><br \/>\n<strong>19h \u2013<\/strong>\u00a0Novena Celebra\u00e7\u00e3o Eucar\u00edstica<strong><br \/>\nCelebrante:\u00a0<\/strong>Pe. Daniel Gomes de Souza<\/p>\n<p><strong>06\/09 (sexta-feira) \u2013 Noite dos Profissionais Liberais<\/strong><br \/>\n<strong>19h \u2013<\/strong>\u00a0Novena Celebra\u00e7\u00e3o Eucar\u00edstica<strong><br \/>\nCelebrante:\u00a0<\/strong>Pe. Erinaldo Sult\u00e9rio de Moraes<\/p>\n<p><strong>07\/09 (s\u00e1bado) \u2013 Noite dos Filhos Visitantes<\/strong><br \/>\n<strong>19h \u2013<\/strong>\u00a0Novena Celebra\u00e7\u00e3o Eucar\u00edstica<strong><br \/>\nCelebrante:\u00a0<\/strong>Pe. Elton Wilson Ferreira<\/p>\n<p><strong>08\/09 (domingo) \u2013 Festa da Natividade da Bem-Aventurada Virgem Maria<br \/>\n9h \u2013<\/strong>\u00a0Celebra\u00e7\u00e3o Eucar\u00edstica Solene<br \/>\nCelebrante: Dom Limac\u00eado Antonio da Silva<br \/>\n<strong>17h \u2013<\/strong>\u00a0Prociss\u00e3o e Encerramento da Festa<\/p>\n<h5>Polo Nacional (Lagoa Maria Tim\u00f3teo)<\/h5>\n<p>\u2013 <strong>04 de setembro:<\/strong> Xand Avi\u00e3o, Z\u00e9 Vaqueiro, Heitor Costa, Filipe Filho;<\/p>\n<p>\u2013 <strong>05 de setembro:<\/strong> Nattan, Tarc\u00edsio do Acordeon, Jonas Esticado, Itala e Brenda;<\/p>\n<p>\u2013 <strong>06 de setembro:<\/strong> Jo\u00e3o Gomes, Felipe Amorim, Raphaela Santos, Kennedy Brasil;<\/p>\n<p>\u2013 <strong>07 de setembro:<\/strong> Henrique e Juliano, Manin Vaqueiro, Michel Brocador, Leya.<\/p>\n<h5><strong>Polo Cultural (Pra\u00e7a S\u00e9rgio Magalh\u00e3es)<\/strong><\/h5>\n<p>\u2013 <strong>29 de agosto:<\/strong> Padre Alessandro Campos;<\/p>\n<p>\u2013 <strong>30 de agosto:<\/strong> Walkyria Santos, Henrique Brand\u00e3o, Boteco dos Amigos, Grupo de Dan\u00e7a Beatriz Sim\u00f5es;<\/p>\n<p>\u2013 <strong>31 de agosto:<\/strong> Altemar Dutra Jr, Assis\u00e3o, Bruna Magalh\u00e3es, Grupo de Xaxado Cabras de Lampi\u00e3o;<\/p>\n<p>\u2013 <strong>01 de setembro:<\/strong> Trio Sygnus + Minist\u00e9rio Bem Aventurados, Wiliam Sanfona, Grupo de Dan\u00e7a Folhas Outonais;<\/p>\n<p>\u2013 <strong>02 de setembro:<\/strong> Banda Vizzu, Lila, Grupo Gilvan Santos;<\/p>\n<p>\u2013 <strong>03 de setembro:<\/strong> 6Sambar, Dal Ribeiro \u2013 Grupo Intimidade, Andreds \u2013 Samba do Rasta e convidados, Grupo Mistura Pernambucana;<\/p>\n<p>\u2013 <strong>04 de setembro:<\/strong> Revolta Social, Belatrix, Petronio e as Criaturas;<\/p>\n<p>\u2013 <strong>05 de setembro:<\/strong> Filarm\u00f4nica In Concert, Fab\u00edola Leite, Cia Tindolel\u00ea, Grupo de Xaxado Cangaceiros de Vila Bela;<\/p>\n<p>\u2013 <strong>06 de setembro:<\/strong> Ray di Serra, Pajeuzeiros, Grupo de Xaxado Zabel\u00ea;<\/p>\n<p>\u2013 <strong>07 de setembro<\/strong> (P\u00f3s-desfile): T\u00falio Duarte, Cleitinho e Minininho;<\/p>\n<p>\u2013 <strong>07 de setembro<\/strong> (\u00c0 noite): Winny Lima, Forroz\u00e3o Mil;<\/p>\n<p>\u2013 <strong>08 de setembro:<\/strong> Minist\u00e9rio Luz Celeste, Minist\u00e9rio Amigos pela F\u00e9, Minist\u00e9rio Consagrados a Maria, Heidy Lima.<\/p>\n","protected":false},"excerpt":{"rendered":"<p>A Festa de Nossa Senhora da Penha chega a 234 edi\u00e7\u00e3o.O maior evento religioso e cultural do sert\u00e3o do paje\u00fa, uma tradi\u00e7\u00e3o que come\u00e7ou em 1790, emociona e re\u00fane milhares de fi\u00e9is cat\u00f3licos em Serra Talhada. A grande celebra\u00e7\u00e3o deste ano traz o tema: \u201cEm Maria, a profecia se cumpriu! 100 anos do Profeta do Paje\u00fa, Dom Francisco\u201d. Ao longo das 11 noites passar\u00e3o pela Concatedral da Penha 11 padres de\u00a0Serra Talhada\u00a0e regi\u00e3o, al\u00e9m da celebra\u00e7\u00e3o de encerramento que contar\u00e1 com o Dom Limac\u00eado Antonio da Silva, bispo da diocese de Afogados da Ingazeira. Confira a programa\u00e7\u00e3o completa: Celebra\u00e7\u00f5es Eucar\u00edsticas [&hellip;]<\/p>\n","protected":false},"author":2,"featured_media":17544,"comment_status":"open","ping_status":"open","sticky":false,"template":"","format":"standard","meta":{"_jetpack_memberships_contains_paid_content":false,"footnotes":"","jetpack_publicize_message":"","jetpack_publicize_feature_enabled":true,"jetpack_social_post_already_shared":true,"jetpack_social_options":{"image_generator_settings":{"template":"highway","enabled":false},"version":2}},"categories":[2],"tags":[],"class_list":["post-17543","post","type-post","status-publish","format-standard","has-post-thumbnail","hentry","category-noticias"],"jetpack_publicize_connections":[],"yoast_head":"<!-- This site is optimized with the Yoast SEO plugin v24.7 - https:\/\/yoast.com\/wordpress\/plugins\/seo\/ -->\n<title>Saiba a programa\u00e7\u00e3o completa da 234 Festa de Setembro - Serra FM 87,9<\/title>\n<meta name=\"robots\" content=\"index, follow, max-snippet:-1, max-image-preview:large, max-video-preview:-1\" \/>\n<link rel=\"canonical\" href=\"https:\/\/serrafm879.com.br\/serrafm\/2024\/08\/saiba-a-programacao-completa-da-234-festa-de-setembro\/\" \/>\n<meta property=\"og:locale\" content=\"pt_BR\" \/>\n<meta property=\"og:type\" content=\"article\" \/>\n<meta property=\"og:title\" content=\"Saiba a programa\u00e7\u00e3o completa da 234 Festa de Setembro - Serra FM 87,9\" \/>\n<meta property=\"og:description\" content=\"A Festa de Nossa Senhora da Penha chega a 234 edi\u00e7\u00e3o.O maior evento religioso e cultural do sert\u00e3o do paje\u00fa, uma tradi\u00e7\u00e3o que come\u00e7ou em 1790, emociona e re\u00fane milhares de fi\u00e9is cat\u00f3licos em Serra Talhada. A grande celebra\u00e7\u00e3o deste ano traz o tema: \u201cEm Maria, a profecia se cumpriu! 100 anos do Profeta do Paje\u00fa, Dom Francisco\u201d. Ao longo das 11 noites passar\u00e3o pela Concatedral da Penha 11 padres de\u00a0Serra Talhada\u00a0e regi\u00e3o, al\u00e9m da celebra\u00e7\u00e3o de encerramento que contar\u00e1 com o Dom Limac\u00eado Antonio da Silva, bispo da diocese de Afogados da Ingazeira. Confira a programa\u00e7\u00e3o completa: Celebra\u00e7\u00f5es Eucar\u00edsticas [&hellip;]\" \/>\n<meta property=\"og:url\" content=\"https:\/\/serrafm879.com.br\/serrafm\/2024\/08\/saiba-a-programacao-completa-da-234-festa-de-setembro\/\" \/>\n<meta property=\"og:site_name\" content=\"Serra FM 87,9\" \/>\n<meta property=\"article:published_time\" content=\"2024-08-28T23:03:00+00:00\" \/>\n<meta property=\"og:image\" content=\"https:\/\/serrafm879.com.br\/serrafm\/wp-content\/uploads\/2024\/08\/transferir-1.jpg\" \/>\n\t<meta property=\"og:image:width\" content=\"275\" \/>\n\t<meta property=\"og:image:height\" content=\"183\" \/>\n\t<meta property=\"og:image:type\" content=\"image\/jpeg\" \/>\n<meta name=\"author\" content=\"serrafm87\" \/>\n<meta name=\"twitter:card\" content=\"summary_large_image\" \/>\n<meta name=\"twitter:label1\" content=\"Escrito por\" \/>\n\t<meta name=\"twitter:data1\" content=\"serrafm87\" \/>\n\t<meta name=\"twitter:label2\" content=\"Est. tempo de leitura\" \/>\n\t<meta name=\"twitter:data2\" content=\"3 minutos\" \/>\n<script type=\"application\/ld+json\" class=\"yoast-schema-graph\">{\"@context\":\"https:\/\/schema.org\",\"@graph\":[{\"@type\":\"WebPage\",\"@id\":\"https:\/\/serrafm879.com.br\/serrafm\/2024\/08\/saiba-a-programacao-completa-da-234-festa-de-setembro\/\",\"url\":\"https:\/\/serrafm879.com.br\/serrafm\/2024\/08\/saiba-a-programacao-completa-da-234-festa-de-setembro\/\",\"name\":\"Saiba a programa\u00e7\u00e3o completa da 234 Festa de Setembro - Serra FM 87,9\",\"isPartOf\":{\"@id\":\"https:\/\/serrafm879.com.br\/serrafm\/#website\"},\"primaryImageOfPage\":{\"@id\":\"https:\/\/serrafm879.com.br\/serrafm\/2024\/08\/saiba-a-programacao-completa-da-234-festa-de-setembro\/#primaryimage\"},\"image\":{\"@id\":\"https:\/\/serrafm879.com.br\/serrafm\/2024\/08\/saiba-a-programacao-completa-da-234-festa-de-setembro\/#primaryimage\"},\"thumbnailUrl\":\"https:\/\/serrafm879.com.br\/serrafm\/wp-content\/uploads\/2024\/08\/transferir-1.jpg\",\"datePublished\":\"2024-08-28T23:03:00+00:00\",\"author\":{\"@id\":\"https:\/\/serrafm879.com.br\/serrafm\/#\/schema\/person\/c028a197030ff8b1c03c68dfba4a787a\"},\"breadcrumb\":{\"@id\":\"https:\/\/serrafm879.com.br\/serrafm\/2024\/08\/saiba-a-programacao-completa-da-234-festa-de-setembro\/#breadcrumb\"},\"inLanguage\":\"pt-BR\",\"potentialAction\":[{\"@type\":\"ReadAction\",\"target\":[\"https:\/\/serrafm879.com.br\/serrafm\/2024\/08\/saiba-a-programacao-completa-da-234-festa-de-setembro\/\"]}]},{\"@type\":\"ImageObject\",\"inLanguage\":\"pt-BR\",\"@id\":\"https:\/\/serrafm879.com.br\/serrafm\/2024\/08\/saiba-a-programacao-completa-da-234-festa-de-setembro\/#primaryimage\",\"url\":\"https:\/\/serrafm879.com.br\/serrafm\/wp-content\/uploads\/2024\/08\/transferir-1.jpg\",\"contentUrl\":\"https:\/\/serrafm879.com.br\/serrafm\/wp-content\/uploads\/2024\/08\/transferir-1.jpg\",\"width\":275,\"height\":183},{\"@type\":\"BreadcrumbList\",\"@id\":\"https:\/\/serrafm879.com.br\/serrafm\/2024\/08\/saiba-a-programacao-completa-da-234-festa-de-setembro\/#breadcrumb\",\"itemListElement\":[{\"@type\":\"ListItem\",\"position\":1,\"name\":\"In\u00edcio\",\"item\":\"https:\/\/serrafm879.com.br\/serrafm\/\"},{\"@type\":\"ListItem\",\"position\":2,\"name\":\"Saiba a programa\u00e7\u00e3o completa da 234 Festa de Setembro\"}]},{\"@type\":\"WebSite\",\"@id\":\"https:\/\/serrafm879.com.br\/serrafm\/#website\",\"url\":\"https:\/\/serrafm879.com.br\/serrafm\/\",\"name\":\"Serra FM 87,9\",\"description\":\"O seu novo amor!\",\"potentialAction\":[{\"@type\":\"SearchAction\",\"target\":{\"@type\":\"EntryPoint\",\"urlTemplate\":\"https:\/\/serrafm879.com.br\/serrafm\/?s={search_term_string}\"},\"query-input\":{\"@type\":\"PropertyValueSpecification\",\"valueRequired\":true,\"valueName\":\"search_term_string\"}}],\"inLanguage\":\"pt-BR\"},{\"@type\":\"Person\",\"@id\":\"https:\/\/serrafm879.com.br\/serrafm\/#\/schema\/person\/c028a197030ff8b1c03c68dfba4a787a\",\"name\":\"serrafm87\",\"image\":{\"@type\":\"ImageObject\",\"inLanguage\":\"pt-BR\",\"@id\":\"https:\/\/serrafm879.com.br\/serrafm\/#\/schema\/person\/image\/\",\"url\":\"https:\/\/secure.gravatar.com\/avatar\/a743233f1112d34f48bb3dc9559b76eb930bab8b27175856cba6362608736235?s=96&d=mm&r=g\",\"contentUrl\":\"https:\/\/secure.gravatar.com\/avatar\/a743233f1112d34f48bb3dc9559b76eb930bab8b27175856cba6362608736235?s=96&d=mm&r=g\",\"caption\":\"serrafm87\"},\"sameAs\":[\"http:\/\/serrafm879.com.br\/\"],\"url\":\"https:\/\/serrafm879.com.br\/serrafm\/author\/serrafm87\/\"}]}<\/script>\n<!-- \/ Yoast SEO plugin. -->","yoast_head_json":{"title":"Saiba a programa\u00e7\u00e3o completa da 234 Festa de Setembro - Serra FM 87,9","robots":{"index":"index","follow":"follow","max-snippet":"max-snippet:-1","max-image-preview":"max-image-preview:large","max-video-preview":"max-video-preview:-1"},"canonical":"https:\/\/serrafm879.com.br\/serrafm\/2024\/08\/saiba-a-programacao-completa-da-234-festa-de-setembro\/","og_locale":"pt_BR","og_type":"article","og_title":"Saiba a programa\u00e7\u00e3o completa da 234 Festa de Setembro - Serra FM 87,9","og_description":"A Festa de Nossa Senhora da Penha chega a 234 edi\u00e7\u00e3o.O maior evento religioso e cultural do sert\u00e3o do paje\u00fa, uma tradi\u00e7\u00e3o que come\u00e7ou em 1790, emociona e re\u00fane milhares de fi\u00e9is cat\u00f3licos em Serra Talhada. A grande celebra\u00e7\u00e3o deste ano traz o tema: \u201cEm Maria, a profecia se cumpriu! 100 anos do Profeta do Paje\u00fa, Dom Francisco\u201d. Ao longo das 11 noites passar\u00e3o pela Concatedral da Penha 11 padres de\u00a0Serra Talhada\u00a0e regi\u00e3o, al\u00e9m da celebra\u00e7\u00e3o de encerramento que contar\u00e1 com o Dom Limac\u00eado Antonio da Silva, bispo da diocese de Afogados da Ingazeira. Confira a programa\u00e7\u00e3o completa: Celebra\u00e7\u00f5es Eucar\u00edsticas [&hellip;]","og_url":"https:\/\/serrafm879.com.br\/serrafm\/2024\/08\/saiba-a-programacao-completa-da-234-festa-de-setembro\/","og_site_name":"Serra FM 87,9","article_published_time":"2024-08-28T23:03:00+00:00","og_image":[{"width":275,"height":183,"url":"https:\/\/serrafm879.com.br\/serrafm\/wp-content\/uploads\/2024\/08\/transferir-1.jpg","type":"image\/jpeg"}],"author":"serrafm87","twitter_card":"summary_large_image","twitter_misc":{"Escrito por":"serrafm87","Est. tempo de leitura":"3 minutos"},"schema":{"@context":"https:\/\/schema.org","@graph":[{"@type":"WebPage","@id":"https:\/\/serrafm879.com.br\/serrafm\/2024\/08\/saiba-a-programacao-completa-da-234-festa-de-setembro\/","url":"https:\/\/serrafm879.com.br\/serrafm\/2024\/08\/saiba-a-programacao-completa-da-234-festa-de-setembro\/","name":"Saiba a programa\u00e7\u00e3o completa da 234 Festa de Setembro - Serra FM 87,9","isPartOf":{"@id":"https:\/\/serrafm879.com.br\/serrafm\/#website"},"primaryImageOfPage":{"@id":"https:\/\/serrafm879.com.br\/serrafm\/2024\/08\/saiba-a-programacao-completa-da-234-festa-de-setembro\/#primaryimage"},"image":{"@id":"https:\/\/serrafm879.com.br\/serrafm\/2024\/08\/saiba-a-programacao-completa-da-234-festa-de-setembro\/#primaryimage"},"thumbnailUrl":"https:\/\/serrafm879.com.br\/serrafm\/wp-content\/uploads\/2024\/08\/transferir-1.jpg","datePublished":"2024-08-28T23:03:00+00:00","author":{"@id":"https:\/\/serrafm879.com.br\/serrafm\/#\/schema\/person\/c028a197030ff8b1c03c68dfba4a787a"},"breadcrumb":{"@id":"https:\/\/serrafm879.com.br\/serrafm\/2024\/08\/saiba-a-programacao-completa-da-234-festa-de-setembro\/#breadcrumb"},"inLanguage":"pt-BR","potentialAction":[{"@type":"ReadAction","target":["https:\/\/serrafm879.com.br\/serrafm\/2024\/08\/saiba-a-programacao-completa-da-234-festa-de-setembro\/"]}]},{"@type":"ImageObject","inLanguage":"pt-BR","@id":"https:\/\/serrafm879.com.br\/serrafm\/2024\/08\/saiba-a-programacao-completa-da-234-festa-de-setembro\/#primaryimage","url":"https:\/\/serrafm879.com.br\/serrafm\/wp-content\/uploads\/2024\/08\/transferir-1.jpg","contentUrl":"https:\/\/serrafm879.com.br\/serrafm\/wp-content\/uploads\/2024\/08\/transferir-1.jpg","width":275,"height":183},{"@type":"BreadcrumbList","@id":"https:\/\/serrafm879.com.br\/serrafm\/2024\/08\/saiba-a-programacao-completa-da-234-festa-de-setembro\/#breadcrumb","itemListElement":[{"@type":"ListItem","position":1,"name":"In\u00edcio","item":"https:\/\/serrafm879.com.br\/serrafm\/"},{"@type":"ListItem","position":2,"name":"Saiba a programa\u00e7\u00e3o completa da 234 Festa de Setembro"}]},{"@type":"WebSite","@id":"https:\/\/serrafm879.com.br\/serrafm\/#website","url":"https:\/\/serrafm879.com.br\/serrafm\/","name":"Serra FM 87,9","description":"O seu novo amor!","potentialAction":[{"@type":"SearchAction","target":{"@type":"EntryPoint","urlTemplate":"https:\/\/serrafm879.com.br\/serrafm\/?s={search_term_string}"},"query-input":{"@type":"PropertyValueSpecification","valueRequired":true,"valueName":"search_term_string"}}],"inLanguage":"pt-BR"},{"@type":"Person","@id":"https:\/\/serrafm879.com.br\/serrafm\/#\/schema\/person\/c028a197030ff8b1c03c68dfba4a787a","name":"serrafm87","image":{"@type":"ImageObject","inLanguage":"pt-BR","@id":"https:\/\/serrafm879.com.br\/serrafm\/#\/schema\/person\/image\/","url":"https:\/\/secure.gravatar.com\/avatar\/a743233f1112d34f48bb3dc9559b76eb930bab8b27175856cba6362608736235?s=96&d=mm&r=g","contentUrl":"https:\/\/secure.gravatar.com\/avatar\/a743233f1112d34f48bb3dc9559b76eb930bab8b27175856cba6362608736235?s=96&d=mm&r=g","caption":"serrafm87"},"sameAs":["http:\/\/serrafm879.com.br\/"],"url":"https:\/\/serrafm879.com.br\/serrafm\/author\/serrafm87\/"}]}},"jetpack_featured_media_url":"https:\/\/serrafm879.com.br\/serrafm\/wp-content\/uploads\/2024\/08\/transferir-1.jpg","jetpack_shortlink":"https:\/\/wp.me\/p7HyXg-4yX","jetpack_sharing_enabled":true,"_links":{"self":[{"href":"https:\/\/serrafm879.com.br\/serrafm\/wp-json\/wp\/v2\/posts\/17543","targetHints":{"allow":["GET"]}}],"collection":[{"href":"https:\/\/serrafm879.com.br\/serrafm\/wp-json\/wp\/v2\/posts"}],"about":[{"href":"https:\/\/serrafm879.com.br\/serrafm\/wp-json\/wp\/v2\/types\/post"}],"author":[{"embeddable":true,"href":"https:\/\/serrafm879.com.br\/serrafm\/wp-json\/wp\/v2\/users\/2"}],"replies":[{"embeddable":true,"href":"https:\/\/serrafm879.com.br\/serrafm\/wp-json\/wp\/v2\/comments?post=17543"}],"version-history":[{"count":2,"href":"https:\/\/serrafm879.com.br\/serrafm\/wp-json\/wp\/v2\/posts\/17543\/revisions"}],"predecessor-version":[{"id":17546,"href":"https:\/\/serrafm879.com.br\/serrafm\/wp-json\/wp\/v2\/posts\/17543\/revisions\/17546"}],"wp:featuredmedia":[{"embeddable":true,"href":"https:\/\/serrafm879.com.br\/serrafm\/wp-json\/wp\/v2\/media\/17544"}],"wp:attachment":[{"href":"https:\/\/serrafm879.com.br\/serrafm\/wp-json\/wp\/v2\/media?parent=17543"}],"wp:term":[{"taxonomy":"category","embeddable":true,"href":"https:\/\/serrafm879.com.br\/serrafm\/wp-json\/wp\/v2\/categories?post=17543"},{"taxonomy":"post_tag","embeddable":true,"href":"https:\/\/serrafm879.com.br\/serrafm\/wp-json\/wp\/v2\/tags?post=17543"}],"curies":[{"name":"wp","href":"https:\/\/api.w.org\/{rel}","templated":true}]}}