{"id":17547,"date":"2024-08-29T17:25:42","date_gmt":"2024-08-29T20:25:42","guid":{"rendered":"https:\/?p=17547"},"modified":"2024-08-29T17:25:42","modified_gmt":"2024-08-29T20:25:42","slug":"empresario-e-suspeito-de-esfaquear-prefeito-de-sertania-nesta-5a","status":"publish","type":"post","link":"https:\/\/serrafm879.com.br\/serrafm\/2024\/08\/empresario-e-suspeito-de-esfaquear-prefeito-de-sertania-nesta-5a\/","title":{"rendered":"Empres\u00e1rio \u00e9 suspeito de esfaquear prefeito de Sert\u00e2nia nesta 5\u00aa"},"content":{"rendered":"<p>O prefeito de\u00a0<a href=\"https:\/\/faroldenoticias.com.br\/categoria\/pernambuco\/\">Sert\u00e2nia<\/a>, \u00c2ngelo Ferreira, do PSB, foi esfaqueado h\u00e1 pouco pelo empres\u00e1rio Nelson do Cons\u00f3rcio, nas imedia\u00e7\u00f5es do Banco do Brasil.<\/p>\n<p>O prefeito foi levado ao Hospital Municipal Maria Alice Gomes Lafayette, e deve ser transferido, provavelmente para Arcoverde.<\/p>\n<p>\u00c2ngelo teria sido atingido por tr\u00eas facadas. H\u00e1 informa\u00e7\u00f5es de que estaria consciente, mas que seu estado \u00e9 tido como grave ou inspirando cuidados.<\/p>\n<p>Um outro \u00e1udio a que o blog teve acesso daria conta de que a les\u00e3o teria sido de menor gravidade.<\/p>\n<p>Assim, as informa\u00e7\u00f5es e vers\u00f5es ainda s\u00e3o inconclusivas.<\/p>\n<p>Aliados de \u00c2ngelo falam em motiva\u00e7\u00e3o pol\u00edtica. O prefeito tem 70 anos.<\/p>\n<p>Segundo informa\u00e7\u00f5es apuradas pela Serra FM, o gestor municipal j\u00e1 se encontra fora de perigo em hospital de Afogados da Ingazeira.<\/p>\n<div id=\"attachment_17548\" style=\"width: 310px\" class=\"wp-caption aligncenter\"><img loading=\"lazy\" decoding=\"async\" aria-describedby=\"caption-attachment-17548\" data-attachment-id=\"17548\" data-permalink=\"https:\/\/serrafm879.com.br\/serrafm\/2024\/08\/empresario-e-suspeito-de-esfaquear-prefeito-de-sertania-nesta-5a\/captura-de-tela-2024-08-29-172244\/\" data-orig-file=\"https:\/\/serrafm879.com.br\/serrafm\/wp-content\/uploads\/2024\/08\/Captura-de-tela-2024-08-29-172244.png\" data-orig-size=\"333,312\" data-comments-opened=\"1\" data-image-meta=\"{&quot;aperture&quot;:&quot;0&quot;,&quot;credit&quot;:&quot;&quot;,&quot;camera&quot;:&quot;&quot;,&quot;caption&quot;:&quot;&quot;,&quot;created_timestamp&quot;:&quot;0&quot;,&quot;copyright&quot;:&quot;&quot;,&quot;focal_length&quot;:&quot;0&quot;,&quot;iso&quot;:&quot;0&quot;,&quot;shutter_speed&quot;:&quot;0&quot;,&quot;title&quot;:&quot;&quot;,&quot;orientation&quot;:&quot;0&quot;}\" data-image-title=\"Captura de tela 2024-08-29 172244\" data-image-description=\"\" data-image-caption=\"\" data-medium-file=\"https:\/\/serrafm879.com.br\/serrafm\/wp-content\/uploads\/2024\/08\/Captura-de-tela-2024-08-29-172244-300x281.png\" data-large-file=\"https:\/\/serrafm879.com.br\/serrafm\/wp-content\/uploads\/2024\/08\/Captura-de-tela-2024-08-29-172244.png\" class=\"wp-image-17548 size-medium\" src=\"http:\/\/serrafm879.com.br\/wp-content\/uploads\/2024\/08\/Captura-de-tela-2024-08-29-172244-300x281.png\" alt=\"\" width=\"300\" height=\"281\" srcset=\"https:\/\/serrafm879.com.br\/serrafm\/wp-content\/uploads\/2024\/08\/Captura-de-tela-2024-08-29-172244-300x281.png 300w, https:\/\/serrafm879.com.br\/serrafm\/wp-content\/uploads\/2024\/08\/Captura-de-tela-2024-08-29-172244.png 333w\" sizes=\"auto, (max-width: 300px) 100vw, 300px\" \/><p id=\"caption-attachment-17548\" class=\"wp-caption-text\">Redes sociais &#8211; Repercuss\u00e3o<\/p><\/div>\n<p>A governadora Raquel Lyra, em suas redes sociais, disse estar acompanhado ocorridoequeaSDS j\u00e1 est\u00e1 atuando no caso rigorosamente.<\/p>\n","protected":false},"excerpt":{"rendered":"<p>O prefeito de\u00a0Sert\u00e2nia, \u00c2ngelo Ferreira, do PSB, foi esfaqueado h\u00e1 pouco pelo empres\u00e1rio Nelson do Cons\u00f3rcio, nas imedia\u00e7\u00f5es do Banco do Brasil. O prefeito foi levado ao Hospital Municipal Maria Alice Gomes Lafayette, e deve ser transferido, provavelmente para Arcoverde. \u00c2ngelo teria sido atingido por tr\u00eas facadas. H\u00e1 informa\u00e7\u00f5es de que estaria consciente, mas que seu estado \u00e9 tido como grave ou inspirando cuidados. Um outro \u00e1udio a que o blog teve acesso daria conta de que a les\u00e3o teria sido de menor gravidade. Assim, as informa\u00e7\u00f5es e vers\u00f5es ainda s\u00e3o inconclusivas. Aliados de \u00c2ngelo falam em motiva\u00e7\u00e3o pol\u00edtica. O [&hellip;]<\/p>\n","protected":false},"author":2,"featured_media":17549,"comment_status":"open","ping_status":"open","sticky":false,"template":"","format":"standard","meta":{"_jetpack_memberships_contains_paid_content":false,"footnotes":"","jetpack_publicize_message":"","jetpack_publicize_feature_enabled":true,"jetpack_social_post_already_shared":true,"jetpack_social_options":{"image_generator_settings":{"template":"highway","enabled":false},"version":2}},"categories":[1],"tags":[],"class_list":["post-17547","post","type-post","status-publish","format-standard","has-post-thumbnail","hentry","category-uncategorized"],"jetpack_publicize_connections":[],"yoast_head":"<!-- This site is optimized with the Yoast SEO plugin v24.7 - https:\/\/yoast.com\/wordpress\/plugins\/seo\/ -->\n<title>Empres\u00e1rio \u00e9 suspeito de esfaquear prefeito de Sert\u00e2nia nesta 5\u00aa - Serra FM 87,9<\/title>\n<meta name=\"robots\" content=\"index, follow, max-snippet:-1, max-image-preview:large, max-video-preview:-1\" \/>\n<link rel=\"canonical\" href=\"https:\/\/serrafm879.com.br\/serrafm\/2024\/08\/empresario-e-suspeito-de-esfaquear-prefeito-de-sertania-nesta-5a\/\" \/>\n<meta property=\"og:locale\" content=\"pt_BR\" \/>\n<meta property=\"og:type\" content=\"article\" \/>\n<meta property=\"og:title\" content=\"Empres\u00e1rio \u00e9 suspeito de esfaquear prefeito de Sert\u00e2nia nesta 5\u00aa - Serra FM 87,9\" \/>\n<meta property=\"og:description\" content=\"O prefeito de\u00a0Sert\u00e2nia, \u00c2ngelo Ferreira, do PSB, foi esfaqueado h\u00e1 pouco pelo empres\u00e1rio Nelson do Cons\u00f3rcio, nas imedia\u00e7\u00f5es do Banco do Brasil. O prefeito foi levado ao Hospital Municipal Maria Alice Gomes Lafayette, e deve ser transferido, provavelmente para Arcoverde. \u00c2ngelo teria sido atingido por tr\u00eas facadas. H\u00e1 informa\u00e7\u00f5es de que estaria consciente, mas que seu estado \u00e9 tido como grave ou inspirando cuidados. Um outro \u00e1udio a que o blog teve acesso daria conta de que a les\u00e3o teria sido de menor gravidade. Assim, as informa\u00e7\u00f5es e vers\u00f5es ainda s\u00e3o inconclusivas. Aliados de \u00c2ngelo falam em motiva\u00e7\u00e3o pol\u00edtica. O [&hellip;]\" \/>\n<meta property=\"og:url\" content=\"https:\/\/serrafm879.com.br\/serrafm\/2024\/08\/empresario-e-suspeito-de-esfaquear-prefeito-de-sertania-nesta-5a\/\" \/>\n<meta property=\"og:site_name\" content=\"Serra FM 87,9\" \/>\n<meta property=\"article:published_time\" content=\"2024-08-29T20:25:42+00:00\" \/>\n<meta property=\"og:image\" content=\"https:\/\/serrafm879.com.br\/serrafm\/wp-content\/uploads\/2024\/08\/Captura-de-tela-2024-08-29-171845.png\" \/>\n\t<meta property=\"og:image:width\" content=\"422\" \/>\n\t<meta property=\"og:image:height\" content=\"383\" \/>\n\t<meta property=\"og:image:type\" content=\"image\/png\" \/>\n<meta name=\"author\" content=\"serrafm87\" \/>\n<meta name=\"twitter:card\" content=\"summary_large_image\" \/>\n<meta name=\"twitter:label1\" content=\"Escrito por\" \/>\n\t<meta name=\"twitter:data1\" content=\"serrafm87\" \/>\n\t<meta name=\"twitter:label2\" content=\"Est. tempo de leitura\" \/>\n\t<meta name=\"twitter:data2\" content=\"2 minutos\" \/>\n<script type=\"application\/ld+json\" class=\"yoast-schema-graph\">{\"@context\":\"https:\/\/schema.org\",\"@graph\":[{\"@type\":\"WebPage\",\"@id\":\"https:\/\/serrafm879.com.br\/serrafm\/2024\/08\/empresario-e-suspeito-de-esfaquear-prefeito-de-sertania-nesta-5a\/\",\"url\":\"https:\/\/serrafm879.com.br\/serrafm\/2024\/08\/empresario-e-suspeito-de-esfaquear-prefeito-de-sertania-nesta-5a\/\",\"name\":\"Empres\u00e1rio \u00e9 suspeito de esfaquear prefeito de Sert\u00e2nia nesta 5\u00aa - Serra FM 87,9\",\"isPartOf\":{\"@id\":\"https:\/\/serrafm879.com.br\/serrafm\/#website\"},\"primaryImageOfPage\":{\"@id\":\"https:\/\/serrafm879.com.br\/serrafm\/2024\/08\/empresario-e-suspeito-de-esfaquear-prefeito-de-sertania-nesta-5a\/#primaryimage\"},\"image\":{\"@id\":\"https:\/\/serrafm879.com.br\/serrafm\/2024\/08\/empresario-e-suspeito-de-esfaquear-prefeito-de-sertania-nesta-5a\/#primaryimage\"},\"thumbnailUrl\":\"https:\/\/serrafm879.com.br\/serrafm\/wp-content\/uploads\/2024\/08\/Captura-de-tela-2024-08-29-171845.png\",\"datePublished\":\"2024-08-29T20:25:42+00:00\",\"author\":{\"@id\":\"https:\/\/serrafm879.com.br\/serrafm\/#\/schema\/person\/c028a197030ff8b1c03c68dfba4a787a\"},\"breadcrumb\":{\"@id\":\"https:\/\/serrafm879.com.br\/serrafm\/2024\/08\/empresario-e-suspeito-de-esfaquear-prefeito-de-sertania-nesta-5a\/#breadcrumb\"},\"inLanguage\":\"pt-BR\",\"potentialAction\":[{\"@type\":\"ReadAction\",\"target\":[\"https:\/\/serrafm879.com.br\/serrafm\/2024\/08\/empresario-e-suspeito-de-esfaquear-prefeito-de-sertania-nesta-5a\/\"]}]},{\"@type\":\"ImageObject\",\"inLanguage\":\"pt-BR\",\"@id\":\"https:\/\/serrafm879.com.br\/serrafm\/2024\/08\/empresario-e-suspeito-de-esfaquear-prefeito-de-sertania-nesta-5a\/#primaryimage\",\"url\":\"https:\/\/serrafm879.com.br\/serrafm\/wp-content\/uploads\/2024\/08\/Captura-de-tela-2024-08-29-171845.png\",\"contentUrl\":\"https:\/\/serrafm879.com.br\/serrafm\/wp-content\/uploads\/2024\/08\/Captura-de-tela-2024-08-29-171845.png\",\"width\":422,\"height\":383},{\"@type\":\"BreadcrumbList\",\"@id\":\"https:\/\/serrafm879.com.br\/serrafm\/2024\/08\/empresario-e-suspeito-de-esfaquear-prefeito-de-sertania-nesta-5a\/#breadcrumb\",\"itemListElement\":[{\"@type\":\"ListItem\",\"position\":1,\"name\":\"In\u00edcio\",\"item\":\"https:\/\/serrafm879.com.br\/serrafm\/\"},{\"@type\":\"ListItem\",\"position\":2,\"name\":\"Empres\u00e1rio \u00e9 suspeito de esfaquear prefeito de Sert\u00e2nia nesta 5\u00aa\"}]},{\"@type\":\"WebSite\",\"@id\":\"https:\/\/serrafm879.com.br\/serrafm\/#website\",\"url\":\"https:\/\/serrafm879.com.br\/serrafm\/\",\"name\":\"Serra FM 87,9\",\"description\":\"O seu novo amor!\",\"potentialAction\":[{\"@type\":\"SearchAction\",\"target\":{\"@type\":\"EntryPoint\",\"urlTemplate\":\"https:\/\/serrafm879.com.br\/serrafm\/?s={search_term_string}\"},\"query-input\":{\"@type\":\"PropertyValueSpecification\",\"valueRequired\":true,\"valueName\":\"search_term_string\"}}],\"inLanguage\":\"pt-BR\"},{\"@type\":\"Person\",\"@id\":\"https:\/\/serrafm879.com.br\/serrafm\/#\/schema\/person\/c028a197030ff8b1c03c68dfba4a787a\",\"name\":\"serrafm87\",\"image\":{\"@type\":\"ImageObject\",\"inLanguage\":\"pt-BR\",\"@id\":\"https:\/\/serrafm879.com.br\/serrafm\/#\/schema\/person\/image\/\",\"url\":\"https:\/\/secure.gravatar.com\/avatar\/a743233f1112d34f48bb3dc9559b76eb930bab8b27175856cba6362608736235?s=96&d=mm&r=g\",\"contentUrl\":\"https:\/\/secure.gravatar.com\/avatar\/a743233f1112d34f48bb3dc9559b76eb930bab8b27175856cba6362608736235?s=96&d=mm&r=g\",\"caption\":\"serrafm87\"},\"sameAs\":[\"http:\/\/serrafm879.com.br\/\"],\"url\":\"https:\/\/serrafm879.com.br\/serrafm\/author\/serrafm87\/\"}]}<\/script>\n<!-- \/ Yoast SEO plugin. -->","yoast_head_json":{"title":"Empres\u00e1rio \u00e9 suspeito de esfaquear prefeito de Sert\u00e2nia nesta 5\u00aa - Serra FM 87,9","robots":{"index":"index","follow":"follow","max-snippet":"max-snippet:-1","max-image-preview":"max-image-preview:large","max-video-preview":"max-video-preview:-1"},"canonical":"https:\/\/serrafm879.com.br\/serrafm\/2024\/08\/empresario-e-suspeito-de-esfaquear-prefeito-de-sertania-nesta-5a\/","og_locale":"pt_BR","og_type":"article","og_title":"Empres\u00e1rio \u00e9 suspeito de esfaquear prefeito de Sert\u00e2nia nesta 5\u00aa - Serra FM 87,9","og_description":"O prefeito de\u00a0Sert\u00e2nia, \u00c2ngelo Ferreira, do PSB, foi esfaqueado h\u00e1 pouco pelo empres\u00e1rio Nelson do Cons\u00f3rcio, nas imedia\u00e7\u00f5es do Banco do Brasil. O prefeito foi levado ao Hospital Municipal Maria Alice Gomes Lafayette, e deve ser transferido, provavelmente para Arcoverde. \u00c2ngelo teria sido atingido por tr\u00eas facadas. H\u00e1 informa\u00e7\u00f5es de que estaria consciente, mas que seu estado \u00e9 tido como grave ou inspirando cuidados. Um outro \u00e1udio a que o blog teve acesso daria conta de que a les\u00e3o teria sido de menor gravidade. Assim, as informa\u00e7\u00f5es e vers\u00f5es ainda s\u00e3o inconclusivas. Aliados de \u00c2ngelo falam em motiva\u00e7\u00e3o pol\u00edtica. O [&hellip;]","og_url":"https:\/\/serrafm879.com.br\/serrafm\/2024\/08\/empresario-e-suspeito-de-esfaquear-prefeito-de-sertania-nesta-5a\/","og_site_name":"Serra FM 87,9","article_published_time":"2024-08-29T20:25:42+00:00","og_image":[{"width":422,"height":383,"url":"https:\/\/serrafm879.com.br\/serrafm\/wp-content\/uploads\/2024\/08\/Captura-de-tela-2024-08-29-171845.png","type":"image\/png"}],"author":"serrafm87","twitter_card":"summary_large_image","twitter_misc":{"Escrito por":"serrafm87","Est. tempo de leitura":"2 minutos"},"schema":{"@context":"https:\/\/schema.org","@graph":[{"@type":"WebPage","@id":"https:\/\/serrafm879.com.br\/serrafm\/2024\/08\/empresario-e-suspeito-de-esfaquear-prefeito-de-sertania-nesta-5a\/","url":"https:\/\/serrafm879.com.br\/serrafm\/2024\/08\/empresario-e-suspeito-de-esfaquear-prefeito-de-sertania-nesta-5a\/","name":"Empres\u00e1rio \u00e9 suspeito de esfaquear prefeito de Sert\u00e2nia nesta 5\u00aa - Serra FM 87,9","isPartOf":{"@id":"https:\/\/serrafm879.com.br\/serrafm\/#website"},"primaryImageOfPage":{"@id":"https:\/\/serrafm879.com.br\/serrafm\/2024\/08\/empresario-e-suspeito-de-esfaquear-prefeito-de-sertania-nesta-5a\/#primaryimage"},"image":{"@id":"https:\/\/serrafm879.com.br\/serrafm\/2024\/08\/empresario-e-suspeito-de-esfaquear-prefeito-de-sertania-nesta-5a\/#primaryimage"},"thumbnailUrl":"https:\/\/serrafm879.com.br\/serrafm\/wp-content\/uploads\/2024\/08\/Captura-de-tela-2024-08-29-171845.png","datePublished":"2024-08-29T20:25:42+00:00","author":{"@id":"https:\/\/serrafm879.com.br\/serrafm\/#\/schema\/person\/c028a197030ff8b1c03c68dfba4a787a"},"breadcrumb":{"@id":"https:\/\/serrafm879.com.br\/serrafm\/2024\/08\/empresario-e-suspeito-de-esfaquear-prefeito-de-sertania-nesta-5a\/#breadcrumb"},"inLanguage":"pt-BR","potentialAction":[{"@type":"ReadAction","target":["https:\/\/serrafm879.com.br\/serrafm\/2024\/08\/empresario-e-suspeito-de-esfaquear-prefeito-de-sertania-nesta-5a\/"]}]},{"@type":"ImageObject","inLanguage":"pt-BR","@id":"https:\/\/serrafm879.com.br\/serrafm\/2024\/08\/empresario-e-suspeito-de-esfaquear-prefeito-de-sertania-nesta-5a\/#primaryimage","url":"https:\/\/serrafm879.com.br\/serrafm\/wp-content\/uploads\/2024\/08\/Captura-de-tela-2024-08-29-171845.png","contentUrl":"https:\/\/serrafm879.com.br\/serrafm\/wp-content\/uploads\/2024\/08\/Captura-de-tela-2024-08-29-171845.png","width":422,"height":383},{"@type":"BreadcrumbList","@id":"https:\/\/serrafm879.com.br\/serrafm\/2024\/08\/empresario-e-suspeito-de-esfaquear-prefeito-de-sertania-nesta-5a\/#breadcrumb","itemListElement":[{"@type":"ListItem","position":1,"name":"In\u00edcio","item":"https:\/\/serrafm879.com.br\/serrafm\/"},{"@type":"ListItem","position":2,"name":"Empres\u00e1rio \u00e9 suspeito de esfaquear prefeito de Sert\u00e2nia nesta 5\u00aa"}]},{"@type":"WebSite","@id":"https:\/\/serrafm879.com.br\/serrafm\/#website","url":"https:\/\/serrafm879.com.br\/serrafm\/","name":"Serra FM 87,9","description":"O seu novo amor!","potentialAction":[{"@type":"SearchAction","target":{"@type":"EntryPoint","urlTemplate":"https:\/\/serrafm879.com.br\/serrafm\/?s={search_term_string}"},"query-input":{"@type":"PropertyValueSpecification","valueRequired":true,"valueName":"search_term_string"}}],"inLanguage":"pt-BR"},{"@type":"Person","@id":"https:\/\/serrafm879.com.br\/serrafm\/#\/schema\/person\/c028a197030ff8b1c03c68dfba4a787a","name":"serrafm87","image":{"@type":"ImageObject","inLanguage":"pt-BR","@id":"https:\/\/serrafm879.com.br\/serrafm\/#\/schema\/person\/image\/","url":"https:\/\/secure.gravatar.com\/avatar\/a743233f1112d34f48bb3dc9559b76eb930bab8b27175856cba6362608736235?s=96&d=mm&r=g","contentUrl":"https:\/\/secure.gravatar.com\/avatar\/a743233f1112d34f48bb3dc9559b76eb930bab8b27175856cba6362608736235?s=96&d=mm&r=g","caption":"serrafm87"},"sameAs":["http:\/\/serrafm879.com.br\/"],"url":"https:\/\/serrafm879.com.br\/serrafm\/author\/serrafm87\/"}]}},"jetpack_featured_media_url":"https:\/\/serrafm879.com.br\/serrafm\/wp-content\/uploads\/2024\/08\/Captura-de-tela-2024-08-29-171845.png","jetpack_shortlink":"https:\/\/wp.me\/p7HyXg-4z1","jetpack_sharing_enabled":true,"_links":{"self":[{"href":"https:\/\/serrafm879.com.br\/serrafm\/wp-json\/wp\/v2\/posts\/17547","targetHints":{"allow":["GET"]}}],"collection":[{"href":"https:\/\/serrafm879.com.br\/serrafm\/wp-json\/wp\/v2\/posts"}],"about":[{"href":"https:\/\/serrafm879.com.br\/serrafm\/wp-json\/wp\/v2\/types\/post"}],"author":[{"embeddable":true,"href":"https:\/\/serrafm879.com.br\/serrafm\/wp-json\/wp\/v2\/users\/2"}],"replies":[{"embeddable":true,"href":"https:\/\/serrafm879.com.br\/serrafm\/wp-json\/wp\/v2\/comments?post=17547"}],"version-history":[{"count":1,"href":"https:\/\/serrafm879.com.br\/serrafm\/wp-json\/wp\/v2\/posts\/17547\/revisions"}],"predecessor-version":[{"id":17550,"href":"https:\/\/serrafm879.com.br\/serrafm\/wp-json\/wp\/v2\/posts\/17547\/revisions\/17550"}],"wp:featuredmedia":[{"embeddable":true,"href":"https:\/\/serrafm879.com.br\/serrafm\/wp-json\/wp\/v2\/media\/17549"}],"wp:attachment":[{"href":"https:\/\/serrafm879.com.br\/serrafm\/wp-json\/wp\/v2\/media?parent=17547"}],"wp:term":[{"taxonomy":"category","embeddable":true,"href":"https:\/\/serrafm879.com.br\/serrafm\/wp-json\/wp\/v2\/categories?post=17547"},{"taxonomy":"post_tag","embeddable":true,"href":"https:\/\/serrafm879.com.br\/serrafm\/wp-json\/wp\/v2\/tags?post=17547"}],"curies":[{"name":"wp","href":"https:\/\/api.w.org\/{rel}","templated":true}]}}