{"id":17551,"date":"2024-08-30T00:12:29","date_gmt":"2024-08-30T03:12:29","guid":{"rendered":"https:\/?p=17551"},"modified":"2024-08-30T00:12:29","modified_gmt":"2024-08-30T03:12:29","slug":"padre-alessandro-campos-anima-primeira-noite-da-festa-de-setembro","status":"publish","type":"post","link":"https:\/\/serrafm879.com.br\/serrafm\/2024\/08\/padre-alessandro-campos-anima-primeira-noite-da-festa-de-setembro\/","title":{"rendered":"Padre Alessandro Campos anima primeira noite da Festa de Setembro"},"content":{"rendered":"<p>O padre sertanejo, como \u00e9 conhecido padre Alessandro Campos, trouxe muita alegria e f\u00e9 durante a primeira noite da 234 Festa de Nossa Senhora da Penha, nesta quinta-feira (29).<\/p>\n<p>Na pra\u00e7a S\u00e9rgio Magalh\u00e3es foi poss\u00edvel ver diversas pessoas, especialmente idisosos, presentes para o show. O sacerdote \u00e9 muito conhecido pelos programas que apresenta na rede Aparecida, al\u00e9m do seu estilo de pe\u00e3o.<\/p>\n<div id=\"attachment_17558\" style=\"width: 386px\" class=\"wp-caption aligncenter\"><img loading=\"lazy\" decoding=\"async\" aria-describedby=\"caption-attachment-17558\" data-attachment-id=\"17558\" data-permalink=\"https:\/\/serrafm879.com.br\/serrafm\/2024\/08\/padre-alessandro-campos-anima-primeira-noite-da-festa-de-setembro\/whatsapp-image-2024-08-30-at-00-05-32\/\" data-orig-file=\"https:\/\/serrafm879.com.br\/serrafm\/wp-content\/uploads\/2024\/08\/WhatsApp-Image-2024-08-30-at-00.05.32.jpeg\" data-orig-size=\"1280,960\" data-comments-opened=\"1\" data-image-meta=\"{&quot;aperture&quot;:&quot;0&quot;,&quot;credit&quot;:&quot;&quot;,&quot;camera&quot;:&quot;&quot;,&quot;caption&quot;:&quot;&quot;,&quot;created_timestamp&quot;:&quot;0&quot;,&quot;copyright&quot;:&quot;&quot;,&quot;focal_length&quot;:&quot;0&quot;,&quot;iso&quot;:&quot;0&quot;,&quot;shutter_speed&quot;:&quot;0&quot;,&quot;title&quot;:&quot;&quot;,&quot;orientation&quot;:&quot;0&quot;}\" data-image-title=\"WhatsApp Image 2024-08-30 at 00.05.32\" data-image-description=\"\" data-image-caption=\"\" data-medium-file=\"https:\/\/serrafm879.com.br\/serrafm\/wp-content\/uploads\/2024\/08\/WhatsApp-Image-2024-08-30-at-00.05.32-300x225.jpeg\" data-large-file=\"https:\/\/serrafm879.com.br\/serrafm\/wp-content\/uploads\/2024\/08\/WhatsApp-Image-2024-08-30-at-00.05.32-1024x768.jpeg\" class=\"wp-image-17558 \" src=\"http:\/\/serrafm879.com.br\/wp-content\/uploads\/2024\/08\/WhatsApp-Image-2024-08-30-at-00.05.32-300x225.jpeg\" alt=\"\" width=\"376\" height=\"282\" srcset=\"https:\/\/serrafm879.com.br\/serrafm\/wp-content\/uploads\/2024\/08\/WhatsApp-Image-2024-08-30-at-00.05.32-300x225.jpeg 300w, https:\/\/serrafm879.com.br\/serrafm\/wp-content\/uploads\/2024\/08\/WhatsApp-Image-2024-08-30-at-00.05.32-1024x768.jpeg 1024w, https:\/\/serrafm879.com.br\/serrafm\/wp-content\/uploads\/2024\/08\/WhatsApp-Image-2024-08-30-at-00.05.32-768x576.jpeg 768w, https:\/\/serrafm879.com.br\/serrafm\/wp-content\/uploads\/2024\/08\/WhatsApp-Image-2024-08-30-at-00.05.32-180x135.jpeg 180w, https:\/\/serrafm879.com.br\/serrafm\/wp-content\/uploads\/2024\/08\/WhatsApp-Image-2024-08-30-at-00.05.32-400x300.jpeg 400w, https:\/\/serrafm879.com.br\/serrafm\/wp-content\/uploads\/2024\/08\/WhatsApp-Image-2024-08-30-at-00.05.32-600x450.jpeg 600w, https:\/\/serrafm879.com.br\/serrafm\/wp-content\/uploads\/2024\/08\/WhatsApp-Image-2024-08-30-at-00.05.32-800x600.jpeg 800w, https:\/\/serrafm879.com.br\/serrafm\/wp-content\/uploads\/2024\/08\/WhatsApp-Image-2024-08-30-at-00.05.32-1200x900.jpeg 1200w, https:\/\/serrafm879.com.br\/serrafm\/wp-content\/uploads\/2024\/08\/WhatsApp-Image-2024-08-30-at-00.05.32.jpeg 1280w\" sizes=\"auto, (max-width: 376px) 100vw, 376px\" \/><p id=\"caption-attachment-17558\" class=\"wp-caption-text\">Foto: Renan Freire<\/p><\/div>\n<div id=\"attachment_17553\" style=\"width: 393px\" class=\"wp-caption aligncenter\"><img loading=\"lazy\" decoding=\"async\" aria-describedby=\"caption-attachment-17553\" data-attachment-id=\"17553\" data-permalink=\"https:\/\/serrafm879.com.br\/serrafm\/2024\/08\/padre-alessandro-campos-anima-primeira-noite-da-festa-de-setembro\/whatsapp-image-2024-08-30-at-00-06-24-1\/\" data-orig-file=\"https:\/\/serrafm879.com.br\/serrafm\/wp-content\/uploads\/2024\/08\/WhatsApp-Image-2024-08-30-at-00.06.24-1.jpeg\" data-orig-size=\"1280,960\" data-comments-opened=\"1\" data-image-meta=\"{&quot;aperture&quot;:&quot;0&quot;,&quot;credit&quot;:&quot;&quot;,&quot;camera&quot;:&quot;&quot;,&quot;caption&quot;:&quot;&quot;,&quot;created_timestamp&quot;:&quot;0&quot;,&quot;copyright&quot;:&quot;&quot;,&quot;focal_length&quot;:&quot;0&quot;,&quot;iso&quot;:&quot;0&quot;,&quot;shutter_speed&quot;:&quot;0&quot;,&quot;title&quot;:&quot;&quot;,&quot;orientation&quot;:&quot;0&quot;}\" data-image-title=\"WhatsApp Image 2024-08-30 at 00.06.24 (1)\" data-image-description=\"\" data-image-caption=\"\" data-medium-file=\"https:\/\/serrafm879.com.br\/serrafm\/wp-content\/uploads\/2024\/08\/WhatsApp-Image-2024-08-30-at-00.06.24-1-300x225.jpeg\" data-large-file=\"https:\/\/serrafm879.com.br\/serrafm\/wp-content\/uploads\/2024\/08\/WhatsApp-Image-2024-08-30-at-00.06.24-1-1024x768.jpeg\" class=\"wp-image-17553 \" src=\"http:\/\/serrafm879.com.br\/wp-content\/uploads\/2024\/08\/WhatsApp-Image-2024-08-30-at-00.06.24-1-300x225.jpeg\" alt=\"\" width=\"383\" height=\"287\" srcset=\"https:\/\/serrafm879.com.br\/serrafm\/wp-content\/uploads\/2024\/08\/WhatsApp-Image-2024-08-30-at-00.06.24-1-300x225.jpeg 300w, https:\/\/serrafm879.com.br\/serrafm\/wp-content\/uploads\/2024\/08\/WhatsApp-Image-2024-08-30-at-00.06.24-1-1024x768.jpeg 1024w, https:\/\/serrafm879.com.br\/serrafm\/wp-content\/uploads\/2024\/08\/WhatsApp-Image-2024-08-30-at-00.06.24-1-768x576.jpeg 768w, https:\/\/serrafm879.com.br\/serrafm\/wp-content\/uploads\/2024\/08\/WhatsApp-Image-2024-08-30-at-00.06.24-1-180x135.jpeg 180w, https:\/\/serrafm879.com.br\/serrafm\/wp-content\/uploads\/2024\/08\/WhatsApp-Image-2024-08-30-at-00.06.24-1-400x300.jpeg 400w, https:\/\/serrafm879.com.br\/serrafm\/wp-content\/uploads\/2024\/08\/WhatsApp-Image-2024-08-30-at-00.06.24-1-600x450.jpeg 600w, https:\/\/serrafm879.com.br\/serrafm\/wp-content\/uploads\/2024\/08\/WhatsApp-Image-2024-08-30-at-00.06.24-1-800x600.jpeg 800w, https:\/\/serrafm879.com.br\/serrafm\/wp-content\/uploads\/2024\/08\/WhatsApp-Image-2024-08-30-at-00.06.24-1-1200x900.jpeg 1200w, https:\/\/serrafm879.com.br\/serrafm\/wp-content\/uploads\/2024\/08\/WhatsApp-Image-2024-08-30-at-00.06.24-1.jpeg 1280w\" sizes=\"auto, (max-width: 383px) 100vw, 383px\" \/><p id=\"caption-attachment-17553\" class=\"wp-caption-text\">Foto: Renan Freire<\/p><\/div>\n<div id=\"attachment_17554\" style=\"width: 393px\" class=\"wp-caption aligncenter\"><img loading=\"lazy\" decoding=\"async\" aria-describedby=\"caption-attachment-17554\" data-attachment-id=\"17554\" data-permalink=\"https:\/\/serrafm879.com.br\/serrafm\/2024\/08\/padre-alessandro-campos-anima-primeira-noite-da-festa-de-setembro\/whatsapp-image-2024-08-30-at-00-06-24\/\" data-orig-file=\"https:\/\/serrafm879.com.br\/serrafm\/wp-content\/uploads\/2024\/08\/WhatsApp-Image-2024-08-30-at-00.06.24.jpeg\" data-orig-size=\"1280,960\" data-comments-opened=\"1\" data-image-meta=\"{&quot;aperture&quot;:&quot;0&quot;,&quot;credit&quot;:&quot;&quot;,&quot;camera&quot;:&quot;&quot;,&quot;caption&quot;:&quot;&quot;,&quot;created_timestamp&quot;:&quot;0&quot;,&quot;copyright&quot;:&quot;&quot;,&quot;focal_length&quot;:&quot;0&quot;,&quot;iso&quot;:&quot;0&quot;,&quot;shutter_speed&quot;:&quot;0&quot;,&quot;title&quot;:&quot;&quot;,&quot;orientation&quot;:&quot;0&quot;}\" data-image-title=\"WhatsApp Image 2024-08-30 at 00.06.24\" data-image-description=\"\" data-image-caption=\"\" data-medium-file=\"https:\/\/serrafm879.com.br\/serrafm\/wp-content\/uploads\/2024\/08\/WhatsApp-Image-2024-08-30-at-00.06.24-300x225.jpeg\" data-large-file=\"https:\/\/serrafm879.com.br\/serrafm\/wp-content\/uploads\/2024\/08\/WhatsApp-Image-2024-08-30-at-00.06.24-1024x768.jpeg\" class=\"wp-image-17554 \" src=\"http:\/\/serrafm879.com.br\/wp-content\/uploads\/2024\/08\/WhatsApp-Image-2024-08-30-at-00.06.24-300x225.jpeg\" alt=\"\" width=\"383\" height=\"287\" srcset=\"https:\/\/serrafm879.com.br\/serrafm\/wp-content\/uploads\/2024\/08\/WhatsApp-Image-2024-08-30-at-00.06.24-300x225.jpeg 300w, https:\/\/serrafm879.com.br\/serrafm\/wp-content\/uploads\/2024\/08\/WhatsApp-Image-2024-08-30-at-00.06.24-1024x768.jpeg 1024w, https:\/\/serrafm879.com.br\/serrafm\/wp-content\/uploads\/2024\/08\/WhatsApp-Image-2024-08-30-at-00.06.24-768x576.jpeg 768w, https:\/\/serrafm879.com.br\/serrafm\/wp-content\/uploads\/2024\/08\/WhatsApp-Image-2024-08-30-at-00.06.24-180x135.jpeg 180w, https:\/\/serrafm879.com.br\/serrafm\/wp-content\/uploads\/2024\/08\/WhatsApp-Image-2024-08-30-at-00.06.24-400x300.jpeg 400w, https:\/\/serrafm879.com.br\/serrafm\/wp-content\/uploads\/2024\/08\/WhatsApp-Image-2024-08-30-at-00.06.24-600x450.jpeg 600w, https:\/\/serrafm879.com.br\/serrafm\/wp-content\/uploads\/2024\/08\/WhatsApp-Image-2024-08-30-at-00.06.24-800x600.jpeg 800w, https:\/\/serrafm879.com.br\/serrafm\/wp-content\/uploads\/2024\/08\/WhatsApp-Image-2024-08-30-at-00.06.24-1200x900.jpeg 1200w, https:\/\/serrafm879.com.br\/serrafm\/wp-content\/uploads\/2024\/08\/WhatsApp-Image-2024-08-30-at-00.06.24.jpeg 1280w\" sizes=\"auto, (max-width: 383px) 100vw, 383px\" \/><p id=\"caption-attachment-17554\" class=\"wp-caption-text\">Foto: Renan Freire<\/p><\/div>\n<div id=\"attachment_17555\" style=\"width: 428px\" class=\"wp-caption aligncenter\"><img loading=\"lazy\" decoding=\"async\" aria-describedby=\"caption-attachment-17555\" data-attachment-id=\"17555\" data-permalink=\"https:\/\/serrafm879.com.br\/serrafm\/2024\/08\/padre-alessandro-campos-anima-primeira-noite-da-festa-de-setembro\/whatsapp-image-2024-08-30-at-00-06-00\/\" data-orig-file=\"https:\/\/serrafm879.com.br\/serrafm\/wp-content\/uploads\/2024\/08\/WhatsApp-Image-2024-08-30-at-00.06.00.jpeg\" data-orig-size=\"1280,960\" data-comments-opened=\"1\" data-image-meta=\"{&quot;aperture&quot;:&quot;0&quot;,&quot;credit&quot;:&quot;&quot;,&quot;camera&quot;:&quot;&quot;,&quot;caption&quot;:&quot;&quot;,&quot;created_timestamp&quot;:&quot;0&quot;,&quot;copyright&quot;:&quot;&quot;,&quot;focal_length&quot;:&quot;0&quot;,&quot;iso&quot;:&quot;0&quot;,&quot;shutter_speed&quot;:&quot;0&quot;,&quot;title&quot;:&quot;&quot;,&quot;orientation&quot;:&quot;0&quot;}\" data-image-title=\"WhatsApp Image 2024-08-30 at 00.06.00\" data-image-description=\"\" data-image-caption=\"\" data-medium-file=\"https:\/\/serrafm879.com.br\/serrafm\/wp-content\/uploads\/2024\/08\/WhatsApp-Image-2024-08-30-at-00.06.00-300x225.jpeg\" data-large-file=\"https:\/\/serrafm879.com.br\/serrafm\/wp-content\/uploads\/2024\/08\/WhatsApp-Image-2024-08-30-at-00.06.00-1024x768.jpeg\" class=\"wp-image-17555 \" src=\"http:\/\/serrafm879.com.br\/wp-content\/uploads\/2024\/08\/WhatsApp-Image-2024-08-30-at-00.06.00-300x225.jpeg\" alt=\"\" width=\"418\" height=\"314\" srcset=\"https:\/\/serrafm879.com.br\/serrafm\/wp-content\/uploads\/2024\/08\/WhatsApp-Image-2024-08-30-at-00.06.00-300x225.jpeg 300w, https:\/\/serrafm879.com.br\/serrafm\/wp-content\/uploads\/2024\/08\/WhatsApp-Image-2024-08-30-at-00.06.00-1024x768.jpeg 1024w, https:\/\/serrafm879.com.br\/serrafm\/wp-content\/uploads\/2024\/08\/WhatsApp-Image-2024-08-30-at-00.06.00-768x576.jpeg 768w, https:\/\/serrafm879.com.br\/serrafm\/wp-content\/uploads\/2024\/08\/WhatsApp-Image-2024-08-30-at-00.06.00-180x135.jpeg 180w, https:\/\/serrafm879.com.br\/serrafm\/wp-content\/uploads\/2024\/08\/WhatsApp-Image-2024-08-30-at-00.06.00-400x300.jpeg 400w, https:\/\/serrafm879.com.br\/serrafm\/wp-content\/uploads\/2024\/08\/WhatsApp-Image-2024-08-30-at-00.06.00-600x450.jpeg 600w, https:\/\/serrafm879.com.br\/serrafm\/wp-content\/uploads\/2024\/08\/WhatsApp-Image-2024-08-30-at-00.06.00-800x600.jpeg 800w, https:\/\/serrafm879.com.br\/serrafm\/wp-content\/uploads\/2024\/08\/WhatsApp-Image-2024-08-30-at-00.06.00-1200x900.jpeg 1200w, https:\/\/serrafm879.com.br\/serrafm\/wp-content\/uploads\/2024\/08\/WhatsApp-Image-2024-08-30-at-00.06.00.jpeg 1280w\" sizes=\"auto, (max-width: 418px) 100vw, 418px\" \/><p id=\"caption-attachment-17555\" class=\"wp-caption-text\">Foto: Renan Freire<\/p><\/div>\n<div id=\"attachment_17556\" style=\"width: 420px\" class=\"wp-caption aligncenter\"><img loading=\"lazy\" decoding=\"async\" aria-describedby=\"caption-attachment-17556\" data-attachment-id=\"17556\" data-permalink=\"https:\/\/serrafm879.com.br\/serrafm\/2024\/08\/padre-alessandro-campos-anima-primeira-noite-da-festa-de-setembro\/whatsapp-image-2024-08-30-at-00-05-39\/\" data-orig-file=\"https:\/\/serrafm879.com.br\/serrafm\/wp-content\/uploads\/2024\/08\/WhatsApp-Image-2024-08-30-at-00.05.39.jpeg\" data-orig-size=\"1280,960\" data-comments-opened=\"1\" data-image-meta=\"{&quot;aperture&quot;:&quot;0&quot;,&quot;credit&quot;:&quot;&quot;,&quot;camera&quot;:&quot;&quot;,&quot;caption&quot;:&quot;&quot;,&quot;created_timestamp&quot;:&quot;0&quot;,&quot;copyright&quot;:&quot;&quot;,&quot;focal_length&quot;:&quot;0&quot;,&quot;iso&quot;:&quot;0&quot;,&quot;shutter_speed&quot;:&quot;0&quot;,&quot;title&quot;:&quot;&quot;,&quot;orientation&quot;:&quot;0&quot;}\" data-image-title=\"WhatsApp Image 2024-08-30 at 00.05.39\" data-image-description=\"\" data-image-caption=\"\" data-medium-file=\"https:\/\/serrafm879.com.br\/serrafm\/wp-content\/uploads\/2024\/08\/WhatsApp-Image-2024-08-30-at-00.05.39-300x225.jpeg\" data-large-file=\"https:\/\/serrafm879.com.br\/serrafm\/wp-content\/uploads\/2024\/08\/WhatsApp-Image-2024-08-30-at-00.05.39-1024x768.jpeg\" class=\"wp-image-17556 \" src=\"http:\/\/serrafm879.com.br\/wp-content\/uploads\/2024\/08\/WhatsApp-Image-2024-08-30-at-00.05.39-300x225.jpeg\" alt=\"\" width=\"410\" height=\"308\" srcset=\"https:\/\/serrafm879.com.br\/serrafm\/wp-content\/uploads\/2024\/08\/WhatsApp-Image-2024-08-30-at-00.05.39-300x225.jpeg 300w, https:\/\/serrafm879.com.br\/serrafm\/wp-content\/uploads\/2024\/08\/WhatsApp-Image-2024-08-30-at-00.05.39-1024x768.jpeg 1024w, https:\/\/serrafm879.com.br\/serrafm\/wp-content\/uploads\/2024\/08\/WhatsApp-Image-2024-08-30-at-00.05.39-768x576.jpeg 768w, https:\/\/serrafm879.com.br\/serrafm\/wp-content\/uploads\/2024\/08\/WhatsApp-Image-2024-08-30-at-00.05.39-180x135.jpeg 180w, https:\/\/serrafm879.com.br\/serrafm\/wp-content\/uploads\/2024\/08\/WhatsApp-Image-2024-08-30-at-00.05.39-400x300.jpeg 400w, https:\/\/serrafm879.com.br\/serrafm\/wp-content\/uploads\/2024\/08\/WhatsApp-Image-2024-08-30-at-00.05.39-600x450.jpeg 600w, https:\/\/serrafm879.com.br\/serrafm\/wp-content\/uploads\/2024\/08\/WhatsApp-Image-2024-08-30-at-00.05.39-800x600.jpeg 800w, https:\/\/serrafm879.com.br\/serrafm\/wp-content\/uploads\/2024\/08\/WhatsApp-Image-2024-08-30-at-00.05.39-1200x900.jpeg 1200w, https:\/\/serrafm879.com.br\/serrafm\/wp-content\/uploads\/2024\/08\/WhatsApp-Image-2024-08-30-at-00.05.39.jpeg 1280w\" sizes=\"auto, (max-width: 410px) 100vw, 410px\" \/><p id=\"caption-attachment-17556\" class=\"wp-caption-text\">Foto: Renan Freire<\/p><\/div>\n<div id=\"attachment_17557\" style=\"width: 443px\" class=\"wp-caption aligncenter\"><img loading=\"lazy\" decoding=\"async\" aria-describedby=\"caption-attachment-17557\" data-attachment-id=\"17557\" data-permalink=\"https:\/\/serrafm879.com.br\/serrafm\/2024\/08\/padre-alessandro-campos-anima-primeira-noite-da-festa-de-setembro\/whatsapp-image-2024-08-30-at-00-05-47\/\" data-orig-file=\"https:\/\/serrafm879.com.br\/serrafm\/wp-content\/uploads\/2024\/08\/WhatsApp-Image-2024-08-30-at-00.05.47.jpeg\" data-orig-size=\"1280,960\" data-comments-opened=\"1\" data-image-meta=\"{&quot;aperture&quot;:&quot;0&quot;,&quot;credit&quot;:&quot;&quot;,&quot;camera&quot;:&quot;&quot;,&quot;caption&quot;:&quot;&quot;,&quot;created_timestamp&quot;:&quot;0&quot;,&quot;copyright&quot;:&quot;&quot;,&quot;focal_length&quot;:&quot;0&quot;,&quot;iso&quot;:&quot;0&quot;,&quot;shutter_speed&quot;:&quot;0&quot;,&quot;title&quot;:&quot;&quot;,&quot;orientation&quot;:&quot;0&quot;}\" data-image-title=\"WhatsApp Image 2024-08-30 at 00.05.47\" data-image-description=\"\" data-image-caption=\"\" data-medium-file=\"https:\/\/serrafm879.com.br\/serrafm\/wp-content\/uploads\/2024\/08\/WhatsApp-Image-2024-08-30-at-00.05.47-300x225.jpeg\" data-large-file=\"https:\/\/serrafm879.com.br\/serrafm\/wp-content\/uploads\/2024\/08\/WhatsApp-Image-2024-08-30-at-00.05.47-1024x768.jpeg\" class=\"wp-image-17557 \" src=\"http:\/\/serrafm879.com.br\/wp-content\/uploads\/2024\/08\/WhatsApp-Image-2024-08-30-at-00.05.47-300x225.jpeg\" alt=\"\" width=\"433\" height=\"325\" srcset=\"https:\/\/serrafm879.com.br\/serrafm\/wp-content\/uploads\/2024\/08\/WhatsApp-Image-2024-08-30-at-00.05.47-300x225.jpeg 300w, https:\/\/serrafm879.com.br\/serrafm\/wp-content\/uploads\/2024\/08\/WhatsApp-Image-2024-08-30-at-00.05.47-1024x768.jpeg 1024w, https:\/\/serrafm879.com.br\/serrafm\/wp-content\/uploads\/2024\/08\/WhatsApp-Image-2024-08-30-at-00.05.47-768x576.jpeg 768w, https:\/\/serrafm879.com.br\/serrafm\/wp-content\/uploads\/2024\/08\/WhatsApp-Image-2024-08-30-at-00.05.47-180x135.jpeg 180w, https:\/\/serrafm879.com.br\/serrafm\/wp-content\/uploads\/2024\/08\/WhatsApp-Image-2024-08-30-at-00.05.47-400x300.jpeg 400w, https:\/\/serrafm879.com.br\/serrafm\/wp-content\/uploads\/2024\/08\/WhatsApp-Image-2024-08-30-at-00.05.47-600x450.jpeg 600w, https:\/\/serrafm879.com.br\/serrafm\/wp-content\/uploads\/2024\/08\/WhatsApp-Image-2024-08-30-at-00.05.47-800x600.jpeg 800w, https:\/\/serrafm879.com.br\/serrafm\/wp-content\/uploads\/2024\/08\/WhatsApp-Image-2024-08-30-at-00.05.47-1200x900.jpeg 1200w, https:\/\/serrafm879.com.br\/serrafm\/wp-content\/uploads\/2024\/08\/WhatsApp-Image-2024-08-30-at-00.05.47.jpeg 1280w\" sizes=\"auto, (max-width: 433px) 100vw, 433px\" \/><p id=\"caption-attachment-17557\" class=\"wp-caption-text\">Foto: Renan Freire<\/p><\/div>\n","protected":false},"excerpt":{"rendered":"<p>O padre sertanejo, como \u00e9 conhecido padre Alessandro Campos, trouxe muita alegria e f\u00e9 durante a primeira noite da 234 Festa de Nossa Senhora da Penha, nesta quinta-feira (29). Na pra\u00e7a S\u00e9rgio Magalh\u00e3es foi poss\u00edvel ver diversas pessoas, especialmente idisosos, presentes para o show. O sacerdote \u00e9 muito conhecido pelos programas que apresenta na rede Aparecida, al\u00e9m do seu estilo de pe\u00e3o.<\/p>\n","protected":false},"author":2,"featured_media":17552,"comment_status":"open","ping_status":"open","sticky":false,"template":"","format":"standard","meta":{"_jetpack_memberships_contains_paid_content":false,"footnotes":"","jetpack_publicize_message":"","jetpack_publicize_feature_enabled":true,"jetpack_social_post_already_shared":true,"jetpack_social_options":{"image_generator_settings":{"template":"highway","enabled":false},"version":2}},"categories":[1],"tags":[],"class_list":["post-17551","post","type-post","status-publish","format-standard","has-post-thumbnail","hentry","category-uncategorized"],"jetpack_publicize_connections":[],"yoast_head":"<!-- This site is optimized with the Yoast SEO plugin v24.7 - https:\/\/yoast.com\/wordpress\/plugins\/seo\/ -->\n<title>Padre Alessandro Campos anima primeira noite da Festa de Setembro - Serra FM 87,9<\/title>\n<meta name=\"robots\" content=\"index, follow, max-snippet:-1, max-image-preview:large, max-video-preview:-1\" \/>\n<link rel=\"canonical\" href=\"https:\/\/serrafm879.com.br\/serrafm\/2024\/08\/padre-alessandro-campos-anima-primeira-noite-da-festa-de-setembro\/\" \/>\n<meta property=\"og:locale\" content=\"pt_BR\" \/>\n<meta property=\"og:type\" content=\"article\" \/>\n<meta property=\"og:title\" content=\"Padre Alessandro Campos anima primeira noite da Festa de Setembro - Serra FM 87,9\" \/>\n<meta property=\"og:description\" content=\"O padre sertanejo, como \u00e9 conhecido padre Alessandro Campos, trouxe muita alegria e f\u00e9 durante a primeira noite da 234 Festa de Nossa Senhora da Penha, nesta quinta-feira (29). Na pra\u00e7a S\u00e9rgio Magalh\u00e3es foi poss\u00edvel ver diversas pessoas, especialmente idisosos, presentes para o show. O sacerdote \u00e9 muito conhecido pelos programas que apresenta na rede Aparecida, al\u00e9m do seu estilo de pe\u00e3o.\" \/>\n<meta property=\"og:url\" content=\"https:\/\/serrafm879.com.br\/serrafm\/2024\/08\/padre-alessandro-campos-anima-primeira-noite-da-festa-de-setembro\/\" \/>\n<meta property=\"og:site_name\" content=\"Serra FM 87,9\" \/>\n<meta property=\"article:published_time\" content=\"2024-08-30T03:12:29+00:00\" \/>\n<meta property=\"og:image\" content=\"https:\/\/serrafm879.com.br\/serrafm\/wp-content\/uploads\/2024\/08\/WhatsApp-Image-2024-08-29-at-23.55.23.jpeg\" \/>\n\t<meta property=\"og:image:width\" content=\"1280\" \/>\n\t<meta property=\"og:image:height\" content=\"960\" \/>\n\t<meta property=\"og:image:type\" content=\"image\/jpeg\" \/>\n<meta name=\"author\" content=\"serrafm87\" \/>\n<meta name=\"twitter:card\" content=\"summary_large_image\" \/>\n<meta name=\"twitter:label1\" content=\"Escrito por\" \/>\n\t<meta name=\"twitter:data1\" content=\"serrafm87\" \/>\n\t<meta name=\"twitter:label2\" content=\"Est. tempo de leitura\" \/>\n\t<meta name=\"twitter:data2\" content=\"2 minutos\" \/>\n<script type=\"application\/ld+json\" class=\"yoast-schema-graph\">{\"@context\":\"https:\/\/schema.org\",\"@graph\":[{\"@type\":\"WebPage\",\"@id\":\"https:\/\/serrafm879.com.br\/serrafm\/2024\/08\/padre-alessandro-campos-anima-primeira-noite-da-festa-de-setembro\/\",\"url\":\"https:\/\/serrafm879.com.br\/serrafm\/2024\/08\/padre-alessandro-campos-anima-primeira-noite-da-festa-de-setembro\/\",\"name\":\"Padre Alessandro Campos anima primeira noite da Festa de Setembro - Serra FM 87,9\",\"isPartOf\":{\"@id\":\"https:\/\/serrafm879.com.br\/serrafm\/#website\"},\"primaryImageOfPage\":{\"@id\":\"https:\/\/serrafm879.com.br\/serrafm\/2024\/08\/padre-alessandro-campos-anima-primeira-noite-da-festa-de-setembro\/#primaryimage\"},\"image\":{\"@id\":\"https:\/\/serrafm879.com.br\/serrafm\/2024\/08\/padre-alessandro-campos-anima-primeira-noite-da-festa-de-setembro\/#primaryimage\"},\"thumbnailUrl\":\"https:\/\/serrafm879.com.br\/serrafm\/wp-content\/uploads\/2024\/08\/WhatsApp-Image-2024-08-29-at-23.55.23.jpeg\",\"datePublished\":\"2024-08-30T03:12:29+00:00\",\"author\":{\"@id\":\"https:\/\/serrafm879.com.br\/serrafm\/#\/schema\/person\/c028a197030ff8b1c03c68dfba4a787a\"},\"breadcrumb\":{\"@id\":\"https:\/\/serrafm879.com.br\/serrafm\/2024\/08\/padre-alessandro-campos-anima-primeira-noite-da-festa-de-setembro\/#breadcrumb\"},\"inLanguage\":\"pt-BR\",\"potentialAction\":[{\"@type\":\"ReadAction\",\"target\":[\"https:\/\/serrafm879.com.br\/serrafm\/2024\/08\/padre-alessandro-campos-anima-primeira-noite-da-festa-de-setembro\/\"]}]},{\"@type\":\"ImageObject\",\"inLanguage\":\"pt-BR\",\"@id\":\"https:\/\/serrafm879.com.br\/serrafm\/2024\/08\/padre-alessandro-campos-anima-primeira-noite-da-festa-de-setembro\/#primaryimage\",\"url\":\"https:\/\/serrafm879.com.br\/serrafm\/wp-content\/uploads\/2024\/08\/WhatsApp-Image-2024-08-29-at-23.55.23.jpeg\",\"contentUrl\":\"https:\/\/serrafm879.com.br\/serrafm\/wp-content\/uploads\/2024\/08\/WhatsApp-Image-2024-08-29-at-23.55.23.jpeg\",\"width\":1280,\"height\":960},{\"@type\":\"BreadcrumbList\",\"@id\":\"https:\/\/serrafm879.com.br\/serrafm\/2024\/08\/padre-alessandro-campos-anima-primeira-noite-da-festa-de-setembro\/#breadcrumb\",\"itemListElement\":[{\"@type\":\"ListItem\",\"position\":1,\"name\":\"In\u00edcio\",\"item\":\"https:\/\/serrafm879.com.br\/serrafm\/\"},{\"@type\":\"ListItem\",\"position\":2,\"name\":\"Padre Alessandro Campos anima primeira noite da Festa de Setembro\"}]},{\"@type\":\"WebSite\",\"@id\":\"https:\/\/serrafm879.com.br\/serrafm\/#website\",\"url\":\"https:\/\/serrafm879.com.br\/serrafm\/\",\"name\":\"Serra FM 87,9\",\"description\":\"O seu novo amor!\",\"potentialAction\":[{\"@type\":\"SearchAction\",\"target\":{\"@type\":\"EntryPoint\",\"urlTemplate\":\"https:\/\/serrafm879.com.br\/serrafm\/?s={search_term_string}\"},\"query-input\":{\"@type\":\"PropertyValueSpecification\",\"valueRequired\":true,\"valueName\":\"search_term_string\"}}],\"inLanguage\":\"pt-BR\"},{\"@type\":\"Person\",\"@id\":\"https:\/\/serrafm879.com.br\/serrafm\/#\/schema\/person\/c028a197030ff8b1c03c68dfba4a787a\",\"name\":\"serrafm87\",\"image\":{\"@type\":\"ImageObject\",\"inLanguage\":\"pt-BR\",\"@id\":\"https:\/\/serrafm879.com.br\/serrafm\/#\/schema\/person\/image\/\",\"url\":\"https:\/\/secure.gravatar.com\/avatar\/a743233f1112d34f48bb3dc9559b76eb930bab8b27175856cba6362608736235?s=96&d=mm&r=g\",\"contentUrl\":\"https:\/\/secure.gravatar.com\/avatar\/a743233f1112d34f48bb3dc9559b76eb930bab8b27175856cba6362608736235?s=96&d=mm&r=g\",\"caption\":\"serrafm87\"},\"sameAs\":[\"http:\/\/serrafm879.com.br\/\"],\"url\":\"https:\/\/serrafm879.com.br\/serrafm\/author\/serrafm87\/\"}]}<\/script>\n<!-- \/ Yoast SEO plugin. -->","yoast_head_json":{"title":"Padre Alessandro Campos anima primeira noite da Festa de Setembro - Serra FM 87,9","robots":{"index":"index","follow":"follow","max-snippet":"max-snippet:-1","max-image-preview":"max-image-preview:large","max-video-preview":"max-video-preview:-1"},"canonical":"https:\/\/serrafm879.com.br\/serrafm\/2024\/08\/padre-alessandro-campos-anima-primeira-noite-da-festa-de-setembro\/","og_locale":"pt_BR","og_type":"article","og_title":"Padre Alessandro Campos anima primeira noite da Festa de Setembro - Serra FM 87,9","og_description":"O padre sertanejo, como \u00e9 conhecido padre Alessandro Campos, trouxe muita alegria e f\u00e9 durante a primeira noite da 234 Festa de Nossa Senhora da Penha, nesta quinta-feira (29). Na pra\u00e7a S\u00e9rgio Magalh\u00e3es foi poss\u00edvel ver diversas pessoas, especialmente idisosos, presentes para o show. O sacerdote \u00e9 muito conhecido pelos programas que apresenta na rede Aparecida, al\u00e9m do seu estilo de pe\u00e3o.","og_url":"https:\/\/serrafm879.com.br\/serrafm\/2024\/08\/padre-alessandro-campos-anima-primeira-noite-da-festa-de-setembro\/","og_site_name":"Serra FM 87,9","article_published_time":"2024-08-30T03:12:29+00:00","og_image":[{"width":1280,"height":960,"url":"https:\/\/serrafm879.com.br\/serrafm\/wp-content\/uploads\/2024\/08\/WhatsApp-Image-2024-08-29-at-23.55.23.jpeg","type":"image\/jpeg"}],"author":"serrafm87","twitter_card":"summary_large_image","twitter_misc":{"Escrito por":"serrafm87","Est. tempo de leitura":"2 minutos"},"schema":{"@context":"https:\/\/schema.org","@graph":[{"@type":"WebPage","@id":"https:\/\/serrafm879.com.br\/serrafm\/2024\/08\/padre-alessandro-campos-anima-primeira-noite-da-festa-de-setembro\/","url":"https:\/\/serrafm879.com.br\/serrafm\/2024\/08\/padre-alessandro-campos-anima-primeira-noite-da-festa-de-setembro\/","name":"Padre Alessandro Campos anima primeira noite da Festa de Setembro - Serra FM 87,9","isPartOf":{"@id":"https:\/\/serrafm879.com.br\/serrafm\/#website"},"primaryImageOfPage":{"@id":"https:\/\/serrafm879.com.br\/serrafm\/2024\/08\/padre-alessandro-campos-anima-primeira-noite-da-festa-de-setembro\/#primaryimage"},"image":{"@id":"https:\/\/serrafm879.com.br\/serrafm\/2024\/08\/padre-alessandro-campos-anima-primeira-noite-da-festa-de-setembro\/#primaryimage"},"thumbnailUrl":"https:\/\/serrafm879.com.br\/serrafm\/wp-content\/uploads\/2024\/08\/WhatsApp-Image-2024-08-29-at-23.55.23.jpeg","datePublished":"2024-08-30T03:12:29+00:00","author":{"@id":"https:\/\/serrafm879.com.br\/serrafm\/#\/schema\/person\/c028a197030ff8b1c03c68dfba4a787a"},"breadcrumb":{"@id":"https:\/\/serrafm879.com.br\/serrafm\/2024\/08\/padre-alessandro-campos-anima-primeira-noite-da-festa-de-setembro\/#breadcrumb"},"inLanguage":"pt-BR","potentialAction":[{"@type":"ReadAction","target":["https:\/\/serrafm879.com.br\/serrafm\/2024\/08\/padre-alessandro-campos-anima-primeira-noite-da-festa-de-setembro\/"]}]},{"@type":"ImageObject","inLanguage":"pt-BR","@id":"https:\/\/serrafm879.com.br\/serrafm\/2024\/08\/padre-alessandro-campos-anima-primeira-noite-da-festa-de-setembro\/#primaryimage","url":"https:\/\/serrafm879.com.br\/serrafm\/wp-content\/uploads\/2024\/08\/WhatsApp-Image-2024-08-29-at-23.55.23.jpeg","contentUrl":"https:\/\/serrafm879.com.br\/serrafm\/wp-content\/uploads\/2024\/08\/WhatsApp-Image-2024-08-29-at-23.55.23.jpeg","width":1280,"height":960},{"@type":"BreadcrumbList","@id":"https:\/\/serrafm879.com.br\/serrafm\/2024\/08\/padre-alessandro-campos-anima-primeira-noite-da-festa-de-setembro\/#breadcrumb","itemListElement":[{"@type":"ListItem","position":1,"name":"In\u00edcio","item":"https:\/\/serrafm879.com.br\/serrafm\/"},{"@type":"ListItem","position":2,"name":"Padre Alessandro Campos anima primeira noite da Festa de Setembro"}]},{"@type":"WebSite","@id":"https:\/\/serrafm879.com.br\/serrafm\/#website","url":"https:\/\/serrafm879.com.br\/serrafm\/","name":"Serra FM 87,9","description":"O seu novo amor!","potentialAction":[{"@type":"SearchAction","target":{"@type":"EntryPoint","urlTemplate":"https:\/\/serrafm879.com.br\/serrafm\/?s={search_term_string}"},"query-input":{"@type":"PropertyValueSpecification","valueRequired":true,"valueName":"search_term_string"}}],"inLanguage":"pt-BR"},{"@type":"Person","@id":"https:\/\/serrafm879.com.br\/serrafm\/#\/schema\/person\/c028a197030ff8b1c03c68dfba4a787a","name":"serrafm87","image":{"@type":"ImageObject","inLanguage":"pt-BR","@id":"https:\/\/serrafm879.com.br\/serrafm\/#\/schema\/person\/image\/","url":"https:\/\/secure.gravatar.com\/avatar\/a743233f1112d34f48bb3dc9559b76eb930bab8b27175856cba6362608736235?s=96&d=mm&r=g","contentUrl":"https:\/\/secure.gravatar.com\/avatar\/a743233f1112d34f48bb3dc9559b76eb930bab8b27175856cba6362608736235?s=96&d=mm&r=g","caption":"serrafm87"},"sameAs":["http:\/\/serrafm879.com.br\/"],"url":"https:\/\/serrafm879.com.br\/serrafm\/author\/serrafm87\/"}]}},"jetpack_featured_media_url":"https:\/\/serrafm879.com.br\/serrafm\/wp-content\/uploads\/2024\/08\/WhatsApp-Image-2024-08-29-at-23.55.23.jpeg","jetpack_shortlink":"https:\/\/wp.me\/p7HyXg-4z5","jetpack_sharing_enabled":true,"_links":{"self":[{"href":"https:\/\/serrafm879.com.br\/serrafm\/wp-json\/wp\/v2\/posts\/17551","targetHints":{"allow":["GET"]}}],"collection":[{"href":"https:\/\/serrafm879.com.br\/serrafm\/wp-json\/wp\/v2\/posts"}],"about":[{"href":"https:\/\/serrafm879.com.br\/serrafm\/wp-json\/wp\/v2\/types\/post"}],"author":[{"embeddable":true,"href":"https:\/\/serrafm879.com.br\/serrafm\/wp-json\/wp\/v2\/users\/2"}],"replies":[{"embeddable":true,"href":"https:\/\/serrafm879.com.br\/serrafm\/wp-json\/wp\/v2\/comments?post=17551"}],"version-history":[{"count":1,"href":"https:\/\/serrafm879.com.br\/serrafm\/wp-json\/wp\/v2\/posts\/17551\/revisions"}],"predecessor-version":[{"id":17559,"href":"https:\/\/serrafm879.com.br\/serrafm\/wp-json\/wp\/v2\/posts\/17551\/revisions\/17559"}],"wp:featuredmedia":[{"embeddable":true,"href":"https:\/\/serrafm879.com.br\/serrafm\/wp-json\/wp\/v2\/media\/17552"}],"wp:attachment":[{"href":"https:\/\/serrafm879.com.br\/serrafm\/wp-json\/wp\/v2\/media?parent=17551"}],"wp:term":[{"taxonomy":"category","embeddable":true,"href":"https:\/\/serrafm879.com.br\/serrafm\/wp-json\/wp\/v2\/categories?post=17551"},{"taxonomy":"post_tag","embeddable":true,"href":"https:\/\/serrafm879.com.br\/serrafm\/wp-json\/wp\/v2\/tags?post=17551"}],"curies":[{"name":"wp","href":"https:\/\/api.w.org\/{rel}","templated":true}]}}