{"id":17562,"date":"2024-08-30T00:23:11","date_gmt":"2024-08-30T03:23:11","guid":{"rendered":"https:\/?p=17562"},"modified":"2024-08-30T00:23:11","modified_gmt":"2024-08-30T03:23:11","slug":"fato-ou-fake-nova-parabolica-digital-sera-paga","status":"publish","type":"post","link":"https:\/\/serrafm879.com.br\/serrafm\/2024\/08\/fato-ou-fake-nova-parabolica-digital-sera-paga\/","title":{"rendered":"Fato ou Fake: Nova parab\u00f3lica digital ser\u00e1 paga"},"content":{"rendered":"<p>Com a chegada da nova parab\u00f3lica digital, muitas d\u00favidas t\u00eam surgido na cabe\u00e7a dos brasileiros. Ser\u00e1 que a antena nova \u00e9 mesmo necess\u00e1ria ou d\u00e1 para continuar com a parab\u00f3lica antiga? Todo mundo vai ter que trocar? A programa\u00e7\u00e3o vai deixar de ser de gra\u00e7a? Entre fatos e fakes, desvendamos alguns mitos e verdades sobre essa novidade que promete melhorar a qualidade da TV aberta no pa\u00eds.<\/p>\n<p>Primeiro, vamos aos fatos: a nova parab\u00f3lica digital \u00e9 necess\u00e1ria, sim. A migra\u00e7\u00e3o para a nova tecnologia \u00e9 essencial porque as parab\u00f3licas tradicionais est\u00e3o com os dias contados. Algumas emissoras, inclusive, j\u00e1 desligaram o sinal anal\u00f3gico \u2013 e outras far\u00e3o o mesmo.<\/p>\n<p>Para continuar assistindo \u00e0 TV aberta via sat\u00e9lite, a substitui\u00e7\u00e3o \u00e9 inevit\u00e1vel. A parab\u00f3lica digital, al\u00e9m de ser menor e mais moderna, oferece uma qualidade de imagem muito superior, sem aquele &#8220;chuvisco&#8221; que incomodam no momento de relaxar e assistir \u00e0 TV.<\/p>\n<p>Nas lojas de eletr\u00f4nicos, o aparelho custa entre R$ 300 e R$ 900. Mas para algumas fam\u00edlias, ele sai de gra\u00e7a. Tanto os equipamentos, quanto a instala\u00e7\u00e3o da nova parab\u00f3lica digital s\u00e3o totalmente gratuitos para fam\u00edlias inscritas em programas sociais do Governo Federal (Cad\u00danico) e que tenham uma parab\u00f3lica tradicional instalada e funcionando em casa, aquela grandona que parece um guarda-chuva invertido.<\/p>\n<p>O servi\u00e7o est\u00e1 sendo realizado pela Siga Antenado, entidade n\u00e3o-governamental e sem fins lucrativos respons\u00e1vel pela substitui\u00e7\u00e3o das parab\u00f3licas tradicionais pela nova parab\u00f3lica digital nos lares de fam\u00edlias de baixa renda. Em todo o pa\u00eds, j\u00e1 foram instalados mais de 3,4 milh\u00f5es de kits com a nova parab\u00f3lica digital.<\/p>\n<p>Para saber quem tem direito a esse kit \u00e9 preciso entrar em contato com a entidade pelo site www.sigaantenado.com.br ou pelo telefone 0800 729 2404. A equipe de atendimento vai checar os dados do benefici\u00e1rio e agendar a instala\u00e7\u00e3o gratuita da nova parab\u00f3lica digital na casa dele.<\/p>\n<h4>Veja abaixo o que \u00e9 fake:<\/h4>\n<p>Todo mundo precisa comprar o kit com a nova parab\u00f3lica digital<br \/>\n\u00c9 fake! Isso vale apenas para quem tem a parab\u00f3lica antiga funcionando, aquela grande, com tela cheia de furinhos. Fam\u00edlias inscritas em programas sociais do Governo Federal podem ter direito ao kit gratuito com a nova parab\u00f3lica digital.<\/p>\n<h4>\nA programa\u00e7\u00e3o agora \u00e9 paga<\/h4>\n<p>\u00c9 fake! A nova parab\u00f3lica tem mais de 80 canais nacionais e regionais dispon\u00edveis, e todos continuam gratuitos, como sempre foram.<br \/>\n\u00c9 preciso aguardar o contato da Siga Antenado<br \/>\n\u00c9 fake! A Siga Antenado n\u00e3o procura as fam\u00edlias. Por motivo de seguran\u00e7a, elas \u00e9 que precisam entrar em contato com a entidade, por meios de seus canais oficinais de atendimento, www.sigaantenado.com.br ou pelo telefone 0800 729 2404.<\/p>\n","protected":false},"excerpt":{"rendered":"<p>Com a chegada da nova parab\u00f3lica digital, muitas d\u00favidas t\u00eam surgido na cabe\u00e7a dos brasileiros. Ser\u00e1 que a antena nova \u00e9 mesmo necess\u00e1ria ou d\u00e1 para continuar com a parab\u00f3lica antiga? Todo mundo vai ter que trocar? A programa\u00e7\u00e3o vai deixar de ser de gra\u00e7a? Entre fatos e fakes, desvendamos alguns mitos e verdades sobre essa novidade que promete melhorar a qualidade da TV aberta no pa\u00eds. Primeiro, vamos aos fatos: a nova parab\u00f3lica digital \u00e9 necess\u00e1ria, sim. A migra\u00e7\u00e3o para a nova tecnologia \u00e9 essencial porque as parab\u00f3licas tradicionais est\u00e3o com os dias contados. Algumas emissoras, inclusive, j\u00e1 desligaram [&hellip;]<\/p>\n","protected":false},"author":2,"featured_media":17563,"comment_status":"open","ping_status":"open","sticky":false,"template":"","format":"standard","meta":{"_jetpack_memberships_contains_paid_content":false,"footnotes":"","jetpack_publicize_message":"","jetpack_publicize_feature_enabled":true,"jetpack_social_post_already_shared":true,"jetpack_social_options":{"image_generator_settings":{"template":"highway","enabled":false},"version":2}},"categories":[2],"tags":[],"class_list":["post-17562","post","type-post","status-publish","format-standard","has-post-thumbnail","hentry","category-noticias"],"jetpack_publicize_connections":[],"yoast_head":"<!-- This site is optimized with the Yoast SEO plugin v24.7 - https:\/\/yoast.com\/wordpress\/plugins\/seo\/ -->\n<title>Fato ou Fake: Nova parab\u00f3lica digital ser\u00e1 paga - Serra FM 87,9<\/title>\n<meta name=\"robots\" content=\"index, follow, max-snippet:-1, max-image-preview:large, max-video-preview:-1\" \/>\n<link rel=\"canonical\" href=\"https:\/\/serrafm879.com.br\/serrafm\/2024\/08\/fato-ou-fake-nova-parabolica-digital-sera-paga\/\" \/>\n<meta property=\"og:locale\" content=\"pt_BR\" \/>\n<meta property=\"og:type\" content=\"article\" \/>\n<meta property=\"og:title\" content=\"Fato ou Fake: Nova parab\u00f3lica digital ser\u00e1 paga - Serra FM 87,9\" \/>\n<meta property=\"og:description\" content=\"Com a chegada da nova parab\u00f3lica digital, muitas d\u00favidas t\u00eam surgido na cabe\u00e7a dos brasileiros. Ser\u00e1 que a antena nova \u00e9 mesmo necess\u00e1ria ou d\u00e1 para continuar com a parab\u00f3lica antiga? Todo mundo vai ter que trocar? A programa\u00e7\u00e3o vai deixar de ser de gra\u00e7a? Entre fatos e fakes, desvendamos alguns mitos e verdades sobre essa novidade que promete melhorar a qualidade da TV aberta no pa\u00eds. Primeiro, vamos aos fatos: a nova parab\u00f3lica digital \u00e9 necess\u00e1ria, sim. A migra\u00e7\u00e3o para a nova tecnologia \u00e9 essencial porque as parab\u00f3licas tradicionais est\u00e3o com os dias contados. Algumas emissoras, inclusive, j\u00e1 desligaram [&hellip;]\" \/>\n<meta property=\"og:url\" content=\"https:\/\/serrafm879.com.br\/serrafm\/2024\/08\/fato-ou-fake-nova-parabolica-digital-sera-paga\/\" \/>\n<meta property=\"og:site_name\" content=\"Serra FM 87,9\" \/>\n<meta property=\"article:published_time\" content=\"2024-08-30T03:23:11+00:00\" \/>\n<meta property=\"og:image\" content=\"https:\/\/serrafm879.com.br\/serrafm\/wp-content\/uploads\/2024\/08\/WhatsApp-Image-2024-08-28-at-12.05.55.jpeg\" \/>\n\t<meta property=\"og:image:width\" content=\"1280\" \/>\n\t<meta property=\"og:image:height\" content=\"720\" \/>\n\t<meta property=\"og:image:type\" content=\"image\/jpeg\" \/>\n<meta name=\"author\" content=\"serrafm87\" \/>\n<meta name=\"twitter:card\" content=\"summary_large_image\" \/>\n<meta name=\"twitter:label1\" content=\"Escrito por\" \/>\n\t<meta name=\"twitter:data1\" content=\"serrafm87\" \/>\n\t<meta name=\"twitter:label2\" content=\"Est. tempo de leitura\" \/>\n\t<meta name=\"twitter:data2\" content=\"3 minutos\" \/>\n<script type=\"application\/ld+json\" class=\"yoast-schema-graph\">{\"@context\":\"https:\/\/schema.org\",\"@graph\":[{\"@type\":\"WebPage\",\"@id\":\"https:\/\/serrafm879.com.br\/serrafm\/2024\/08\/fato-ou-fake-nova-parabolica-digital-sera-paga\/\",\"url\":\"https:\/\/serrafm879.com.br\/serrafm\/2024\/08\/fato-ou-fake-nova-parabolica-digital-sera-paga\/\",\"name\":\"Fato ou Fake: Nova parab\u00f3lica digital ser\u00e1 paga - Serra FM 87,9\",\"isPartOf\":{\"@id\":\"https:\/\/serrafm879.com.br\/serrafm\/#website\"},\"primaryImageOfPage\":{\"@id\":\"https:\/\/serrafm879.com.br\/serrafm\/2024\/08\/fato-ou-fake-nova-parabolica-digital-sera-paga\/#primaryimage\"},\"image\":{\"@id\":\"https:\/\/serrafm879.com.br\/serrafm\/2024\/08\/fato-ou-fake-nova-parabolica-digital-sera-paga\/#primaryimage\"},\"thumbnailUrl\":\"https:\/\/serrafm879.com.br\/serrafm\/wp-content\/uploads\/2024\/08\/WhatsApp-Image-2024-08-28-at-12.05.55.jpeg\",\"datePublished\":\"2024-08-30T03:23:11+00:00\",\"author\":{\"@id\":\"https:\/\/serrafm879.com.br\/serrafm\/#\/schema\/person\/c028a197030ff8b1c03c68dfba4a787a\"},\"breadcrumb\":{\"@id\":\"https:\/\/serrafm879.com.br\/serrafm\/2024\/08\/fato-ou-fake-nova-parabolica-digital-sera-paga\/#breadcrumb\"},\"inLanguage\":\"pt-BR\",\"potentialAction\":[{\"@type\":\"ReadAction\",\"target\":[\"https:\/\/serrafm879.com.br\/serrafm\/2024\/08\/fato-ou-fake-nova-parabolica-digital-sera-paga\/\"]}]},{\"@type\":\"ImageObject\",\"inLanguage\":\"pt-BR\",\"@id\":\"https:\/\/serrafm879.com.br\/serrafm\/2024\/08\/fato-ou-fake-nova-parabolica-digital-sera-paga\/#primaryimage\",\"url\":\"https:\/\/serrafm879.com.br\/serrafm\/wp-content\/uploads\/2024\/08\/WhatsApp-Image-2024-08-28-at-12.05.55.jpeg\",\"contentUrl\":\"https:\/\/serrafm879.com.br\/serrafm\/wp-content\/uploads\/2024\/08\/WhatsApp-Image-2024-08-28-at-12.05.55.jpeg\",\"width\":1280,\"height\":720},{\"@type\":\"BreadcrumbList\",\"@id\":\"https:\/\/serrafm879.com.br\/serrafm\/2024\/08\/fato-ou-fake-nova-parabolica-digital-sera-paga\/#breadcrumb\",\"itemListElement\":[{\"@type\":\"ListItem\",\"position\":1,\"name\":\"In\u00edcio\",\"item\":\"https:\/\/serrafm879.com.br\/serrafm\/\"},{\"@type\":\"ListItem\",\"position\":2,\"name\":\"Fato ou Fake: Nova parab\u00f3lica digital ser\u00e1 paga\"}]},{\"@type\":\"WebSite\",\"@id\":\"https:\/\/serrafm879.com.br\/serrafm\/#website\",\"url\":\"https:\/\/serrafm879.com.br\/serrafm\/\",\"name\":\"Serra FM 87,9\",\"description\":\"O seu novo amor!\",\"potentialAction\":[{\"@type\":\"SearchAction\",\"target\":{\"@type\":\"EntryPoint\",\"urlTemplate\":\"https:\/\/serrafm879.com.br\/serrafm\/?s={search_term_string}\"},\"query-input\":{\"@type\":\"PropertyValueSpecification\",\"valueRequired\":true,\"valueName\":\"search_term_string\"}}],\"inLanguage\":\"pt-BR\"},{\"@type\":\"Person\",\"@id\":\"https:\/\/serrafm879.com.br\/serrafm\/#\/schema\/person\/c028a197030ff8b1c03c68dfba4a787a\",\"name\":\"serrafm87\",\"image\":{\"@type\":\"ImageObject\",\"inLanguage\":\"pt-BR\",\"@id\":\"https:\/\/serrafm879.com.br\/serrafm\/#\/schema\/person\/image\/\",\"url\":\"https:\/\/secure.gravatar.com\/avatar\/a743233f1112d34f48bb3dc9559b76eb930bab8b27175856cba6362608736235?s=96&d=mm&r=g\",\"contentUrl\":\"https:\/\/secure.gravatar.com\/avatar\/a743233f1112d34f48bb3dc9559b76eb930bab8b27175856cba6362608736235?s=96&d=mm&r=g\",\"caption\":\"serrafm87\"},\"sameAs\":[\"http:\/\/serrafm879.com.br\/\"],\"url\":\"https:\/\/serrafm879.com.br\/serrafm\/author\/serrafm87\/\"}]}<\/script>\n<!-- \/ Yoast SEO plugin. -->","yoast_head_json":{"title":"Fato ou Fake: Nova parab\u00f3lica digital ser\u00e1 paga - Serra FM 87,9","robots":{"index":"index","follow":"follow","max-snippet":"max-snippet:-1","max-image-preview":"max-image-preview:large","max-video-preview":"max-video-preview:-1"},"canonical":"https:\/\/serrafm879.com.br\/serrafm\/2024\/08\/fato-ou-fake-nova-parabolica-digital-sera-paga\/","og_locale":"pt_BR","og_type":"article","og_title":"Fato ou Fake: Nova parab\u00f3lica digital ser\u00e1 paga - Serra FM 87,9","og_description":"Com a chegada da nova parab\u00f3lica digital, muitas d\u00favidas t\u00eam surgido na cabe\u00e7a dos brasileiros. Ser\u00e1 que a antena nova \u00e9 mesmo necess\u00e1ria ou d\u00e1 para continuar com a parab\u00f3lica antiga? Todo mundo vai ter que trocar? A programa\u00e7\u00e3o vai deixar de ser de gra\u00e7a? Entre fatos e fakes, desvendamos alguns mitos e verdades sobre essa novidade que promete melhorar a qualidade da TV aberta no pa\u00eds. Primeiro, vamos aos fatos: a nova parab\u00f3lica digital \u00e9 necess\u00e1ria, sim. A migra\u00e7\u00e3o para a nova tecnologia \u00e9 essencial porque as parab\u00f3licas tradicionais est\u00e3o com os dias contados. Algumas emissoras, inclusive, j\u00e1 desligaram [&hellip;]","og_url":"https:\/\/serrafm879.com.br\/serrafm\/2024\/08\/fato-ou-fake-nova-parabolica-digital-sera-paga\/","og_site_name":"Serra FM 87,9","article_published_time":"2024-08-30T03:23:11+00:00","og_image":[{"width":1280,"height":720,"url":"https:\/\/serrafm879.com.br\/serrafm\/wp-content\/uploads\/2024\/08\/WhatsApp-Image-2024-08-28-at-12.05.55.jpeg","type":"image\/jpeg"}],"author":"serrafm87","twitter_card":"summary_large_image","twitter_misc":{"Escrito por":"serrafm87","Est. tempo de leitura":"3 minutos"},"schema":{"@context":"https:\/\/schema.org","@graph":[{"@type":"WebPage","@id":"https:\/\/serrafm879.com.br\/serrafm\/2024\/08\/fato-ou-fake-nova-parabolica-digital-sera-paga\/","url":"https:\/\/serrafm879.com.br\/serrafm\/2024\/08\/fato-ou-fake-nova-parabolica-digital-sera-paga\/","name":"Fato ou Fake: Nova parab\u00f3lica digital ser\u00e1 paga - Serra FM 87,9","isPartOf":{"@id":"https:\/\/serrafm879.com.br\/serrafm\/#website"},"primaryImageOfPage":{"@id":"https:\/\/serrafm879.com.br\/serrafm\/2024\/08\/fato-ou-fake-nova-parabolica-digital-sera-paga\/#primaryimage"},"image":{"@id":"https:\/\/serrafm879.com.br\/serrafm\/2024\/08\/fato-ou-fake-nova-parabolica-digital-sera-paga\/#primaryimage"},"thumbnailUrl":"https:\/\/serrafm879.com.br\/serrafm\/wp-content\/uploads\/2024\/08\/WhatsApp-Image-2024-08-28-at-12.05.55.jpeg","datePublished":"2024-08-30T03:23:11+00:00","author":{"@id":"https:\/\/serrafm879.com.br\/serrafm\/#\/schema\/person\/c028a197030ff8b1c03c68dfba4a787a"},"breadcrumb":{"@id":"https:\/\/serrafm879.com.br\/serrafm\/2024\/08\/fato-ou-fake-nova-parabolica-digital-sera-paga\/#breadcrumb"},"inLanguage":"pt-BR","potentialAction":[{"@type":"ReadAction","target":["https:\/\/serrafm879.com.br\/serrafm\/2024\/08\/fato-ou-fake-nova-parabolica-digital-sera-paga\/"]}]},{"@type":"ImageObject","inLanguage":"pt-BR","@id":"https:\/\/serrafm879.com.br\/serrafm\/2024\/08\/fato-ou-fake-nova-parabolica-digital-sera-paga\/#primaryimage","url":"https:\/\/serrafm879.com.br\/serrafm\/wp-content\/uploads\/2024\/08\/WhatsApp-Image-2024-08-28-at-12.05.55.jpeg","contentUrl":"https:\/\/serrafm879.com.br\/serrafm\/wp-content\/uploads\/2024\/08\/WhatsApp-Image-2024-08-28-at-12.05.55.jpeg","width":1280,"height":720},{"@type":"BreadcrumbList","@id":"https:\/\/serrafm879.com.br\/serrafm\/2024\/08\/fato-ou-fake-nova-parabolica-digital-sera-paga\/#breadcrumb","itemListElement":[{"@type":"ListItem","position":1,"name":"In\u00edcio","item":"https:\/\/serrafm879.com.br\/serrafm\/"},{"@type":"ListItem","position":2,"name":"Fato ou Fake: Nova parab\u00f3lica digital ser\u00e1 paga"}]},{"@type":"WebSite","@id":"https:\/\/serrafm879.com.br\/serrafm\/#website","url":"https:\/\/serrafm879.com.br\/serrafm\/","name":"Serra FM 87,9","description":"O seu novo amor!","potentialAction":[{"@type":"SearchAction","target":{"@type":"EntryPoint","urlTemplate":"https:\/\/serrafm879.com.br\/serrafm\/?s={search_term_string}"},"query-input":{"@type":"PropertyValueSpecification","valueRequired":true,"valueName":"search_term_string"}}],"inLanguage":"pt-BR"},{"@type":"Person","@id":"https:\/\/serrafm879.com.br\/serrafm\/#\/schema\/person\/c028a197030ff8b1c03c68dfba4a787a","name":"serrafm87","image":{"@type":"ImageObject","inLanguage":"pt-BR","@id":"https:\/\/serrafm879.com.br\/serrafm\/#\/schema\/person\/image\/","url":"https:\/\/secure.gravatar.com\/avatar\/a743233f1112d34f48bb3dc9559b76eb930bab8b27175856cba6362608736235?s=96&d=mm&r=g","contentUrl":"https:\/\/secure.gravatar.com\/avatar\/a743233f1112d34f48bb3dc9559b76eb930bab8b27175856cba6362608736235?s=96&d=mm&r=g","caption":"serrafm87"},"sameAs":["http:\/\/serrafm879.com.br\/"],"url":"https:\/\/serrafm879.com.br\/serrafm\/author\/serrafm87\/"}]}},"jetpack_featured_media_url":"https:\/\/serrafm879.com.br\/serrafm\/wp-content\/uploads\/2024\/08\/WhatsApp-Image-2024-08-28-at-12.05.55.jpeg","jetpack_shortlink":"https:\/\/wp.me\/p7HyXg-4zg","jetpack_sharing_enabled":true,"_links":{"self":[{"href":"https:\/\/serrafm879.com.br\/serrafm\/wp-json\/wp\/v2\/posts\/17562","targetHints":{"allow":["GET"]}}],"collection":[{"href":"https:\/\/serrafm879.com.br\/serrafm\/wp-json\/wp\/v2\/posts"}],"about":[{"href":"https:\/\/serrafm879.com.br\/serrafm\/wp-json\/wp\/v2\/types\/post"}],"author":[{"embeddable":true,"href":"https:\/\/serrafm879.com.br\/serrafm\/wp-json\/wp\/v2\/users\/2"}],"replies":[{"embeddable":true,"href":"https:\/\/serrafm879.com.br\/serrafm\/wp-json\/wp\/v2\/comments?post=17562"}],"version-history":[{"count":1,"href":"https:\/\/serrafm879.com.br\/serrafm\/wp-json\/wp\/v2\/posts\/17562\/revisions"}],"predecessor-version":[{"id":17564,"href":"https:\/\/serrafm879.com.br\/serrafm\/wp-json\/wp\/v2\/posts\/17562\/revisions\/17564"}],"wp:featuredmedia":[{"embeddable":true,"href":"https:\/\/serrafm879.com.br\/serrafm\/wp-json\/wp\/v2\/media\/17563"}],"wp:attachment":[{"href":"https:\/\/serrafm879.com.br\/serrafm\/wp-json\/wp\/v2\/media?parent=17562"}],"wp:term":[{"taxonomy":"category","embeddable":true,"href":"https:\/\/serrafm879.com.br\/serrafm\/wp-json\/wp\/v2\/categories?post=17562"},{"taxonomy":"post_tag","embeddable":true,"href":"https:\/\/serrafm879.com.br\/serrafm\/wp-json\/wp\/v2\/tags?post=17562"}],"curies":[{"name":"wp","href":"https:\/\/api.w.org\/{rel}","templated":true}]}}