{"id":17565,"date":"2024-08-30T00:27:12","date_gmt":"2024-08-30T03:27:12","guid":{"rendered":"https:\/?p=17565"},"modified":"2024-08-30T00:27:12","modified_gmt":"2024-08-30T03:27:12","slug":"prefeito-de-carnaiba-apoia-agressor-de-mulher-e-envia-advogada-para-defende-l","status":"publish","type":"post","link":"https:\/\/serrafm879.com.br\/serrafm\/2024\/08\/prefeito-de-carnaiba-apoia-agressor-de-mulher-e-envia-advogada-para-defende-l\/","title":{"rendered":"Prefeito de Carna\u00edba apoia agressor de mulher e envia Advogada para defend\u00ea-l"},"content":{"rendered":"<p><span style=\"font-size: 1.21429rem;\">A pol\u00edtica em Carna\u00edba atinge um novo n\u00edvel de tens\u00e3o com a recente atua\u00e7\u00e3o do prefeito Anchieta Patriota em defesa de um apoiador acusado de agress\u00e3o.<\/span><\/p>\n<p>No \u00faltimo com\u00edcio da candidata Ilma Val\u00e9rio, realizado ontem no bairro Gitirana, um homem identificado como Jos\u00e9 Edilan, apoiador do candidato Berg Gomes, interrompeu o evento de maneira hostil, causando barulho com sua moto e agredindo fisicamente duas mulheres que apoiavam Ilma, al\u00e9m do idoso Z\u00e9 Br\u00e1s. Para agravar a situa\u00e7\u00e3o, ele tamb\u00e9m agrediu sua pr\u00f3pria companheira, que tentou intervir em suas a\u00e7\u00f5es.<\/p>\n<p>A situa\u00e7\u00e3o se tornou ainda mais controversa quando um print de um grupo de apoiadores do prefeito Anchieta Patriota, intitulado \u201cCarna\u00edba da Gente\u201d, mostrou o prefeito anunciando o envio de um advogado para defender Jos\u00e9 Edilan na delegacia. A advogada enviada, esposa do ex-secret\u00e1rio de Infraestrutura Tiago Arruda, compareceu imediatamente \u00e0 delegacia para prestar assist\u00eancia jur\u00eddica ao agressor.<\/p>\n<p>Em meio \u00e0 confus\u00e3o, Ilma Val\u00e9rio, a candidata \u00e0 prefeitura, assumiu o microfone e, apesar do conflito, convocou seus apoiadores a fazerem uma ora\u00e7\u00e3o. Em seguida, ela desabafou: \u201cHostilizaram meu pai no domingo, ele saiu do hospital ontem, e hoje acontece isso, mas eles n\u00e3o v\u00e3o nos calar!\u201d<\/p>\n<p>Gleybson Martins, candidato a vice-prefeito na chapa de Ilma, tamb\u00e9m se manifestou sobre o incidente: \u201cEstamos mexendo com muitos interesses. Esse rapaz \u00e9 apoiador de Tiago Arruda, um secret\u00e1rio que caiu de paraquedas em Carna\u00edba, foi cotado para ser prefeito e hoje quer ser at\u00e9 vereador. Ele \u00e9 a representa\u00e7\u00e3o clara do poder dos forasteiros em nossa terra. Se n\u00e3o fizermos nada, logo os carnaibanos ser\u00e3o expulsos de sua terra, porque nesse governo que a\u00ed est\u00e1, s\u00f3 se d\u00e1 valor a quem \u00e9 de fora.\u201d<\/p>\n<div style=\"width: 480px;\" class=\"wp-video\"><video class=\"wp-video-shortcode\" id=\"video-17565-1\" width=\"480\" height=\"848\" autoplay preload=\"metadata\" controls=\"controls\"><source type=\"video\/mp4\" src=\"http:\/\/serrafm879.com.br\/wp-content\/uploads\/2024\/08\/WhatsApp-Video-2024-08-29-at-08.33.11.mp4?_=1\" \/><a href=\"http:\/\/serrafm879.com.br\/wp-content\/uploads\/2024\/08\/WhatsApp-Video-2024-08-29-at-08.33.11.mp4\">http:\/\/serrafm879.com.br\/wp-content\/uploads\/2024\/08\/WhatsApp-Video-2024-08-29-at-08.33.11.mp4<\/a><\/video><\/div>\n<p>O incidente ocorre apenas alguns dias ap\u00f3s outro epis\u00f3dio tenso, em que militantes de Berg Gomes hostilizaram os pais de Ilma Val\u00e9rio, resultando em um pico de press\u00e3o alta em seu pai, Z\u00e9 Val\u00e9rio, que precisou ser hospitalizado. Esses acontecimentos est\u00e3o acirrando ainda mais os \u00e2nimos na disputa eleitoral de Carna\u00edba, revelando um cen\u00e1rio pol\u00edtico cada vez mais polarizado e fora de controle.<\/p>\n<p>Do Cau\u00ea Rodrigues<\/p>\n","protected":false},"excerpt":{"rendered":"<p>A pol\u00edtica em Carna\u00edba atinge um novo n\u00edvel de tens\u00e3o com a recente atua\u00e7\u00e3o do prefeito Anchieta Patriota em defesa de um apoiador acusado de agress\u00e3o. No \u00faltimo com\u00edcio da candidata Ilma Val\u00e9rio, realizado ontem no bairro Gitirana, um homem identificado como Jos\u00e9 Edilan, apoiador do candidato Berg Gomes, interrompeu o evento de maneira hostil, causando barulho com sua moto e agredindo fisicamente duas mulheres que apoiavam Ilma, al\u00e9m do idoso Z\u00e9 Br\u00e1s. Para agravar a situa\u00e7\u00e3o, ele tamb\u00e9m agrediu sua pr\u00f3pria companheira, que tentou intervir em suas a\u00e7\u00f5es. A situa\u00e7\u00e3o se tornou ainda mais controversa quando um print de [&hellip;]<\/p>\n","protected":false},"author":2,"featured_media":17567,"comment_status":"open","ping_status":"open","sticky":false,"template":"","format":"standard","meta":{"_jetpack_memberships_contains_paid_content":false,"footnotes":"","jetpack_publicize_message":"","jetpack_publicize_feature_enabled":true,"jetpack_social_post_already_shared":true,"jetpack_social_options":{"image_generator_settings":{"template":"highway","enabled":false},"version":2}},"categories":[1],"tags":[],"class_list":["post-17565","post","type-post","status-publish","format-standard","has-post-thumbnail","hentry","category-uncategorized"],"jetpack_publicize_connections":[],"yoast_head":"<!-- This site is optimized with the Yoast SEO plugin v24.7 - https:\/\/yoast.com\/wordpress\/plugins\/seo\/ -->\n<title>Prefeito de Carna\u00edba apoia agressor de mulher e envia Advogada para defend\u00ea-l - Serra FM 87,9<\/title>\n<meta name=\"robots\" content=\"index, follow, max-snippet:-1, max-image-preview:large, max-video-preview:-1\" \/>\n<link rel=\"canonical\" href=\"https:\/\/serrafm879.com.br\/serrafm\/2024\/08\/prefeito-de-carnaiba-apoia-agressor-de-mulher-e-envia-advogada-para-defende-l\/\" \/>\n<meta property=\"og:locale\" content=\"pt_BR\" \/>\n<meta property=\"og:type\" content=\"article\" \/>\n<meta property=\"og:title\" content=\"Prefeito de Carna\u00edba apoia agressor de mulher e envia Advogada para defend\u00ea-l - Serra FM 87,9\" \/>\n<meta property=\"og:description\" content=\"A pol\u00edtica em Carna\u00edba atinge um novo n\u00edvel de tens\u00e3o com a recente atua\u00e7\u00e3o do prefeito Anchieta Patriota em defesa de um apoiador acusado de agress\u00e3o. No \u00faltimo com\u00edcio da candidata Ilma Val\u00e9rio, realizado ontem no bairro Gitirana, um homem identificado como Jos\u00e9 Edilan, apoiador do candidato Berg Gomes, interrompeu o evento de maneira hostil, causando barulho com sua moto e agredindo fisicamente duas mulheres que apoiavam Ilma, al\u00e9m do idoso Z\u00e9 Br\u00e1s. Para agravar a situa\u00e7\u00e3o, ele tamb\u00e9m agrediu sua pr\u00f3pria companheira, que tentou intervir em suas a\u00e7\u00f5es. A situa\u00e7\u00e3o se tornou ainda mais controversa quando um print de [&hellip;]\" \/>\n<meta property=\"og:url\" content=\"https:\/\/serrafm879.com.br\/serrafm\/2024\/08\/prefeito-de-carnaiba-apoia-agressor-de-mulher-e-envia-advogada-para-defende-l\/\" \/>\n<meta property=\"og:site_name\" content=\"Serra FM 87,9\" \/>\n<meta property=\"article:published_time\" content=\"2024-08-30T03:27:12+00:00\" \/>\n<meta property=\"og:image\" content=\"https:\/\/serrafm879.com.br\/serrafm\/wp-content\/uploads\/2024\/08\/Captura-de-tela-2024-08-30-002659.png\" \/>\n\t<meta property=\"og:image:width\" content=\"213\" \/>\n\t<meta property=\"og:image:height\" content=\"199\" \/>\n\t<meta property=\"og:image:type\" content=\"image\/png\" \/>\n<meta name=\"author\" content=\"serrafm87\" \/>\n<meta name=\"twitter:card\" content=\"summary_large_image\" \/>\n<meta name=\"twitter:label1\" content=\"Escrito por\" \/>\n\t<meta name=\"twitter:data1\" content=\"serrafm87\" \/>\n\t<meta name=\"twitter:label2\" content=\"Est. tempo de leitura\" \/>\n\t<meta name=\"twitter:data2\" content=\"2 minutos\" \/>\n<script type=\"application\/ld+json\" class=\"yoast-schema-graph\">{\"@context\":\"https:\/\/schema.org\",\"@graph\":[{\"@type\":\"WebPage\",\"@id\":\"https:\/\/serrafm879.com.br\/serrafm\/2024\/08\/prefeito-de-carnaiba-apoia-agressor-de-mulher-e-envia-advogada-para-defende-l\/\",\"url\":\"https:\/\/serrafm879.com.br\/serrafm\/2024\/08\/prefeito-de-carnaiba-apoia-agressor-de-mulher-e-envia-advogada-para-defende-l\/\",\"name\":\"Prefeito de Carna\u00edba apoia agressor de mulher e envia Advogada para defend\u00ea-l - Serra FM 87,9\",\"isPartOf\":{\"@id\":\"https:\/\/serrafm879.com.br\/serrafm\/#website\"},\"primaryImageOfPage\":{\"@id\":\"https:\/\/serrafm879.com.br\/serrafm\/2024\/08\/prefeito-de-carnaiba-apoia-agressor-de-mulher-e-envia-advogada-para-defende-l\/#primaryimage\"},\"image\":{\"@id\":\"https:\/\/serrafm879.com.br\/serrafm\/2024\/08\/prefeito-de-carnaiba-apoia-agressor-de-mulher-e-envia-advogada-para-defende-l\/#primaryimage\"},\"thumbnailUrl\":\"https:\/\/serrafm879.com.br\/serrafm\/wp-content\/uploads\/2024\/08\/Captura-de-tela-2024-08-30-002659.png\",\"datePublished\":\"2024-08-30T03:27:12+00:00\",\"author\":{\"@id\":\"https:\/\/serrafm879.com.br\/serrafm\/#\/schema\/person\/c028a197030ff8b1c03c68dfba4a787a\"},\"breadcrumb\":{\"@id\":\"https:\/\/serrafm879.com.br\/serrafm\/2024\/08\/prefeito-de-carnaiba-apoia-agressor-de-mulher-e-envia-advogada-para-defende-l\/#breadcrumb\"},\"inLanguage\":\"pt-BR\",\"potentialAction\":[{\"@type\":\"ReadAction\",\"target\":[\"https:\/\/serrafm879.com.br\/serrafm\/2024\/08\/prefeito-de-carnaiba-apoia-agressor-de-mulher-e-envia-advogada-para-defende-l\/\"]}]},{\"@type\":\"ImageObject\",\"inLanguage\":\"pt-BR\",\"@id\":\"https:\/\/serrafm879.com.br\/serrafm\/2024\/08\/prefeito-de-carnaiba-apoia-agressor-de-mulher-e-envia-advogada-para-defende-l\/#primaryimage\",\"url\":\"https:\/\/serrafm879.com.br\/serrafm\/wp-content\/uploads\/2024\/08\/Captura-de-tela-2024-08-30-002659.png\",\"contentUrl\":\"https:\/\/serrafm879.com.br\/serrafm\/wp-content\/uploads\/2024\/08\/Captura-de-tela-2024-08-30-002659.png\",\"width\":213,\"height\":199},{\"@type\":\"BreadcrumbList\",\"@id\":\"https:\/\/serrafm879.com.br\/serrafm\/2024\/08\/prefeito-de-carnaiba-apoia-agressor-de-mulher-e-envia-advogada-para-defende-l\/#breadcrumb\",\"itemListElement\":[{\"@type\":\"ListItem\",\"position\":1,\"name\":\"In\u00edcio\",\"item\":\"https:\/\/serrafm879.com.br\/serrafm\/\"},{\"@type\":\"ListItem\",\"position\":2,\"name\":\"Prefeito de Carna\u00edba apoia agressor de mulher e envia Advogada para defend\u00ea-l\"}]},{\"@type\":\"WebSite\",\"@id\":\"https:\/\/serrafm879.com.br\/serrafm\/#website\",\"url\":\"https:\/\/serrafm879.com.br\/serrafm\/\",\"name\":\"Serra FM 87,9\",\"description\":\"O seu novo amor!\",\"potentialAction\":[{\"@type\":\"SearchAction\",\"target\":{\"@type\":\"EntryPoint\",\"urlTemplate\":\"https:\/\/serrafm879.com.br\/serrafm\/?s={search_term_string}\"},\"query-input\":{\"@type\":\"PropertyValueSpecification\",\"valueRequired\":true,\"valueName\":\"search_term_string\"}}],\"inLanguage\":\"pt-BR\"},{\"@type\":\"Person\",\"@id\":\"https:\/\/serrafm879.com.br\/serrafm\/#\/schema\/person\/c028a197030ff8b1c03c68dfba4a787a\",\"name\":\"serrafm87\",\"image\":{\"@type\":\"ImageObject\",\"inLanguage\":\"pt-BR\",\"@id\":\"https:\/\/serrafm879.com.br\/serrafm\/#\/schema\/person\/image\/\",\"url\":\"https:\/\/secure.gravatar.com\/avatar\/a743233f1112d34f48bb3dc9559b76eb930bab8b27175856cba6362608736235?s=96&d=mm&r=g\",\"contentUrl\":\"https:\/\/secure.gravatar.com\/avatar\/a743233f1112d34f48bb3dc9559b76eb930bab8b27175856cba6362608736235?s=96&d=mm&r=g\",\"caption\":\"serrafm87\"},\"sameAs\":[\"http:\/\/serrafm879.com.br\/\"],\"url\":\"https:\/\/serrafm879.com.br\/serrafm\/author\/serrafm87\/\"}]}<\/script>\n<!-- \/ Yoast SEO plugin. -->","yoast_head_json":{"title":"Prefeito de Carna\u00edba apoia agressor de mulher e envia Advogada para defend\u00ea-l - Serra FM 87,9","robots":{"index":"index","follow":"follow","max-snippet":"max-snippet:-1","max-image-preview":"max-image-preview:large","max-video-preview":"max-video-preview:-1"},"canonical":"https:\/\/serrafm879.com.br\/serrafm\/2024\/08\/prefeito-de-carnaiba-apoia-agressor-de-mulher-e-envia-advogada-para-defende-l\/","og_locale":"pt_BR","og_type":"article","og_title":"Prefeito de Carna\u00edba apoia agressor de mulher e envia Advogada para defend\u00ea-l - Serra FM 87,9","og_description":"A pol\u00edtica em Carna\u00edba atinge um novo n\u00edvel de tens\u00e3o com a recente atua\u00e7\u00e3o do prefeito Anchieta Patriota em defesa de um apoiador acusado de agress\u00e3o. No \u00faltimo com\u00edcio da candidata Ilma Val\u00e9rio, realizado ontem no bairro Gitirana, um homem identificado como Jos\u00e9 Edilan, apoiador do candidato Berg Gomes, interrompeu o evento de maneira hostil, causando barulho com sua moto e agredindo fisicamente duas mulheres que apoiavam Ilma, al\u00e9m do idoso Z\u00e9 Br\u00e1s. Para agravar a situa\u00e7\u00e3o, ele tamb\u00e9m agrediu sua pr\u00f3pria companheira, que tentou intervir em suas a\u00e7\u00f5es. A situa\u00e7\u00e3o se tornou ainda mais controversa quando um print de [&hellip;]","og_url":"https:\/\/serrafm879.com.br\/serrafm\/2024\/08\/prefeito-de-carnaiba-apoia-agressor-de-mulher-e-envia-advogada-para-defende-l\/","og_site_name":"Serra FM 87,9","article_published_time":"2024-08-30T03:27:12+00:00","og_image":[{"width":213,"height":199,"url":"https:\/\/serrafm879.com.br\/serrafm\/wp-content\/uploads\/2024\/08\/Captura-de-tela-2024-08-30-002659.png","type":"image\/png"}],"author":"serrafm87","twitter_card":"summary_large_image","twitter_misc":{"Escrito por":"serrafm87","Est. tempo de leitura":"2 minutos"},"schema":{"@context":"https:\/\/schema.org","@graph":[{"@type":"WebPage","@id":"https:\/\/serrafm879.com.br\/serrafm\/2024\/08\/prefeito-de-carnaiba-apoia-agressor-de-mulher-e-envia-advogada-para-defende-l\/","url":"https:\/\/serrafm879.com.br\/serrafm\/2024\/08\/prefeito-de-carnaiba-apoia-agressor-de-mulher-e-envia-advogada-para-defende-l\/","name":"Prefeito de Carna\u00edba apoia agressor de mulher e envia Advogada para defend\u00ea-l - Serra FM 87,9","isPartOf":{"@id":"https:\/\/serrafm879.com.br\/serrafm\/#website"},"primaryImageOfPage":{"@id":"https:\/\/serrafm879.com.br\/serrafm\/2024\/08\/prefeito-de-carnaiba-apoia-agressor-de-mulher-e-envia-advogada-para-defende-l\/#primaryimage"},"image":{"@id":"https:\/\/serrafm879.com.br\/serrafm\/2024\/08\/prefeito-de-carnaiba-apoia-agressor-de-mulher-e-envia-advogada-para-defende-l\/#primaryimage"},"thumbnailUrl":"https:\/\/serrafm879.com.br\/serrafm\/wp-content\/uploads\/2024\/08\/Captura-de-tela-2024-08-30-002659.png","datePublished":"2024-08-30T03:27:12+00:00","author":{"@id":"https:\/\/serrafm879.com.br\/serrafm\/#\/schema\/person\/c028a197030ff8b1c03c68dfba4a787a"},"breadcrumb":{"@id":"https:\/\/serrafm879.com.br\/serrafm\/2024\/08\/prefeito-de-carnaiba-apoia-agressor-de-mulher-e-envia-advogada-para-defende-l\/#breadcrumb"},"inLanguage":"pt-BR","potentialAction":[{"@type":"ReadAction","target":["https:\/\/serrafm879.com.br\/serrafm\/2024\/08\/prefeito-de-carnaiba-apoia-agressor-de-mulher-e-envia-advogada-para-defende-l\/"]}]},{"@type":"ImageObject","inLanguage":"pt-BR","@id":"https:\/\/serrafm879.com.br\/serrafm\/2024\/08\/prefeito-de-carnaiba-apoia-agressor-de-mulher-e-envia-advogada-para-defende-l\/#primaryimage","url":"https:\/\/serrafm879.com.br\/serrafm\/wp-content\/uploads\/2024\/08\/Captura-de-tela-2024-08-30-002659.png","contentUrl":"https:\/\/serrafm879.com.br\/serrafm\/wp-content\/uploads\/2024\/08\/Captura-de-tela-2024-08-30-002659.png","width":213,"height":199},{"@type":"BreadcrumbList","@id":"https:\/\/serrafm879.com.br\/serrafm\/2024\/08\/prefeito-de-carnaiba-apoia-agressor-de-mulher-e-envia-advogada-para-defende-l\/#breadcrumb","itemListElement":[{"@type":"ListItem","position":1,"name":"In\u00edcio","item":"https:\/\/serrafm879.com.br\/serrafm\/"},{"@type":"ListItem","position":2,"name":"Prefeito de Carna\u00edba apoia agressor de mulher e envia Advogada para defend\u00ea-l"}]},{"@type":"WebSite","@id":"https:\/\/serrafm879.com.br\/serrafm\/#website","url":"https:\/\/serrafm879.com.br\/serrafm\/","name":"Serra FM 87,9","description":"O seu novo amor!","potentialAction":[{"@type":"SearchAction","target":{"@type":"EntryPoint","urlTemplate":"https:\/\/serrafm879.com.br\/serrafm\/?s={search_term_string}"},"query-input":{"@type":"PropertyValueSpecification","valueRequired":true,"valueName":"search_term_string"}}],"inLanguage":"pt-BR"},{"@type":"Person","@id":"https:\/\/serrafm879.com.br\/serrafm\/#\/schema\/person\/c028a197030ff8b1c03c68dfba4a787a","name":"serrafm87","image":{"@type":"ImageObject","inLanguage":"pt-BR","@id":"https:\/\/serrafm879.com.br\/serrafm\/#\/schema\/person\/image\/","url":"https:\/\/secure.gravatar.com\/avatar\/a743233f1112d34f48bb3dc9559b76eb930bab8b27175856cba6362608736235?s=96&d=mm&r=g","contentUrl":"https:\/\/secure.gravatar.com\/avatar\/a743233f1112d34f48bb3dc9559b76eb930bab8b27175856cba6362608736235?s=96&d=mm&r=g","caption":"serrafm87"},"sameAs":["http:\/\/serrafm879.com.br\/"],"url":"https:\/\/serrafm879.com.br\/serrafm\/author\/serrafm87\/"}]}},"jetpack_featured_media_url":"https:\/\/serrafm879.com.br\/serrafm\/wp-content\/uploads\/2024\/08\/Captura-de-tela-2024-08-30-002659.png","jetpack_shortlink":"https:\/\/wp.me\/p7HyXg-4zj","jetpack_sharing_enabled":true,"_links":{"self":[{"href":"https:\/\/serrafm879.com.br\/serrafm\/wp-json\/wp\/v2\/posts\/17565","targetHints":{"allow":["GET"]}}],"collection":[{"href":"https:\/\/serrafm879.com.br\/serrafm\/wp-json\/wp\/v2\/posts"}],"about":[{"href":"https:\/\/serrafm879.com.br\/serrafm\/wp-json\/wp\/v2\/types\/post"}],"author":[{"embeddable":true,"href":"https:\/\/serrafm879.com.br\/serrafm\/wp-json\/wp\/v2\/users\/2"}],"replies":[{"embeddable":true,"href":"https:\/\/serrafm879.com.br\/serrafm\/wp-json\/wp\/v2\/comments?post=17565"}],"version-history":[{"count":1,"href":"https:\/\/serrafm879.com.br\/serrafm\/wp-json\/wp\/v2\/posts\/17565\/revisions"}],"predecessor-version":[{"id":17568,"href":"https:\/\/serrafm879.com.br\/serrafm\/wp-json\/wp\/v2\/posts\/17565\/revisions\/17568"}],"wp:featuredmedia":[{"embeddable":true,"href":"https:\/\/serrafm879.com.br\/serrafm\/wp-json\/wp\/v2\/media\/17567"}],"wp:attachment":[{"href":"https:\/\/serrafm879.com.br\/serrafm\/wp-json\/wp\/v2\/media?parent=17565"}],"wp:term":[{"taxonomy":"category","embeddable":true,"href":"https:\/\/serrafm879.com.br\/serrafm\/wp-json\/wp\/v2\/categories?post=17565"},{"taxonomy":"post_tag","embeddable":true,"href":"https:\/\/serrafm879.com.br\/serrafm\/wp-json\/wp\/v2\/tags?post=17565"}],"curies":[{"name":"wp","href":"https:\/\/api.w.org\/{rel}","templated":true}]}}