{"id":17575,"date":"2024-08-30T10:13:43","date_gmt":"2024-08-30T13:13:43","guid":{"rendered":"https:\/?p=17575"},"modified":"2024-08-30T10:13:43","modified_gmt":"2024-08-30T13:13:43","slug":"o-que-motivou-a-facada-no-prefeito-de-sertania-eis-a-questao","status":"publish","type":"post","link":"https:\/\/serrafm879.com.br\/serrafm\/2024\/08\/o-que-motivou-a-facada-no-prefeito-de-sertania-eis-a-questao\/","title":{"rendered":"O que motivou a facada no prefeito de Sert\u00e2nia? Eis a quest\u00e3o."},"content":{"rendered":"<div class=\"ub-expand-portion ub-expand-partial\">\n<p>A motiva\u00e7\u00e3o da facada sofrida pelo prefeito de Sert\u00e2nia, \u00c2ngelo Ferreira (PSB), ontem no meio da tarde, antecipada com exclusividade por este blog, ainda \u00e9 um grande e esquisito mist\u00e9rio. A fam\u00edlia Ferreira garante que n\u00e3o h\u00e1 nenhum antecedente de diverg\u00eancias, al\u00e9m do territ\u00f3rio da pol\u00edtica, entre o prefeito e Nelson do Cons\u00f3rcio, autor da tentativa de homic\u00eddio.<\/p>\n<p>Secret\u00e1rio na gest\u00e3o municipal e uma das pessoas mais pr\u00f3ximas a \u00c2ngelo, Neto Cajueiro, que estava na companhia do prefeito no momento da ocorr\u00eancia, garante que n\u00e3o passa de especula\u00e7\u00f5es maldosas a vers\u00e3o noticiada de que na campanha anterior Nelson tenha cometido outro atentado \u00e0 vida do prefeito, desta feita com tiros. \u201cIsso nunca existiu. N\u00e3o sei quem inventou essa maluquice\u201d, afirmou.<\/p>\n<p>Neto desconhece ainda algum fato que tenha abalado a rela\u00e7\u00e3o entre a v\u00edtima e o agressor. \u201c\u00c2ngelo nunca teve sequer um bate-boca com Nelson\u201d, ressalta. Tanto que, segundo Neto, quando \u00c2ngelo viu Nelson caminhando em dire\u00e7\u00e3o a ele, em frente \u00e0 ag\u00eancia do Banco do Brasil, no centro da cidade, ainda o cumprimentou, mas foi surpreendido com a a\u00e7\u00e3o violenta.<\/p>\n<\/div>\n<div class=\"ub-expand-portion ub-expand-full\">\n<p>\u201cDe repente, ele j\u00e1 apareceu com a faca na m\u00e3o direita, pegando \u00c2ngelo de surpresa. Quando o atingiu na barriga, \u00c2ngelo gritou: \u201cO que \u00e9 isso, Nelson? E caiu. Eu e Paul\u00e3o (dono do restaurante Casa Nobre, no centro da cidade, que estava passando por perto na ocasi\u00e3o) corremos para puxar Nelson, evitando que ele desferisse novos ataques\u201d, conta Neto, para quem Paul\u00e3o teve um papel fundamental no epis\u00f3dio, evitando uma trag\u00e9dia sem motiva\u00e7\u00e3o, segundo ele.<\/p>\n<p>Mas o que de fato levou Nelson a perder a cabe\u00e7a? O blog ouviu outras pessoas, inclusive gente bem pr\u00f3xima \u00e0 fam\u00edlia do prefeito. Uma delas contou que a fam\u00edlia de \u00c2ngelo \u00e9 evang\u00e9lica. \u201cEle e todos os seus irm\u00e3os foram criados dentro da igreja, s\u00e3o extremamente educados, tementes a Deus e nunca desrespeitaram ningu\u00e9m, tratando todos de forma cordial\u201d, diz uma senhora que conheceu de perto o patriarca da fam\u00edlia, o ex-prefeito Arlindo Ferreira, pai de \u00c2ngelo.<\/p>\n<p>Eliminando as hip\u00f3teses de agress\u00f5es ou desentendimentos no passado entre \u00c2ngelo e Nelson s\u00f3 resta ent\u00e3o uma explica\u00e7\u00e3o: conota\u00e7\u00e3o pol\u00edtica. Segundo uma fonte ouvida pelo blog, o agressor nunca militou ao lado de \u00c2ngelo, sempre votando em que fizesse oposi\u00e7\u00e3o ao seu grupo, embora uma sobrinha dele seja secret\u00e1ria de Sa\u00fade na gest\u00e3o municipal.<\/p>\n<p>H\u00e1 pouco, a fam\u00edlia do prefeito informou que ele j\u00e1 recebeu alta da UTI no hospital Memorial Arcoverde, onde se submeteu ontem a uma cirurgia bem-sucedida no abdome, realizada pela equipe do m\u00e9dico Joaquim Lucena, diretor-presidente da unidade hospitalar.<\/p>\n<p>\u201cO nosso querido \u00c2ngelo est\u00e1 se recuperando bem. Acabou de receber alta da UTI. Em nome de toda a fam\u00edlia, agradecemos as demonstra\u00e7\u00f5es de carinho e as ora\u00e7\u00f5es. Que Deus nos aben\u00e7oe\u201d, diz a nota da fam\u00edlia, postada nas redes sociais por um sobrinho do prefeito.<\/p>\n<\/div>\n<p>Blog do Magno Martins<\/p>\n","protected":false},"excerpt":{"rendered":"<p>A motiva\u00e7\u00e3o da facada sofrida pelo prefeito de Sert\u00e2nia, \u00c2ngelo Ferreira (PSB), ontem no meio da tarde, antecipada com exclusividade por este blog, ainda \u00e9 um grande e esquisito mist\u00e9rio. A fam\u00edlia Ferreira garante que n\u00e3o h\u00e1 nenhum antecedente de diverg\u00eancias, al\u00e9m do territ\u00f3rio da pol\u00edtica, entre o prefeito e Nelson do Cons\u00f3rcio, autor da tentativa de homic\u00eddio. Secret\u00e1rio na gest\u00e3o municipal e uma das pessoas mais pr\u00f3ximas a \u00c2ngelo, Neto Cajueiro, que estava na companhia do prefeito no momento da ocorr\u00eancia, garante que n\u00e3o passa de especula\u00e7\u00f5es maldosas a vers\u00e3o noticiada de que na campanha anterior Nelson tenha cometido [&hellip;]<\/p>\n","protected":false},"author":2,"featured_media":17576,"comment_status":"open","ping_status":"open","sticky":false,"template":"","format":"standard","meta":{"_jetpack_memberships_contains_paid_content":false,"footnotes":"","jetpack_publicize_message":"","jetpack_publicize_feature_enabled":true,"jetpack_social_post_already_shared":true,"jetpack_social_options":{"image_generator_settings":{"template":"highway","enabled":false},"version":2}},"categories":[1],"tags":[],"class_list":["post-17575","post","type-post","status-publish","format-standard","has-post-thumbnail","hentry","category-uncategorized"],"jetpack_publicize_connections":[],"yoast_head":"<!-- This site is optimized with the Yoast SEO plugin v24.7 - https:\/\/yoast.com\/wordpress\/plugins\/seo\/ -->\n<title>O que motivou a facada no prefeito de Sert\u00e2nia? Eis a quest\u00e3o. - Serra FM 87,9<\/title>\n<meta name=\"robots\" content=\"index, follow, max-snippet:-1, max-image-preview:large, max-video-preview:-1\" \/>\n<link rel=\"canonical\" href=\"https:\/\/serrafm879.com.br\/serrafm\/2024\/08\/o-que-motivou-a-facada-no-prefeito-de-sertania-eis-a-questao\/\" \/>\n<meta property=\"og:locale\" content=\"pt_BR\" \/>\n<meta property=\"og:type\" content=\"article\" \/>\n<meta property=\"og:title\" content=\"O que motivou a facada no prefeito de Sert\u00e2nia? Eis a quest\u00e3o. - Serra FM 87,9\" \/>\n<meta property=\"og:description\" content=\"A motiva\u00e7\u00e3o da facada sofrida pelo prefeito de Sert\u00e2nia, \u00c2ngelo Ferreira (PSB), ontem no meio da tarde, antecipada com exclusividade por este blog, ainda \u00e9 um grande e esquisito mist\u00e9rio. A fam\u00edlia Ferreira garante que n\u00e3o h\u00e1 nenhum antecedente de diverg\u00eancias, al\u00e9m do territ\u00f3rio da pol\u00edtica, entre o prefeito e Nelson do Cons\u00f3rcio, autor da tentativa de homic\u00eddio. Secret\u00e1rio na gest\u00e3o municipal e uma das pessoas mais pr\u00f3ximas a \u00c2ngelo, Neto Cajueiro, que estava na companhia do prefeito no momento da ocorr\u00eancia, garante que n\u00e3o passa de especula\u00e7\u00f5es maldosas a vers\u00e3o noticiada de que na campanha anterior Nelson tenha cometido [&hellip;]\" \/>\n<meta property=\"og:url\" content=\"https:\/\/serrafm879.com.br\/serrafm\/2024\/08\/o-que-motivou-a-facada-no-prefeito-de-sertania-eis-a-questao\/\" \/>\n<meta property=\"og:site_name\" content=\"Serra FM 87,9\" \/>\n<meta property=\"article:published_time\" content=\"2024-08-30T13:13:43+00:00\" \/>\n<meta property=\"og:image\" content=\"https:\/\/serrafm879.com.br\/serrafm\/wp-content\/uploads\/2024\/08\/Captura-de-tela-2024-08-30-101339.png\" \/>\n\t<meta property=\"og:image:width\" content=\"667\" \/>\n\t<meta property=\"og:image:height\" content=\"330\" \/>\n\t<meta property=\"og:image:type\" content=\"image\/png\" \/>\n<meta name=\"author\" content=\"serrafm87\" \/>\n<meta name=\"twitter:card\" content=\"summary_large_image\" \/>\n<meta name=\"twitter:label1\" content=\"Escrito por\" \/>\n\t<meta name=\"twitter:data1\" content=\"serrafm87\" \/>\n\t<meta name=\"twitter:label2\" content=\"Est. tempo de leitura\" \/>\n\t<meta name=\"twitter:data2\" content=\"3 minutos\" \/>\n<script type=\"application\/ld+json\" class=\"yoast-schema-graph\">{\"@context\":\"https:\/\/schema.org\",\"@graph\":[{\"@type\":\"WebPage\",\"@id\":\"https:\/\/serrafm879.com.br\/serrafm\/2024\/08\/o-que-motivou-a-facada-no-prefeito-de-sertania-eis-a-questao\/\",\"url\":\"https:\/\/serrafm879.com.br\/serrafm\/2024\/08\/o-que-motivou-a-facada-no-prefeito-de-sertania-eis-a-questao\/\",\"name\":\"O que motivou a facada no prefeito de Sert\u00e2nia? Eis a quest\u00e3o. - Serra FM 87,9\",\"isPartOf\":{\"@id\":\"https:\/\/serrafm879.com.br\/serrafm\/#website\"},\"primaryImageOfPage\":{\"@id\":\"https:\/\/serrafm879.com.br\/serrafm\/2024\/08\/o-que-motivou-a-facada-no-prefeito-de-sertania-eis-a-questao\/#primaryimage\"},\"image\":{\"@id\":\"https:\/\/serrafm879.com.br\/serrafm\/2024\/08\/o-que-motivou-a-facada-no-prefeito-de-sertania-eis-a-questao\/#primaryimage\"},\"thumbnailUrl\":\"https:\/\/serrafm879.com.br\/serrafm\/wp-content\/uploads\/2024\/08\/Captura-de-tela-2024-08-30-101339.png\",\"datePublished\":\"2024-08-30T13:13:43+00:00\",\"author\":{\"@id\":\"https:\/\/serrafm879.com.br\/serrafm\/#\/schema\/person\/c028a197030ff8b1c03c68dfba4a787a\"},\"breadcrumb\":{\"@id\":\"https:\/\/serrafm879.com.br\/serrafm\/2024\/08\/o-que-motivou-a-facada-no-prefeito-de-sertania-eis-a-questao\/#breadcrumb\"},\"inLanguage\":\"pt-BR\",\"potentialAction\":[{\"@type\":\"ReadAction\",\"target\":[\"https:\/\/serrafm879.com.br\/serrafm\/2024\/08\/o-que-motivou-a-facada-no-prefeito-de-sertania-eis-a-questao\/\"]}]},{\"@type\":\"ImageObject\",\"inLanguage\":\"pt-BR\",\"@id\":\"https:\/\/serrafm879.com.br\/serrafm\/2024\/08\/o-que-motivou-a-facada-no-prefeito-de-sertania-eis-a-questao\/#primaryimage\",\"url\":\"https:\/\/serrafm879.com.br\/serrafm\/wp-content\/uploads\/2024\/08\/Captura-de-tela-2024-08-30-101339.png\",\"contentUrl\":\"https:\/\/serrafm879.com.br\/serrafm\/wp-content\/uploads\/2024\/08\/Captura-de-tela-2024-08-30-101339.png\",\"width\":667,\"height\":330},{\"@type\":\"BreadcrumbList\",\"@id\":\"https:\/\/serrafm879.com.br\/serrafm\/2024\/08\/o-que-motivou-a-facada-no-prefeito-de-sertania-eis-a-questao\/#breadcrumb\",\"itemListElement\":[{\"@type\":\"ListItem\",\"position\":1,\"name\":\"In\u00edcio\",\"item\":\"https:\/\/serrafm879.com.br\/serrafm\/\"},{\"@type\":\"ListItem\",\"position\":2,\"name\":\"O que motivou a facada no prefeito de Sert\u00e2nia? Eis a quest\u00e3o.\"}]},{\"@type\":\"WebSite\",\"@id\":\"https:\/\/serrafm879.com.br\/serrafm\/#website\",\"url\":\"https:\/\/serrafm879.com.br\/serrafm\/\",\"name\":\"Serra FM 87,9\",\"description\":\"O seu novo amor!\",\"potentialAction\":[{\"@type\":\"SearchAction\",\"target\":{\"@type\":\"EntryPoint\",\"urlTemplate\":\"https:\/\/serrafm879.com.br\/serrafm\/?s={search_term_string}\"},\"query-input\":{\"@type\":\"PropertyValueSpecification\",\"valueRequired\":true,\"valueName\":\"search_term_string\"}}],\"inLanguage\":\"pt-BR\"},{\"@type\":\"Person\",\"@id\":\"https:\/\/serrafm879.com.br\/serrafm\/#\/schema\/person\/c028a197030ff8b1c03c68dfba4a787a\",\"name\":\"serrafm87\",\"image\":{\"@type\":\"ImageObject\",\"inLanguage\":\"pt-BR\",\"@id\":\"https:\/\/serrafm879.com.br\/serrafm\/#\/schema\/person\/image\/\",\"url\":\"https:\/\/secure.gravatar.com\/avatar\/a743233f1112d34f48bb3dc9559b76eb930bab8b27175856cba6362608736235?s=96&d=mm&r=g\",\"contentUrl\":\"https:\/\/secure.gravatar.com\/avatar\/a743233f1112d34f48bb3dc9559b76eb930bab8b27175856cba6362608736235?s=96&d=mm&r=g\",\"caption\":\"serrafm87\"},\"sameAs\":[\"http:\/\/serrafm879.com.br\/\"],\"url\":\"https:\/\/serrafm879.com.br\/serrafm\/author\/serrafm87\/\"}]}<\/script>\n<!-- \/ Yoast SEO plugin. -->","yoast_head_json":{"title":"O que motivou a facada no prefeito de Sert\u00e2nia? Eis a quest\u00e3o. - Serra FM 87,9","robots":{"index":"index","follow":"follow","max-snippet":"max-snippet:-1","max-image-preview":"max-image-preview:large","max-video-preview":"max-video-preview:-1"},"canonical":"https:\/\/serrafm879.com.br\/serrafm\/2024\/08\/o-que-motivou-a-facada-no-prefeito-de-sertania-eis-a-questao\/","og_locale":"pt_BR","og_type":"article","og_title":"O que motivou a facada no prefeito de Sert\u00e2nia? Eis a quest\u00e3o. - Serra FM 87,9","og_description":"A motiva\u00e7\u00e3o da facada sofrida pelo prefeito de Sert\u00e2nia, \u00c2ngelo Ferreira (PSB), ontem no meio da tarde, antecipada com exclusividade por este blog, ainda \u00e9 um grande e esquisito mist\u00e9rio. A fam\u00edlia Ferreira garante que n\u00e3o h\u00e1 nenhum antecedente de diverg\u00eancias, al\u00e9m do territ\u00f3rio da pol\u00edtica, entre o prefeito e Nelson do Cons\u00f3rcio, autor da tentativa de homic\u00eddio. Secret\u00e1rio na gest\u00e3o municipal e uma das pessoas mais pr\u00f3ximas a \u00c2ngelo, Neto Cajueiro, que estava na companhia do prefeito no momento da ocorr\u00eancia, garante que n\u00e3o passa de especula\u00e7\u00f5es maldosas a vers\u00e3o noticiada de que na campanha anterior Nelson tenha cometido [&hellip;]","og_url":"https:\/\/serrafm879.com.br\/serrafm\/2024\/08\/o-que-motivou-a-facada-no-prefeito-de-sertania-eis-a-questao\/","og_site_name":"Serra FM 87,9","article_published_time":"2024-08-30T13:13:43+00:00","og_image":[{"width":667,"height":330,"url":"https:\/\/serrafm879.com.br\/serrafm\/wp-content\/uploads\/2024\/08\/Captura-de-tela-2024-08-30-101339.png","type":"image\/png"}],"author":"serrafm87","twitter_card":"summary_large_image","twitter_misc":{"Escrito por":"serrafm87","Est. tempo de leitura":"3 minutos"},"schema":{"@context":"https:\/\/schema.org","@graph":[{"@type":"WebPage","@id":"https:\/\/serrafm879.com.br\/serrafm\/2024\/08\/o-que-motivou-a-facada-no-prefeito-de-sertania-eis-a-questao\/","url":"https:\/\/serrafm879.com.br\/serrafm\/2024\/08\/o-que-motivou-a-facada-no-prefeito-de-sertania-eis-a-questao\/","name":"O que motivou a facada no prefeito de Sert\u00e2nia? Eis a quest\u00e3o. - Serra FM 87,9","isPartOf":{"@id":"https:\/\/serrafm879.com.br\/serrafm\/#website"},"primaryImageOfPage":{"@id":"https:\/\/serrafm879.com.br\/serrafm\/2024\/08\/o-que-motivou-a-facada-no-prefeito-de-sertania-eis-a-questao\/#primaryimage"},"image":{"@id":"https:\/\/serrafm879.com.br\/serrafm\/2024\/08\/o-que-motivou-a-facada-no-prefeito-de-sertania-eis-a-questao\/#primaryimage"},"thumbnailUrl":"https:\/\/serrafm879.com.br\/serrafm\/wp-content\/uploads\/2024\/08\/Captura-de-tela-2024-08-30-101339.png","datePublished":"2024-08-30T13:13:43+00:00","author":{"@id":"https:\/\/serrafm879.com.br\/serrafm\/#\/schema\/person\/c028a197030ff8b1c03c68dfba4a787a"},"breadcrumb":{"@id":"https:\/\/serrafm879.com.br\/serrafm\/2024\/08\/o-que-motivou-a-facada-no-prefeito-de-sertania-eis-a-questao\/#breadcrumb"},"inLanguage":"pt-BR","potentialAction":[{"@type":"ReadAction","target":["https:\/\/serrafm879.com.br\/serrafm\/2024\/08\/o-que-motivou-a-facada-no-prefeito-de-sertania-eis-a-questao\/"]}]},{"@type":"ImageObject","inLanguage":"pt-BR","@id":"https:\/\/serrafm879.com.br\/serrafm\/2024\/08\/o-que-motivou-a-facada-no-prefeito-de-sertania-eis-a-questao\/#primaryimage","url":"https:\/\/serrafm879.com.br\/serrafm\/wp-content\/uploads\/2024\/08\/Captura-de-tela-2024-08-30-101339.png","contentUrl":"https:\/\/serrafm879.com.br\/serrafm\/wp-content\/uploads\/2024\/08\/Captura-de-tela-2024-08-30-101339.png","width":667,"height":330},{"@type":"BreadcrumbList","@id":"https:\/\/serrafm879.com.br\/serrafm\/2024\/08\/o-que-motivou-a-facada-no-prefeito-de-sertania-eis-a-questao\/#breadcrumb","itemListElement":[{"@type":"ListItem","position":1,"name":"In\u00edcio","item":"https:\/\/serrafm879.com.br\/serrafm\/"},{"@type":"ListItem","position":2,"name":"O que motivou a facada no prefeito de Sert\u00e2nia? Eis a quest\u00e3o."}]},{"@type":"WebSite","@id":"https:\/\/serrafm879.com.br\/serrafm\/#website","url":"https:\/\/serrafm879.com.br\/serrafm\/","name":"Serra FM 87,9","description":"O seu novo amor!","potentialAction":[{"@type":"SearchAction","target":{"@type":"EntryPoint","urlTemplate":"https:\/\/serrafm879.com.br\/serrafm\/?s={search_term_string}"},"query-input":{"@type":"PropertyValueSpecification","valueRequired":true,"valueName":"search_term_string"}}],"inLanguage":"pt-BR"},{"@type":"Person","@id":"https:\/\/serrafm879.com.br\/serrafm\/#\/schema\/person\/c028a197030ff8b1c03c68dfba4a787a","name":"serrafm87","image":{"@type":"ImageObject","inLanguage":"pt-BR","@id":"https:\/\/serrafm879.com.br\/serrafm\/#\/schema\/person\/image\/","url":"https:\/\/secure.gravatar.com\/avatar\/a743233f1112d34f48bb3dc9559b76eb930bab8b27175856cba6362608736235?s=96&d=mm&r=g","contentUrl":"https:\/\/secure.gravatar.com\/avatar\/a743233f1112d34f48bb3dc9559b76eb930bab8b27175856cba6362608736235?s=96&d=mm&r=g","caption":"serrafm87"},"sameAs":["http:\/\/serrafm879.com.br\/"],"url":"https:\/\/serrafm879.com.br\/serrafm\/author\/serrafm87\/"}]}},"jetpack_featured_media_url":"https:\/\/serrafm879.com.br\/serrafm\/wp-content\/uploads\/2024\/08\/Captura-de-tela-2024-08-30-101339.png","jetpack_shortlink":"https:\/\/wp.me\/p7HyXg-4zt","jetpack_sharing_enabled":true,"_links":{"self":[{"href":"https:\/\/serrafm879.com.br\/serrafm\/wp-json\/wp\/v2\/posts\/17575","targetHints":{"allow":["GET"]}}],"collection":[{"href":"https:\/\/serrafm879.com.br\/serrafm\/wp-json\/wp\/v2\/posts"}],"about":[{"href":"https:\/\/serrafm879.com.br\/serrafm\/wp-json\/wp\/v2\/types\/post"}],"author":[{"embeddable":true,"href":"https:\/\/serrafm879.com.br\/serrafm\/wp-json\/wp\/v2\/users\/2"}],"replies":[{"embeddable":true,"href":"https:\/\/serrafm879.com.br\/serrafm\/wp-json\/wp\/v2\/comments?post=17575"}],"version-history":[{"count":1,"href":"https:\/\/serrafm879.com.br\/serrafm\/wp-json\/wp\/v2\/posts\/17575\/revisions"}],"predecessor-version":[{"id":17577,"href":"https:\/\/serrafm879.com.br\/serrafm\/wp-json\/wp\/v2\/posts\/17575\/revisions\/17577"}],"wp:featuredmedia":[{"embeddable":true,"href":"https:\/\/serrafm879.com.br\/serrafm\/wp-json\/wp\/v2\/media\/17576"}],"wp:attachment":[{"href":"https:\/\/serrafm879.com.br\/serrafm\/wp-json\/wp\/v2\/media?parent=17575"}],"wp:term":[{"taxonomy":"category","embeddable":true,"href":"https:\/\/serrafm879.com.br\/serrafm\/wp-json\/wp\/v2\/categories?post=17575"},{"taxonomy":"post_tag","embeddable":true,"href":"https:\/\/serrafm879.com.br\/serrafm\/wp-json\/wp\/v2\/tags?post=17575"}],"curies":[{"name":"wp","href":"https:\/\/api.w.org\/{rel}","templated":true}]}}