{"id":17578,"date":"2024-08-30T10:15:53","date_gmt":"2024-08-30T13:15:53","guid":{"rendered":"https:\/?p=17578"},"modified":"2024-08-30T10:15:53","modified_gmt":"2024-08-30T13:15:53","slug":"juntos-pela-educacao-governadora-raquel-lyra-comanda-acolhida-aos-novos-gestores-da-rede-estadual-de-ensino","status":"publish","type":"post","link":"https:\/\/serrafm879.com.br\/serrafm\/2024\/08\/juntos-pela-educacao-governadora-raquel-lyra-comanda-acolhida-aos-novos-gestores-da-rede-estadual-de-ensino\/","title":{"rendered":"Juntos pela Educa\u00e7\u00e3o: governadora Raquel Lyra comanda acolhida aos novos gestores da Rede Estadual de Ensino"},"content":{"rendered":"<p>A governadora Raquel Lyra comandou, na manh\u00e3 desta quinta-feira (29), o evento de acolhida aos gestores e adjuntos\/assistentes de gest\u00e3o recentemente designados para atuar nas escolas da Rede Estadual de Ensino. Durante o evento, realizado no Centro de Conven\u00e7\u00f5es de Pernambuco, em Olinda, a chefe do Executivo fez um balan\u00e7o dos investimentos feitos pela gest\u00e3o na \u00e1rea da educa\u00e7\u00e3o e estabeleceu as metas para os pr\u00f3ximos meses. A vice-governadora Priscila Krause tamb\u00e9m participou do encontro.<\/p>\n<p>\u201cN\u00f3s viemos at\u00e9 aqui para falar sobre as metas que precisamos pactuar e para garantir que a nossa educa\u00e7\u00e3o seja cada vez melhor, juntamente com as nossas escolas, desde a infraestrutura f\u00edsica, ar-condicionado, internet, banheiros e cozinhas de qualidade, um dos principais objetivos do programa Juntos pela Educa\u00e7\u00e3o. Queremos ver todo mundo remando em um s\u00f3 caminho para fazer Pernambuco crescer sem deixar ningu\u00e9m para tr\u00e1s, e a gente s\u00f3 consegue isso atrav\u00e9s da educa\u00e7\u00e3o\u201d, destacou a governadora Raquel Lyra.<\/p>\n<p>Neste m\u00eas de agosto, o Instituto Nacional de Estudos e Pesquisas Educacionais An\u00edsio Teixeira (Inep) e o Minist\u00e9rio da Educa\u00e7\u00e3o (MEC) divulgaram que Pernambuco superou a m\u00e9dia nacional no \u00cdndice de Desenvolvimento da Educa\u00e7\u00e3o B\u00e1sica (Ideb) 2023, alcan\u00e7ando o terceiro lugar nacional e o primeiro lugar no Norte-Nordeste, com nota 4,5. A m\u00e9dia nacional, por sua vez, ficou em 4,3.<\/p>\n<p>A primeira acolhida dos gestores contemplou as Ger\u00eancias Regionais de Educa\u00e7\u00e3o (GREs) Mata Norte, Mata Sul, Metropolitana Norte, Metropolitana Sul, Recife Norte e Recife Sul. O evento foi voltado para os profissionais selecionados no processo seletivo de 2023, institu\u00eddo pela Portaria SEE N\u00ba 4090, que visava preencher 897 vagas para gestores escolares e 897 vagas para assistentes de gest\u00e3o.<\/p>\n<p>Para o secret\u00e1rio de Educa\u00e7\u00e3o e Esportes, Alexandre Schneider, a solenidade \u00e9 um momento para reafirmar o compromisso do Estado com a educa\u00e7\u00e3o de qualidade. \u201c\u00c9 um ato simb\u00f3lico para que possamos acolher essas lideran\u00e7as que, na ponta, fazem a educa\u00e7\u00e3o de Pernambuco dar um salto\u201d, pontuou.<\/p>\n<p>Marcelo Fernando, gestor da Escola T\u00e9cnica Estadual (ETE) Jurandir Bezerra Lins, em Igarassu, Regi\u00e3o Metropolitana do Recife, discursou em nome de todos os gestores. \u201cEsse \u00e9 um momento important\u00edssimo de valoriza\u00e7\u00e3o dos profissionais que trabalham duro todos os dias com os estudantes, as fam\u00edlias e com o Governo do Estado para elevar Pernambuco ao topo da educa\u00e7\u00e3o nacional\u201d, ressaltou.<\/p>\n<p>Presente na solenidade, o deputado estadual Renato Antunes afirmou que acredita na Educa\u00e7\u00e3o como um prop\u00f3sito que muda a vida das pessoas. \u201cReconhecemos o papel importante desses profissionais para que mantenham a educa\u00e7\u00e3o do nosso Estado sempre no topo do pa\u00eds\u201d, disse. O deputado Ant\u00f4nio Moraes tamb\u00e9m acompanhou o evento. \u201cTemos novos gestores entrando para somar e n\u00e3o h\u00e1 nenhuma d\u00favida de que eles s\u00e3o muito qualificados e poder\u00e3o prestar um relevante servi\u00e7o \u00e0 educa\u00e7\u00e3o pernambucana\u201d, refor\u00e7ou o parlamentar.<\/p>\n<p>Tamb\u00e9m participaram do evento a reitora da Universidade de Pernambuco (UPE), professora Maria do Socorro Cavalcanti; os secret\u00e1rios-executivos Tarcia Silva (Desenvolvimento da Educa\u00e7\u00e3o) e Luciano Leonidio (Esportes).<\/p>\n<p><strong>INVESTIMENTO<\/strong>\u00a0\u2013 Com o objetivo de melhorar a educa\u00e7\u00e3o do Estado e ampliar a atua\u00e7\u00e3o em regime de colabora\u00e7\u00e3o com os munic\u00edpios, o Governo de Pernambuco vai investir, at\u00e9 2026, R$ 5,5 bilh\u00f5es por meio do programa Juntos Pela Educa\u00e7\u00e3o. At\u00e9 o momento, j\u00e1 foram aportados mais de R$ 1,2 bilh\u00e3o na \u00e1rea.<\/p>\n","protected":false},"excerpt":{"rendered":"<p>A governadora Raquel Lyra comandou, na manh\u00e3 desta quinta-feira (29), o evento de acolhida aos gestores e adjuntos\/assistentes de gest\u00e3o recentemente designados para atuar nas escolas da Rede Estadual de Ensino. Durante o evento, realizado no Centro de Conven\u00e7\u00f5es de Pernambuco, em Olinda, a chefe do Executivo fez um balan\u00e7o dos investimentos feitos pela gest\u00e3o na \u00e1rea da educa\u00e7\u00e3o e estabeleceu as metas para os pr\u00f3ximos meses. A vice-governadora Priscila Krause tamb\u00e9m participou do encontro. \u201cN\u00f3s viemos at\u00e9 aqui para falar sobre as metas que precisamos pactuar e para garantir que a nossa educa\u00e7\u00e3o seja cada vez melhor, juntamente com [&hellip;]<\/p>\n","protected":false},"author":2,"featured_media":17579,"comment_status":"open","ping_status":"open","sticky":false,"template":"","format":"standard","meta":{"_jetpack_memberships_contains_paid_content":false,"footnotes":"","jetpack_publicize_message":"","jetpack_publicize_feature_enabled":true,"jetpack_social_post_already_shared":true,"jetpack_social_options":{"image_generator_settings":{"template":"highway","enabled":false},"version":2}},"categories":[1],"tags":[],"class_list":["post-17578","post","type-post","status-publish","format-standard","has-post-thumbnail","hentry","category-uncategorized"],"jetpack_publicize_connections":[],"yoast_head":"<!-- This site is optimized with the Yoast SEO plugin v24.7 - https:\/\/yoast.com\/wordpress\/plugins\/seo\/ -->\n<title>Juntos pela Educa\u00e7\u00e3o: governadora Raquel Lyra comanda acolhida aos novos gestores da Rede Estadual de Ensino - Serra FM 87,9<\/title>\n<meta name=\"robots\" content=\"index, follow, max-snippet:-1, max-image-preview:large, max-video-preview:-1\" \/>\n<link rel=\"canonical\" href=\"https:\/\/serrafm879.com.br\/serrafm\/2024\/08\/juntos-pela-educacao-governadora-raquel-lyra-comanda-acolhida-aos-novos-gestores-da-rede-estadual-de-ensino\/\" \/>\n<meta property=\"og:locale\" content=\"pt_BR\" \/>\n<meta property=\"og:type\" content=\"article\" \/>\n<meta property=\"og:title\" content=\"Juntos pela Educa\u00e7\u00e3o: governadora Raquel Lyra comanda acolhida aos novos gestores da Rede Estadual de Ensino - Serra FM 87,9\" \/>\n<meta property=\"og:description\" content=\"A governadora Raquel Lyra comandou, na manh\u00e3 desta quinta-feira (29), o evento de acolhida aos gestores e adjuntos\/assistentes de gest\u00e3o recentemente designados para atuar nas escolas da Rede Estadual de Ensino. Durante o evento, realizado no Centro de Conven\u00e7\u00f5es de Pernambuco, em Olinda, a chefe do Executivo fez um balan\u00e7o dos investimentos feitos pela gest\u00e3o na \u00e1rea da educa\u00e7\u00e3o e estabeleceu as metas para os pr\u00f3ximos meses. A vice-governadora Priscila Krause tamb\u00e9m participou do encontro. \u201cN\u00f3s viemos at\u00e9 aqui para falar sobre as metas que precisamos pactuar e para garantir que a nossa educa\u00e7\u00e3o seja cada vez melhor, juntamente com [&hellip;]\" \/>\n<meta property=\"og:url\" content=\"https:\/\/serrafm879.com.br\/serrafm\/2024\/08\/juntos-pela-educacao-governadora-raquel-lyra-comanda-acolhida-aos-novos-gestores-da-rede-estadual-de-ensino\/\" \/>\n<meta property=\"og:site_name\" content=\"Serra FM 87,9\" \/>\n<meta property=\"article:published_time\" content=\"2024-08-30T13:15:53+00:00\" \/>\n<meta property=\"og:image\" content=\"https:\/\/serrafm879.com.br\/serrafm\/wp-content\/uploads\/2024\/08\/Captura-de-tela-2024-08-30-101501.png\" \/>\n\t<meta property=\"og:image:width\" content=\"401\" \/>\n\t<meta property=\"og:image:height\" content=\"295\" \/>\n\t<meta property=\"og:image:type\" content=\"image\/png\" \/>\n<meta name=\"author\" content=\"serrafm87\" \/>\n<meta name=\"twitter:card\" content=\"summary_large_image\" \/>\n<meta name=\"twitter:label1\" content=\"Escrito por\" \/>\n\t<meta name=\"twitter:data1\" content=\"serrafm87\" \/>\n\t<meta name=\"twitter:label2\" content=\"Est. tempo de leitura\" \/>\n\t<meta name=\"twitter:data2\" content=\"3 minutos\" \/>\n<script type=\"application\/ld+json\" class=\"yoast-schema-graph\">{\"@context\":\"https:\/\/schema.org\",\"@graph\":[{\"@type\":\"WebPage\",\"@id\":\"https:\/\/serrafm879.com.br\/serrafm\/2024\/08\/juntos-pela-educacao-governadora-raquel-lyra-comanda-acolhida-aos-novos-gestores-da-rede-estadual-de-ensino\/\",\"url\":\"https:\/\/serrafm879.com.br\/serrafm\/2024\/08\/juntos-pela-educacao-governadora-raquel-lyra-comanda-acolhida-aos-novos-gestores-da-rede-estadual-de-ensino\/\",\"name\":\"Juntos pela Educa\u00e7\u00e3o: governadora Raquel Lyra comanda acolhida aos novos gestores da Rede Estadual de Ensino - Serra FM 87,9\",\"isPartOf\":{\"@id\":\"https:\/\/serrafm879.com.br\/serrafm\/#website\"},\"primaryImageOfPage\":{\"@id\":\"https:\/\/serrafm879.com.br\/serrafm\/2024\/08\/juntos-pela-educacao-governadora-raquel-lyra-comanda-acolhida-aos-novos-gestores-da-rede-estadual-de-ensino\/#primaryimage\"},\"image\":{\"@id\":\"https:\/\/serrafm879.com.br\/serrafm\/2024\/08\/juntos-pela-educacao-governadora-raquel-lyra-comanda-acolhida-aos-novos-gestores-da-rede-estadual-de-ensino\/#primaryimage\"},\"thumbnailUrl\":\"https:\/\/serrafm879.com.br\/serrafm\/wp-content\/uploads\/2024\/08\/Captura-de-tela-2024-08-30-101501.png\",\"datePublished\":\"2024-08-30T13:15:53+00:00\",\"author\":{\"@id\":\"https:\/\/serrafm879.com.br\/serrafm\/#\/schema\/person\/c028a197030ff8b1c03c68dfba4a787a\"},\"breadcrumb\":{\"@id\":\"https:\/\/serrafm879.com.br\/serrafm\/2024\/08\/juntos-pela-educacao-governadora-raquel-lyra-comanda-acolhida-aos-novos-gestores-da-rede-estadual-de-ensino\/#breadcrumb\"},\"inLanguage\":\"pt-BR\",\"potentialAction\":[{\"@type\":\"ReadAction\",\"target\":[\"https:\/\/serrafm879.com.br\/serrafm\/2024\/08\/juntos-pela-educacao-governadora-raquel-lyra-comanda-acolhida-aos-novos-gestores-da-rede-estadual-de-ensino\/\"]}]},{\"@type\":\"ImageObject\",\"inLanguage\":\"pt-BR\",\"@id\":\"https:\/\/serrafm879.com.br\/serrafm\/2024\/08\/juntos-pela-educacao-governadora-raquel-lyra-comanda-acolhida-aos-novos-gestores-da-rede-estadual-de-ensino\/#primaryimage\",\"url\":\"https:\/\/serrafm879.com.br\/serrafm\/wp-content\/uploads\/2024\/08\/Captura-de-tela-2024-08-30-101501.png\",\"contentUrl\":\"https:\/\/serrafm879.com.br\/serrafm\/wp-content\/uploads\/2024\/08\/Captura-de-tela-2024-08-30-101501.png\",\"width\":401,\"height\":295},{\"@type\":\"BreadcrumbList\",\"@id\":\"https:\/\/serrafm879.com.br\/serrafm\/2024\/08\/juntos-pela-educacao-governadora-raquel-lyra-comanda-acolhida-aos-novos-gestores-da-rede-estadual-de-ensino\/#breadcrumb\",\"itemListElement\":[{\"@type\":\"ListItem\",\"position\":1,\"name\":\"In\u00edcio\",\"item\":\"https:\/\/serrafm879.com.br\/serrafm\/\"},{\"@type\":\"ListItem\",\"position\":2,\"name\":\"Juntos pela Educa\u00e7\u00e3o: governadora Raquel Lyra comanda acolhida aos novos gestores da Rede Estadual de Ensino\"}]},{\"@type\":\"WebSite\",\"@id\":\"https:\/\/serrafm879.com.br\/serrafm\/#website\",\"url\":\"https:\/\/serrafm879.com.br\/serrafm\/\",\"name\":\"Serra FM 87,9\",\"description\":\"O seu novo amor!\",\"potentialAction\":[{\"@type\":\"SearchAction\",\"target\":{\"@type\":\"EntryPoint\",\"urlTemplate\":\"https:\/\/serrafm879.com.br\/serrafm\/?s={search_term_string}\"},\"query-input\":{\"@type\":\"PropertyValueSpecification\",\"valueRequired\":true,\"valueName\":\"search_term_string\"}}],\"inLanguage\":\"pt-BR\"},{\"@type\":\"Person\",\"@id\":\"https:\/\/serrafm879.com.br\/serrafm\/#\/schema\/person\/c028a197030ff8b1c03c68dfba4a787a\",\"name\":\"serrafm87\",\"image\":{\"@type\":\"ImageObject\",\"inLanguage\":\"pt-BR\",\"@id\":\"https:\/\/serrafm879.com.br\/serrafm\/#\/schema\/person\/image\/\",\"url\":\"https:\/\/secure.gravatar.com\/avatar\/a743233f1112d34f48bb3dc9559b76eb930bab8b27175856cba6362608736235?s=96&d=mm&r=g\",\"contentUrl\":\"https:\/\/secure.gravatar.com\/avatar\/a743233f1112d34f48bb3dc9559b76eb930bab8b27175856cba6362608736235?s=96&d=mm&r=g\",\"caption\":\"serrafm87\"},\"sameAs\":[\"http:\/\/serrafm879.com.br\/\"],\"url\":\"https:\/\/serrafm879.com.br\/serrafm\/author\/serrafm87\/\"}]}<\/script>\n<!-- \/ Yoast SEO plugin. -->","yoast_head_json":{"title":"Juntos pela Educa\u00e7\u00e3o: governadora Raquel Lyra comanda acolhida aos novos gestores da Rede Estadual de Ensino - Serra FM 87,9","robots":{"index":"index","follow":"follow","max-snippet":"max-snippet:-1","max-image-preview":"max-image-preview:large","max-video-preview":"max-video-preview:-1"},"canonical":"https:\/\/serrafm879.com.br\/serrafm\/2024\/08\/juntos-pela-educacao-governadora-raquel-lyra-comanda-acolhida-aos-novos-gestores-da-rede-estadual-de-ensino\/","og_locale":"pt_BR","og_type":"article","og_title":"Juntos pela Educa\u00e7\u00e3o: governadora Raquel Lyra comanda acolhida aos novos gestores da Rede Estadual de Ensino - Serra FM 87,9","og_description":"A governadora Raquel Lyra comandou, na manh\u00e3 desta quinta-feira (29), o evento de acolhida aos gestores e adjuntos\/assistentes de gest\u00e3o recentemente designados para atuar nas escolas da Rede Estadual de Ensino. Durante o evento, realizado no Centro de Conven\u00e7\u00f5es de Pernambuco, em Olinda, a chefe do Executivo fez um balan\u00e7o dos investimentos feitos pela gest\u00e3o na \u00e1rea da educa\u00e7\u00e3o e estabeleceu as metas para os pr\u00f3ximos meses. A vice-governadora Priscila Krause tamb\u00e9m participou do encontro. \u201cN\u00f3s viemos at\u00e9 aqui para falar sobre as metas que precisamos pactuar e para garantir que a nossa educa\u00e7\u00e3o seja cada vez melhor, juntamente com [&hellip;]","og_url":"https:\/\/serrafm879.com.br\/serrafm\/2024\/08\/juntos-pela-educacao-governadora-raquel-lyra-comanda-acolhida-aos-novos-gestores-da-rede-estadual-de-ensino\/","og_site_name":"Serra FM 87,9","article_published_time":"2024-08-30T13:15:53+00:00","og_image":[{"width":401,"height":295,"url":"https:\/\/serrafm879.com.br\/serrafm\/wp-content\/uploads\/2024\/08\/Captura-de-tela-2024-08-30-101501.png","type":"image\/png"}],"author":"serrafm87","twitter_card":"summary_large_image","twitter_misc":{"Escrito por":"serrafm87","Est. tempo de leitura":"3 minutos"},"schema":{"@context":"https:\/\/schema.org","@graph":[{"@type":"WebPage","@id":"https:\/\/serrafm879.com.br\/serrafm\/2024\/08\/juntos-pela-educacao-governadora-raquel-lyra-comanda-acolhida-aos-novos-gestores-da-rede-estadual-de-ensino\/","url":"https:\/\/serrafm879.com.br\/serrafm\/2024\/08\/juntos-pela-educacao-governadora-raquel-lyra-comanda-acolhida-aos-novos-gestores-da-rede-estadual-de-ensino\/","name":"Juntos pela Educa\u00e7\u00e3o: governadora Raquel Lyra comanda acolhida aos novos gestores da Rede Estadual de Ensino - Serra FM 87,9","isPartOf":{"@id":"https:\/\/serrafm879.com.br\/serrafm\/#website"},"primaryImageOfPage":{"@id":"https:\/\/serrafm879.com.br\/serrafm\/2024\/08\/juntos-pela-educacao-governadora-raquel-lyra-comanda-acolhida-aos-novos-gestores-da-rede-estadual-de-ensino\/#primaryimage"},"image":{"@id":"https:\/\/serrafm879.com.br\/serrafm\/2024\/08\/juntos-pela-educacao-governadora-raquel-lyra-comanda-acolhida-aos-novos-gestores-da-rede-estadual-de-ensino\/#primaryimage"},"thumbnailUrl":"https:\/\/serrafm879.com.br\/serrafm\/wp-content\/uploads\/2024\/08\/Captura-de-tela-2024-08-30-101501.png","datePublished":"2024-08-30T13:15:53+00:00","author":{"@id":"https:\/\/serrafm879.com.br\/serrafm\/#\/schema\/person\/c028a197030ff8b1c03c68dfba4a787a"},"breadcrumb":{"@id":"https:\/\/serrafm879.com.br\/serrafm\/2024\/08\/juntos-pela-educacao-governadora-raquel-lyra-comanda-acolhida-aos-novos-gestores-da-rede-estadual-de-ensino\/#breadcrumb"},"inLanguage":"pt-BR","potentialAction":[{"@type":"ReadAction","target":["https:\/\/serrafm879.com.br\/serrafm\/2024\/08\/juntos-pela-educacao-governadora-raquel-lyra-comanda-acolhida-aos-novos-gestores-da-rede-estadual-de-ensino\/"]}]},{"@type":"ImageObject","inLanguage":"pt-BR","@id":"https:\/\/serrafm879.com.br\/serrafm\/2024\/08\/juntos-pela-educacao-governadora-raquel-lyra-comanda-acolhida-aos-novos-gestores-da-rede-estadual-de-ensino\/#primaryimage","url":"https:\/\/serrafm879.com.br\/serrafm\/wp-content\/uploads\/2024\/08\/Captura-de-tela-2024-08-30-101501.png","contentUrl":"https:\/\/serrafm879.com.br\/serrafm\/wp-content\/uploads\/2024\/08\/Captura-de-tela-2024-08-30-101501.png","width":401,"height":295},{"@type":"BreadcrumbList","@id":"https:\/\/serrafm879.com.br\/serrafm\/2024\/08\/juntos-pela-educacao-governadora-raquel-lyra-comanda-acolhida-aos-novos-gestores-da-rede-estadual-de-ensino\/#breadcrumb","itemListElement":[{"@type":"ListItem","position":1,"name":"In\u00edcio","item":"https:\/\/serrafm879.com.br\/serrafm\/"},{"@type":"ListItem","position":2,"name":"Juntos pela Educa\u00e7\u00e3o: governadora Raquel Lyra comanda acolhida aos novos gestores da Rede Estadual de Ensino"}]},{"@type":"WebSite","@id":"https:\/\/serrafm879.com.br\/serrafm\/#website","url":"https:\/\/serrafm879.com.br\/serrafm\/","name":"Serra FM 87,9","description":"O seu novo amor!","potentialAction":[{"@type":"SearchAction","target":{"@type":"EntryPoint","urlTemplate":"https:\/\/serrafm879.com.br\/serrafm\/?s={search_term_string}"},"query-input":{"@type":"PropertyValueSpecification","valueRequired":true,"valueName":"search_term_string"}}],"inLanguage":"pt-BR"},{"@type":"Person","@id":"https:\/\/serrafm879.com.br\/serrafm\/#\/schema\/person\/c028a197030ff8b1c03c68dfba4a787a","name":"serrafm87","image":{"@type":"ImageObject","inLanguage":"pt-BR","@id":"https:\/\/serrafm879.com.br\/serrafm\/#\/schema\/person\/image\/","url":"https:\/\/secure.gravatar.com\/avatar\/a743233f1112d34f48bb3dc9559b76eb930bab8b27175856cba6362608736235?s=96&d=mm&r=g","contentUrl":"https:\/\/secure.gravatar.com\/avatar\/a743233f1112d34f48bb3dc9559b76eb930bab8b27175856cba6362608736235?s=96&d=mm&r=g","caption":"serrafm87"},"sameAs":["http:\/\/serrafm879.com.br\/"],"url":"https:\/\/serrafm879.com.br\/serrafm\/author\/serrafm87\/"}]}},"jetpack_featured_media_url":"https:\/\/serrafm879.com.br\/serrafm\/wp-content\/uploads\/2024\/08\/Captura-de-tela-2024-08-30-101501.png","jetpack_shortlink":"https:\/\/wp.me\/p7HyXg-4zw","jetpack_sharing_enabled":true,"_links":{"self":[{"href":"https:\/\/serrafm879.com.br\/serrafm\/wp-json\/wp\/v2\/posts\/17578","targetHints":{"allow":["GET"]}}],"collection":[{"href":"https:\/\/serrafm879.com.br\/serrafm\/wp-json\/wp\/v2\/posts"}],"about":[{"href":"https:\/\/serrafm879.com.br\/serrafm\/wp-json\/wp\/v2\/types\/post"}],"author":[{"embeddable":true,"href":"https:\/\/serrafm879.com.br\/serrafm\/wp-json\/wp\/v2\/users\/2"}],"replies":[{"embeddable":true,"href":"https:\/\/serrafm879.com.br\/serrafm\/wp-json\/wp\/v2\/comments?post=17578"}],"version-history":[{"count":1,"href":"https:\/\/serrafm879.com.br\/serrafm\/wp-json\/wp\/v2\/posts\/17578\/revisions"}],"predecessor-version":[{"id":17580,"href":"https:\/\/serrafm879.com.br\/serrafm\/wp-json\/wp\/v2\/posts\/17578\/revisions\/17580"}],"wp:featuredmedia":[{"embeddable":true,"href":"https:\/\/serrafm879.com.br\/serrafm\/wp-json\/wp\/v2\/media\/17579"}],"wp:attachment":[{"href":"https:\/\/serrafm879.com.br\/serrafm\/wp-json\/wp\/v2\/media?parent=17578"}],"wp:term":[{"taxonomy":"category","embeddable":true,"href":"https:\/\/serrafm879.com.br\/serrafm\/wp-json\/wp\/v2\/categories?post=17578"},{"taxonomy":"post_tag","embeddable":true,"href":"https:\/\/serrafm879.com.br\/serrafm\/wp-json\/wp\/v2\/tags?post=17578"}],"curies":[{"name":"wp","href":"https:\/\/api.w.org\/{rel}","templated":true}]}}