{"id":17587,"date":"2024-08-30T11:35:47","date_gmt":"2024-08-30T14:35:47","guid":{"rendered":"https:\/?p=17587"},"modified":"2024-08-30T11:35:47","modified_gmt":"2024-08-30T14:35:47","slug":"homicidio-agora-em-st-tiroteio-na-br-232-deixa-uma-vitima-fatal","status":"publish","type":"post","link":"https:\/\/serrafm879.com.br\/serrafm\/2024\/08\/homicidio-agora-em-st-tiroteio-na-br-232-deixa-uma-vitima-fatal\/","title":{"rendered":"Homic\u00eddio agora em ST: Tiroteio na BR-232 deixa uma v\u00edtima fatal"},"content":{"rendered":"<p>Na BR 232 agora ocorr\u00eancia de um tiroteio \u00e0s margens da BR-232 com uma v\u00edtima fatal, na manh\u00e3 desta sexta-feira (30).<\/p>\n<p>Segundo boletim preliminar do Servi\u00e7o de Atendimento M\u00e9dico de Urg\u00eancia \u2013 SAMU, os tiros foram disparados em frente ao Hotel Aconchego, na Avenida Vicente In\u00e1cio de Oliveira, no bairro Borborema.<\/p>\n<p>H\u00e1 muitos curiosos no local no momento. A Pol\u00edcia Militar acabou de chegar e espera a chegada da equipe de investiga\u00e7\u00e3o da Pol\u00edcia Civil.<\/p>\n<p>Com informa\u00e7\u00f5es do Portal Farol de Not\u00edcias<\/p>\n","protected":false},"excerpt":{"rendered":"<p>Na BR 232 agora ocorr\u00eancia de um tiroteio \u00e0s margens da BR-232 com uma v\u00edtima fatal, na manh\u00e3 desta sexta-feira (30). Segundo boletim preliminar do Servi\u00e7o de Atendimento M\u00e9dico de Urg\u00eancia \u2013 SAMU, os tiros foram disparados em frente ao Hotel Aconchego, na Avenida Vicente In\u00e1cio de Oliveira, no bairro Borborema. H\u00e1 muitos curiosos no local no momento. A Pol\u00edcia Militar acabou de chegar e espera a chegada da equipe de investiga\u00e7\u00e3o da Pol\u00edcia Civil. Com informa\u00e7\u00f5es do Portal Farol de Not\u00edcias<\/p>\n","protected":false},"author":2,"featured_media":17588,"comment_status":"open","ping_status":"open","sticky":false,"template":"","format":"standard","meta":{"_jetpack_memberships_contains_paid_content":false,"footnotes":"","jetpack_publicize_message":"","jetpack_publicize_feature_enabled":true,"jetpack_social_post_already_shared":true,"jetpack_social_options":{"image_generator_settings":{"template":"highway","enabled":false},"version":2}},"categories":[1],"tags":[],"class_list":["post-17587","post","type-post","status-publish","format-standard","has-post-thumbnail","hentry","category-uncategorized"],"jetpack_publicize_connections":[],"yoast_head":"<!-- This site is optimized with the Yoast SEO plugin v24.7 - https:\/\/yoast.com\/wordpress\/plugins\/seo\/ -->\n<title>Homic\u00eddio agora em ST: Tiroteio na BR-232 deixa uma v\u00edtima fatal - Serra FM 87,9<\/title>\n<meta name=\"robots\" content=\"index, follow, max-snippet:-1, max-image-preview:large, max-video-preview:-1\" \/>\n<link rel=\"canonical\" href=\"https:\/\/serrafm879.com.br\/serrafm\/2024\/08\/homicidio-agora-em-st-tiroteio-na-br-232-deixa-uma-vitima-fatal\/\" \/>\n<meta property=\"og:locale\" content=\"pt_BR\" \/>\n<meta property=\"og:type\" content=\"article\" \/>\n<meta property=\"og:title\" content=\"Homic\u00eddio agora em ST: Tiroteio na BR-232 deixa uma v\u00edtima fatal - Serra FM 87,9\" \/>\n<meta property=\"og:description\" content=\"Na BR 232 agora ocorr\u00eancia de um tiroteio \u00e0s margens da BR-232 com uma v\u00edtima fatal, na manh\u00e3 desta sexta-feira (30). Segundo boletim preliminar do Servi\u00e7o de Atendimento M\u00e9dico de Urg\u00eancia \u2013 SAMU, os tiros foram disparados em frente ao Hotel Aconchego, na Avenida Vicente In\u00e1cio de Oliveira, no bairro Borborema. H\u00e1 muitos curiosos no local no momento. A Pol\u00edcia Militar acabou de chegar e espera a chegada da equipe de investiga\u00e7\u00e3o da Pol\u00edcia Civil. Com informa\u00e7\u00f5es do Portal Farol de Not\u00edcias\" \/>\n<meta property=\"og:url\" content=\"https:\/\/serrafm879.com.br\/serrafm\/2024\/08\/homicidio-agora-em-st-tiroteio-na-br-232-deixa-uma-vitima-fatal\/\" \/>\n<meta property=\"og:site_name\" content=\"Serra FM 87,9\" \/>\n<meta property=\"article:published_time\" content=\"2024-08-30T14:35:47+00:00\" \/>\n<meta property=\"og:image\" content=\"https:\/\/serrafm879.com.br\/serrafm\/wp-content\/uploads\/2024\/08\/Homem-morto-30082024-1.jpg-1-768x768-1.jpg\" \/>\n\t<meta property=\"og:image:width\" content=\"768\" \/>\n\t<meta property=\"og:image:height\" content=\"768\" \/>\n\t<meta property=\"og:image:type\" content=\"image\/jpeg\" \/>\n<meta name=\"author\" content=\"serrafm87\" \/>\n<meta name=\"twitter:card\" content=\"summary_large_image\" \/>\n<meta name=\"twitter:label1\" content=\"Escrito por\" \/>\n\t<meta name=\"twitter:data1\" content=\"serrafm87\" \/>\n\t<meta name=\"twitter:label2\" content=\"Est. tempo de leitura\" \/>\n\t<meta name=\"twitter:data2\" content=\"1 minuto\" \/>\n<script type=\"application\/ld+json\" class=\"yoast-schema-graph\">{\"@context\":\"https:\/\/schema.org\",\"@graph\":[{\"@type\":\"WebPage\",\"@id\":\"https:\/\/serrafm879.com.br\/serrafm\/2024\/08\/homicidio-agora-em-st-tiroteio-na-br-232-deixa-uma-vitima-fatal\/\",\"url\":\"https:\/\/serrafm879.com.br\/serrafm\/2024\/08\/homicidio-agora-em-st-tiroteio-na-br-232-deixa-uma-vitima-fatal\/\",\"name\":\"Homic\u00eddio agora em ST: Tiroteio na BR-232 deixa uma v\u00edtima fatal - Serra FM 87,9\",\"isPartOf\":{\"@id\":\"https:\/\/serrafm879.com.br\/serrafm\/#website\"},\"primaryImageOfPage\":{\"@id\":\"https:\/\/serrafm879.com.br\/serrafm\/2024\/08\/homicidio-agora-em-st-tiroteio-na-br-232-deixa-uma-vitima-fatal\/#primaryimage\"},\"image\":{\"@id\":\"https:\/\/serrafm879.com.br\/serrafm\/2024\/08\/homicidio-agora-em-st-tiroteio-na-br-232-deixa-uma-vitima-fatal\/#primaryimage\"},\"thumbnailUrl\":\"https:\/\/serrafm879.com.br\/serrafm\/wp-content\/uploads\/2024\/08\/Homem-morto-30082024-1.jpg-1-768x768-1.jpg\",\"datePublished\":\"2024-08-30T14:35:47+00:00\",\"author\":{\"@id\":\"https:\/\/serrafm879.com.br\/serrafm\/#\/schema\/person\/c028a197030ff8b1c03c68dfba4a787a\"},\"breadcrumb\":{\"@id\":\"https:\/\/serrafm879.com.br\/serrafm\/2024\/08\/homicidio-agora-em-st-tiroteio-na-br-232-deixa-uma-vitima-fatal\/#breadcrumb\"},\"inLanguage\":\"pt-BR\",\"potentialAction\":[{\"@type\":\"ReadAction\",\"target\":[\"https:\/\/serrafm879.com.br\/serrafm\/2024\/08\/homicidio-agora-em-st-tiroteio-na-br-232-deixa-uma-vitima-fatal\/\"]}]},{\"@type\":\"ImageObject\",\"inLanguage\":\"pt-BR\",\"@id\":\"https:\/\/serrafm879.com.br\/serrafm\/2024\/08\/homicidio-agora-em-st-tiroteio-na-br-232-deixa-uma-vitima-fatal\/#primaryimage\",\"url\":\"https:\/\/serrafm879.com.br\/serrafm\/wp-content\/uploads\/2024\/08\/Homem-morto-30082024-1.jpg-1-768x768-1.jpg\",\"contentUrl\":\"https:\/\/serrafm879.com.br\/serrafm\/wp-content\/uploads\/2024\/08\/Homem-morto-30082024-1.jpg-1-768x768-1.jpg\",\"width\":768,\"height\":768},{\"@type\":\"BreadcrumbList\",\"@id\":\"https:\/\/serrafm879.com.br\/serrafm\/2024\/08\/homicidio-agora-em-st-tiroteio-na-br-232-deixa-uma-vitima-fatal\/#breadcrumb\",\"itemListElement\":[{\"@type\":\"ListItem\",\"position\":1,\"name\":\"In\u00edcio\",\"item\":\"https:\/\/serrafm879.com.br\/serrafm\/\"},{\"@type\":\"ListItem\",\"position\":2,\"name\":\"Homic\u00eddio agora em ST: Tiroteio na BR-232 deixa uma v\u00edtima fatal\"}]},{\"@type\":\"WebSite\",\"@id\":\"https:\/\/serrafm879.com.br\/serrafm\/#website\",\"url\":\"https:\/\/serrafm879.com.br\/serrafm\/\",\"name\":\"Serra FM 87,9\",\"description\":\"O seu novo amor!\",\"potentialAction\":[{\"@type\":\"SearchAction\",\"target\":{\"@type\":\"EntryPoint\",\"urlTemplate\":\"https:\/\/serrafm879.com.br\/serrafm\/?s={search_term_string}\"},\"query-input\":{\"@type\":\"PropertyValueSpecification\",\"valueRequired\":true,\"valueName\":\"search_term_string\"}}],\"inLanguage\":\"pt-BR\"},{\"@type\":\"Person\",\"@id\":\"https:\/\/serrafm879.com.br\/serrafm\/#\/schema\/person\/c028a197030ff8b1c03c68dfba4a787a\",\"name\":\"serrafm87\",\"image\":{\"@type\":\"ImageObject\",\"inLanguage\":\"pt-BR\",\"@id\":\"https:\/\/serrafm879.com.br\/serrafm\/#\/schema\/person\/image\/\",\"url\":\"https:\/\/secure.gravatar.com\/avatar\/a743233f1112d34f48bb3dc9559b76eb930bab8b27175856cba6362608736235?s=96&d=mm&r=g\",\"contentUrl\":\"https:\/\/secure.gravatar.com\/avatar\/a743233f1112d34f48bb3dc9559b76eb930bab8b27175856cba6362608736235?s=96&d=mm&r=g\",\"caption\":\"serrafm87\"},\"sameAs\":[\"http:\/\/serrafm879.com.br\/\"],\"url\":\"https:\/\/serrafm879.com.br\/serrafm\/author\/serrafm87\/\"}]}<\/script>\n<!-- \/ Yoast SEO plugin. -->","yoast_head_json":{"title":"Homic\u00eddio agora em ST: Tiroteio na BR-232 deixa uma v\u00edtima fatal - Serra FM 87,9","robots":{"index":"index","follow":"follow","max-snippet":"max-snippet:-1","max-image-preview":"max-image-preview:large","max-video-preview":"max-video-preview:-1"},"canonical":"https:\/\/serrafm879.com.br\/serrafm\/2024\/08\/homicidio-agora-em-st-tiroteio-na-br-232-deixa-uma-vitima-fatal\/","og_locale":"pt_BR","og_type":"article","og_title":"Homic\u00eddio agora em ST: Tiroteio na BR-232 deixa uma v\u00edtima fatal - Serra FM 87,9","og_description":"Na BR 232 agora ocorr\u00eancia de um tiroteio \u00e0s margens da BR-232 com uma v\u00edtima fatal, na manh\u00e3 desta sexta-feira (30). Segundo boletim preliminar do Servi\u00e7o de Atendimento M\u00e9dico de Urg\u00eancia \u2013 SAMU, os tiros foram disparados em frente ao Hotel Aconchego, na Avenida Vicente In\u00e1cio de Oliveira, no bairro Borborema. H\u00e1 muitos curiosos no local no momento. A Pol\u00edcia Militar acabou de chegar e espera a chegada da equipe de investiga\u00e7\u00e3o da Pol\u00edcia Civil. Com informa\u00e7\u00f5es do Portal Farol de Not\u00edcias","og_url":"https:\/\/serrafm879.com.br\/serrafm\/2024\/08\/homicidio-agora-em-st-tiroteio-na-br-232-deixa-uma-vitima-fatal\/","og_site_name":"Serra FM 87,9","article_published_time":"2024-08-30T14:35:47+00:00","og_image":[{"width":768,"height":768,"url":"https:\/\/serrafm879.com.br\/serrafm\/wp-content\/uploads\/2024\/08\/Homem-morto-30082024-1.jpg-1-768x768-1.jpg","type":"image\/jpeg"}],"author":"serrafm87","twitter_card":"summary_large_image","twitter_misc":{"Escrito por":"serrafm87","Est. tempo de leitura":"1 minuto"},"schema":{"@context":"https:\/\/schema.org","@graph":[{"@type":"WebPage","@id":"https:\/\/serrafm879.com.br\/serrafm\/2024\/08\/homicidio-agora-em-st-tiroteio-na-br-232-deixa-uma-vitima-fatal\/","url":"https:\/\/serrafm879.com.br\/serrafm\/2024\/08\/homicidio-agora-em-st-tiroteio-na-br-232-deixa-uma-vitima-fatal\/","name":"Homic\u00eddio agora em ST: Tiroteio na BR-232 deixa uma v\u00edtima fatal - Serra FM 87,9","isPartOf":{"@id":"https:\/\/serrafm879.com.br\/serrafm\/#website"},"primaryImageOfPage":{"@id":"https:\/\/serrafm879.com.br\/serrafm\/2024\/08\/homicidio-agora-em-st-tiroteio-na-br-232-deixa-uma-vitima-fatal\/#primaryimage"},"image":{"@id":"https:\/\/serrafm879.com.br\/serrafm\/2024\/08\/homicidio-agora-em-st-tiroteio-na-br-232-deixa-uma-vitima-fatal\/#primaryimage"},"thumbnailUrl":"https:\/\/serrafm879.com.br\/serrafm\/wp-content\/uploads\/2024\/08\/Homem-morto-30082024-1.jpg-1-768x768-1.jpg","datePublished":"2024-08-30T14:35:47+00:00","author":{"@id":"https:\/\/serrafm879.com.br\/serrafm\/#\/schema\/person\/c028a197030ff8b1c03c68dfba4a787a"},"breadcrumb":{"@id":"https:\/\/serrafm879.com.br\/serrafm\/2024\/08\/homicidio-agora-em-st-tiroteio-na-br-232-deixa-uma-vitima-fatal\/#breadcrumb"},"inLanguage":"pt-BR","potentialAction":[{"@type":"ReadAction","target":["https:\/\/serrafm879.com.br\/serrafm\/2024\/08\/homicidio-agora-em-st-tiroteio-na-br-232-deixa-uma-vitima-fatal\/"]}]},{"@type":"ImageObject","inLanguage":"pt-BR","@id":"https:\/\/serrafm879.com.br\/serrafm\/2024\/08\/homicidio-agora-em-st-tiroteio-na-br-232-deixa-uma-vitima-fatal\/#primaryimage","url":"https:\/\/serrafm879.com.br\/serrafm\/wp-content\/uploads\/2024\/08\/Homem-morto-30082024-1.jpg-1-768x768-1.jpg","contentUrl":"https:\/\/serrafm879.com.br\/serrafm\/wp-content\/uploads\/2024\/08\/Homem-morto-30082024-1.jpg-1-768x768-1.jpg","width":768,"height":768},{"@type":"BreadcrumbList","@id":"https:\/\/serrafm879.com.br\/serrafm\/2024\/08\/homicidio-agora-em-st-tiroteio-na-br-232-deixa-uma-vitima-fatal\/#breadcrumb","itemListElement":[{"@type":"ListItem","position":1,"name":"In\u00edcio","item":"https:\/\/serrafm879.com.br\/serrafm\/"},{"@type":"ListItem","position":2,"name":"Homic\u00eddio agora em ST: Tiroteio na BR-232 deixa uma v\u00edtima fatal"}]},{"@type":"WebSite","@id":"https:\/\/serrafm879.com.br\/serrafm\/#website","url":"https:\/\/serrafm879.com.br\/serrafm\/","name":"Serra FM 87,9","description":"O seu novo amor!","potentialAction":[{"@type":"SearchAction","target":{"@type":"EntryPoint","urlTemplate":"https:\/\/serrafm879.com.br\/serrafm\/?s={search_term_string}"},"query-input":{"@type":"PropertyValueSpecification","valueRequired":true,"valueName":"search_term_string"}}],"inLanguage":"pt-BR"},{"@type":"Person","@id":"https:\/\/serrafm879.com.br\/serrafm\/#\/schema\/person\/c028a197030ff8b1c03c68dfba4a787a","name":"serrafm87","image":{"@type":"ImageObject","inLanguage":"pt-BR","@id":"https:\/\/serrafm879.com.br\/serrafm\/#\/schema\/person\/image\/","url":"https:\/\/secure.gravatar.com\/avatar\/a743233f1112d34f48bb3dc9559b76eb930bab8b27175856cba6362608736235?s=96&d=mm&r=g","contentUrl":"https:\/\/secure.gravatar.com\/avatar\/a743233f1112d34f48bb3dc9559b76eb930bab8b27175856cba6362608736235?s=96&d=mm&r=g","caption":"serrafm87"},"sameAs":["http:\/\/serrafm879.com.br\/"],"url":"https:\/\/serrafm879.com.br\/serrafm\/author\/serrafm87\/"}]}},"jetpack_featured_media_url":"https:\/\/serrafm879.com.br\/serrafm\/wp-content\/uploads\/2024\/08\/Homem-morto-30082024-1.jpg-1-768x768-1.jpg","jetpack_shortlink":"https:\/\/wp.me\/p7HyXg-4zF","jetpack_sharing_enabled":true,"_links":{"self":[{"href":"https:\/\/serrafm879.com.br\/serrafm\/wp-json\/wp\/v2\/posts\/17587","targetHints":{"allow":["GET"]}}],"collection":[{"href":"https:\/\/serrafm879.com.br\/serrafm\/wp-json\/wp\/v2\/posts"}],"about":[{"href":"https:\/\/serrafm879.com.br\/serrafm\/wp-json\/wp\/v2\/types\/post"}],"author":[{"embeddable":true,"href":"https:\/\/serrafm879.com.br\/serrafm\/wp-json\/wp\/v2\/users\/2"}],"replies":[{"embeddable":true,"href":"https:\/\/serrafm879.com.br\/serrafm\/wp-json\/wp\/v2\/comments?post=17587"}],"version-history":[{"count":1,"href":"https:\/\/serrafm879.com.br\/serrafm\/wp-json\/wp\/v2\/posts\/17587\/revisions"}],"predecessor-version":[{"id":17589,"href":"https:\/\/serrafm879.com.br\/serrafm\/wp-json\/wp\/v2\/posts\/17587\/revisions\/17589"}],"wp:featuredmedia":[{"embeddable":true,"href":"https:\/\/serrafm879.com.br\/serrafm\/wp-json\/wp\/v2\/media\/17588"}],"wp:attachment":[{"href":"https:\/\/serrafm879.com.br\/serrafm\/wp-json\/wp\/v2\/media?parent=17587"}],"wp:term":[{"taxonomy":"category","embeddable":true,"href":"https:\/\/serrafm879.com.br\/serrafm\/wp-json\/wp\/v2\/categories?post=17587"},{"taxonomy":"post_tag","embeddable":true,"href":"https:\/\/serrafm879.com.br\/serrafm\/wp-json\/wp\/v2\/tags?post=17587"}],"curies":[{"name":"wp","href":"https:\/\/api.w.org\/{rel}","templated":true}]}}