{"id":17591,"date":"2024-09-01T22:22:59","date_gmt":"2024-09-02T01:22:59","guid":{"rendered":"https:\/?p=17591"},"modified":"2024-09-01T22:22:59","modified_gmt":"2024-09-02T01:22:59","slug":"forum-nordeste-traz-debate-mundial-para-o-recife-confira-programacao","status":"publish","type":"post","link":"https:\/\/serrafm879.com.br\/serrafm\/2024\/09\/forum-nordeste-traz-debate-mundial-para-o-recife-confira-programacao\/","title":{"rendered":"F\u00f3rum Nordeste traz debate mundial para o Recife. Confira programa\u00e7\u00e3o"},"content":{"rendered":"<p>A transi\u00e7\u00e3o energ\u00e9tica \u00e9 um assunto que domina o mundo. No \u00e2mbito de gera\u00e7\u00e3o de energias renov\u00e1veis, o Brasil \u00e9 protagonista. Para colocar essas discuss\u00f5es em evid\u00eancia, o F\u00f3rum Nordeste, realizado pelo\u00a0<strong>Grupo EQM<\/strong>, presidido por Eduardo de Queiroz Monteiro, acontece na pr\u00f3xima segunda-feira (2).<\/p>\n<p>O F\u00f3rum acontece das 8h \u00e0s 17h, no Mirante do Pa\u00e7o, no Bairro do Recife. Durante todo o dia, os convidados poder\u00e3o conferir seis pain\u00e9is com palestrantes e mediadores especialistas nos mais diversos temas que envolvem a transi\u00e7\u00e3o energ\u00e9tica.<\/p>\n<p>De acordo com o presidente do Sindicato da Ind\u00fastria do A\u00e7\u00facar e do \u00c1lcool no Estado de Pernambuco (Sinda\u00e7\u00facar-PE) e presidente executivo da NovaBio (Associa\u00e7\u00e3o de Produtores de A\u00e7\u00facar, Etanol e Bioenergia), Renato Cunha, o papel aglutinador do F\u00f3rum Nordeste cria uma perspectiva de investimentos para a regi\u00e3o.<\/p>\n<p>\u201cO F\u00f3rum re\u00fane palestras que envolvem investidores, empreendedores, especialistas do setor, e a academia com os professores das universidades\u201d, afirmou.<\/p>\n<p>Ao longo dos anos, o evento ganhou notoriedade no cen\u00e1rio nacional, com a presen\u00e7a de autoridades pol\u00edticas.<\/p>\n<p>\u201cEu acho que o F\u00f3rum tem essa capacidade de andar em sintonia. \u00c9 importante que se valorize todo o trabalho de regula\u00e7\u00e3o que est\u00e1 sendo feito no Congresso Nacional e \u00e9 importante a integra\u00e7\u00e3o para que essas leis n\u00e3o fiquem numa discrep\u00e2ncia com a realidade dos investimentos\u201d, disse Cunha.<\/p>\n<p>\u201cO F\u00f3rum Nordeste, organizado pelo\u00a0<strong>Grupo EQM<\/strong>, j\u00e1 se consolidou como o maior evento do setor sucroenerg\u00e9tico no Nordeste e \u00e9 uma oportunidade inigual\u00e1vel para que se realize o planejamento das atividades do setor no m\u00e9dio e longo prazo. \u00c9 um evento que re\u00fane formuladores de pol\u00edticas p\u00fablicas, empres\u00e1rios, fornecedores de equipamentos, trading companies, cientistas e academia\u201d, pontuou Nastari.<\/p>\n<p><strong>Programa\u00e7\u00e3o\u00a0<\/strong><br \/>\nNa solenidade de abertura, \u00e0s 9h, os convidados assistem aos discursos de autoridades e a entrega do pr\u00eamio F\u00f3rum Nordeste.<\/p>\n<p>Em seguida, \u00e0s 10h15, ocorre o primeiro painel com o tema \u201cReforma Tribut\u00e1ria e sua Import\u00e2ncia para o Ambiente de Neg\u00f3cios do Brasil\u201d, ministrado pelo secret\u00e1rio extraordin\u00e1rio da Reforma Tribut\u00e1ria no Minist\u00e9rio da Fazenda, Bernard Appy, e com media\u00e7\u00e3o de Renato Cunha.<\/p>\n<p>Na reforma tribut\u00e1ria, o Imposto sobre Bens e Servi\u00e7os (IBS) e a Contribui\u00e7\u00e3o Sobre Bens e Servi\u00e7os (CBS) substituem cinco tributos (PIS, Cofins, IPI, ICMS e ISS), como uma forma de simplifica\u00e7\u00e3o.<\/p>\n<p>\u201cA gente tem que conviver com o advento da reforma e \u00e9 importante que haja uma grande transpar\u00eancia desse momento importante do Brasil, que vai tamb\u00e9m ocorrer nos pr\u00f3ximos 10 anos\u201d, reiterou Cunha.<\/p>\n<p>Na sequ\u00eancia, \u00e0s 11h30, o vice-presidente de Assuntos Regulat\u00f3rios da Stellantis, Jo\u00e3o Irineu Medeiros, aborda \u201cEstrat\u00e9gia de Descarboniza\u00e7\u00e3o e Desenvolvimento Local\u201d. A media\u00e7\u00e3o \u00e9 do presidente da Federa\u00e7\u00e3o das Ind\u00fastrias do Estado de Goi\u00e1s (Fieg) e do Sindicato da Ind\u00fastria de Fabrica\u00e7\u00e3o de Etanol do Estado de Goi\u00e1s (Sifaeg), Andr\u00e9 Luiz Baptista Lins Rocha.<\/p>\n<p>Fonte: Folha PE<\/p>\n<p>&nbsp;<\/p>\n","protected":false},"excerpt":{"rendered":"<p>A transi\u00e7\u00e3o energ\u00e9tica \u00e9 um assunto que domina o mundo. No \u00e2mbito de gera\u00e7\u00e3o de energias renov\u00e1veis, o Brasil \u00e9 protagonista. Para colocar essas discuss\u00f5es em evid\u00eancia, o F\u00f3rum Nordeste, realizado pelo\u00a0Grupo EQM, presidido por Eduardo de Queiroz Monteiro, acontece na pr\u00f3xima segunda-feira (2). O F\u00f3rum acontece das 8h \u00e0s 17h, no Mirante do Pa\u00e7o, no Bairro do Recife. Durante todo o dia, os convidados poder\u00e3o conferir seis pain\u00e9is com palestrantes e mediadores especialistas nos mais diversos temas que envolvem a transi\u00e7\u00e3o energ\u00e9tica. De acordo com o presidente do Sindicato da Ind\u00fastria do A\u00e7\u00facar e do \u00c1lcool no Estado de [&hellip;]<\/p>\n","protected":false},"author":2,"featured_media":17592,"comment_status":"open","ping_status":"open","sticky":false,"template":"","format":"standard","meta":{"_jetpack_memberships_contains_paid_content":false,"footnotes":"","jetpack_publicize_message":"","jetpack_publicize_feature_enabled":true,"jetpack_social_post_already_shared":true,"jetpack_social_options":{"image_generator_settings":{"template":"highway","enabled":false},"version":2}},"categories":[1],"tags":[],"class_list":["post-17591","post","type-post","status-publish","format-standard","has-post-thumbnail","hentry","category-uncategorized"],"jetpack_publicize_connections":[],"yoast_head":"<!-- This site is optimized with the Yoast SEO plugin v24.7 - https:\/\/yoast.com\/wordpress\/plugins\/seo\/ -->\n<title>F\u00f3rum Nordeste traz debate mundial para o Recife. Confira programa\u00e7\u00e3o - Serra FM 87,9<\/title>\n<meta name=\"robots\" content=\"index, follow, max-snippet:-1, max-image-preview:large, max-video-preview:-1\" \/>\n<link rel=\"canonical\" href=\"https:\/\/serrafm879.com.br\/serrafm\/2024\/09\/forum-nordeste-traz-debate-mundial-para-o-recife-confira-programacao\/\" \/>\n<meta property=\"og:locale\" content=\"pt_BR\" \/>\n<meta property=\"og:type\" content=\"article\" \/>\n<meta property=\"og:title\" content=\"F\u00f3rum Nordeste traz debate mundial para o Recife. Confira programa\u00e7\u00e3o - Serra FM 87,9\" \/>\n<meta property=\"og:description\" content=\"A transi\u00e7\u00e3o energ\u00e9tica \u00e9 um assunto que domina o mundo. No \u00e2mbito de gera\u00e7\u00e3o de energias renov\u00e1veis, o Brasil \u00e9 protagonista. Para colocar essas discuss\u00f5es em evid\u00eancia, o F\u00f3rum Nordeste, realizado pelo\u00a0Grupo EQM, presidido por Eduardo de Queiroz Monteiro, acontece na pr\u00f3xima segunda-feira (2). O F\u00f3rum acontece das 8h \u00e0s 17h, no Mirante do Pa\u00e7o, no Bairro do Recife. Durante todo o dia, os convidados poder\u00e3o conferir seis pain\u00e9is com palestrantes e mediadores especialistas nos mais diversos temas que envolvem a transi\u00e7\u00e3o energ\u00e9tica. De acordo com o presidente do Sindicato da Ind\u00fastria do A\u00e7\u00facar e do \u00c1lcool no Estado de [&hellip;]\" \/>\n<meta property=\"og:url\" content=\"https:\/\/serrafm879.com.br\/serrafm\/2024\/09\/forum-nordeste-traz-debate-mundial-para-o-recife-confira-programacao\/\" \/>\n<meta property=\"og:site_name\" content=\"Serra FM 87,9\" \/>\n<meta property=\"article:published_time\" content=\"2024-09-02T01:22:59+00:00\" \/>\n<meta property=\"og:image\" content=\"https:\/\/serrafm879.com.br\/serrafm\/wp-content\/uploads\/2024\/09\/3108eco0215.jpg\" \/>\n\t<meta property=\"og:image:width\" content=\"1100\" \/>\n\t<meta property=\"og:image:height\" content=\"733\" \/>\n\t<meta property=\"og:image:type\" content=\"image\/jpeg\" \/>\n<meta name=\"author\" content=\"serrafm87\" \/>\n<meta name=\"twitter:card\" content=\"summary_large_image\" \/>\n<meta name=\"twitter:label1\" content=\"Escrito por\" \/>\n\t<meta name=\"twitter:data1\" content=\"serrafm87\" \/>\n\t<meta name=\"twitter:label2\" content=\"Est. tempo de leitura\" \/>\n\t<meta name=\"twitter:data2\" content=\"3 minutos\" \/>\n<script type=\"application\/ld+json\" class=\"yoast-schema-graph\">{\"@context\":\"https:\/\/schema.org\",\"@graph\":[{\"@type\":\"WebPage\",\"@id\":\"https:\/\/serrafm879.com.br\/serrafm\/2024\/09\/forum-nordeste-traz-debate-mundial-para-o-recife-confira-programacao\/\",\"url\":\"https:\/\/serrafm879.com.br\/serrafm\/2024\/09\/forum-nordeste-traz-debate-mundial-para-o-recife-confira-programacao\/\",\"name\":\"F\u00f3rum Nordeste traz debate mundial para o Recife. Confira programa\u00e7\u00e3o - Serra FM 87,9\",\"isPartOf\":{\"@id\":\"https:\/\/serrafm879.com.br\/serrafm\/#website\"},\"primaryImageOfPage\":{\"@id\":\"https:\/\/serrafm879.com.br\/serrafm\/2024\/09\/forum-nordeste-traz-debate-mundial-para-o-recife-confira-programacao\/#primaryimage\"},\"image\":{\"@id\":\"https:\/\/serrafm879.com.br\/serrafm\/2024\/09\/forum-nordeste-traz-debate-mundial-para-o-recife-confira-programacao\/#primaryimage\"},\"thumbnailUrl\":\"https:\/\/serrafm879.com.br\/serrafm\/wp-content\/uploads\/2024\/09\/3108eco0215.jpg\",\"datePublished\":\"2024-09-02T01:22:59+00:00\",\"author\":{\"@id\":\"https:\/\/serrafm879.com.br\/serrafm\/#\/schema\/person\/c028a197030ff8b1c03c68dfba4a787a\"},\"breadcrumb\":{\"@id\":\"https:\/\/serrafm879.com.br\/serrafm\/2024\/09\/forum-nordeste-traz-debate-mundial-para-o-recife-confira-programacao\/#breadcrumb\"},\"inLanguage\":\"pt-BR\",\"potentialAction\":[{\"@type\":\"ReadAction\",\"target\":[\"https:\/\/serrafm879.com.br\/serrafm\/2024\/09\/forum-nordeste-traz-debate-mundial-para-o-recife-confira-programacao\/\"]}]},{\"@type\":\"ImageObject\",\"inLanguage\":\"pt-BR\",\"@id\":\"https:\/\/serrafm879.com.br\/serrafm\/2024\/09\/forum-nordeste-traz-debate-mundial-para-o-recife-confira-programacao\/#primaryimage\",\"url\":\"https:\/\/serrafm879.com.br\/serrafm\/wp-content\/uploads\/2024\/09\/3108eco0215.jpg\",\"contentUrl\":\"https:\/\/serrafm879.com.br\/serrafm\/wp-content\/uploads\/2024\/09\/3108eco0215.jpg\",\"width\":1100,\"height\":733},{\"@type\":\"BreadcrumbList\",\"@id\":\"https:\/\/serrafm879.com.br\/serrafm\/2024\/09\/forum-nordeste-traz-debate-mundial-para-o-recife-confira-programacao\/#breadcrumb\",\"itemListElement\":[{\"@type\":\"ListItem\",\"position\":1,\"name\":\"In\u00edcio\",\"item\":\"https:\/\/serrafm879.com.br\/serrafm\/\"},{\"@type\":\"ListItem\",\"position\":2,\"name\":\"F\u00f3rum Nordeste traz debate mundial para o Recife. Confira programa\u00e7\u00e3o\"}]},{\"@type\":\"WebSite\",\"@id\":\"https:\/\/serrafm879.com.br\/serrafm\/#website\",\"url\":\"https:\/\/serrafm879.com.br\/serrafm\/\",\"name\":\"Serra FM 87,9\",\"description\":\"O seu novo amor!\",\"potentialAction\":[{\"@type\":\"SearchAction\",\"target\":{\"@type\":\"EntryPoint\",\"urlTemplate\":\"https:\/\/serrafm879.com.br\/serrafm\/?s={search_term_string}\"},\"query-input\":{\"@type\":\"PropertyValueSpecification\",\"valueRequired\":true,\"valueName\":\"search_term_string\"}}],\"inLanguage\":\"pt-BR\"},{\"@type\":\"Person\",\"@id\":\"https:\/\/serrafm879.com.br\/serrafm\/#\/schema\/person\/c028a197030ff8b1c03c68dfba4a787a\",\"name\":\"serrafm87\",\"image\":{\"@type\":\"ImageObject\",\"inLanguage\":\"pt-BR\",\"@id\":\"https:\/\/serrafm879.com.br\/serrafm\/#\/schema\/person\/image\/\",\"url\":\"https:\/\/secure.gravatar.com\/avatar\/a743233f1112d34f48bb3dc9559b76eb930bab8b27175856cba6362608736235?s=96&d=mm&r=g\",\"contentUrl\":\"https:\/\/secure.gravatar.com\/avatar\/a743233f1112d34f48bb3dc9559b76eb930bab8b27175856cba6362608736235?s=96&d=mm&r=g\",\"caption\":\"serrafm87\"},\"sameAs\":[\"http:\/\/serrafm879.com.br\/\"],\"url\":\"https:\/\/serrafm879.com.br\/serrafm\/author\/serrafm87\/\"}]}<\/script>\n<!-- \/ Yoast SEO plugin. -->","yoast_head_json":{"title":"F\u00f3rum Nordeste traz debate mundial para o Recife. Confira programa\u00e7\u00e3o - Serra FM 87,9","robots":{"index":"index","follow":"follow","max-snippet":"max-snippet:-1","max-image-preview":"max-image-preview:large","max-video-preview":"max-video-preview:-1"},"canonical":"https:\/\/serrafm879.com.br\/serrafm\/2024\/09\/forum-nordeste-traz-debate-mundial-para-o-recife-confira-programacao\/","og_locale":"pt_BR","og_type":"article","og_title":"F\u00f3rum Nordeste traz debate mundial para o Recife. Confira programa\u00e7\u00e3o - Serra FM 87,9","og_description":"A transi\u00e7\u00e3o energ\u00e9tica \u00e9 um assunto que domina o mundo. No \u00e2mbito de gera\u00e7\u00e3o de energias renov\u00e1veis, o Brasil \u00e9 protagonista. Para colocar essas discuss\u00f5es em evid\u00eancia, o F\u00f3rum Nordeste, realizado pelo\u00a0Grupo EQM, presidido por Eduardo de Queiroz Monteiro, acontece na pr\u00f3xima segunda-feira (2). O F\u00f3rum acontece das 8h \u00e0s 17h, no Mirante do Pa\u00e7o, no Bairro do Recife. Durante todo o dia, os convidados poder\u00e3o conferir seis pain\u00e9is com palestrantes e mediadores especialistas nos mais diversos temas que envolvem a transi\u00e7\u00e3o energ\u00e9tica. De acordo com o presidente do Sindicato da Ind\u00fastria do A\u00e7\u00facar e do \u00c1lcool no Estado de [&hellip;]","og_url":"https:\/\/serrafm879.com.br\/serrafm\/2024\/09\/forum-nordeste-traz-debate-mundial-para-o-recife-confira-programacao\/","og_site_name":"Serra FM 87,9","article_published_time":"2024-09-02T01:22:59+00:00","og_image":[{"width":1100,"height":733,"url":"https:\/\/serrafm879.com.br\/serrafm\/wp-content\/uploads\/2024\/09\/3108eco0215.jpg","type":"image\/jpeg"}],"author":"serrafm87","twitter_card":"summary_large_image","twitter_misc":{"Escrito por":"serrafm87","Est. tempo de leitura":"3 minutos"},"schema":{"@context":"https:\/\/schema.org","@graph":[{"@type":"WebPage","@id":"https:\/\/serrafm879.com.br\/serrafm\/2024\/09\/forum-nordeste-traz-debate-mundial-para-o-recife-confira-programacao\/","url":"https:\/\/serrafm879.com.br\/serrafm\/2024\/09\/forum-nordeste-traz-debate-mundial-para-o-recife-confira-programacao\/","name":"F\u00f3rum Nordeste traz debate mundial para o Recife. Confira programa\u00e7\u00e3o - Serra FM 87,9","isPartOf":{"@id":"https:\/\/serrafm879.com.br\/serrafm\/#website"},"primaryImageOfPage":{"@id":"https:\/\/serrafm879.com.br\/serrafm\/2024\/09\/forum-nordeste-traz-debate-mundial-para-o-recife-confira-programacao\/#primaryimage"},"image":{"@id":"https:\/\/serrafm879.com.br\/serrafm\/2024\/09\/forum-nordeste-traz-debate-mundial-para-o-recife-confira-programacao\/#primaryimage"},"thumbnailUrl":"https:\/\/serrafm879.com.br\/serrafm\/wp-content\/uploads\/2024\/09\/3108eco0215.jpg","datePublished":"2024-09-02T01:22:59+00:00","author":{"@id":"https:\/\/serrafm879.com.br\/serrafm\/#\/schema\/person\/c028a197030ff8b1c03c68dfba4a787a"},"breadcrumb":{"@id":"https:\/\/serrafm879.com.br\/serrafm\/2024\/09\/forum-nordeste-traz-debate-mundial-para-o-recife-confira-programacao\/#breadcrumb"},"inLanguage":"pt-BR","potentialAction":[{"@type":"ReadAction","target":["https:\/\/serrafm879.com.br\/serrafm\/2024\/09\/forum-nordeste-traz-debate-mundial-para-o-recife-confira-programacao\/"]}]},{"@type":"ImageObject","inLanguage":"pt-BR","@id":"https:\/\/serrafm879.com.br\/serrafm\/2024\/09\/forum-nordeste-traz-debate-mundial-para-o-recife-confira-programacao\/#primaryimage","url":"https:\/\/serrafm879.com.br\/serrafm\/wp-content\/uploads\/2024\/09\/3108eco0215.jpg","contentUrl":"https:\/\/serrafm879.com.br\/serrafm\/wp-content\/uploads\/2024\/09\/3108eco0215.jpg","width":1100,"height":733},{"@type":"BreadcrumbList","@id":"https:\/\/serrafm879.com.br\/serrafm\/2024\/09\/forum-nordeste-traz-debate-mundial-para-o-recife-confira-programacao\/#breadcrumb","itemListElement":[{"@type":"ListItem","position":1,"name":"In\u00edcio","item":"https:\/\/serrafm879.com.br\/serrafm\/"},{"@type":"ListItem","position":2,"name":"F\u00f3rum Nordeste traz debate mundial para o Recife. Confira programa\u00e7\u00e3o"}]},{"@type":"WebSite","@id":"https:\/\/serrafm879.com.br\/serrafm\/#website","url":"https:\/\/serrafm879.com.br\/serrafm\/","name":"Serra FM 87,9","description":"O seu novo amor!","potentialAction":[{"@type":"SearchAction","target":{"@type":"EntryPoint","urlTemplate":"https:\/\/serrafm879.com.br\/serrafm\/?s={search_term_string}"},"query-input":{"@type":"PropertyValueSpecification","valueRequired":true,"valueName":"search_term_string"}}],"inLanguage":"pt-BR"},{"@type":"Person","@id":"https:\/\/serrafm879.com.br\/serrafm\/#\/schema\/person\/c028a197030ff8b1c03c68dfba4a787a","name":"serrafm87","image":{"@type":"ImageObject","inLanguage":"pt-BR","@id":"https:\/\/serrafm879.com.br\/serrafm\/#\/schema\/person\/image\/","url":"https:\/\/secure.gravatar.com\/avatar\/a743233f1112d34f48bb3dc9559b76eb930bab8b27175856cba6362608736235?s=96&d=mm&r=g","contentUrl":"https:\/\/secure.gravatar.com\/avatar\/a743233f1112d34f48bb3dc9559b76eb930bab8b27175856cba6362608736235?s=96&d=mm&r=g","caption":"serrafm87"},"sameAs":["http:\/\/serrafm879.com.br\/"],"url":"https:\/\/serrafm879.com.br\/serrafm\/author\/serrafm87\/"}]}},"jetpack_featured_media_url":"https:\/\/serrafm879.com.br\/serrafm\/wp-content\/uploads\/2024\/09\/3108eco0215.jpg","jetpack_shortlink":"https:\/\/wp.me\/p7HyXg-4zJ","jetpack_sharing_enabled":true,"_links":{"self":[{"href":"https:\/\/serrafm879.com.br\/serrafm\/wp-json\/wp\/v2\/posts\/17591","targetHints":{"allow":["GET"]}}],"collection":[{"href":"https:\/\/serrafm879.com.br\/serrafm\/wp-json\/wp\/v2\/posts"}],"about":[{"href":"https:\/\/serrafm879.com.br\/serrafm\/wp-json\/wp\/v2\/types\/post"}],"author":[{"embeddable":true,"href":"https:\/\/serrafm879.com.br\/serrafm\/wp-json\/wp\/v2\/users\/2"}],"replies":[{"embeddable":true,"href":"https:\/\/serrafm879.com.br\/serrafm\/wp-json\/wp\/v2\/comments?post=17591"}],"version-history":[{"count":1,"href":"https:\/\/serrafm879.com.br\/serrafm\/wp-json\/wp\/v2\/posts\/17591\/revisions"}],"predecessor-version":[{"id":17593,"href":"https:\/\/serrafm879.com.br\/serrafm\/wp-json\/wp\/v2\/posts\/17591\/revisions\/17593"}],"wp:featuredmedia":[{"embeddable":true,"href":"https:\/\/serrafm879.com.br\/serrafm\/wp-json\/wp\/v2\/media\/17592"}],"wp:attachment":[{"href":"https:\/\/serrafm879.com.br\/serrafm\/wp-json\/wp\/v2\/media?parent=17591"}],"wp:term":[{"taxonomy":"category","embeddable":true,"href":"https:\/\/serrafm879.com.br\/serrafm\/wp-json\/wp\/v2\/categories?post=17591"},{"taxonomy":"post_tag","embeddable":true,"href":"https:\/\/serrafm879.com.br\/serrafm\/wp-json\/wp\/v2\/tags?post=17591"}],"curies":[{"name":"wp","href":"https:\/\/api.w.org\/{rel}","templated":true}]}}