{"id":17598,"date":"2024-09-02T09:05:41","date_gmt":"2024-09-02T12:05:41","guid":{"rendered":"https:\/?p=17598"},"modified":"2024-09-02T09:05:41","modified_gmt":"2024-09-02T12:05:41","slug":"marcia-conrado-reforca-compromissos-em-reuniao-com-comunidades-rurais","status":"publish","type":"post","link":"https:\/\/serrafm879.com.br\/serrafm\/2024\/09\/marcia-conrado-reforca-compromissos-em-reuniao-com-comunidades-rurais\/","title":{"rendered":"M\u00e1rcia Conrado refor\u00e7a compromissos em reuni\u00e3o com comunidades rurais"},"content":{"rendered":"<p>A prefeita de Serra Talhada e candidata \u00e0 reelei\u00e7\u00e3o, M\u00e1rcia Conrado (PT), teve um s\u00e1bado de atividades de campanha, refor\u00e7ando seu compromisso com a popula\u00e7\u00e3o e celebrando as conquistas de sua gest\u00e3o. A agenda come\u00e7ou com uma importante reuni\u00e3o nas Tr\u00eas Passagens, onde M\u00e1rcia se encontrou com moradores de Timorante, Pil\u00e3ozinho, Lajinha e S\u00e3o Jo\u00e3o dos Gaia.<\/p>\n<p>O encontro foi marcado, com a prefeita ouvindo atentamente as demandas das comunidades. \u201cFoi uma conversa enriquecedora, onde pudemos entender de perto as necessidades de cada localidade. Estamos empenhados em seguir com as melhorias que j\u00e1 iniciamos e em buscar solu\u00e7\u00f5es para os novos desafios que foram apresentados\u201d, destacou M\u00e1rcia.<\/p>\n<p>A candidata encerrou o dia em Santa Rita, onde participou do evento \u201cRol\u00ea M13. \u00a0Recebida pela popula\u00e7\u00e3o, M\u00e1rcia celebrou as melhorias que sua gest\u00e3o trouxe ao distrito, como a reforma da pra\u00e7a e a pavimenta\u00e7\u00e3o das ruas, transforma\u00e7\u00f5es que, segundo ela, t\u00eam impactado positivamente o dia a dia dos moradores. \u201cVer a alegria das pessoas e o reconhecimento pelo nosso trabalho \u00e9 muito gratificante. Mas isso \u00e9 s\u00f3 o come\u00e7o. Seguimos firmes com o compromisso de fazer ainda mais por toda a Serra Talhada\u201d, afirmou a prefeita.<\/p>\n<p>Fonte: Blog Junior Campos<\/p>\n","protected":false},"excerpt":{"rendered":"<p>A prefeita de Serra Talhada e candidata \u00e0 reelei\u00e7\u00e3o, M\u00e1rcia Conrado (PT), teve um s\u00e1bado de atividades de campanha, refor\u00e7ando seu compromisso com a popula\u00e7\u00e3o e celebrando as conquistas de sua gest\u00e3o. A agenda come\u00e7ou com uma importante reuni\u00e3o nas Tr\u00eas Passagens, onde M\u00e1rcia se encontrou com moradores de Timorante, Pil\u00e3ozinho, Lajinha e S\u00e3o Jo\u00e3o dos Gaia. O encontro foi marcado, com a prefeita ouvindo atentamente as demandas das comunidades. \u201cFoi uma conversa enriquecedora, onde pudemos entender de perto as necessidades de cada localidade. Estamos empenhados em seguir com as melhorias que j\u00e1 iniciamos e em buscar solu\u00e7\u00f5es para os [&hellip;]<\/p>\n","protected":false},"author":2,"featured_media":17599,"comment_status":"open","ping_status":"open","sticky":false,"template":"","format":"standard","meta":{"_jetpack_memberships_contains_paid_content":false,"footnotes":"","jetpack_publicize_message":"","jetpack_publicize_feature_enabled":true,"jetpack_social_post_already_shared":true,"jetpack_social_options":{"image_generator_settings":{"template":"highway","enabled":false},"version":2}},"categories":[1],"tags":[],"class_list":["post-17598","post","type-post","status-publish","format-standard","has-post-thumbnail","hentry","category-uncategorized"],"jetpack_publicize_connections":[],"yoast_head":"<!-- This site is optimized with the Yoast SEO plugin v24.7 - https:\/\/yoast.com\/wordpress\/plugins\/seo\/ -->\n<title>M\u00e1rcia Conrado refor\u00e7a compromissos em reuni\u00e3o com comunidades rurais - Serra FM 87,9<\/title>\n<meta name=\"robots\" content=\"index, follow, max-snippet:-1, max-image-preview:large, max-video-preview:-1\" \/>\n<link rel=\"canonical\" href=\"https:\/\/serrafm879.com.br\/serrafm\/2024\/09\/marcia-conrado-reforca-compromissos-em-reuniao-com-comunidades-rurais\/\" \/>\n<meta property=\"og:locale\" content=\"pt_BR\" \/>\n<meta property=\"og:type\" content=\"article\" \/>\n<meta property=\"og:title\" content=\"M\u00e1rcia Conrado refor\u00e7a compromissos em reuni\u00e3o com comunidades rurais - Serra FM 87,9\" \/>\n<meta property=\"og:description\" content=\"A prefeita de Serra Talhada e candidata \u00e0 reelei\u00e7\u00e3o, M\u00e1rcia Conrado (PT), teve um s\u00e1bado de atividades de campanha, refor\u00e7ando seu compromisso com a popula\u00e7\u00e3o e celebrando as conquistas de sua gest\u00e3o. A agenda come\u00e7ou com uma importante reuni\u00e3o nas Tr\u00eas Passagens, onde M\u00e1rcia se encontrou com moradores de Timorante, Pil\u00e3ozinho, Lajinha e S\u00e3o Jo\u00e3o dos Gaia. O encontro foi marcado, com a prefeita ouvindo atentamente as demandas das comunidades. \u201cFoi uma conversa enriquecedora, onde pudemos entender de perto as necessidades de cada localidade. Estamos empenhados em seguir com as melhorias que j\u00e1 iniciamos e em buscar solu\u00e7\u00f5es para os [&hellip;]\" \/>\n<meta property=\"og:url\" content=\"https:\/\/serrafm879.com.br\/serrafm\/2024\/09\/marcia-conrado-reforca-compromissos-em-reuniao-com-comunidades-rurais\/\" \/>\n<meta property=\"og:site_name\" content=\"Serra FM 87,9\" \/>\n<meta property=\"article:published_time\" content=\"2024-09-02T12:05:41+00:00\" \/>\n<meta property=\"og:image\" content=\"https:\/\/serrafm879.com.br\/serrafm\/wp-content\/uploads\/2024\/09\/img_4158-1.jpg\" \/>\n\t<meta property=\"og:image:width\" content=\"1284\" \/>\n\t<meta property=\"og:image:height\" content=\"950\" \/>\n\t<meta property=\"og:image:type\" content=\"image\/jpeg\" \/>\n<meta name=\"author\" content=\"serrafm87\" \/>\n<meta name=\"twitter:card\" content=\"summary_large_image\" \/>\n<meta name=\"twitter:label1\" content=\"Escrito por\" \/>\n\t<meta name=\"twitter:data1\" content=\"serrafm87\" \/>\n\t<meta name=\"twitter:label2\" content=\"Est. tempo de leitura\" \/>\n\t<meta name=\"twitter:data2\" content=\"2 minutos\" \/>\n<script type=\"application\/ld+json\" class=\"yoast-schema-graph\">{\"@context\":\"https:\/\/schema.org\",\"@graph\":[{\"@type\":\"WebPage\",\"@id\":\"https:\/\/serrafm879.com.br\/serrafm\/2024\/09\/marcia-conrado-reforca-compromissos-em-reuniao-com-comunidades-rurais\/\",\"url\":\"https:\/\/serrafm879.com.br\/serrafm\/2024\/09\/marcia-conrado-reforca-compromissos-em-reuniao-com-comunidades-rurais\/\",\"name\":\"M\u00e1rcia Conrado refor\u00e7a compromissos em reuni\u00e3o com comunidades rurais - Serra FM 87,9\",\"isPartOf\":{\"@id\":\"https:\/\/serrafm879.com.br\/serrafm\/#website\"},\"primaryImageOfPage\":{\"@id\":\"https:\/\/serrafm879.com.br\/serrafm\/2024\/09\/marcia-conrado-reforca-compromissos-em-reuniao-com-comunidades-rurais\/#primaryimage\"},\"image\":{\"@id\":\"https:\/\/serrafm879.com.br\/serrafm\/2024\/09\/marcia-conrado-reforca-compromissos-em-reuniao-com-comunidades-rurais\/#primaryimage\"},\"thumbnailUrl\":\"https:\/\/serrafm879.com.br\/serrafm\/wp-content\/uploads\/2024\/09\/img_4158-1.jpg\",\"datePublished\":\"2024-09-02T12:05:41+00:00\",\"author\":{\"@id\":\"https:\/\/serrafm879.com.br\/serrafm\/#\/schema\/person\/c028a197030ff8b1c03c68dfba4a787a\"},\"breadcrumb\":{\"@id\":\"https:\/\/serrafm879.com.br\/serrafm\/2024\/09\/marcia-conrado-reforca-compromissos-em-reuniao-com-comunidades-rurais\/#breadcrumb\"},\"inLanguage\":\"pt-BR\",\"potentialAction\":[{\"@type\":\"ReadAction\",\"target\":[\"https:\/\/serrafm879.com.br\/serrafm\/2024\/09\/marcia-conrado-reforca-compromissos-em-reuniao-com-comunidades-rurais\/\"]}]},{\"@type\":\"ImageObject\",\"inLanguage\":\"pt-BR\",\"@id\":\"https:\/\/serrafm879.com.br\/serrafm\/2024\/09\/marcia-conrado-reforca-compromissos-em-reuniao-com-comunidades-rurais\/#primaryimage\",\"url\":\"https:\/\/serrafm879.com.br\/serrafm\/wp-content\/uploads\/2024\/09\/img_4158-1.jpg\",\"contentUrl\":\"https:\/\/serrafm879.com.br\/serrafm\/wp-content\/uploads\/2024\/09\/img_4158-1.jpg\",\"width\":1284,\"height\":950},{\"@type\":\"BreadcrumbList\",\"@id\":\"https:\/\/serrafm879.com.br\/serrafm\/2024\/09\/marcia-conrado-reforca-compromissos-em-reuniao-com-comunidades-rurais\/#breadcrumb\",\"itemListElement\":[{\"@type\":\"ListItem\",\"position\":1,\"name\":\"In\u00edcio\",\"item\":\"https:\/\/serrafm879.com.br\/serrafm\/\"},{\"@type\":\"ListItem\",\"position\":2,\"name\":\"M\u00e1rcia Conrado refor\u00e7a compromissos em reuni\u00e3o com comunidades rurais\"}]},{\"@type\":\"WebSite\",\"@id\":\"https:\/\/serrafm879.com.br\/serrafm\/#website\",\"url\":\"https:\/\/serrafm879.com.br\/serrafm\/\",\"name\":\"Serra FM 87,9\",\"description\":\"O seu novo amor!\",\"potentialAction\":[{\"@type\":\"SearchAction\",\"target\":{\"@type\":\"EntryPoint\",\"urlTemplate\":\"https:\/\/serrafm879.com.br\/serrafm\/?s={search_term_string}\"},\"query-input\":{\"@type\":\"PropertyValueSpecification\",\"valueRequired\":true,\"valueName\":\"search_term_string\"}}],\"inLanguage\":\"pt-BR\"},{\"@type\":\"Person\",\"@id\":\"https:\/\/serrafm879.com.br\/serrafm\/#\/schema\/person\/c028a197030ff8b1c03c68dfba4a787a\",\"name\":\"serrafm87\",\"image\":{\"@type\":\"ImageObject\",\"inLanguage\":\"pt-BR\",\"@id\":\"https:\/\/serrafm879.com.br\/serrafm\/#\/schema\/person\/image\/\",\"url\":\"https:\/\/secure.gravatar.com\/avatar\/a743233f1112d34f48bb3dc9559b76eb930bab8b27175856cba6362608736235?s=96&d=mm&r=g\",\"contentUrl\":\"https:\/\/secure.gravatar.com\/avatar\/a743233f1112d34f48bb3dc9559b76eb930bab8b27175856cba6362608736235?s=96&d=mm&r=g\",\"caption\":\"serrafm87\"},\"sameAs\":[\"http:\/\/serrafm879.com.br\/\"],\"url\":\"https:\/\/serrafm879.com.br\/serrafm\/author\/serrafm87\/\"}]}<\/script>\n<!-- \/ Yoast SEO plugin. -->","yoast_head_json":{"title":"M\u00e1rcia Conrado refor\u00e7a compromissos em reuni\u00e3o com comunidades rurais - Serra FM 87,9","robots":{"index":"index","follow":"follow","max-snippet":"max-snippet:-1","max-image-preview":"max-image-preview:large","max-video-preview":"max-video-preview:-1"},"canonical":"https:\/\/serrafm879.com.br\/serrafm\/2024\/09\/marcia-conrado-reforca-compromissos-em-reuniao-com-comunidades-rurais\/","og_locale":"pt_BR","og_type":"article","og_title":"M\u00e1rcia Conrado refor\u00e7a compromissos em reuni\u00e3o com comunidades rurais - Serra FM 87,9","og_description":"A prefeita de Serra Talhada e candidata \u00e0 reelei\u00e7\u00e3o, M\u00e1rcia Conrado (PT), teve um s\u00e1bado de atividades de campanha, refor\u00e7ando seu compromisso com a popula\u00e7\u00e3o e celebrando as conquistas de sua gest\u00e3o. A agenda come\u00e7ou com uma importante reuni\u00e3o nas Tr\u00eas Passagens, onde M\u00e1rcia se encontrou com moradores de Timorante, Pil\u00e3ozinho, Lajinha e S\u00e3o Jo\u00e3o dos Gaia. O encontro foi marcado, com a prefeita ouvindo atentamente as demandas das comunidades. \u201cFoi uma conversa enriquecedora, onde pudemos entender de perto as necessidades de cada localidade. Estamos empenhados em seguir com as melhorias que j\u00e1 iniciamos e em buscar solu\u00e7\u00f5es para os [&hellip;]","og_url":"https:\/\/serrafm879.com.br\/serrafm\/2024\/09\/marcia-conrado-reforca-compromissos-em-reuniao-com-comunidades-rurais\/","og_site_name":"Serra FM 87,9","article_published_time":"2024-09-02T12:05:41+00:00","og_image":[{"width":1284,"height":950,"url":"https:\/\/serrafm879.com.br\/serrafm\/wp-content\/uploads\/2024\/09\/img_4158-1.jpg","type":"image\/jpeg"}],"author":"serrafm87","twitter_card":"summary_large_image","twitter_misc":{"Escrito por":"serrafm87","Est. tempo de leitura":"2 minutos"},"schema":{"@context":"https:\/\/schema.org","@graph":[{"@type":"WebPage","@id":"https:\/\/serrafm879.com.br\/serrafm\/2024\/09\/marcia-conrado-reforca-compromissos-em-reuniao-com-comunidades-rurais\/","url":"https:\/\/serrafm879.com.br\/serrafm\/2024\/09\/marcia-conrado-reforca-compromissos-em-reuniao-com-comunidades-rurais\/","name":"M\u00e1rcia Conrado refor\u00e7a compromissos em reuni\u00e3o com comunidades rurais - Serra FM 87,9","isPartOf":{"@id":"https:\/\/serrafm879.com.br\/serrafm\/#website"},"primaryImageOfPage":{"@id":"https:\/\/serrafm879.com.br\/serrafm\/2024\/09\/marcia-conrado-reforca-compromissos-em-reuniao-com-comunidades-rurais\/#primaryimage"},"image":{"@id":"https:\/\/serrafm879.com.br\/serrafm\/2024\/09\/marcia-conrado-reforca-compromissos-em-reuniao-com-comunidades-rurais\/#primaryimage"},"thumbnailUrl":"https:\/\/serrafm879.com.br\/serrafm\/wp-content\/uploads\/2024\/09\/img_4158-1.jpg","datePublished":"2024-09-02T12:05:41+00:00","author":{"@id":"https:\/\/serrafm879.com.br\/serrafm\/#\/schema\/person\/c028a197030ff8b1c03c68dfba4a787a"},"breadcrumb":{"@id":"https:\/\/serrafm879.com.br\/serrafm\/2024\/09\/marcia-conrado-reforca-compromissos-em-reuniao-com-comunidades-rurais\/#breadcrumb"},"inLanguage":"pt-BR","potentialAction":[{"@type":"ReadAction","target":["https:\/\/serrafm879.com.br\/serrafm\/2024\/09\/marcia-conrado-reforca-compromissos-em-reuniao-com-comunidades-rurais\/"]}]},{"@type":"ImageObject","inLanguage":"pt-BR","@id":"https:\/\/serrafm879.com.br\/serrafm\/2024\/09\/marcia-conrado-reforca-compromissos-em-reuniao-com-comunidades-rurais\/#primaryimage","url":"https:\/\/serrafm879.com.br\/serrafm\/wp-content\/uploads\/2024\/09\/img_4158-1.jpg","contentUrl":"https:\/\/serrafm879.com.br\/serrafm\/wp-content\/uploads\/2024\/09\/img_4158-1.jpg","width":1284,"height":950},{"@type":"BreadcrumbList","@id":"https:\/\/serrafm879.com.br\/serrafm\/2024\/09\/marcia-conrado-reforca-compromissos-em-reuniao-com-comunidades-rurais\/#breadcrumb","itemListElement":[{"@type":"ListItem","position":1,"name":"In\u00edcio","item":"https:\/\/serrafm879.com.br\/serrafm\/"},{"@type":"ListItem","position":2,"name":"M\u00e1rcia Conrado refor\u00e7a compromissos em reuni\u00e3o com comunidades rurais"}]},{"@type":"WebSite","@id":"https:\/\/serrafm879.com.br\/serrafm\/#website","url":"https:\/\/serrafm879.com.br\/serrafm\/","name":"Serra FM 87,9","description":"O seu novo amor!","potentialAction":[{"@type":"SearchAction","target":{"@type":"EntryPoint","urlTemplate":"https:\/\/serrafm879.com.br\/serrafm\/?s={search_term_string}"},"query-input":{"@type":"PropertyValueSpecification","valueRequired":true,"valueName":"search_term_string"}}],"inLanguage":"pt-BR"},{"@type":"Person","@id":"https:\/\/serrafm879.com.br\/serrafm\/#\/schema\/person\/c028a197030ff8b1c03c68dfba4a787a","name":"serrafm87","image":{"@type":"ImageObject","inLanguage":"pt-BR","@id":"https:\/\/serrafm879.com.br\/serrafm\/#\/schema\/person\/image\/","url":"https:\/\/secure.gravatar.com\/avatar\/a743233f1112d34f48bb3dc9559b76eb930bab8b27175856cba6362608736235?s=96&d=mm&r=g","contentUrl":"https:\/\/secure.gravatar.com\/avatar\/a743233f1112d34f48bb3dc9559b76eb930bab8b27175856cba6362608736235?s=96&d=mm&r=g","caption":"serrafm87"},"sameAs":["http:\/\/serrafm879.com.br\/"],"url":"https:\/\/serrafm879.com.br\/serrafm\/author\/serrafm87\/"}]}},"jetpack_featured_media_url":"https:\/\/serrafm879.com.br\/serrafm\/wp-content\/uploads\/2024\/09\/img_4158-1.jpg","jetpack_shortlink":"https:\/\/wp.me\/p7HyXg-4zQ","jetpack_sharing_enabled":true,"_links":{"self":[{"href":"https:\/\/serrafm879.com.br\/serrafm\/wp-json\/wp\/v2\/posts\/17598","targetHints":{"allow":["GET"]}}],"collection":[{"href":"https:\/\/serrafm879.com.br\/serrafm\/wp-json\/wp\/v2\/posts"}],"about":[{"href":"https:\/\/serrafm879.com.br\/serrafm\/wp-json\/wp\/v2\/types\/post"}],"author":[{"embeddable":true,"href":"https:\/\/serrafm879.com.br\/serrafm\/wp-json\/wp\/v2\/users\/2"}],"replies":[{"embeddable":true,"href":"https:\/\/serrafm879.com.br\/serrafm\/wp-json\/wp\/v2\/comments?post=17598"}],"version-history":[{"count":1,"href":"https:\/\/serrafm879.com.br\/serrafm\/wp-json\/wp\/v2\/posts\/17598\/revisions"}],"predecessor-version":[{"id":17600,"href":"https:\/\/serrafm879.com.br\/serrafm\/wp-json\/wp\/v2\/posts\/17598\/revisions\/17600"}],"wp:featuredmedia":[{"embeddable":true,"href":"https:\/\/serrafm879.com.br\/serrafm\/wp-json\/wp\/v2\/media\/17599"}],"wp:attachment":[{"href":"https:\/\/serrafm879.com.br\/serrafm\/wp-json\/wp\/v2\/media?parent=17598"}],"wp:term":[{"taxonomy":"category","embeddable":true,"href":"https:\/\/serrafm879.com.br\/serrafm\/wp-json\/wp\/v2\/categories?post=17598"},{"taxonomy":"post_tag","embeddable":true,"href":"https:\/\/serrafm879.com.br\/serrafm\/wp-json\/wp\/v2\/tags?post=17598"}],"curies":[{"name":"wp","href":"https:\/\/api.w.org\/{rel}","templated":true}]}}