{"id":17601,"date":"2024-09-02T09:35:30","date_gmt":"2024-09-02T12:35:30","guid":{"rendered":"https:\/?p=17601"},"modified":"2024-09-02T09:38:02","modified_gmt":"2024-09-02T12:38:02","slug":"miguel-cumpre-agenda-na-zona-rural-e-leva-onda-20-ao-mutirao","status":"publish","type":"post","link":"https:\/\/serrafm879.com.br\/serrafm\/2024\/09\/miguel-cumpre-agenda-na-zona-rural-e-leva-onda-20-ao-mutirao\/","title":{"rendered":"Miguel cumpre agenda na zona rural e leva Onda 20 ao Mutir\u00e3o"},"content":{"rendered":"<p>Em ritmo acelerado na disputa pela Prefeitura de Serra Talhada, o candidato Miguel Duque (Podemos) cumpriu agenda na zona rural nesta sexta-feira (30.08). Ao lado do vice, Marcus Godoy, Miguel foi recebido por lideran\u00e7as da regi\u00e3o do S\u00e3o Louren\u00e7o.<\/p>\n<p>Na localidade, ele visitou as obras implantadas durante o governo do ex-prefeito Luciano Duque, a exemplo de uma passagem molhada. Al\u00e9m disso, se comprometeu em retomar o programa de perfura\u00e7\u00e3o de po\u00e7os artesianos iniciado no governo Duque, que se encontra paralisado.<\/p>\n<p>Com o programa de perfura\u00e7\u00e3o de po\u00e7os, o governo Duque fortaleceu a produ\u00e7\u00e3o de frutas, a exemplo da goiaba, fonte de renda para diversas fam\u00edlias do S\u00e3o Louren\u00e7o. \u201cForam mais de 2.600 po\u00e7os perfurados durante o governo do meu pai, e n\u00f3s vamos retomar, para que o pessoal do campo tenha \u00e1gua e consiga produzir, essa \u00e9 nossa prioridade\u201d, disse Miguel.<\/p>\n<p>No per\u00edodo da tarde, Miguel participou de reuni\u00e3o na Associa\u00e7\u00e3o Serra do Coco e conversou com colaboradores das Pipocas Brotinhos. Na sequ\u00eancia, prestigiou o lan\u00e7amento do Comit\u00ea do candidato a vereador, Lero Som. \u00c0 noite, Miguel e Marcus comandaram mais um porta a porta pelos bairros da cidade, com a Onda 20 no Bairro Mutir\u00e3o.<\/p>\n<p>AGENDA<\/p>\n<p>Neste s\u00e1bado (31.08), Miguel Duque e Marcus Godoy participou de uma pega de boi no distrito de Varzinha. \u00c0 noite, prestigiou mais uma noite do Polo Cultural da Festa de Nossa Senhora da Penha, na Pra\u00e7a S\u00e9rgio Magalh\u00e3es.<\/p>\n<p>No domingo (1\u00b0), participou da Corrida da Penha, do Encontro de Carros Antigos, no Shopping Serra Talhada; e participam da Romaria da Juventude.<\/p>\n<p>Fonte: Blog J\u00fanior Campos<\/p>\n","protected":false},"excerpt":{"rendered":"<p>Em ritmo acelerado na disputa pela Prefeitura de Serra Talhada, o candidato Miguel Duque (Podemos) cumpriu agenda na zona rural nesta sexta-feira (30.08). Ao lado do vice, Marcus Godoy, Miguel foi recebido por lideran\u00e7as da regi\u00e3o do S\u00e3o Louren\u00e7o. Na localidade, ele visitou as obras implantadas durante o governo do ex-prefeito Luciano Duque, a exemplo de uma passagem molhada. Al\u00e9m disso, se comprometeu em retomar o programa de perfura\u00e7\u00e3o de po\u00e7os artesianos iniciado no governo Duque, que se encontra paralisado. Com o programa de perfura\u00e7\u00e3o de po\u00e7os, o governo Duque fortaleceu a produ\u00e7\u00e3o de frutas, a exemplo da goiaba, fonte [&hellip;]<\/p>\n","protected":false},"author":2,"featured_media":17602,"comment_status":"open","ping_status":"open","sticky":false,"template":"","format":"standard","meta":{"_jetpack_memberships_contains_paid_content":false,"footnotes":"","jetpack_publicize_message":"","jetpack_publicize_feature_enabled":true,"jetpack_social_post_already_shared":true,"jetpack_social_options":{"image_generator_settings":{"template":"highway","enabled":false},"version":2}},"categories":[1],"tags":[],"class_list":["post-17601","post","type-post","status-publish","format-standard","has-post-thumbnail","hentry","category-uncategorized"],"jetpack_publicize_connections":[],"yoast_head":"<!-- This site is optimized with the Yoast SEO plugin v24.7 - https:\/\/yoast.com\/wordpress\/plugins\/seo\/ -->\n<title>Miguel cumpre agenda na zona rural e leva Onda 20 ao Mutir\u00e3o - Serra FM 87,9<\/title>\n<meta name=\"robots\" content=\"index, follow, max-snippet:-1, max-image-preview:large, max-video-preview:-1\" \/>\n<link rel=\"canonical\" href=\"https:\/\/serrafm879.com.br\/serrafm\/2024\/09\/miguel-cumpre-agenda-na-zona-rural-e-leva-onda-20-ao-mutirao\/\" \/>\n<meta property=\"og:locale\" content=\"pt_BR\" \/>\n<meta property=\"og:type\" content=\"article\" \/>\n<meta property=\"og:title\" content=\"Miguel cumpre agenda na zona rural e leva Onda 20 ao Mutir\u00e3o - Serra FM 87,9\" \/>\n<meta property=\"og:description\" content=\"Em ritmo acelerado na disputa pela Prefeitura de Serra Talhada, o candidato Miguel Duque (Podemos) cumpriu agenda na zona rural nesta sexta-feira (30.08). Ao lado do vice, Marcus Godoy, Miguel foi recebido por lideran\u00e7as da regi\u00e3o do S\u00e3o Louren\u00e7o. Na localidade, ele visitou as obras implantadas durante o governo do ex-prefeito Luciano Duque, a exemplo de uma passagem molhada. Al\u00e9m disso, se comprometeu em retomar o programa de perfura\u00e7\u00e3o de po\u00e7os artesianos iniciado no governo Duque, que se encontra paralisado. Com o programa de perfura\u00e7\u00e3o de po\u00e7os, o governo Duque fortaleceu a produ\u00e7\u00e3o de frutas, a exemplo da goiaba, fonte [&hellip;]\" \/>\n<meta property=\"og:url\" content=\"https:\/\/serrafm879.com.br\/serrafm\/2024\/09\/miguel-cumpre-agenda-na-zona-rural-e-leva-onda-20-ao-mutirao\/\" \/>\n<meta property=\"og:site_name\" content=\"Serra FM 87,9\" \/>\n<meta property=\"article:published_time\" content=\"2024-09-02T12:35:30+00:00\" \/>\n<meta property=\"article:modified_time\" content=\"2024-09-02T12:38:02+00:00\" \/>\n<meta property=\"og:image\" content=\"https:\/\/serrafm879.com.br\/serrafm\/wp-content\/uploads\/2024\/09\/miguel.jpeg\" \/>\n\t<meta property=\"og:image:width\" content=\"1599\" \/>\n\t<meta property=\"og:image:height\" content=\"1066\" \/>\n\t<meta property=\"og:image:type\" content=\"image\/jpeg\" \/>\n<meta name=\"author\" content=\"serrafm87\" \/>\n<meta name=\"twitter:card\" content=\"summary_large_image\" \/>\n<meta name=\"twitter:label1\" content=\"Escrito por\" \/>\n\t<meta name=\"twitter:data1\" content=\"serrafm87\" \/>\n\t<meta name=\"twitter:label2\" content=\"Est. tempo de leitura\" \/>\n\t<meta name=\"twitter:data2\" content=\"2 minutos\" \/>\n<script type=\"application\/ld+json\" class=\"yoast-schema-graph\">{\"@context\":\"https:\/\/schema.org\",\"@graph\":[{\"@type\":\"WebPage\",\"@id\":\"https:\/\/serrafm879.com.br\/serrafm\/2024\/09\/miguel-cumpre-agenda-na-zona-rural-e-leva-onda-20-ao-mutirao\/\",\"url\":\"https:\/\/serrafm879.com.br\/serrafm\/2024\/09\/miguel-cumpre-agenda-na-zona-rural-e-leva-onda-20-ao-mutirao\/\",\"name\":\"Miguel cumpre agenda na zona rural e leva Onda 20 ao Mutir\u00e3o - Serra FM 87,9\",\"isPartOf\":{\"@id\":\"https:\/\/serrafm879.com.br\/serrafm\/#website\"},\"primaryImageOfPage\":{\"@id\":\"https:\/\/serrafm879.com.br\/serrafm\/2024\/09\/miguel-cumpre-agenda-na-zona-rural-e-leva-onda-20-ao-mutirao\/#primaryimage\"},\"image\":{\"@id\":\"https:\/\/serrafm879.com.br\/serrafm\/2024\/09\/miguel-cumpre-agenda-na-zona-rural-e-leva-onda-20-ao-mutirao\/#primaryimage\"},\"thumbnailUrl\":\"https:\/\/serrafm879.com.br\/serrafm\/wp-content\/uploads\/2024\/09\/miguel.jpeg\",\"datePublished\":\"2024-09-02T12:35:30+00:00\",\"dateModified\":\"2024-09-02T12:38:02+00:00\",\"author\":{\"@id\":\"https:\/\/serrafm879.com.br\/serrafm\/#\/schema\/person\/c028a197030ff8b1c03c68dfba4a787a\"},\"breadcrumb\":{\"@id\":\"https:\/\/serrafm879.com.br\/serrafm\/2024\/09\/miguel-cumpre-agenda-na-zona-rural-e-leva-onda-20-ao-mutirao\/#breadcrumb\"},\"inLanguage\":\"pt-BR\",\"potentialAction\":[{\"@type\":\"ReadAction\",\"target\":[\"https:\/\/serrafm879.com.br\/serrafm\/2024\/09\/miguel-cumpre-agenda-na-zona-rural-e-leva-onda-20-ao-mutirao\/\"]}]},{\"@type\":\"ImageObject\",\"inLanguage\":\"pt-BR\",\"@id\":\"https:\/\/serrafm879.com.br\/serrafm\/2024\/09\/miguel-cumpre-agenda-na-zona-rural-e-leva-onda-20-ao-mutirao\/#primaryimage\",\"url\":\"https:\/\/serrafm879.com.br\/serrafm\/wp-content\/uploads\/2024\/09\/miguel.jpeg\",\"contentUrl\":\"https:\/\/serrafm879.com.br\/serrafm\/wp-content\/uploads\/2024\/09\/miguel.jpeg\",\"width\":1599,\"height\":1066},{\"@type\":\"BreadcrumbList\",\"@id\":\"https:\/\/serrafm879.com.br\/serrafm\/2024\/09\/miguel-cumpre-agenda-na-zona-rural-e-leva-onda-20-ao-mutirao\/#breadcrumb\",\"itemListElement\":[{\"@type\":\"ListItem\",\"position\":1,\"name\":\"In\u00edcio\",\"item\":\"https:\/\/serrafm879.com.br\/serrafm\/\"},{\"@type\":\"ListItem\",\"position\":2,\"name\":\"Miguel cumpre agenda na zona rural e leva Onda 20 ao Mutir\u00e3o\"}]},{\"@type\":\"WebSite\",\"@id\":\"https:\/\/serrafm879.com.br\/serrafm\/#website\",\"url\":\"https:\/\/serrafm879.com.br\/serrafm\/\",\"name\":\"Serra FM 87,9\",\"description\":\"O seu novo amor!\",\"potentialAction\":[{\"@type\":\"SearchAction\",\"target\":{\"@type\":\"EntryPoint\",\"urlTemplate\":\"https:\/\/serrafm879.com.br\/serrafm\/?s={search_term_string}\"},\"query-input\":{\"@type\":\"PropertyValueSpecification\",\"valueRequired\":true,\"valueName\":\"search_term_string\"}}],\"inLanguage\":\"pt-BR\"},{\"@type\":\"Person\",\"@id\":\"https:\/\/serrafm879.com.br\/serrafm\/#\/schema\/person\/c028a197030ff8b1c03c68dfba4a787a\",\"name\":\"serrafm87\",\"image\":{\"@type\":\"ImageObject\",\"inLanguage\":\"pt-BR\",\"@id\":\"https:\/\/serrafm879.com.br\/serrafm\/#\/schema\/person\/image\/\",\"url\":\"https:\/\/secure.gravatar.com\/avatar\/a743233f1112d34f48bb3dc9559b76eb930bab8b27175856cba6362608736235?s=96&d=mm&r=g\",\"contentUrl\":\"https:\/\/secure.gravatar.com\/avatar\/a743233f1112d34f48bb3dc9559b76eb930bab8b27175856cba6362608736235?s=96&d=mm&r=g\",\"caption\":\"serrafm87\"},\"sameAs\":[\"http:\/\/serrafm879.com.br\/\"],\"url\":\"https:\/\/serrafm879.com.br\/serrafm\/author\/serrafm87\/\"}]}<\/script>\n<!-- \/ Yoast SEO plugin. -->","yoast_head_json":{"title":"Miguel cumpre agenda na zona rural e leva Onda 20 ao Mutir\u00e3o - Serra FM 87,9","robots":{"index":"index","follow":"follow","max-snippet":"max-snippet:-1","max-image-preview":"max-image-preview:large","max-video-preview":"max-video-preview:-1"},"canonical":"https:\/\/serrafm879.com.br\/serrafm\/2024\/09\/miguel-cumpre-agenda-na-zona-rural-e-leva-onda-20-ao-mutirao\/","og_locale":"pt_BR","og_type":"article","og_title":"Miguel cumpre agenda na zona rural e leva Onda 20 ao Mutir\u00e3o - Serra FM 87,9","og_description":"Em ritmo acelerado na disputa pela Prefeitura de Serra Talhada, o candidato Miguel Duque (Podemos) cumpriu agenda na zona rural nesta sexta-feira (30.08). Ao lado do vice, Marcus Godoy, Miguel foi recebido por lideran\u00e7as da regi\u00e3o do S\u00e3o Louren\u00e7o. Na localidade, ele visitou as obras implantadas durante o governo do ex-prefeito Luciano Duque, a exemplo de uma passagem molhada. Al\u00e9m disso, se comprometeu em retomar o programa de perfura\u00e7\u00e3o de po\u00e7os artesianos iniciado no governo Duque, que se encontra paralisado. Com o programa de perfura\u00e7\u00e3o de po\u00e7os, o governo Duque fortaleceu a produ\u00e7\u00e3o de frutas, a exemplo da goiaba, fonte [&hellip;]","og_url":"https:\/\/serrafm879.com.br\/serrafm\/2024\/09\/miguel-cumpre-agenda-na-zona-rural-e-leva-onda-20-ao-mutirao\/","og_site_name":"Serra FM 87,9","article_published_time":"2024-09-02T12:35:30+00:00","article_modified_time":"2024-09-02T12:38:02+00:00","og_image":[{"width":1599,"height":1066,"url":"https:\/\/serrafm879.com.br\/serrafm\/wp-content\/uploads\/2024\/09\/miguel.jpeg","type":"image\/jpeg"}],"author":"serrafm87","twitter_card":"summary_large_image","twitter_misc":{"Escrito por":"serrafm87","Est. tempo de leitura":"2 minutos"},"schema":{"@context":"https:\/\/schema.org","@graph":[{"@type":"WebPage","@id":"https:\/\/serrafm879.com.br\/serrafm\/2024\/09\/miguel-cumpre-agenda-na-zona-rural-e-leva-onda-20-ao-mutirao\/","url":"https:\/\/serrafm879.com.br\/serrafm\/2024\/09\/miguel-cumpre-agenda-na-zona-rural-e-leva-onda-20-ao-mutirao\/","name":"Miguel cumpre agenda na zona rural e leva Onda 20 ao Mutir\u00e3o - Serra FM 87,9","isPartOf":{"@id":"https:\/\/serrafm879.com.br\/serrafm\/#website"},"primaryImageOfPage":{"@id":"https:\/\/serrafm879.com.br\/serrafm\/2024\/09\/miguel-cumpre-agenda-na-zona-rural-e-leva-onda-20-ao-mutirao\/#primaryimage"},"image":{"@id":"https:\/\/serrafm879.com.br\/serrafm\/2024\/09\/miguel-cumpre-agenda-na-zona-rural-e-leva-onda-20-ao-mutirao\/#primaryimage"},"thumbnailUrl":"https:\/\/serrafm879.com.br\/serrafm\/wp-content\/uploads\/2024\/09\/miguel.jpeg","datePublished":"2024-09-02T12:35:30+00:00","dateModified":"2024-09-02T12:38:02+00:00","author":{"@id":"https:\/\/serrafm879.com.br\/serrafm\/#\/schema\/person\/c028a197030ff8b1c03c68dfba4a787a"},"breadcrumb":{"@id":"https:\/\/serrafm879.com.br\/serrafm\/2024\/09\/miguel-cumpre-agenda-na-zona-rural-e-leva-onda-20-ao-mutirao\/#breadcrumb"},"inLanguage":"pt-BR","potentialAction":[{"@type":"ReadAction","target":["https:\/\/serrafm879.com.br\/serrafm\/2024\/09\/miguel-cumpre-agenda-na-zona-rural-e-leva-onda-20-ao-mutirao\/"]}]},{"@type":"ImageObject","inLanguage":"pt-BR","@id":"https:\/\/serrafm879.com.br\/serrafm\/2024\/09\/miguel-cumpre-agenda-na-zona-rural-e-leva-onda-20-ao-mutirao\/#primaryimage","url":"https:\/\/serrafm879.com.br\/serrafm\/wp-content\/uploads\/2024\/09\/miguel.jpeg","contentUrl":"https:\/\/serrafm879.com.br\/serrafm\/wp-content\/uploads\/2024\/09\/miguel.jpeg","width":1599,"height":1066},{"@type":"BreadcrumbList","@id":"https:\/\/serrafm879.com.br\/serrafm\/2024\/09\/miguel-cumpre-agenda-na-zona-rural-e-leva-onda-20-ao-mutirao\/#breadcrumb","itemListElement":[{"@type":"ListItem","position":1,"name":"In\u00edcio","item":"https:\/\/serrafm879.com.br\/serrafm\/"},{"@type":"ListItem","position":2,"name":"Miguel cumpre agenda na zona rural e leva Onda 20 ao Mutir\u00e3o"}]},{"@type":"WebSite","@id":"https:\/\/serrafm879.com.br\/serrafm\/#website","url":"https:\/\/serrafm879.com.br\/serrafm\/","name":"Serra FM 87,9","description":"O seu novo amor!","potentialAction":[{"@type":"SearchAction","target":{"@type":"EntryPoint","urlTemplate":"https:\/\/serrafm879.com.br\/serrafm\/?s={search_term_string}"},"query-input":{"@type":"PropertyValueSpecification","valueRequired":true,"valueName":"search_term_string"}}],"inLanguage":"pt-BR"},{"@type":"Person","@id":"https:\/\/serrafm879.com.br\/serrafm\/#\/schema\/person\/c028a197030ff8b1c03c68dfba4a787a","name":"serrafm87","image":{"@type":"ImageObject","inLanguage":"pt-BR","@id":"https:\/\/serrafm879.com.br\/serrafm\/#\/schema\/person\/image\/","url":"https:\/\/secure.gravatar.com\/avatar\/a743233f1112d34f48bb3dc9559b76eb930bab8b27175856cba6362608736235?s=96&d=mm&r=g","contentUrl":"https:\/\/secure.gravatar.com\/avatar\/a743233f1112d34f48bb3dc9559b76eb930bab8b27175856cba6362608736235?s=96&d=mm&r=g","caption":"serrafm87"},"sameAs":["http:\/\/serrafm879.com.br\/"],"url":"https:\/\/serrafm879.com.br\/serrafm\/author\/serrafm87\/"}]}},"jetpack_featured_media_url":"https:\/\/serrafm879.com.br\/serrafm\/wp-content\/uploads\/2024\/09\/miguel.jpeg","jetpack_shortlink":"https:\/\/wp.me\/p7HyXg-4zT","jetpack_sharing_enabled":true,"_links":{"self":[{"href":"https:\/\/serrafm879.com.br\/serrafm\/wp-json\/wp\/v2\/posts\/17601","targetHints":{"allow":["GET"]}}],"collection":[{"href":"https:\/\/serrafm879.com.br\/serrafm\/wp-json\/wp\/v2\/posts"}],"about":[{"href":"https:\/\/serrafm879.com.br\/serrafm\/wp-json\/wp\/v2\/types\/post"}],"author":[{"embeddable":true,"href":"https:\/\/serrafm879.com.br\/serrafm\/wp-json\/wp\/v2\/users\/2"}],"replies":[{"embeddable":true,"href":"https:\/\/serrafm879.com.br\/serrafm\/wp-json\/wp\/v2\/comments?post=17601"}],"version-history":[{"count":1,"href":"https:\/\/serrafm879.com.br\/serrafm\/wp-json\/wp\/v2\/posts\/17601\/revisions"}],"predecessor-version":[{"id":17603,"href":"https:\/\/serrafm879.com.br\/serrafm\/wp-json\/wp\/v2\/posts\/17601\/revisions\/17603"}],"wp:featuredmedia":[{"embeddable":true,"href":"https:\/\/serrafm879.com.br\/serrafm\/wp-json\/wp\/v2\/media\/17602"}],"wp:attachment":[{"href":"https:\/\/serrafm879.com.br\/serrafm\/wp-json\/wp\/v2\/media?parent=17601"}],"wp:term":[{"taxonomy":"category","embeddable":true,"href":"https:\/\/serrafm879.com.br\/serrafm\/wp-json\/wp\/v2\/categories?post=17601"},{"taxonomy":"post_tag","embeddable":true,"href":"https:\/\/serrafm879.com.br\/serrafm\/wp-json\/wp\/v2\/tags?post=17601"}],"curies":[{"name":"wp","href":"https:\/\/api.w.org\/{rel}","templated":true}]}}