{"id":17629,"date":"2024-09-03T22:40:20","date_gmt":"2024-09-04T01:40:20","guid":{"rendered":"https:\/?p=17629"},"modified":"2024-09-03T22:40:20","modified_gmt":"2024-09-04T01:40:20","slug":"sindicatos-e-mp-vao-receber-denuncias-de-assedio-eleitoral-no-trabalho","status":"publish","type":"post","link":"https:\/\/serrafm879.com.br\/serrafm\/2024\/09\/sindicatos-e-mp-vao-receber-denuncias-de-assedio-eleitoral-no-trabalho\/","title":{"rendered":"Sindicatos e MP v\u00e3o receber den\u00fancias de ass\u00e9dio eleitoral no trabalho"},"content":{"rendered":"<p>O ass\u00e9dio eleitoral \u00e9 crime e, desde 2022, o n\u00famero de den\u00fancias s\u00f3 tem crescido. Para evitar que um trabalhador ou servidor p\u00fablico sofra a press\u00e3o direta ou indireta dos patr\u00f5es ou dos chefes imediatos para votar em determinado candidato, as centrais sindicais lan\u00e7aram, nesta ter\u00e7a-feira (3), um aplicativo onde \u00e9 poss\u00edvel que o trabalhador denuncie essa pr\u00e1tica antidemocr\u00e1tica.<\/p>\n<p>O lan\u00e7amento ocorre em parceria com o Minist\u00e9rio P\u00fablico do Trabalho (MPT). A iniciativa partiu da Central \u00danica dos Trabalhadores (CUT), For\u00e7a Sindical, Nova Central Sindical de Trabalhadores (NCST), Uni\u00e3o Geral dos Trabalhadores (UGT), Central dos Sindicatos Brasileiros (CSB), P\u00fablica, Intersindical e MPT. A den\u00fancia pode ser feita na p\u00e1gina do F\u00f3rum das Centrais Sindicais.<\/p>\n<p>Paulo Oliveira, secret\u00e1rio de Organiza\u00e7\u00e3o e Mobiliza\u00e7\u00e3o da CSB, explicou que os trabalhadores n\u00e3o v\u00e3o precisar baixar o app. Os sites das centrais e o MPT v\u00e3o colocar em suas p\u00e1ginas o QR Code onde o trabalhador, com seu celular, poder\u00e1 acessar o canal e denunciar se estiver sendo v\u00edtima de ass\u00e9dio eleitoral no ambiente de trabalho.<\/p>\n<p>O ass\u00e9dio eleitoral, muitas vezes, ocorre de maneira sutil, segundo a procuradora do MPT Priscila Moreto, quando um empregador defende que seus funcion\u00e1rios votem em determinado candidato porque, assim, a empresa continuar\u00e1 crescendo. Caso o trabalhador n\u00e3o vote no candidato do patr\u00e3o, o empregador diz que haver\u00e1 mudan\u00e7as, quando n\u00e3o demiss\u00f5es. \u201cEssa \u00e9 uma das formas do ass\u00e9dio eleitoral\u201d, disse.<\/p>\n<p>O secret\u00e1rio nacional de Assuntos Jur\u00eddicos da CUT, Valeir Ertle, alerta que o ass\u00e9dio eleitoral \u00e9 muito forte no Brasil, at\u00e9 porque em 73% dos 5,7 mil munic\u00edpios, a popula\u00e7\u00e3o varia entre 10 e 20 mil habitantes. \u201cNessas cidades, \u00e9 muito comum que os trabalhadores conhe\u00e7am os candidatos preferidos do empregador, e a press\u00e3o para que os funcion\u00e1rios votem no candidato indicado \u00e9 muito forte. A mesma press\u00e3o, o ass\u00e9dio, ocorre com os funcion\u00e1rios das prefeituras\u201d, disse.<\/p>\n<p>O voto livre \u00e9 um direito fundamental que deve prevalecer em todas as situa\u00e7\u00f5es, de acordo com a tamb\u00e9m procuradora do trabalho Danielle Olivares Corr\u00eaa, porque, caso contr\u00e1rio, o trabalhador torna-se um instrumento dos interesses exclusivos do empregador. Ass\u00e9dio eleitoral \u00e9 crime e o MPT estar\u00e1 atento a toda e qualquer den\u00fancia que chegar pelo app.<\/p>\n<p>Nas elei\u00e7\u00f5es de 2022, as centrais sindicais e o MPT fizeram a mesma parceria de agora, e o resultado foi o recebimento de 3,5 mil den\u00fancias de ass\u00e9dio eleitoral, um percentual 1.600% maior do que o registrado nas elei\u00e7\u00f5es de 2018.<\/p>\n<p>O ass\u00e9dio eleitoral ou o \u201cvoto de cabresto\u201d n\u00e3o se v\u00ea mais nos rinc\u00f5es do pa\u00eds, onde os coron\u00e9is determinavam em qual ou quais candidatos os empregados deviam votar. Esse fen\u00f4meno cresceu e veio para os grandes centros urbanos tamb\u00e9m. Dados extra\u00eddos do sistema informatizado do MPT, em 2022 foram expedidas 1.512 recomenda\u00e7\u00f5es e ajuizadas 105 a\u00e7\u00f5es civis p\u00fablicas contra o ass\u00e9dio eleitoral.<\/p>\n<p>As centrais sindicais e o MPT disponibilizaram cartilhas para que os trabalhadores identifiquem as abordagens il\u00edcitas no ambiente de trabalho.<\/p>\n<p>Do Blog do Magno<\/p>\n","protected":false},"excerpt":{"rendered":"<p>O ass\u00e9dio eleitoral \u00e9 crime e, desde 2022, o n\u00famero de den\u00fancias s\u00f3 tem crescido. Para evitar que um trabalhador ou servidor p\u00fablico sofra a press\u00e3o direta ou indireta dos patr\u00f5es ou dos chefes imediatos para votar em determinado candidato, as centrais sindicais lan\u00e7aram, nesta ter\u00e7a-feira (3), um aplicativo onde \u00e9 poss\u00edvel que o trabalhador denuncie essa pr\u00e1tica antidemocr\u00e1tica. O lan\u00e7amento ocorre em parceria com o Minist\u00e9rio P\u00fablico do Trabalho (MPT). A iniciativa partiu da Central \u00danica dos Trabalhadores (CUT), For\u00e7a Sindical, Nova Central Sindical de Trabalhadores (NCST), Uni\u00e3o Geral dos Trabalhadores (UGT), Central dos Sindicatos Brasileiros (CSB), P\u00fablica, Intersindical [&hellip;]<\/p>\n","protected":false},"author":2,"featured_media":17630,"comment_status":"open","ping_status":"open","sticky":false,"template":"","format":"standard","meta":{"_jetpack_memberships_contains_paid_content":false,"footnotes":"","jetpack_publicize_message":"","jetpack_publicize_feature_enabled":true,"jetpack_social_post_already_shared":true,"jetpack_social_options":{"image_generator_settings":{"template":"highway","enabled":false},"version":2}},"categories":[1],"tags":[],"class_list":["post-17629","post","type-post","status-publish","format-standard","has-post-thumbnail","hentry","category-uncategorized"],"jetpack_publicize_connections":[],"yoast_head":"<!-- This site is optimized with the Yoast SEO plugin v24.7 - https:\/\/yoast.com\/wordpress\/plugins\/seo\/ -->\n<title>Sindicatos e MP v\u00e3o receber den\u00fancias de ass\u00e9dio eleitoral no trabalho - Serra FM 87,9<\/title>\n<meta name=\"robots\" content=\"index, follow, max-snippet:-1, max-image-preview:large, max-video-preview:-1\" \/>\n<link rel=\"canonical\" href=\"https:\/\/serrafm879.com.br\/serrafm\/2024\/09\/sindicatos-e-mp-vao-receber-denuncias-de-assedio-eleitoral-no-trabalho\/\" \/>\n<meta property=\"og:locale\" content=\"pt_BR\" \/>\n<meta property=\"og:type\" content=\"article\" \/>\n<meta property=\"og:title\" content=\"Sindicatos e MP v\u00e3o receber den\u00fancias de ass\u00e9dio eleitoral no trabalho - Serra FM 87,9\" \/>\n<meta property=\"og:description\" content=\"O ass\u00e9dio eleitoral \u00e9 crime e, desde 2022, o n\u00famero de den\u00fancias s\u00f3 tem crescido. Para evitar que um trabalhador ou servidor p\u00fablico sofra a press\u00e3o direta ou indireta dos patr\u00f5es ou dos chefes imediatos para votar em determinado candidato, as centrais sindicais lan\u00e7aram, nesta ter\u00e7a-feira (3), um aplicativo onde \u00e9 poss\u00edvel que o trabalhador denuncie essa pr\u00e1tica antidemocr\u00e1tica. O lan\u00e7amento ocorre em parceria com o Minist\u00e9rio P\u00fablico do Trabalho (MPT). A iniciativa partiu da Central \u00danica dos Trabalhadores (CUT), For\u00e7a Sindical, Nova Central Sindical de Trabalhadores (NCST), Uni\u00e3o Geral dos Trabalhadores (UGT), Central dos Sindicatos Brasileiros (CSB), P\u00fablica, Intersindical [&hellip;]\" \/>\n<meta property=\"og:url\" content=\"https:\/\/serrafm879.com.br\/serrafm\/2024\/09\/sindicatos-e-mp-vao-receber-denuncias-de-assedio-eleitoral-no-trabalho\/\" \/>\n<meta property=\"og:site_name\" content=\"Serra FM 87,9\" \/>\n<meta property=\"article:published_time\" content=\"2024-09-04T01:40:20+00:00\" \/>\n<meta property=\"og:image\" content=\"https:\/\/serrafm879.com.br\/serrafm\/wp-content\/uploads\/2024\/09\/lacracao-urnas-eletronicas-mcamgo-abr-210920221818-11-1-e1721490513899-1024x449-1.jpg\" \/>\n\t<meta property=\"og:image:width\" content=\"1024\" \/>\n\t<meta property=\"og:image:height\" content=\"449\" \/>\n\t<meta property=\"og:image:type\" content=\"image\/jpeg\" \/>\n<meta name=\"author\" content=\"serrafm87\" \/>\n<meta name=\"twitter:card\" content=\"summary_large_image\" \/>\n<meta name=\"twitter:label1\" content=\"Escrito por\" \/>\n\t<meta name=\"twitter:data1\" content=\"serrafm87\" \/>\n\t<meta name=\"twitter:label2\" content=\"Est. tempo de leitura\" \/>\n\t<meta name=\"twitter:data2\" content=\"3 minutos\" \/>\n<script type=\"application\/ld+json\" class=\"yoast-schema-graph\">{\"@context\":\"https:\/\/schema.org\",\"@graph\":[{\"@type\":\"WebPage\",\"@id\":\"https:\/\/serrafm879.com.br\/serrafm\/2024\/09\/sindicatos-e-mp-vao-receber-denuncias-de-assedio-eleitoral-no-trabalho\/\",\"url\":\"https:\/\/serrafm879.com.br\/serrafm\/2024\/09\/sindicatos-e-mp-vao-receber-denuncias-de-assedio-eleitoral-no-trabalho\/\",\"name\":\"Sindicatos e MP v\u00e3o receber den\u00fancias de ass\u00e9dio eleitoral no trabalho - Serra FM 87,9\",\"isPartOf\":{\"@id\":\"https:\/\/serrafm879.com.br\/serrafm\/#website\"},\"primaryImageOfPage\":{\"@id\":\"https:\/\/serrafm879.com.br\/serrafm\/2024\/09\/sindicatos-e-mp-vao-receber-denuncias-de-assedio-eleitoral-no-trabalho\/#primaryimage\"},\"image\":{\"@id\":\"https:\/\/serrafm879.com.br\/serrafm\/2024\/09\/sindicatos-e-mp-vao-receber-denuncias-de-assedio-eleitoral-no-trabalho\/#primaryimage\"},\"thumbnailUrl\":\"https:\/\/serrafm879.com.br\/serrafm\/wp-content\/uploads\/2024\/09\/lacracao-urnas-eletronicas-mcamgo-abr-210920221818-11-1-e1721490513899-1024x449-1.jpg\",\"datePublished\":\"2024-09-04T01:40:20+00:00\",\"author\":{\"@id\":\"https:\/\/serrafm879.com.br\/serrafm\/#\/schema\/person\/c028a197030ff8b1c03c68dfba4a787a\"},\"breadcrumb\":{\"@id\":\"https:\/\/serrafm879.com.br\/serrafm\/2024\/09\/sindicatos-e-mp-vao-receber-denuncias-de-assedio-eleitoral-no-trabalho\/#breadcrumb\"},\"inLanguage\":\"pt-BR\",\"potentialAction\":[{\"@type\":\"ReadAction\",\"target\":[\"https:\/\/serrafm879.com.br\/serrafm\/2024\/09\/sindicatos-e-mp-vao-receber-denuncias-de-assedio-eleitoral-no-trabalho\/\"]}]},{\"@type\":\"ImageObject\",\"inLanguage\":\"pt-BR\",\"@id\":\"https:\/\/serrafm879.com.br\/serrafm\/2024\/09\/sindicatos-e-mp-vao-receber-denuncias-de-assedio-eleitoral-no-trabalho\/#primaryimage\",\"url\":\"https:\/\/serrafm879.com.br\/serrafm\/wp-content\/uploads\/2024\/09\/lacracao-urnas-eletronicas-mcamgo-abr-210920221818-11-1-e1721490513899-1024x449-1.jpg\",\"contentUrl\":\"https:\/\/serrafm879.com.br\/serrafm\/wp-content\/uploads\/2024\/09\/lacracao-urnas-eletronicas-mcamgo-abr-210920221818-11-1-e1721490513899-1024x449-1.jpg\",\"width\":1024,\"height\":449,\"caption\":\"T\u00e9cnicos do TRE-DF realizam a confer\u00eancia e a lacra\u00e7\u00e3o de urnas eletr\u00f4nicas para o 1\u00ba turno das Elei\u00e7\u00f5es 2022.\"},{\"@type\":\"BreadcrumbList\",\"@id\":\"https:\/\/serrafm879.com.br\/serrafm\/2024\/09\/sindicatos-e-mp-vao-receber-denuncias-de-assedio-eleitoral-no-trabalho\/#breadcrumb\",\"itemListElement\":[{\"@type\":\"ListItem\",\"position\":1,\"name\":\"In\u00edcio\",\"item\":\"https:\/\/serrafm879.com.br\/serrafm\/\"},{\"@type\":\"ListItem\",\"position\":2,\"name\":\"Sindicatos e MP v\u00e3o receber den\u00fancias de ass\u00e9dio eleitoral no trabalho\"}]},{\"@type\":\"WebSite\",\"@id\":\"https:\/\/serrafm879.com.br\/serrafm\/#website\",\"url\":\"https:\/\/serrafm879.com.br\/serrafm\/\",\"name\":\"Serra FM 87,9\",\"description\":\"O seu novo amor!\",\"potentialAction\":[{\"@type\":\"SearchAction\",\"target\":{\"@type\":\"EntryPoint\",\"urlTemplate\":\"https:\/\/serrafm879.com.br\/serrafm\/?s={search_term_string}\"},\"query-input\":{\"@type\":\"PropertyValueSpecification\",\"valueRequired\":true,\"valueName\":\"search_term_string\"}}],\"inLanguage\":\"pt-BR\"},{\"@type\":\"Person\",\"@id\":\"https:\/\/serrafm879.com.br\/serrafm\/#\/schema\/person\/c028a197030ff8b1c03c68dfba4a787a\",\"name\":\"serrafm87\",\"image\":{\"@type\":\"ImageObject\",\"inLanguage\":\"pt-BR\",\"@id\":\"https:\/\/serrafm879.com.br\/serrafm\/#\/schema\/person\/image\/\",\"url\":\"https:\/\/secure.gravatar.com\/avatar\/a743233f1112d34f48bb3dc9559b76eb930bab8b27175856cba6362608736235?s=96&d=mm&r=g\",\"contentUrl\":\"https:\/\/secure.gravatar.com\/avatar\/a743233f1112d34f48bb3dc9559b76eb930bab8b27175856cba6362608736235?s=96&d=mm&r=g\",\"caption\":\"serrafm87\"},\"sameAs\":[\"http:\/\/serrafm879.com.br\/\"],\"url\":\"https:\/\/serrafm879.com.br\/serrafm\/author\/serrafm87\/\"}]}<\/script>\n<!-- \/ Yoast SEO plugin. -->","yoast_head_json":{"title":"Sindicatos e MP v\u00e3o receber den\u00fancias de ass\u00e9dio eleitoral no trabalho - Serra FM 87,9","robots":{"index":"index","follow":"follow","max-snippet":"max-snippet:-1","max-image-preview":"max-image-preview:large","max-video-preview":"max-video-preview:-1"},"canonical":"https:\/\/serrafm879.com.br\/serrafm\/2024\/09\/sindicatos-e-mp-vao-receber-denuncias-de-assedio-eleitoral-no-trabalho\/","og_locale":"pt_BR","og_type":"article","og_title":"Sindicatos e MP v\u00e3o receber den\u00fancias de ass\u00e9dio eleitoral no trabalho - Serra FM 87,9","og_description":"O ass\u00e9dio eleitoral \u00e9 crime e, desde 2022, o n\u00famero de den\u00fancias s\u00f3 tem crescido. Para evitar que um trabalhador ou servidor p\u00fablico sofra a press\u00e3o direta ou indireta dos patr\u00f5es ou dos chefes imediatos para votar em determinado candidato, as centrais sindicais lan\u00e7aram, nesta ter\u00e7a-feira (3), um aplicativo onde \u00e9 poss\u00edvel que o trabalhador denuncie essa pr\u00e1tica antidemocr\u00e1tica. O lan\u00e7amento ocorre em parceria com o Minist\u00e9rio P\u00fablico do Trabalho (MPT). A iniciativa partiu da Central \u00danica dos Trabalhadores (CUT), For\u00e7a Sindical, Nova Central Sindical de Trabalhadores (NCST), Uni\u00e3o Geral dos Trabalhadores (UGT), Central dos Sindicatos Brasileiros (CSB), P\u00fablica, Intersindical [&hellip;]","og_url":"https:\/\/serrafm879.com.br\/serrafm\/2024\/09\/sindicatos-e-mp-vao-receber-denuncias-de-assedio-eleitoral-no-trabalho\/","og_site_name":"Serra FM 87,9","article_published_time":"2024-09-04T01:40:20+00:00","og_image":[{"width":1024,"height":449,"url":"https:\/\/serrafm879.com.br\/serrafm\/wp-content\/uploads\/2024\/09\/lacracao-urnas-eletronicas-mcamgo-abr-210920221818-11-1-e1721490513899-1024x449-1.jpg","type":"image\/jpeg"}],"author":"serrafm87","twitter_card":"summary_large_image","twitter_misc":{"Escrito por":"serrafm87","Est. tempo de leitura":"3 minutos"},"schema":{"@context":"https:\/\/schema.org","@graph":[{"@type":"WebPage","@id":"https:\/\/serrafm879.com.br\/serrafm\/2024\/09\/sindicatos-e-mp-vao-receber-denuncias-de-assedio-eleitoral-no-trabalho\/","url":"https:\/\/serrafm879.com.br\/serrafm\/2024\/09\/sindicatos-e-mp-vao-receber-denuncias-de-assedio-eleitoral-no-trabalho\/","name":"Sindicatos e MP v\u00e3o receber den\u00fancias de ass\u00e9dio eleitoral no trabalho - Serra FM 87,9","isPartOf":{"@id":"https:\/\/serrafm879.com.br\/serrafm\/#website"},"primaryImageOfPage":{"@id":"https:\/\/serrafm879.com.br\/serrafm\/2024\/09\/sindicatos-e-mp-vao-receber-denuncias-de-assedio-eleitoral-no-trabalho\/#primaryimage"},"image":{"@id":"https:\/\/serrafm879.com.br\/serrafm\/2024\/09\/sindicatos-e-mp-vao-receber-denuncias-de-assedio-eleitoral-no-trabalho\/#primaryimage"},"thumbnailUrl":"https:\/\/serrafm879.com.br\/serrafm\/wp-content\/uploads\/2024\/09\/lacracao-urnas-eletronicas-mcamgo-abr-210920221818-11-1-e1721490513899-1024x449-1.jpg","datePublished":"2024-09-04T01:40:20+00:00","author":{"@id":"https:\/\/serrafm879.com.br\/serrafm\/#\/schema\/person\/c028a197030ff8b1c03c68dfba4a787a"},"breadcrumb":{"@id":"https:\/\/serrafm879.com.br\/serrafm\/2024\/09\/sindicatos-e-mp-vao-receber-denuncias-de-assedio-eleitoral-no-trabalho\/#breadcrumb"},"inLanguage":"pt-BR","potentialAction":[{"@type":"ReadAction","target":["https:\/\/serrafm879.com.br\/serrafm\/2024\/09\/sindicatos-e-mp-vao-receber-denuncias-de-assedio-eleitoral-no-trabalho\/"]}]},{"@type":"ImageObject","inLanguage":"pt-BR","@id":"https:\/\/serrafm879.com.br\/serrafm\/2024\/09\/sindicatos-e-mp-vao-receber-denuncias-de-assedio-eleitoral-no-trabalho\/#primaryimage","url":"https:\/\/serrafm879.com.br\/serrafm\/wp-content\/uploads\/2024\/09\/lacracao-urnas-eletronicas-mcamgo-abr-210920221818-11-1-e1721490513899-1024x449-1.jpg","contentUrl":"https:\/\/serrafm879.com.br\/serrafm\/wp-content\/uploads\/2024\/09\/lacracao-urnas-eletronicas-mcamgo-abr-210920221818-11-1-e1721490513899-1024x449-1.jpg","width":1024,"height":449,"caption":"T\u00e9cnicos do TRE-DF realizam a confer\u00eancia e a lacra\u00e7\u00e3o de urnas eletr\u00f4nicas para o 1\u00ba turno das Elei\u00e7\u00f5es 2022."},{"@type":"BreadcrumbList","@id":"https:\/\/serrafm879.com.br\/serrafm\/2024\/09\/sindicatos-e-mp-vao-receber-denuncias-de-assedio-eleitoral-no-trabalho\/#breadcrumb","itemListElement":[{"@type":"ListItem","position":1,"name":"In\u00edcio","item":"https:\/\/serrafm879.com.br\/serrafm\/"},{"@type":"ListItem","position":2,"name":"Sindicatos e MP v\u00e3o receber den\u00fancias de ass\u00e9dio eleitoral no trabalho"}]},{"@type":"WebSite","@id":"https:\/\/serrafm879.com.br\/serrafm\/#website","url":"https:\/\/serrafm879.com.br\/serrafm\/","name":"Serra FM 87,9","description":"O seu novo amor!","potentialAction":[{"@type":"SearchAction","target":{"@type":"EntryPoint","urlTemplate":"https:\/\/serrafm879.com.br\/serrafm\/?s={search_term_string}"},"query-input":{"@type":"PropertyValueSpecification","valueRequired":true,"valueName":"search_term_string"}}],"inLanguage":"pt-BR"},{"@type":"Person","@id":"https:\/\/serrafm879.com.br\/serrafm\/#\/schema\/person\/c028a197030ff8b1c03c68dfba4a787a","name":"serrafm87","image":{"@type":"ImageObject","inLanguage":"pt-BR","@id":"https:\/\/serrafm879.com.br\/serrafm\/#\/schema\/person\/image\/","url":"https:\/\/secure.gravatar.com\/avatar\/a743233f1112d34f48bb3dc9559b76eb930bab8b27175856cba6362608736235?s=96&d=mm&r=g","contentUrl":"https:\/\/secure.gravatar.com\/avatar\/a743233f1112d34f48bb3dc9559b76eb930bab8b27175856cba6362608736235?s=96&d=mm&r=g","caption":"serrafm87"},"sameAs":["http:\/\/serrafm879.com.br\/"],"url":"https:\/\/serrafm879.com.br\/serrafm\/author\/serrafm87\/"}]}},"jetpack_featured_media_url":"https:\/\/serrafm879.com.br\/serrafm\/wp-content\/uploads\/2024\/09\/lacracao-urnas-eletronicas-mcamgo-abr-210920221818-11-1-e1721490513899-1024x449-1.jpg","jetpack_shortlink":"https:\/\/wp.me\/p7HyXg-4Al","jetpack_sharing_enabled":true,"_links":{"self":[{"href":"https:\/\/serrafm879.com.br\/serrafm\/wp-json\/wp\/v2\/posts\/17629","targetHints":{"allow":["GET"]}}],"collection":[{"href":"https:\/\/serrafm879.com.br\/serrafm\/wp-json\/wp\/v2\/posts"}],"about":[{"href":"https:\/\/serrafm879.com.br\/serrafm\/wp-json\/wp\/v2\/types\/post"}],"author":[{"embeddable":true,"href":"https:\/\/serrafm879.com.br\/serrafm\/wp-json\/wp\/v2\/users\/2"}],"replies":[{"embeddable":true,"href":"https:\/\/serrafm879.com.br\/serrafm\/wp-json\/wp\/v2\/comments?post=17629"}],"version-history":[{"count":1,"href":"https:\/\/serrafm879.com.br\/serrafm\/wp-json\/wp\/v2\/posts\/17629\/revisions"}],"predecessor-version":[{"id":17631,"href":"https:\/\/serrafm879.com.br\/serrafm\/wp-json\/wp\/v2\/posts\/17629\/revisions\/17631"}],"wp:featuredmedia":[{"embeddable":true,"href":"https:\/\/serrafm879.com.br\/serrafm\/wp-json\/wp\/v2\/media\/17630"}],"wp:attachment":[{"href":"https:\/\/serrafm879.com.br\/serrafm\/wp-json\/wp\/v2\/media?parent=17629"}],"wp:term":[{"taxonomy":"category","embeddable":true,"href":"https:\/\/serrafm879.com.br\/serrafm\/wp-json\/wp\/v2\/categories?post=17629"},{"taxonomy":"post_tag","embeddable":true,"href":"https:\/\/serrafm879.com.br\/serrafm\/wp-json\/wp\/v2\/tags?post=17629"}],"curies":[{"name":"wp","href":"https:\/\/api.w.org\/{rel}","templated":true}]}}