{"id":17633,"date":"2024-09-04T22:24:36","date_gmt":"2024-09-05T01:24:36","guid":{"rendered":"https:\/?p=17633"},"modified":"2024-09-05T08:48:22","modified_gmt":"2024-09-05T11:48:22","slug":"mototaxista-volta-para-casa-a-pe-apos-ter-motocicleta-apreendida-em-st","status":"publish","type":"post","link":"https:\/\/serrafm879.com.br\/serrafm\/2024\/09\/mototaxista-volta-para-casa-a-pe-apos-ter-motocicleta-apreendida-em-st\/","title":{"rendered":"Mototaxista volta para casa a p\u00e9 ap\u00f3s ter motocicleta apreendida em ST"},"content":{"rendered":"<p>Na noite desta quarta-feira (4), o mototaxista, morador do bairro CAGEP, Rom\u00e1rio Frank, de 31 anos, teve que voltar a p\u00e9 para casa ap\u00f3s ter motocicleta aprendida pela PRF durante abordagem.<\/p>\n<p>Rom\u00e1rio\u00a0 trabalhava quando foi parado pela PRF nas imedia\u00e7\u00f5es da Esta\u00e7\u00e3o do Forr\u00f3. Ele disse \u00e0 pol\u00edcia que estava indo buscar um cliente no Borborema.<\/p>\n<p>Os agentes solicitaram CNH e disseram para aguardar um instante enquanto faziam consulta \u00e0 placa.<\/p>\n<p>No momento, Rom\u00e1rio explicou que havia uma multa no valor de 362 reais registrada em Palmeira dos \u00cdndios, em Alagoas, cidade na qual ele nunca foi.<\/p>\n<p>Com a moto apreendida, Rom\u00e1rio teve que voltar a p\u00e9 para casa e cancelar todas as corridas. A recupera\u00e7\u00e3o da ferramenta de trabalho s\u00f3 vai ser poss\u00edvel se Rom\u00e1rio quitar a multa.<\/p>\n<p>Em conversa com a reportagem da Serra FM, Rom\u00e1rio Frank explicou que a multa apareceu em 2022, houve o per\u00edodo de tramita\u00e7\u00e3o, mas ele acabou perdendo o prazo para recorrer, restou como \u00faltima op\u00e7\u00e3o, pagar o valor total.<\/p>\n<p>&#8220;Eles s\u00f3 pediram minha habilita\u00e7\u00e3o, a CNH, eu apresentei a CNH, a\u00ed eles perguntam se a moto estava em dias, eu disse que estava em dias, a\u00ed ele disse que ia consultar a placa. A\u00ed quando ele foi consultar a placa, ele disse que ia consultar a placa, eu digo, provavelmente o que pode constar nela \u00e9 uma multa que estava em tramita\u00e7\u00e3o e ela pode estar atrasada. A\u00ed ele disse que a mota ia ser apreendida por causa que estava mostrando que tinha um atraso nela, n\u00e9, mas s\u00f3 que eu atrasei a multa, eu tenho a certeza que eu paguei o documento dela&#8221;, explicou Rom\u00e1rio.<\/p>\n<p>&nbsp;<\/p>\n<p>&#8220;Eu falei pra ele, n\u00e9, que eu estava nessa hora, eu estava trabalhando, n\u00e9, ia pegar um cliente no Borborema, a\u00ed quando ele disse, tu vai pegar um cliente? N\u00e3o, mas eu vou olhar aqui, a\u00ed demorou um pouco, e quando foi pra me liberar, levaram foi a moto&#8221;, declarou Rom\u00e1rio Frank em conversa com a Serra FM.<\/p>\n<p>&nbsp;<\/p>\n<p>&#8220;Falei, eu expliquei tudo l\u00e1, ele l\u00e1, expliquei de todo jeito, n\u00e9, e at\u00e9 um certo momento eu pensei que eles iam liberar, por causa que eu j\u00e1 fui parado em outras blitz, j\u00e1 fui parado na militar, pra ele j\u00e1 ver, ver minha habilita\u00e7\u00e3o e puxar a placa e ver, que realmente a placa consta que est\u00e1 paga, s\u00f3 que consta essa multa, n\u00e9, e at\u00e9 um certo momento eu pensei que por causa da multa, a multa n\u00e3o poderia ser apreendida&#8221;.<\/p>\n<p>&nbsp;<\/p>\n<p>www.serratalhada.com.br<\/p>\n","protected":false},"excerpt":{"rendered":"<p>Na noite desta quarta-feira (4), o mototaxista, morador do bairro CAGEP, Rom\u00e1rio Frank, de 31 anos, teve que voltar a p\u00e9 para casa ap\u00f3s ter motocicleta aprendida pela PRF durante abordagem. Rom\u00e1rio\u00a0 trabalhava quando foi parado pela PRF nas imedia\u00e7\u00f5es da Esta\u00e7\u00e3o do Forr\u00f3. Ele disse \u00e0 pol\u00edcia que estava indo buscar um cliente no Borborema. Os agentes solicitaram CNH e disseram para aguardar um instante enquanto faziam consulta \u00e0 placa. No momento, Rom\u00e1rio explicou que havia uma multa no valor de 362 reais registrada em Palmeira dos \u00cdndios, em Alagoas, cidade na qual ele nunca foi. Com a moto [&hellip;]<\/p>\n","protected":false},"author":2,"featured_media":17634,"comment_status":"open","ping_status":"open","sticky":false,"template":"","format":"standard","meta":{"_jetpack_memberships_contains_paid_content":false,"footnotes":"","jetpack_publicize_message":"","jetpack_publicize_feature_enabled":true,"jetpack_social_post_already_shared":true,"jetpack_social_options":{"image_generator_settings":{"template":"highway","enabled":false},"version":2}},"categories":[1],"tags":[],"class_list":["post-17633","post","type-post","status-publish","format-standard","has-post-thumbnail","hentry","category-uncategorized"],"jetpack_publicize_connections":[],"yoast_head":"<!-- This site is optimized with the Yoast SEO plugin v24.7 - https:\/\/yoast.com\/wordpress\/plugins\/seo\/ -->\n<title>Mototaxista volta para casa a p\u00e9 ap\u00f3s ter motocicleta apreendida em ST - Serra FM 87,9<\/title>\n<meta name=\"robots\" content=\"index, follow, max-snippet:-1, max-image-preview:large, max-video-preview:-1\" \/>\n<link rel=\"canonical\" href=\"https:\/\/serrafm879.com.br\/serrafm\/2024\/09\/mototaxista-volta-para-casa-a-pe-apos-ter-motocicleta-apreendida-em-st\/\" \/>\n<meta property=\"og:locale\" content=\"pt_BR\" \/>\n<meta property=\"og:type\" content=\"article\" \/>\n<meta property=\"og:title\" content=\"Mototaxista volta para casa a p\u00e9 ap\u00f3s ter motocicleta apreendida em ST - Serra FM 87,9\" \/>\n<meta property=\"og:description\" content=\"Na noite desta quarta-feira (4), o mototaxista, morador do bairro CAGEP, Rom\u00e1rio Frank, de 31 anos, teve que voltar a p\u00e9 para casa ap\u00f3s ter motocicleta aprendida pela PRF durante abordagem. Rom\u00e1rio\u00a0 trabalhava quando foi parado pela PRF nas imedia\u00e7\u00f5es da Esta\u00e7\u00e3o do Forr\u00f3. Ele disse \u00e0 pol\u00edcia que estava indo buscar um cliente no Borborema. Os agentes solicitaram CNH e disseram para aguardar um instante enquanto faziam consulta \u00e0 placa. No momento, Rom\u00e1rio explicou que havia uma multa no valor de 362 reais registrada em Palmeira dos \u00cdndios, em Alagoas, cidade na qual ele nunca foi. Com a moto [&hellip;]\" \/>\n<meta property=\"og:url\" content=\"https:\/\/serrafm879.com.br\/serrafm\/2024\/09\/mototaxista-volta-para-casa-a-pe-apos-ter-motocicleta-apreendida-em-st\/\" \/>\n<meta property=\"og:site_name\" content=\"Serra FM 87,9\" \/>\n<meta property=\"article:published_time\" content=\"2024-09-05T01:24:36+00:00\" \/>\n<meta property=\"article:modified_time\" content=\"2024-09-05T11:48:22+00:00\" \/>\n<meta property=\"og:image\" content=\"https:\/\/serrafm879.com.br\/serrafm\/wp-content\/uploads\/2024\/09\/IMG_20240904_222213.png\" \/>\n\t<meta property=\"og:image:width\" content=\"1080\" \/>\n\t<meta property=\"og:image:height\" content=\"1166\" \/>\n\t<meta property=\"og:image:type\" content=\"image\/png\" \/>\n<meta name=\"author\" content=\"serrafm87\" \/>\n<meta name=\"twitter:card\" content=\"summary_large_image\" \/>\n<meta name=\"twitter:label1\" content=\"Escrito por\" \/>\n\t<meta name=\"twitter:data1\" content=\"serrafm87\" \/>\n\t<meta name=\"twitter:label2\" content=\"Est. tempo de leitura\" \/>\n\t<meta name=\"twitter:data2\" content=\"3 minutos\" \/>\n<script type=\"application\/ld+json\" class=\"yoast-schema-graph\">{\"@context\":\"https:\/\/schema.org\",\"@graph\":[{\"@type\":\"WebPage\",\"@id\":\"https:\/\/serrafm879.com.br\/serrafm\/2024\/09\/mototaxista-volta-para-casa-a-pe-apos-ter-motocicleta-apreendida-em-st\/\",\"url\":\"https:\/\/serrafm879.com.br\/serrafm\/2024\/09\/mototaxista-volta-para-casa-a-pe-apos-ter-motocicleta-apreendida-em-st\/\",\"name\":\"Mototaxista volta para casa a p\u00e9 ap\u00f3s ter motocicleta apreendida em ST - Serra FM 87,9\",\"isPartOf\":{\"@id\":\"https:\/\/serrafm879.com.br\/serrafm\/#website\"},\"primaryImageOfPage\":{\"@id\":\"https:\/\/serrafm879.com.br\/serrafm\/2024\/09\/mototaxista-volta-para-casa-a-pe-apos-ter-motocicleta-apreendida-em-st\/#primaryimage\"},\"image\":{\"@id\":\"https:\/\/serrafm879.com.br\/serrafm\/2024\/09\/mototaxista-volta-para-casa-a-pe-apos-ter-motocicleta-apreendida-em-st\/#primaryimage\"},\"thumbnailUrl\":\"https:\/\/serrafm879.com.br\/serrafm\/wp-content\/uploads\/2024\/09\/IMG_20240904_222213.png\",\"datePublished\":\"2024-09-05T01:24:36+00:00\",\"dateModified\":\"2024-09-05T11:48:22+00:00\",\"author\":{\"@id\":\"https:\/\/serrafm879.com.br\/serrafm\/#\/schema\/person\/c028a197030ff8b1c03c68dfba4a787a\"},\"breadcrumb\":{\"@id\":\"https:\/\/serrafm879.com.br\/serrafm\/2024\/09\/mototaxista-volta-para-casa-a-pe-apos-ter-motocicleta-apreendida-em-st\/#breadcrumb\"},\"inLanguage\":\"pt-BR\",\"potentialAction\":[{\"@type\":\"ReadAction\",\"target\":[\"https:\/\/serrafm879.com.br\/serrafm\/2024\/09\/mototaxista-volta-para-casa-a-pe-apos-ter-motocicleta-apreendida-em-st\/\"]}]},{\"@type\":\"ImageObject\",\"inLanguage\":\"pt-BR\",\"@id\":\"https:\/\/serrafm879.com.br\/serrafm\/2024\/09\/mototaxista-volta-para-casa-a-pe-apos-ter-motocicleta-apreendida-em-st\/#primaryimage\",\"url\":\"https:\/\/serrafm879.com.br\/serrafm\/wp-content\/uploads\/2024\/09\/IMG_20240904_222213.png\",\"contentUrl\":\"https:\/\/serrafm879.com.br\/serrafm\/wp-content\/uploads\/2024\/09\/IMG_20240904_222213.png\",\"width\":1080,\"height\":1166},{\"@type\":\"BreadcrumbList\",\"@id\":\"https:\/\/serrafm879.com.br\/serrafm\/2024\/09\/mototaxista-volta-para-casa-a-pe-apos-ter-motocicleta-apreendida-em-st\/#breadcrumb\",\"itemListElement\":[{\"@type\":\"ListItem\",\"position\":1,\"name\":\"In\u00edcio\",\"item\":\"https:\/\/serrafm879.com.br\/serrafm\/\"},{\"@type\":\"ListItem\",\"position\":2,\"name\":\"Mototaxista volta para casa a p\u00e9 ap\u00f3s ter motocicleta apreendida em ST\"}]},{\"@type\":\"WebSite\",\"@id\":\"https:\/\/serrafm879.com.br\/serrafm\/#website\",\"url\":\"https:\/\/serrafm879.com.br\/serrafm\/\",\"name\":\"Serra FM 87,9\",\"description\":\"O seu novo amor!\",\"potentialAction\":[{\"@type\":\"SearchAction\",\"target\":{\"@type\":\"EntryPoint\",\"urlTemplate\":\"https:\/\/serrafm879.com.br\/serrafm\/?s={search_term_string}\"},\"query-input\":{\"@type\":\"PropertyValueSpecification\",\"valueRequired\":true,\"valueName\":\"search_term_string\"}}],\"inLanguage\":\"pt-BR\"},{\"@type\":\"Person\",\"@id\":\"https:\/\/serrafm879.com.br\/serrafm\/#\/schema\/person\/c028a197030ff8b1c03c68dfba4a787a\",\"name\":\"serrafm87\",\"image\":{\"@type\":\"ImageObject\",\"inLanguage\":\"pt-BR\",\"@id\":\"https:\/\/serrafm879.com.br\/serrafm\/#\/schema\/person\/image\/\",\"url\":\"https:\/\/secure.gravatar.com\/avatar\/a743233f1112d34f48bb3dc9559b76eb930bab8b27175856cba6362608736235?s=96&d=mm&r=g\",\"contentUrl\":\"https:\/\/secure.gravatar.com\/avatar\/a743233f1112d34f48bb3dc9559b76eb930bab8b27175856cba6362608736235?s=96&d=mm&r=g\",\"caption\":\"serrafm87\"},\"sameAs\":[\"http:\/\/serrafm879.com.br\/\"],\"url\":\"https:\/\/serrafm879.com.br\/serrafm\/author\/serrafm87\/\"}]}<\/script>\n<!-- \/ Yoast SEO plugin. -->","yoast_head_json":{"title":"Mototaxista volta para casa a p\u00e9 ap\u00f3s ter motocicleta apreendida em ST - Serra FM 87,9","robots":{"index":"index","follow":"follow","max-snippet":"max-snippet:-1","max-image-preview":"max-image-preview:large","max-video-preview":"max-video-preview:-1"},"canonical":"https:\/\/serrafm879.com.br\/serrafm\/2024\/09\/mototaxista-volta-para-casa-a-pe-apos-ter-motocicleta-apreendida-em-st\/","og_locale":"pt_BR","og_type":"article","og_title":"Mototaxista volta para casa a p\u00e9 ap\u00f3s ter motocicleta apreendida em ST - Serra FM 87,9","og_description":"Na noite desta quarta-feira (4), o mototaxista, morador do bairro CAGEP, Rom\u00e1rio Frank, de 31 anos, teve que voltar a p\u00e9 para casa ap\u00f3s ter motocicleta aprendida pela PRF durante abordagem. Rom\u00e1rio\u00a0 trabalhava quando foi parado pela PRF nas imedia\u00e7\u00f5es da Esta\u00e7\u00e3o do Forr\u00f3. Ele disse \u00e0 pol\u00edcia que estava indo buscar um cliente no Borborema. Os agentes solicitaram CNH e disseram para aguardar um instante enquanto faziam consulta \u00e0 placa. No momento, Rom\u00e1rio explicou que havia uma multa no valor de 362 reais registrada em Palmeira dos \u00cdndios, em Alagoas, cidade na qual ele nunca foi. Com a moto [&hellip;]","og_url":"https:\/\/serrafm879.com.br\/serrafm\/2024\/09\/mototaxista-volta-para-casa-a-pe-apos-ter-motocicleta-apreendida-em-st\/","og_site_name":"Serra FM 87,9","article_published_time":"2024-09-05T01:24:36+00:00","article_modified_time":"2024-09-05T11:48:22+00:00","og_image":[{"width":1080,"height":1166,"url":"https:\/\/serrafm879.com.br\/serrafm\/wp-content\/uploads\/2024\/09\/IMG_20240904_222213.png","type":"image\/png"}],"author":"serrafm87","twitter_card":"summary_large_image","twitter_misc":{"Escrito por":"serrafm87","Est. tempo de leitura":"3 minutos"},"schema":{"@context":"https:\/\/schema.org","@graph":[{"@type":"WebPage","@id":"https:\/\/serrafm879.com.br\/serrafm\/2024\/09\/mototaxista-volta-para-casa-a-pe-apos-ter-motocicleta-apreendida-em-st\/","url":"https:\/\/serrafm879.com.br\/serrafm\/2024\/09\/mototaxista-volta-para-casa-a-pe-apos-ter-motocicleta-apreendida-em-st\/","name":"Mototaxista volta para casa a p\u00e9 ap\u00f3s ter motocicleta apreendida em ST - Serra FM 87,9","isPartOf":{"@id":"https:\/\/serrafm879.com.br\/serrafm\/#website"},"primaryImageOfPage":{"@id":"https:\/\/serrafm879.com.br\/serrafm\/2024\/09\/mototaxista-volta-para-casa-a-pe-apos-ter-motocicleta-apreendida-em-st\/#primaryimage"},"image":{"@id":"https:\/\/serrafm879.com.br\/serrafm\/2024\/09\/mototaxista-volta-para-casa-a-pe-apos-ter-motocicleta-apreendida-em-st\/#primaryimage"},"thumbnailUrl":"https:\/\/serrafm879.com.br\/serrafm\/wp-content\/uploads\/2024\/09\/IMG_20240904_222213.png","datePublished":"2024-09-05T01:24:36+00:00","dateModified":"2024-09-05T11:48:22+00:00","author":{"@id":"https:\/\/serrafm879.com.br\/serrafm\/#\/schema\/person\/c028a197030ff8b1c03c68dfba4a787a"},"breadcrumb":{"@id":"https:\/\/serrafm879.com.br\/serrafm\/2024\/09\/mototaxista-volta-para-casa-a-pe-apos-ter-motocicleta-apreendida-em-st\/#breadcrumb"},"inLanguage":"pt-BR","potentialAction":[{"@type":"ReadAction","target":["https:\/\/serrafm879.com.br\/serrafm\/2024\/09\/mototaxista-volta-para-casa-a-pe-apos-ter-motocicleta-apreendida-em-st\/"]}]},{"@type":"ImageObject","inLanguage":"pt-BR","@id":"https:\/\/serrafm879.com.br\/serrafm\/2024\/09\/mototaxista-volta-para-casa-a-pe-apos-ter-motocicleta-apreendida-em-st\/#primaryimage","url":"https:\/\/serrafm879.com.br\/serrafm\/wp-content\/uploads\/2024\/09\/IMG_20240904_222213.png","contentUrl":"https:\/\/serrafm879.com.br\/serrafm\/wp-content\/uploads\/2024\/09\/IMG_20240904_222213.png","width":1080,"height":1166},{"@type":"BreadcrumbList","@id":"https:\/\/serrafm879.com.br\/serrafm\/2024\/09\/mototaxista-volta-para-casa-a-pe-apos-ter-motocicleta-apreendida-em-st\/#breadcrumb","itemListElement":[{"@type":"ListItem","position":1,"name":"In\u00edcio","item":"https:\/\/serrafm879.com.br\/serrafm\/"},{"@type":"ListItem","position":2,"name":"Mototaxista volta para casa a p\u00e9 ap\u00f3s ter motocicleta apreendida em ST"}]},{"@type":"WebSite","@id":"https:\/\/serrafm879.com.br\/serrafm\/#website","url":"https:\/\/serrafm879.com.br\/serrafm\/","name":"Serra FM 87,9","description":"O seu novo amor!","potentialAction":[{"@type":"SearchAction","target":{"@type":"EntryPoint","urlTemplate":"https:\/\/serrafm879.com.br\/serrafm\/?s={search_term_string}"},"query-input":{"@type":"PropertyValueSpecification","valueRequired":true,"valueName":"search_term_string"}}],"inLanguage":"pt-BR"},{"@type":"Person","@id":"https:\/\/serrafm879.com.br\/serrafm\/#\/schema\/person\/c028a197030ff8b1c03c68dfba4a787a","name":"serrafm87","image":{"@type":"ImageObject","inLanguage":"pt-BR","@id":"https:\/\/serrafm879.com.br\/serrafm\/#\/schema\/person\/image\/","url":"https:\/\/secure.gravatar.com\/avatar\/a743233f1112d34f48bb3dc9559b76eb930bab8b27175856cba6362608736235?s=96&d=mm&r=g","contentUrl":"https:\/\/secure.gravatar.com\/avatar\/a743233f1112d34f48bb3dc9559b76eb930bab8b27175856cba6362608736235?s=96&d=mm&r=g","caption":"serrafm87"},"sameAs":["http:\/\/serrafm879.com.br\/"],"url":"https:\/\/serrafm879.com.br\/serrafm\/author\/serrafm87\/"}]}},"jetpack_featured_media_url":"https:\/\/serrafm879.com.br\/serrafm\/wp-content\/uploads\/2024\/09\/IMG_20240904_222213.png","jetpack_shortlink":"https:\/\/wp.me\/p7HyXg-4Ap","jetpack_sharing_enabled":true,"_links":{"self":[{"href":"https:\/\/serrafm879.com.br\/serrafm\/wp-json\/wp\/v2\/posts\/17633","targetHints":{"allow":["GET"]}}],"collection":[{"href":"https:\/\/serrafm879.com.br\/serrafm\/wp-json\/wp\/v2\/posts"}],"about":[{"href":"https:\/\/serrafm879.com.br\/serrafm\/wp-json\/wp\/v2\/types\/post"}],"author":[{"embeddable":true,"href":"https:\/\/serrafm879.com.br\/serrafm\/wp-json\/wp\/v2\/users\/2"}],"replies":[{"embeddable":true,"href":"https:\/\/serrafm879.com.br\/serrafm\/wp-json\/wp\/v2\/comments?post=17633"}],"version-history":[{"count":3,"href":"https:\/\/serrafm879.com.br\/serrafm\/wp-json\/wp\/v2\/posts\/17633\/revisions"}],"predecessor-version":[{"id":17638,"href":"https:\/\/serrafm879.com.br\/serrafm\/wp-json\/wp\/v2\/posts\/17633\/revisions\/17638"}],"wp:featuredmedia":[{"embeddable":true,"href":"https:\/\/serrafm879.com.br\/serrafm\/wp-json\/wp\/v2\/media\/17634"}],"wp:attachment":[{"href":"https:\/\/serrafm879.com.br\/serrafm\/wp-json\/wp\/v2\/media?parent=17633"}],"wp:term":[{"taxonomy":"category","embeddable":true,"href":"https:\/\/serrafm879.com.br\/serrafm\/wp-json\/wp\/v2\/categories?post=17633"},{"taxonomy":"post_tag","embeddable":true,"href":"https:\/\/serrafm879.com.br\/serrafm\/wp-json\/wp\/v2\/tags?post=17633"}],"curies":[{"name":"wp","href":"https:\/\/api.w.org\/{rel}","templated":true}]}}