{"id":17642,"date":"2024-09-05T10:29:47","date_gmt":"2024-09-05T13:29:47","guid":{"rendered":"https:\/?p=17642"},"modified":"2024-09-05T10:29:47","modified_gmt":"2024-09-05T13:29:47","slug":"prefeito-culpa-governo-federal-por-escola-parada","status":"publish","type":"post","link":"https:\/\/serrafm879.com.br\/serrafm\/2024\/09\/prefeito-culpa-governo-federal-por-escola-parada\/","title":{"rendered":"Prefeito culpa governo federal por escola parada"},"content":{"rendered":"<p>Da\u00a0<strong>Assessoria<\/strong><\/p>\n<p>Nos \u00faltimos dias, um v\u00eddeo da campanha de Dr. Eduardo Melo, ex-prefeito e candidato nas pr\u00f3ximas elei\u00e7\u00f5es, levantou uma discuss\u00e3o importante em\u00a0<a href=\"https:\/\/faroldenoticias.com.br\/categoria\/pernambuco\/\">Triunfo<\/a>. No v\u00eddeo, Dr. Ant\u00f4nio Melo, filho de Eduardo e presidente do Podemos na cidade, denuncia o abandono de uma obra que deveria ser uma escola. Ele diz que a constru\u00e7\u00e3o est\u00e1 parada h\u00e1 muito tempo, sem ser terminada, e que isso desperdi\u00e7a o dinheiro da popula\u00e7\u00e3o.<\/p>\n<p>Dr. Ant\u00f4nio critica o prefeito Luciano Bonfim por n\u00e3o ter conclu\u00eddo a escola, mesmo depois de j\u00e1 terem gasto muito dinheiro. Para ele, isso mostra que a gest\u00e3o atual n\u00e3o \u00e9 eficiente e n\u00e3o consegue terminar projetos importantes para a cidade.<\/p>\n<p>O prefeito Luciano Bonfim respondeu com um v\u00eddeo, dizendo que a culpa pela paralisa\u00e7\u00e3o da obra \u00e9 do governo federal. Ele explica que, em 2022, uma decis\u00e3o do governo classificou a obra como \u201cinacabada\u201d, j\u00e1 que ela estava menos de 21% pronta.<\/p>\n<p>Bonfim afirmou que a prefeitura est\u00e1 tentando negociar com o governo para que a obra possa continuar, mas que ainda depende da libera\u00e7\u00e3o de recursos.<\/p>\n<p>Mesmo assim, muitos moradores n\u00e3o ficaram satisfeitos com essa explica\u00e7\u00e3o. Eles apontam que cidades vizinhas, como Serra Talhada, tiveram problemas parecidos, mas conseguiram terminar suas escolas.<\/p>\n<p>Para Dr. Ant\u00f4nio, isso mostra que o problema tamb\u00e9m est\u00e1 na administra\u00e7\u00e3o local, que n\u00e3o fez o suficiente para resolver a situa\u00e7\u00e3o.<\/p>\n<p>Com as elei\u00e7\u00f5es chegando, a quest\u00e3o da escola inacabada ser\u00e1 um tema importante na campanha. Agora, a popula\u00e7\u00e3o espera para ver se Luciano Bonfim vai conseguir cumprir suas promessas ou se vai escolher por mudan\u00e7as nas urnas.<\/p>\n","protected":false},"excerpt":{"rendered":"<p>Da\u00a0Assessoria Nos \u00faltimos dias, um v\u00eddeo da campanha de Dr. Eduardo Melo, ex-prefeito e candidato nas pr\u00f3ximas elei\u00e7\u00f5es, levantou uma discuss\u00e3o importante em\u00a0Triunfo. No v\u00eddeo, Dr. Ant\u00f4nio Melo, filho de Eduardo e presidente do Podemos na cidade, denuncia o abandono de uma obra que deveria ser uma escola. Ele diz que a constru\u00e7\u00e3o est\u00e1 parada h\u00e1 muito tempo, sem ser terminada, e que isso desperdi\u00e7a o dinheiro da popula\u00e7\u00e3o. Dr. Ant\u00f4nio critica o prefeito Luciano Bonfim por n\u00e3o ter conclu\u00eddo a escola, mesmo depois de j\u00e1 terem gasto muito dinheiro. Para ele, isso mostra que a gest\u00e3o atual n\u00e3o \u00e9 [&hellip;]<\/p>\n","protected":false},"author":2,"featured_media":17643,"comment_status":"open","ping_status":"open","sticky":false,"template":"","format":"standard","meta":{"_jetpack_memberships_contains_paid_content":false,"footnotes":"","jetpack_publicize_message":"","jetpack_publicize_feature_enabled":true,"jetpack_social_post_already_shared":true,"jetpack_social_options":{"image_generator_settings":{"template":"highway","enabled":false},"version":2}},"categories":[1],"tags":[],"class_list":["post-17642","post","type-post","status-publish","format-standard","has-post-thumbnail","hentry","category-uncategorized"],"jetpack_publicize_connections":[],"yoast_head":"<!-- This site is optimized with the Yoast SEO plugin v24.7 - https:\/\/yoast.com\/wordpress\/plugins\/seo\/ -->\n<title>Prefeito culpa governo federal por escola parada - Serra FM 87,9<\/title>\n<meta name=\"robots\" content=\"index, follow, max-snippet:-1, max-image-preview:large, max-video-preview:-1\" \/>\n<link rel=\"canonical\" href=\"https:\/\/serrafm879.com.br\/serrafm\/2024\/09\/prefeito-culpa-governo-federal-por-escola-parada\/\" \/>\n<meta property=\"og:locale\" content=\"pt_BR\" \/>\n<meta property=\"og:type\" content=\"article\" \/>\n<meta property=\"og:title\" content=\"Prefeito culpa governo federal por escola parada - Serra FM 87,9\" \/>\n<meta property=\"og:description\" content=\"Da\u00a0Assessoria Nos \u00faltimos dias, um v\u00eddeo da campanha de Dr. Eduardo Melo, ex-prefeito e candidato nas pr\u00f3ximas elei\u00e7\u00f5es, levantou uma discuss\u00e3o importante em\u00a0Triunfo. No v\u00eddeo, Dr. Ant\u00f4nio Melo, filho de Eduardo e presidente do Podemos na cidade, denuncia o abandono de uma obra que deveria ser uma escola. Ele diz que a constru\u00e7\u00e3o est\u00e1 parada h\u00e1 muito tempo, sem ser terminada, e que isso desperdi\u00e7a o dinheiro da popula\u00e7\u00e3o. Dr. Ant\u00f4nio critica o prefeito Luciano Bonfim por n\u00e3o ter conclu\u00eddo a escola, mesmo depois de j\u00e1 terem gasto muito dinheiro. Para ele, isso mostra que a gest\u00e3o atual n\u00e3o \u00e9 [&hellip;]\" \/>\n<meta property=\"og:url\" content=\"https:\/\/serrafm879.com.br\/serrafm\/2024\/09\/prefeito-culpa-governo-federal-por-escola-parada\/\" \/>\n<meta property=\"og:site_name\" content=\"Serra FM 87,9\" \/>\n<meta property=\"article:published_time\" content=\"2024-09-05T13:29:47+00:00\" \/>\n<meta property=\"og:image\" content=\"https:\/\/serrafm879.com.br\/serrafm\/wp-content\/uploads\/2024\/09\/Anotacao-2024-09-05-102709.png\" \/>\n\t<meta property=\"og:image:width\" content=\"624\" \/>\n\t<meta property=\"og:image:height\" content=\"396\" \/>\n\t<meta property=\"og:image:type\" content=\"image\/png\" \/>\n<meta name=\"author\" content=\"serrafm87\" \/>\n<meta name=\"twitter:card\" content=\"summary_large_image\" \/>\n<meta name=\"twitter:label1\" content=\"Escrito por\" \/>\n\t<meta name=\"twitter:data1\" content=\"serrafm87\" \/>\n\t<meta name=\"twitter:label2\" content=\"Est. tempo de leitura\" \/>\n\t<meta name=\"twitter:data2\" content=\"2 minutos\" \/>\n<script type=\"application\/ld+json\" class=\"yoast-schema-graph\">{\"@context\":\"https:\/\/schema.org\",\"@graph\":[{\"@type\":\"WebPage\",\"@id\":\"https:\/\/serrafm879.com.br\/serrafm\/2024\/09\/prefeito-culpa-governo-federal-por-escola-parada\/\",\"url\":\"https:\/\/serrafm879.com.br\/serrafm\/2024\/09\/prefeito-culpa-governo-federal-por-escola-parada\/\",\"name\":\"Prefeito culpa governo federal por escola parada - Serra FM 87,9\",\"isPartOf\":{\"@id\":\"https:\/\/serrafm879.com.br\/serrafm\/#website\"},\"primaryImageOfPage\":{\"@id\":\"https:\/\/serrafm879.com.br\/serrafm\/2024\/09\/prefeito-culpa-governo-federal-por-escola-parada\/#primaryimage\"},\"image\":{\"@id\":\"https:\/\/serrafm879.com.br\/serrafm\/2024\/09\/prefeito-culpa-governo-federal-por-escola-parada\/#primaryimage\"},\"thumbnailUrl\":\"https:\/\/serrafm879.com.br\/serrafm\/wp-content\/uploads\/2024\/09\/Anotacao-2024-09-05-102709.png\",\"datePublished\":\"2024-09-05T13:29:47+00:00\",\"author\":{\"@id\":\"https:\/\/serrafm879.com.br\/serrafm\/#\/schema\/person\/c028a197030ff8b1c03c68dfba4a787a\"},\"breadcrumb\":{\"@id\":\"https:\/\/serrafm879.com.br\/serrafm\/2024\/09\/prefeito-culpa-governo-federal-por-escola-parada\/#breadcrumb\"},\"inLanguage\":\"pt-BR\",\"potentialAction\":[{\"@type\":\"ReadAction\",\"target\":[\"https:\/\/serrafm879.com.br\/serrafm\/2024\/09\/prefeito-culpa-governo-federal-por-escola-parada\/\"]}]},{\"@type\":\"ImageObject\",\"inLanguage\":\"pt-BR\",\"@id\":\"https:\/\/serrafm879.com.br\/serrafm\/2024\/09\/prefeito-culpa-governo-federal-por-escola-parada\/#primaryimage\",\"url\":\"https:\/\/serrafm879.com.br\/serrafm\/wp-content\/uploads\/2024\/09\/Anotacao-2024-09-05-102709.png\",\"contentUrl\":\"https:\/\/serrafm879.com.br\/serrafm\/wp-content\/uploads\/2024\/09\/Anotacao-2024-09-05-102709.png\",\"width\":624,\"height\":396},{\"@type\":\"BreadcrumbList\",\"@id\":\"https:\/\/serrafm879.com.br\/serrafm\/2024\/09\/prefeito-culpa-governo-federal-por-escola-parada\/#breadcrumb\",\"itemListElement\":[{\"@type\":\"ListItem\",\"position\":1,\"name\":\"In\u00edcio\",\"item\":\"https:\/\/serrafm879.com.br\/serrafm\/\"},{\"@type\":\"ListItem\",\"position\":2,\"name\":\"Prefeito culpa governo federal por escola parada\"}]},{\"@type\":\"WebSite\",\"@id\":\"https:\/\/serrafm879.com.br\/serrafm\/#website\",\"url\":\"https:\/\/serrafm879.com.br\/serrafm\/\",\"name\":\"Serra FM 87,9\",\"description\":\"O seu novo amor!\",\"potentialAction\":[{\"@type\":\"SearchAction\",\"target\":{\"@type\":\"EntryPoint\",\"urlTemplate\":\"https:\/\/serrafm879.com.br\/serrafm\/?s={search_term_string}\"},\"query-input\":{\"@type\":\"PropertyValueSpecification\",\"valueRequired\":true,\"valueName\":\"search_term_string\"}}],\"inLanguage\":\"pt-BR\"},{\"@type\":\"Person\",\"@id\":\"https:\/\/serrafm879.com.br\/serrafm\/#\/schema\/person\/c028a197030ff8b1c03c68dfba4a787a\",\"name\":\"serrafm87\",\"image\":{\"@type\":\"ImageObject\",\"inLanguage\":\"pt-BR\",\"@id\":\"https:\/\/serrafm879.com.br\/serrafm\/#\/schema\/person\/image\/\",\"url\":\"https:\/\/secure.gravatar.com\/avatar\/a743233f1112d34f48bb3dc9559b76eb930bab8b27175856cba6362608736235?s=96&d=mm&r=g\",\"contentUrl\":\"https:\/\/secure.gravatar.com\/avatar\/a743233f1112d34f48bb3dc9559b76eb930bab8b27175856cba6362608736235?s=96&d=mm&r=g\",\"caption\":\"serrafm87\"},\"sameAs\":[\"http:\/\/serrafm879.com.br\/\"],\"url\":\"https:\/\/serrafm879.com.br\/serrafm\/author\/serrafm87\/\"}]}<\/script>\n<!-- \/ Yoast SEO plugin. -->","yoast_head_json":{"title":"Prefeito culpa governo federal por escola parada - Serra FM 87,9","robots":{"index":"index","follow":"follow","max-snippet":"max-snippet:-1","max-image-preview":"max-image-preview:large","max-video-preview":"max-video-preview:-1"},"canonical":"https:\/\/serrafm879.com.br\/serrafm\/2024\/09\/prefeito-culpa-governo-federal-por-escola-parada\/","og_locale":"pt_BR","og_type":"article","og_title":"Prefeito culpa governo federal por escola parada - Serra FM 87,9","og_description":"Da\u00a0Assessoria Nos \u00faltimos dias, um v\u00eddeo da campanha de Dr. Eduardo Melo, ex-prefeito e candidato nas pr\u00f3ximas elei\u00e7\u00f5es, levantou uma discuss\u00e3o importante em\u00a0Triunfo. No v\u00eddeo, Dr. Ant\u00f4nio Melo, filho de Eduardo e presidente do Podemos na cidade, denuncia o abandono de uma obra que deveria ser uma escola. Ele diz que a constru\u00e7\u00e3o est\u00e1 parada h\u00e1 muito tempo, sem ser terminada, e que isso desperdi\u00e7a o dinheiro da popula\u00e7\u00e3o. Dr. Ant\u00f4nio critica o prefeito Luciano Bonfim por n\u00e3o ter conclu\u00eddo a escola, mesmo depois de j\u00e1 terem gasto muito dinheiro. Para ele, isso mostra que a gest\u00e3o atual n\u00e3o \u00e9 [&hellip;]","og_url":"https:\/\/serrafm879.com.br\/serrafm\/2024\/09\/prefeito-culpa-governo-federal-por-escola-parada\/","og_site_name":"Serra FM 87,9","article_published_time":"2024-09-05T13:29:47+00:00","og_image":[{"width":624,"height":396,"url":"https:\/\/serrafm879.com.br\/serrafm\/wp-content\/uploads\/2024\/09\/Anotacao-2024-09-05-102709.png","type":"image\/png"}],"author":"serrafm87","twitter_card":"summary_large_image","twitter_misc":{"Escrito por":"serrafm87","Est. tempo de leitura":"2 minutos"},"schema":{"@context":"https:\/\/schema.org","@graph":[{"@type":"WebPage","@id":"https:\/\/serrafm879.com.br\/serrafm\/2024\/09\/prefeito-culpa-governo-federal-por-escola-parada\/","url":"https:\/\/serrafm879.com.br\/serrafm\/2024\/09\/prefeito-culpa-governo-federal-por-escola-parada\/","name":"Prefeito culpa governo federal por escola parada - Serra FM 87,9","isPartOf":{"@id":"https:\/\/serrafm879.com.br\/serrafm\/#website"},"primaryImageOfPage":{"@id":"https:\/\/serrafm879.com.br\/serrafm\/2024\/09\/prefeito-culpa-governo-federal-por-escola-parada\/#primaryimage"},"image":{"@id":"https:\/\/serrafm879.com.br\/serrafm\/2024\/09\/prefeito-culpa-governo-federal-por-escola-parada\/#primaryimage"},"thumbnailUrl":"https:\/\/serrafm879.com.br\/serrafm\/wp-content\/uploads\/2024\/09\/Anotacao-2024-09-05-102709.png","datePublished":"2024-09-05T13:29:47+00:00","author":{"@id":"https:\/\/serrafm879.com.br\/serrafm\/#\/schema\/person\/c028a197030ff8b1c03c68dfba4a787a"},"breadcrumb":{"@id":"https:\/\/serrafm879.com.br\/serrafm\/2024\/09\/prefeito-culpa-governo-federal-por-escola-parada\/#breadcrumb"},"inLanguage":"pt-BR","potentialAction":[{"@type":"ReadAction","target":["https:\/\/serrafm879.com.br\/serrafm\/2024\/09\/prefeito-culpa-governo-federal-por-escola-parada\/"]}]},{"@type":"ImageObject","inLanguage":"pt-BR","@id":"https:\/\/serrafm879.com.br\/serrafm\/2024\/09\/prefeito-culpa-governo-federal-por-escola-parada\/#primaryimage","url":"https:\/\/serrafm879.com.br\/serrafm\/wp-content\/uploads\/2024\/09\/Anotacao-2024-09-05-102709.png","contentUrl":"https:\/\/serrafm879.com.br\/serrafm\/wp-content\/uploads\/2024\/09\/Anotacao-2024-09-05-102709.png","width":624,"height":396},{"@type":"BreadcrumbList","@id":"https:\/\/serrafm879.com.br\/serrafm\/2024\/09\/prefeito-culpa-governo-federal-por-escola-parada\/#breadcrumb","itemListElement":[{"@type":"ListItem","position":1,"name":"In\u00edcio","item":"https:\/\/serrafm879.com.br\/serrafm\/"},{"@type":"ListItem","position":2,"name":"Prefeito culpa governo federal por escola parada"}]},{"@type":"WebSite","@id":"https:\/\/serrafm879.com.br\/serrafm\/#website","url":"https:\/\/serrafm879.com.br\/serrafm\/","name":"Serra FM 87,9","description":"O seu novo amor!","potentialAction":[{"@type":"SearchAction","target":{"@type":"EntryPoint","urlTemplate":"https:\/\/serrafm879.com.br\/serrafm\/?s={search_term_string}"},"query-input":{"@type":"PropertyValueSpecification","valueRequired":true,"valueName":"search_term_string"}}],"inLanguage":"pt-BR"},{"@type":"Person","@id":"https:\/\/serrafm879.com.br\/serrafm\/#\/schema\/person\/c028a197030ff8b1c03c68dfba4a787a","name":"serrafm87","image":{"@type":"ImageObject","inLanguage":"pt-BR","@id":"https:\/\/serrafm879.com.br\/serrafm\/#\/schema\/person\/image\/","url":"https:\/\/secure.gravatar.com\/avatar\/a743233f1112d34f48bb3dc9559b76eb930bab8b27175856cba6362608736235?s=96&d=mm&r=g","contentUrl":"https:\/\/secure.gravatar.com\/avatar\/a743233f1112d34f48bb3dc9559b76eb930bab8b27175856cba6362608736235?s=96&d=mm&r=g","caption":"serrafm87"},"sameAs":["http:\/\/serrafm879.com.br\/"],"url":"https:\/\/serrafm879.com.br\/serrafm\/author\/serrafm87\/"}]}},"jetpack_featured_media_url":"https:\/\/serrafm879.com.br\/serrafm\/wp-content\/uploads\/2024\/09\/Anotacao-2024-09-05-102709.png","jetpack_shortlink":"https:\/\/wp.me\/p7HyXg-4Ay","jetpack_sharing_enabled":true,"_links":{"self":[{"href":"https:\/\/serrafm879.com.br\/serrafm\/wp-json\/wp\/v2\/posts\/17642","targetHints":{"allow":["GET"]}}],"collection":[{"href":"https:\/\/serrafm879.com.br\/serrafm\/wp-json\/wp\/v2\/posts"}],"about":[{"href":"https:\/\/serrafm879.com.br\/serrafm\/wp-json\/wp\/v2\/types\/post"}],"author":[{"embeddable":true,"href":"https:\/\/serrafm879.com.br\/serrafm\/wp-json\/wp\/v2\/users\/2"}],"replies":[{"embeddable":true,"href":"https:\/\/serrafm879.com.br\/serrafm\/wp-json\/wp\/v2\/comments?post=17642"}],"version-history":[{"count":1,"href":"https:\/\/serrafm879.com.br\/serrafm\/wp-json\/wp\/v2\/posts\/17642\/revisions"}],"predecessor-version":[{"id":17644,"href":"https:\/\/serrafm879.com.br\/serrafm\/wp-json\/wp\/v2\/posts\/17642\/revisions\/17644"}],"wp:featuredmedia":[{"embeddable":true,"href":"https:\/\/serrafm879.com.br\/serrafm\/wp-json\/wp\/v2\/media\/17643"}],"wp:attachment":[{"href":"https:\/\/serrafm879.com.br\/serrafm\/wp-json\/wp\/v2\/media?parent=17642"}],"wp:term":[{"taxonomy":"category","embeddable":true,"href":"https:\/\/serrafm879.com.br\/serrafm\/wp-json\/wp\/v2\/categories?post=17642"},{"taxonomy":"post_tag","embeddable":true,"href":"https:\/\/serrafm879.com.br\/serrafm\/wp-json\/wp\/v2\/tags?post=17642"}],"curies":[{"name":"wp","href":"https:\/\/api.w.org\/{rel}","templated":true}]}}