{"id":17661,"date":"2024-09-08T13:22:09","date_gmt":"2024-09-08T16:22:09","guid":{"rendered":"https:\/?p=17661"},"modified":"2024-09-08T13:40:35","modified_gmt":"2024-09-08T16:40:35","slug":"homem-e-executado-por-pm-a-paisana-em-belem-do-sao-francisco","status":"publish","type":"post","link":"https:\/\/serrafm879.com.br\/serrafm\/2024\/09\/homem-e-executado-por-pm-a-paisana-em-belem-do-sao-francisco\/","title":{"rendered":"Homem \u00e9 executado por PM \u00e0 paisana em Bel\u00e9m do S\u00e3o Francisco"},"content":{"rendered":"<p>A viol\u00eancia tem deixado marcas por onde tem passado. Na noite deste s\u00e1bado (7), L\u00e1zaro Maciel Soares da Silva, conhecido como &#8216;Careca&#8217;, foi alvejado com 6 disparos de arma de fogo pelo companheiro da filha, em Bel\u00e9m do S\u00e3o Francisco, no Sert\u00e3o.<\/p>\n<p>Segundo informa\u00e7\u00f5es, L\u00e1zaro era contra o relacionamento da filha com o PM lotado na 1\u00aa Companhia Indenpendente S\u00e3o Francisco (CIPM), cujo nome ainda n\u00e3o foi identificado.<\/p>\n<p>Desde cedo, o PM \u00e0 paisana amea\u00e7ava L\u00e1zaro, fazendo\u00a0 disparos para cima. A irm\u00e3, d\u00e1 ent\u00e3o piv\u00f4 do caso, registrou todos os momentos das discuss\u00f5es e at\u00e9 mesmo o homic\u00eddo.<\/p>\n<p>Depois de tantas amea\u00e7as a v\u00edtima foi a delegacia de Pol\u00edcia Civil e prestou queixa.<\/p>\n<p>\u00c0 noite, a v\u00edtima voltava para casa junto da fam\u00edlia, onde foi seguido pelo PM em uma caminhonete. Ele chegou a bater na traseira do carro para que\u00a0 a v\u00edtima parasse.<\/p>\n<p>L\u00e1zaro decidiu parar o carro num local onde tivesse mais pessoas, acreditando que ele n\u00e3o iria atirar.<\/p>\n<p>A v\u00edtima correu, mas acabou sendo assassinada com 6 disparos de arma de fogo, morrendo nos bra\u00e7os da filha, que mantinha um relacionamento com o PM.<\/p>\n<p>&nbsp;<\/p>\n","protected":false},"excerpt":{"rendered":"<p>A viol\u00eancia tem deixado marcas por onde tem passado. Na noite deste s\u00e1bado (7), L\u00e1zaro Maciel Soares da Silva, conhecido como &#8216;Careca&#8217;, foi alvejado com 6 disparos de arma de fogo pelo companheiro da filha, em Bel\u00e9m do S\u00e3o Francisco, no Sert\u00e3o. Segundo informa\u00e7\u00f5es, L\u00e1zaro era contra o relacionamento da filha com o PM lotado na 1\u00aa Companhia Indenpendente S\u00e3o Francisco (CIPM), cujo nome ainda n\u00e3o foi identificado. Desde cedo, o PM \u00e0 paisana amea\u00e7ava L\u00e1zaro, fazendo\u00a0 disparos para cima. A irm\u00e3, d\u00e1 ent\u00e3o piv\u00f4 do caso, registrou todos os momentos das discuss\u00f5es e at\u00e9 mesmo o homic\u00eddo. Depois de [&hellip;]<\/p>\n","protected":false},"author":2,"featured_media":17662,"comment_status":"open","ping_status":"open","sticky":false,"template":"","format":"standard","meta":{"_jetpack_memberships_contains_paid_content":false,"footnotes":"","jetpack_publicize_message":"","jetpack_publicize_feature_enabled":true,"jetpack_social_post_already_shared":true,"jetpack_social_options":{"image_generator_settings":{"template":"highway","enabled":false},"version":2}},"categories":[1],"tags":[],"class_list":["post-17661","post","type-post","status-publish","format-standard","has-post-thumbnail","hentry","category-uncategorized"],"jetpack_publicize_connections":[],"yoast_head":"<!-- This site is optimized with the Yoast SEO plugin v24.7 - https:\/\/yoast.com\/wordpress\/plugins\/seo\/ -->\n<title>Homem \u00e9 executado por PM \u00e0 paisana em Bel\u00e9m do S\u00e3o Francisco - Serra FM 87,9<\/title>\n<meta name=\"robots\" content=\"index, follow, max-snippet:-1, max-image-preview:large, max-video-preview:-1\" \/>\n<link rel=\"canonical\" href=\"https:\/\/serrafm879.com.br\/serrafm\/2024\/09\/homem-e-executado-por-pm-a-paisana-em-belem-do-sao-francisco\/\" \/>\n<meta property=\"og:locale\" content=\"pt_BR\" \/>\n<meta property=\"og:type\" content=\"article\" \/>\n<meta property=\"og:title\" content=\"Homem \u00e9 executado por PM \u00e0 paisana em Bel\u00e9m do S\u00e3o Francisco - Serra FM 87,9\" \/>\n<meta property=\"og:description\" content=\"A viol\u00eancia tem deixado marcas por onde tem passado. Na noite deste s\u00e1bado (7), L\u00e1zaro Maciel Soares da Silva, conhecido como &#8216;Careca&#8217;, foi alvejado com 6 disparos de arma de fogo pelo companheiro da filha, em Bel\u00e9m do S\u00e3o Francisco, no Sert\u00e3o. Segundo informa\u00e7\u00f5es, L\u00e1zaro era contra o relacionamento da filha com o PM lotado na 1\u00aa Companhia Indenpendente S\u00e3o Francisco (CIPM), cujo nome ainda n\u00e3o foi identificado. Desde cedo, o PM \u00e0 paisana amea\u00e7ava L\u00e1zaro, fazendo\u00a0 disparos para cima. A irm\u00e3, d\u00e1 ent\u00e3o piv\u00f4 do caso, registrou todos os momentos das discuss\u00f5es e at\u00e9 mesmo o homic\u00eddo. Depois de [&hellip;]\" \/>\n<meta property=\"og:url\" content=\"https:\/\/serrafm879.com.br\/serrafm\/2024\/09\/homem-e-executado-por-pm-a-paisana-em-belem-do-sao-francisco\/\" \/>\n<meta property=\"og:site_name\" content=\"Serra FM 87,9\" \/>\n<meta property=\"article:published_time\" content=\"2024-09-08T16:22:09+00:00\" \/>\n<meta property=\"article:modified_time\" content=\"2024-09-08T16:40:35+00:00\" \/>\n<meta property=\"og:image\" content=\"https:\/\/serrafm879.com.br\/serrafm\/wp-content\/uploads\/2024\/09\/Captura-de-tela-2024-09-08-131926.png\" \/>\n\t<meta property=\"og:image:width\" content=\"299\" \/>\n\t<meta property=\"og:image:height\" content=\"154\" \/>\n\t<meta property=\"og:image:type\" content=\"image\/png\" \/>\n<meta name=\"author\" content=\"serrafm87\" \/>\n<meta name=\"twitter:card\" content=\"summary_large_image\" \/>\n<meta name=\"twitter:label1\" content=\"Escrito por\" \/>\n\t<meta name=\"twitter:data1\" content=\"serrafm87\" \/>\n\t<meta name=\"twitter:label2\" content=\"Est. tempo de leitura\" \/>\n\t<meta name=\"twitter:data2\" content=\"2 minutos\" \/>\n<script type=\"application\/ld+json\" class=\"yoast-schema-graph\">{\"@context\":\"https:\/\/schema.org\",\"@graph\":[{\"@type\":\"WebPage\",\"@id\":\"https:\/\/serrafm879.com.br\/serrafm\/2024\/09\/homem-e-executado-por-pm-a-paisana-em-belem-do-sao-francisco\/\",\"url\":\"https:\/\/serrafm879.com.br\/serrafm\/2024\/09\/homem-e-executado-por-pm-a-paisana-em-belem-do-sao-francisco\/\",\"name\":\"Homem \u00e9 executado por PM \u00e0 paisana em Bel\u00e9m do S\u00e3o Francisco - Serra FM 87,9\",\"isPartOf\":{\"@id\":\"https:\/\/serrafm879.com.br\/serrafm\/#website\"},\"primaryImageOfPage\":{\"@id\":\"https:\/\/serrafm879.com.br\/serrafm\/2024\/09\/homem-e-executado-por-pm-a-paisana-em-belem-do-sao-francisco\/#primaryimage\"},\"image\":{\"@id\":\"https:\/\/serrafm879.com.br\/serrafm\/2024\/09\/homem-e-executado-por-pm-a-paisana-em-belem-do-sao-francisco\/#primaryimage\"},\"thumbnailUrl\":\"https:\/\/serrafm879.com.br\/serrafm\/wp-content\/uploads\/2024\/09\/Captura-de-tela-2024-09-08-131926.png\",\"datePublished\":\"2024-09-08T16:22:09+00:00\",\"dateModified\":\"2024-09-08T16:40:35+00:00\",\"author\":{\"@id\":\"https:\/\/serrafm879.com.br\/serrafm\/#\/schema\/person\/c028a197030ff8b1c03c68dfba4a787a\"},\"breadcrumb\":{\"@id\":\"https:\/\/serrafm879.com.br\/serrafm\/2024\/09\/homem-e-executado-por-pm-a-paisana-em-belem-do-sao-francisco\/#breadcrumb\"},\"inLanguage\":\"pt-BR\",\"potentialAction\":[{\"@type\":\"ReadAction\",\"target\":[\"https:\/\/serrafm879.com.br\/serrafm\/2024\/09\/homem-e-executado-por-pm-a-paisana-em-belem-do-sao-francisco\/\"]}]},{\"@type\":\"ImageObject\",\"inLanguage\":\"pt-BR\",\"@id\":\"https:\/\/serrafm879.com.br\/serrafm\/2024\/09\/homem-e-executado-por-pm-a-paisana-em-belem-do-sao-francisco\/#primaryimage\",\"url\":\"https:\/\/serrafm879.com.br\/serrafm\/wp-content\/uploads\/2024\/09\/Captura-de-tela-2024-09-08-131926.png\",\"contentUrl\":\"https:\/\/serrafm879.com.br\/serrafm\/wp-content\/uploads\/2024\/09\/Captura-de-tela-2024-09-08-131926.png\",\"width\":299,\"height\":154},{\"@type\":\"BreadcrumbList\",\"@id\":\"https:\/\/serrafm879.com.br\/serrafm\/2024\/09\/homem-e-executado-por-pm-a-paisana-em-belem-do-sao-francisco\/#breadcrumb\",\"itemListElement\":[{\"@type\":\"ListItem\",\"position\":1,\"name\":\"In\u00edcio\",\"item\":\"https:\/\/serrafm879.com.br\/serrafm\/\"},{\"@type\":\"ListItem\",\"position\":2,\"name\":\"Homem \u00e9 executado por PM \u00e0 paisana em Bel\u00e9m do S\u00e3o Francisco\"}]},{\"@type\":\"WebSite\",\"@id\":\"https:\/\/serrafm879.com.br\/serrafm\/#website\",\"url\":\"https:\/\/serrafm879.com.br\/serrafm\/\",\"name\":\"Serra FM 87,9\",\"description\":\"O seu novo amor!\",\"potentialAction\":[{\"@type\":\"SearchAction\",\"target\":{\"@type\":\"EntryPoint\",\"urlTemplate\":\"https:\/\/serrafm879.com.br\/serrafm\/?s={search_term_string}\"},\"query-input\":{\"@type\":\"PropertyValueSpecification\",\"valueRequired\":true,\"valueName\":\"search_term_string\"}}],\"inLanguage\":\"pt-BR\"},{\"@type\":\"Person\",\"@id\":\"https:\/\/serrafm879.com.br\/serrafm\/#\/schema\/person\/c028a197030ff8b1c03c68dfba4a787a\",\"name\":\"serrafm87\",\"image\":{\"@type\":\"ImageObject\",\"inLanguage\":\"pt-BR\",\"@id\":\"https:\/\/serrafm879.com.br\/serrafm\/#\/schema\/person\/image\/\",\"url\":\"https:\/\/secure.gravatar.com\/avatar\/a743233f1112d34f48bb3dc9559b76eb930bab8b27175856cba6362608736235?s=96&d=mm&r=g\",\"contentUrl\":\"https:\/\/secure.gravatar.com\/avatar\/a743233f1112d34f48bb3dc9559b76eb930bab8b27175856cba6362608736235?s=96&d=mm&r=g\",\"caption\":\"serrafm87\"},\"sameAs\":[\"http:\/\/serrafm879.com.br\/\"],\"url\":\"https:\/\/serrafm879.com.br\/serrafm\/author\/serrafm87\/\"}]}<\/script>\n<!-- \/ Yoast SEO plugin. -->","yoast_head_json":{"title":"Homem \u00e9 executado por PM \u00e0 paisana em Bel\u00e9m do S\u00e3o Francisco - Serra FM 87,9","robots":{"index":"index","follow":"follow","max-snippet":"max-snippet:-1","max-image-preview":"max-image-preview:large","max-video-preview":"max-video-preview:-1"},"canonical":"https:\/\/serrafm879.com.br\/serrafm\/2024\/09\/homem-e-executado-por-pm-a-paisana-em-belem-do-sao-francisco\/","og_locale":"pt_BR","og_type":"article","og_title":"Homem \u00e9 executado por PM \u00e0 paisana em Bel\u00e9m do S\u00e3o Francisco - Serra FM 87,9","og_description":"A viol\u00eancia tem deixado marcas por onde tem passado. Na noite deste s\u00e1bado (7), L\u00e1zaro Maciel Soares da Silva, conhecido como &#8216;Careca&#8217;, foi alvejado com 6 disparos de arma de fogo pelo companheiro da filha, em Bel\u00e9m do S\u00e3o Francisco, no Sert\u00e3o. Segundo informa\u00e7\u00f5es, L\u00e1zaro era contra o relacionamento da filha com o PM lotado na 1\u00aa Companhia Indenpendente S\u00e3o Francisco (CIPM), cujo nome ainda n\u00e3o foi identificado. Desde cedo, o PM \u00e0 paisana amea\u00e7ava L\u00e1zaro, fazendo\u00a0 disparos para cima. A irm\u00e3, d\u00e1 ent\u00e3o piv\u00f4 do caso, registrou todos os momentos das discuss\u00f5es e at\u00e9 mesmo o homic\u00eddo. Depois de [&hellip;]","og_url":"https:\/\/serrafm879.com.br\/serrafm\/2024\/09\/homem-e-executado-por-pm-a-paisana-em-belem-do-sao-francisco\/","og_site_name":"Serra FM 87,9","article_published_time":"2024-09-08T16:22:09+00:00","article_modified_time":"2024-09-08T16:40:35+00:00","og_image":[{"width":299,"height":154,"url":"https:\/\/serrafm879.com.br\/serrafm\/wp-content\/uploads\/2024\/09\/Captura-de-tela-2024-09-08-131926.png","type":"image\/png"}],"author":"serrafm87","twitter_card":"summary_large_image","twitter_misc":{"Escrito por":"serrafm87","Est. tempo de leitura":"2 minutos"},"schema":{"@context":"https:\/\/schema.org","@graph":[{"@type":"WebPage","@id":"https:\/\/serrafm879.com.br\/serrafm\/2024\/09\/homem-e-executado-por-pm-a-paisana-em-belem-do-sao-francisco\/","url":"https:\/\/serrafm879.com.br\/serrafm\/2024\/09\/homem-e-executado-por-pm-a-paisana-em-belem-do-sao-francisco\/","name":"Homem \u00e9 executado por PM \u00e0 paisana em Bel\u00e9m do S\u00e3o Francisco - Serra FM 87,9","isPartOf":{"@id":"https:\/\/serrafm879.com.br\/serrafm\/#website"},"primaryImageOfPage":{"@id":"https:\/\/serrafm879.com.br\/serrafm\/2024\/09\/homem-e-executado-por-pm-a-paisana-em-belem-do-sao-francisco\/#primaryimage"},"image":{"@id":"https:\/\/serrafm879.com.br\/serrafm\/2024\/09\/homem-e-executado-por-pm-a-paisana-em-belem-do-sao-francisco\/#primaryimage"},"thumbnailUrl":"https:\/\/serrafm879.com.br\/serrafm\/wp-content\/uploads\/2024\/09\/Captura-de-tela-2024-09-08-131926.png","datePublished":"2024-09-08T16:22:09+00:00","dateModified":"2024-09-08T16:40:35+00:00","author":{"@id":"https:\/\/serrafm879.com.br\/serrafm\/#\/schema\/person\/c028a197030ff8b1c03c68dfba4a787a"},"breadcrumb":{"@id":"https:\/\/serrafm879.com.br\/serrafm\/2024\/09\/homem-e-executado-por-pm-a-paisana-em-belem-do-sao-francisco\/#breadcrumb"},"inLanguage":"pt-BR","potentialAction":[{"@type":"ReadAction","target":["https:\/\/serrafm879.com.br\/serrafm\/2024\/09\/homem-e-executado-por-pm-a-paisana-em-belem-do-sao-francisco\/"]}]},{"@type":"ImageObject","inLanguage":"pt-BR","@id":"https:\/\/serrafm879.com.br\/serrafm\/2024\/09\/homem-e-executado-por-pm-a-paisana-em-belem-do-sao-francisco\/#primaryimage","url":"https:\/\/serrafm879.com.br\/serrafm\/wp-content\/uploads\/2024\/09\/Captura-de-tela-2024-09-08-131926.png","contentUrl":"https:\/\/serrafm879.com.br\/serrafm\/wp-content\/uploads\/2024\/09\/Captura-de-tela-2024-09-08-131926.png","width":299,"height":154},{"@type":"BreadcrumbList","@id":"https:\/\/serrafm879.com.br\/serrafm\/2024\/09\/homem-e-executado-por-pm-a-paisana-em-belem-do-sao-francisco\/#breadcrumb","itemListElement":[{"@type":"ListItem","position":1,"name":"In\u00edcio","item":"https:\/\/serrafm879.com.br\/serrafm\/"},{"@type":"ListItem","position":2,"name":"Homem \u00e9 executado por PM \u00e0 paisana em Bel\u00e9m do S\u00e3o Francisco"}]},{"@type":"WebSite","@id":"https:\/\/serrafm879.com.br\/serrafm\/#website","url":"https:\/\/serrafm879.com.br\/serrafm\/","name":"Serra FM 87,9","description":"O seu novo amor!","potentialAction":[{"@type":"SearchAction","target":{"@type":"EntryPoint","urlTemplate":"https:\/\/serrafm879.com.br\/serrafm\/?s={search_term_string}"},"query-input":{"@type":"PropertyValueSpecification","valueRequired":true,"valueName":"search_term_string"}}],"inLanguage":"pt-BR"},{"@type":"Person","@id":"https:\/\/serrafm879.com.br\/serrafm\/#\/schema\/person\/c028a197030ff8b1c03c68dfba4a787a","name":"serrafm87","image":{"@type":"ImageObject","inLanguage":"pt-BR","@id":"https:\/\/serrafm879.com.br\/serrafm\/#\/schema\/person\/image\/","url":"https:\/\/secure.gravatar.com\/avatar\/a743233f1112d34f48bb3dc9559b76eb930bab8b27175856cba6362608736235?s=96&d=mm&r=g","contentUrl":"https:\/\/secure.gravatar.com\/avatar\/a743233f1112d34f48bb3dc9559b76eb930bab8b27175856cba6362608736235?s=96&d=mm&r=g","caption":"serrafm87"},"sameAs":["http:\/\/serrafm879.com.br\/"],"url":"https:\/\/serrafm879.com.br\/serrafm\/author\/serrafm87\/"}]}},"jetpack_featured_media_url":"https:\/\/serrafm879.com.br\/serrafm\/wp-content\/uploads\/2024\/09\/Captura-de-tela-2024-09-08-131926.png","jetpack_shortlink":"https:\/\/wp.me\/p7HyXg-4AR","jetpack_sharing_enabled":true,"_links":{"self":[{"href":"https:\/\/serrafm879.com.br\/serrafm\/wp-json\/wp\/v2\/posts\/17661","targetHints":{"allow":["GET"]}}],"collection":[{"href":"https:\/\/serrafm879.com.br\/serrafm\/wp-json\/wp\/v2\/posts"}],"about":[{"href":"https:\/\/serrafm879.com.br\/serrafm\/wp-json\/wp\/v2\/types\/post"}],"author":[{"embeddable":true,"href":"https:\/\/serrafm879.com.br\/serrafm\/wp-json\/wp\/v2\/users\/2"}],"replies":[{"embeddable":true,"href":"https:\/\/serrafm879.com.br\/serrafm\/wp-json\/wp\/v2\/comments?post=17661"}],"version-history":[{"count":6,"href":"https:\/\/serrafm879.com.br\/serrafm\/wp-json\/wp\/v2\/posts\/17661\/revisions"}],"predecessor-version":[{"id":17668,"href":"https:\/\/serrafm879.com.br\/serrafm\/wp-json\/wp\/v2\/posts\/17661\/revisions\/17668"}],"wp:featuredmedia":[{"embeddable":true,"href":"https:\/\/serrafm879.com.br\/serrafm\/wp-json\/wp\/v2\/media\/17662"}],"wp:attachment":[{"href":"https:\/\/serrafm879.com.br\/serrafm\/wp-json\/wp\/v2\/media?parent=17661"}],"wp:term":[{"taxonomy":"category","embeddable":true,"href":"https:\/\/serrafm879.com.br\/serrafm\/wp-json\/wp\/v2\/categories?post=17661"},{"taxonomy":"post_tag","embeddable":true,"href":"https:\/\/serrafm879.com.br\/serrafm\/wp-json\/wp\/v2\/tags?post=17661"}],"curies":[{"name":"wp","href":"https:\/\/api.w.org\/{rel}","templated":true}]}}