{"id":17680,"date":"2024-09-08T15:15:31","date_gmt":"2024-09-08T18:15:31","guid":{"rendered":"https:\/?p=17680"},"modified":"2024-09-08T15:15:31","modified_gmt":"2024-09-08T18:15:31","slug":"tres-pessoas-morrem-apos-colisao-entre-veiculos-na-mata-sul-de-pe","status":"publish","type":"post","link":"https:\/\/serrafm879.com.br\/serrafm\/2024\/09\/tres-pessoas-morrem-apos-colisao-entre-veiculos-na-mata-sul-de-pe\/","title":{"rendered":"Tr\u00eas pessoas morrem ap\u00f3s colis\u00e3o entre ve\u00edculos na Mata Sul de PE"},"content":{"rendered":"<p><strong>Do g1 Caruaru<\/strong><\/p>\n<p>Tr\u00eas pessoas morreram em um acidente envolvendo um carro de passeio e uma van na rodovia que d\u00e1 acesso ao munic\u00edpio de\u00a0Quipap\u00e1, na Mata Sul de Pernambuco. Uma quarta v\u00edtima foi levada para uma unidade de sa\u00fade pelo Servi\u00e7o de atendimento M\u00f3vel de Urg\u00eancia, o Samu.<\/p>\n<p>Ao\u00a0<a class=\"\" href=\"https:\/\/g1.globo.com\/pe\/caruaru-regiao\/\" target=\"_blank\" rel=\"noopener\" data-mrf-link=\"https:\/\/g1.globo.com\/pe\/caruaru-regiao\/\">g1<\/a>, a Guarda Municipal de Quipap\u00e1, disse que o caso foi registrado por volta das 7h da manh\u00e3 deste s\u00e1bado (7). Todas as v\u00edtimas estavam no carro de passeio. Uma delas ficou presa as ferragens do ve\u00edculo. Ainda n\u00e3o se sabe as causas do acidente, tamb\u00e9m n\u00e3o foram divulgados os nomes das v\u00edtimas.<\/p>\n<div id=\"chunk-6bqp6\">\n<div class=\"mc-column content-text active-extra-styles \" data-block-type=\"unstyled\" data-block-weight=\"40\" data-block-id=\"7\">\n<p class=\" content-text__container \" data-track-category=\"Link no Texto\" data-track-links=\"\" data-mrf-recirculation=\"Article links\">A Guarda Municipal disse que as pessoas que estavam no transporte alternativo tiveram ferimentos leves e n\u00e3o precisaram ser socorridos. A Pol\u00edcia Militar disse que os corpos das v\u00edtimas ser\u00e3o retirados do local do acidente na tarde deste s\u00e1bado.<\/p>\n<\/div>\n<\/div>\n<div id=\"chunk-1cqth\">\n<div class=\"mc-column content-text active-extra-styles \" data-block-type=\"unstyled\" data-block-weight=\"22\" data-block-id=\"8\">\n<p class=\" content-text__container \" data-track-category=\"Link no Texto\" data-track-links=\"\" data-mrf-recirculation=\"Article links\">At\u00e9 a \u00faltima atualiza\u00e7\u00e3o desta mat\u00e9ria, o estado de sa\u00fade da quarta v\u00edtima n\u00e3o tinha sido divulgado pela unidade de sa\u00fade.<\/p>\n<\/div>\n<\/div>\n","protected":false},"excerpt":{"rendered":"<p>Do g1 Caruaru Tr\u00eas pessoas morreram em um acidente envolvendo um carro de passeio e uma van na rodovia que d\u00e1 acesso ao munic\u00edpio de\u00a0Quipap\u00e1, na Mata Sul de Pernambuco. Uma quarta v\u00edtima foi levada para uma unidade de sa\u00fade pelo Servi\u00e7o de atendimento M\u00f3vel de Urg\u00eancia, o Samu. Ao\u00a0g1, a Guarda Municipal de Quipap\u00e1, disse que o caso foi registrado por volta das 7h da manh\u00e3 deste s\u00e1bado (7). Todas as v\u00edtimas estavam no carro de passeio. Uma delas ficou presa as ferragens do ve\u00edculo. Ainda n\u00e3o se sabe as causas do acidente, tamb\u00e9m n\u00e3o foram divulgados os nomes [&hellip;]<\/p>\n","protected":false},"author":2,"featured_media":17681,"comment_status":"open","ping_status":"open","sticky":false,"template":"","format":"standard","meta":{"_jetpack_memberships_contains_paid_content":false,"footnotes":"","jetpack_publicize_message":"","jetpack_publicize_feature_enabled":true,"jetpack_social_post_already_shared":true,"jetpack_social_options":{"image_generator_settings":{"template":"highway","enabled":false},"version":2}},"categories":[1],"tags":[],"class_list":["post-17680","post","type-post","status-publish","format-standard","has-post-thumbnail","hentry","category-uncategorized"],"jetpack_publicize_connections":[],"yoast_head":"<!-- This site is optimized with the Yoast SEO plugin v24.7 - https:\/\/yoast.com\/wordpress\/plugins\/seo\/ -->\n<title>Tr\u00eas pessoas morrem ap\u00f3s colis\u00e3o entre ve\u00edculos na Mata Sul de PE - Serra FM 87,9<\/title>\n<meta name=\"robots\" content=\"index, follow, max-snippet:-1, max-image-preview:large, max-video-preview:-1\" \/>\n<link rel=\"canonical\" href=\"https:\/\/serrafm879.com.br\/serrafm\/2024\/09\/tres-pessoas-morrem-apos-colisao-entre-veiculos-na-mata-sul-de-pe\/\" \/>\n<meta property=\"og:locale\" content=\"pt_BR\" \/>\n<meta property=\"og:type\" content=\"article\" \/>\n<meta property=\"og:title\" content=\"Tr\u00eas pessoas morrem ap\u00f3s colis\u00e3o entre ve\u00edculos na Mata Sul de PE - Serra FM 87,9\" \/>\n<meta property=\"og:description\" content=\"Do g1 Caruaru Tr\u00eas pessoas morreram em um acidente envolvendo um carro de passeio e uma van na rodovia que d\u00e1 acesso ao munic\u00edpio de\u00a0Quipap\u00e1, na Mata Sul de Pernambuco. Uma quarta v\u00edtima foi levada para uma unidade de sa\u00fade pelo Servi\u00e7o de atendimento M\u00f3vel de Urg\u00eancia, o Samu. Ao\u00a0g1, a Guarda Municipal de Quipap\u00e1, disse que o caso foi registrado por volta das 7h da manh\u00e3 deste s\u00e1bado (7). Todas as v\u00edtimas estavam no carro de passeio. Uma delas ficou presa as ferragens do ve\u00edculo. Ainda n\u00e3o se sabe as causas do acidente, tamb\u00e9m n\u00e3o foram divulgados os nomes [&hellip;]\" \/>\n<meta property=\"og:url\" content=\"https:\/\/serrafm879.com.br\/serrafm\/2024\/09\/tres-pessoas-morrem-apos-colisao-entre-veiculos-na-mata-sul-de-pe\/\" \/>\n<meta property=\"og:site_name\" content=\"Serra FM 87,9\" \/>\n<meta property=\"article:published_time\" content=\"2024-09-08T18:15:31+00:00\" \/>\n<meta property=\"og:image\" content=\"https:\/\/serrafm879.com.br\/serrafm\/wp-content\/uploads\/2024\/09\/Captura-de-tela-2024-09-08-151402.png\" \/>\n\t<meta property=\"og:image:width\" content=\"491\" \/>\n\t<meta property=\"og:image:height\" content=\"336\" \/>\n\t<meta property=\"og:image:type\" content=\"image\/png\" \/>\n<meta name=\"author\" content=\"serrafm87\" \/>\n<meta name=\"twitter:card\" content=\"summary_large_image\" \/>\n<meta name=\"twitter:label1\" content=\"Escrito por\" \/>\n\t<meta name=\"twitter:data1\" content=\"serrafm87\" \/>\n\t<meta name=\"twitter:label2\" content=\"Est. tempo de leitura\" \/>\n\t<meta name=\"twitter:data2\" content=\"1 minuto\" \/>\n<script type=\"application\/ld+json\" class=\"yoast-schema-graph\">{\"@context\":\"https:\/\/schema.org\",\"@graph\":[{\"@type\":\"WebPage\",\"@id\":\"https:\/\/serrafm879.com.br\/serrafm\/2024\/09\/tres-pessoas-morrem-apos-colisao-entre-veiculos-na-mata-sul-de-pe\/\",\"url\":\"https:\/\/serrafm879.com.br\/serrafm\/2024\/09\/tres-pessoas-morrem-apos-colisao-entre-veiculos-na-mata-sul-de-pe\/\",\"name\":\"Tr\u00eas pessoas morrem ap\u00f3s colis\u00e3o entre ve\u00edculos na Mata Sul de PE - Serra FM 87,9\",\"isPartOf\":{\"@id\":\"https:\/\/serrafm879.com.br\/serrafm\/#website\"},\"primaryImageOfPage\":{\"@id\":\"https:\/\/serrafm879.com.br\/serrafm\/2024\/09\/tres-pessoas-morrem-apos-colisao-entre-veiculos-na-mata-sul-de-pe\/#primaryimage\"},\"image\":{\"@id\":\"https:\/\/serrafm879.com.br\/serrafm\/2024\/09\/tres-pessoas-morrem-apos-colisao-entre-veiculos-na-mata-sul-de-pe\/#primaryimage\"},\"thumbnailUrl\":\"https:\/\/serrafm879.com.br\/serrafm\/wp-content\/uploads\/2024\/09\/Captura-de-tela-2024-09-08-151402.png\",\"datePublished\":\"2024-09-08T18:15:31+00:00\",\"author\":{\"@id\":\"https:\/\/serrafm879.com.br\/serrafm\/#\/schema\/person\/c028a197030ff8b1c03c68dfba4a787a\"},\"breadcrumb\":{\"@id\":\"https:\/\/serrafm879.com.br\/serrafm\/2024\/09\/tres-pessoas-morrem-apos-colisao-entre-veiculos-na-mata-sul-de-pe\/#breadcrumb\"},\"inLanguage\":\"pt-BR\",\"potentialAction\":[{\"@type\":\"ReadAction\",\"target\":[\"https:\/\/serrafm879.com.br\/serrafm\/2024\/09\/tres-pessoas-morrem-apos-colisao-entre-veiculos-na-mata-sul-de-pe\/\"]}]},{\"@type\":\"ImageObject\",\"inLanguage\":\"pt-BR\",\"@id\":\"https:\/\/serrafm879.com.br\/serrafm\/2024\/09\/tres-pessoas-morrem-apos-colisao-entre-veiculos-na-mata-sul-de-pe\/#primaryimage\",\"url\":\"https:\/\/serrafm879.com.br\/serrafm\/wp-content\/uploads\/2024\/09\/Captura-de-tela-2024-09-08-151402.png\",\"contentUrl\":\"https:\/\/serrafm879.com.br\/serrafm\/wp-content\/uploads\/2024\/09\/Captura-de-tela-2024-09-08-151402.png\",\"width\":491,\"height\":336},{\"@type\":\"BreadcrumbList\",\"@id\":\"https:\/\/serrafm879.com.br\/serrafm\/2024\/09\/tres-pessoas-morrem-apos-colisao-entre-veiculos-na-mata-sul-de-pe\/#breadcrumb\",\"itemListElement\":[{\"@type\":\"ListItem\",\"position\":1,\"name\":\"In\u00edcio\",\"item\":\"https:\/\/serrafm879.com.br\/serrafm\/\"},{\"@type\":\"ListItem\",\"position\":2,\"name\":\"Tr\u00eas pessoas morrem ap\u00f3s colis\u00e3o entre ve\u00edculos na Mata Sul de PE\"}]},{\"@type\":\"WebSite\",\"@id\":\"https:\/\/serrafm879.com.br\/serrafm\/#website\",\"url\":\"https:\/\/serrafm879.com.br\/serrafm\/\",\"name\":\"Serra FM 87,9\",\"description\":\"O seu novo amor!\",\"potentialAction\":[{\"@type\":\"SearchAction\",\"target\":{\"@type\":\"EntryPoint\",\"urlTemplate\":\"https:\/\/serrafm879.com.br\/serrafm\/?s={search_term_string}\"},\"query-input\":{\"@type\":\"PropertyValueSpecification\",\"valueRequired\":true,\"valueName\":\"search_term_string\"}}],\"inLanguage\":\"pt-BR\"},{\"@type\":\"Person\",\"@id\":\"https:\/\/serrafm879.com.br\/serrafm\/#\/schema\/person\/c028a197030ff8b1c03c68dfba4a787a\",\"name\":\"serrafm87\",\"image\":{\"@type\":\"ImageObject\",\"inLanguage\":\"pt-BR\",\"@id\":\"https:\/\/serrafm879.com.br\/serrafm\/#\/schema\/person\/image\/\",\"url\":\"https:\/\/secure.gravatar.com\/avatar\/a743233f1112d34f48bb3dc9559b76eb930bab8b27175856cba6362608736235?s=96&d=mm&r=g\",\"contentUrl\":\"https:\/\/secure.gravatar.com\/avatar\/a743233f1112d34f48bb3dc9559b76eb930bab8b27175856cba6362608736235?s=96&d=mm&r=g\",\"caption\":\"serrafm87\"},\"sameAs\":[\"http:\/\/serrafm879.com.br\/\"],\"url\":\"https:\/\/serrafm879.com.br\/serrafm\/author\/serrafm87\/\"}]}<\/script>\n<!-- \/ Yoast SEO plugin. -->","yoast_head_json":{"title":"Tr\u00eas pessoas morrem ap\u00f3s colis\u00e3o entre ve\u00edculos na Mata Sul de PE - Serra FM 87,9","robots":{"index":"index","follow":"follow","max-snippet":"max-snippet:-1","max-image-preview":"max-image-preview:large","max-video-preview":"max-video-preview:-1"},"canonical":"https:\/\/serrafm879.com.br\/serrafm\/2024\/09\/tres-pessoas-morrem-apos-colisao-entre-veiculos-na-mata-sul-de-pe\/","og_locale":"pt_BR","og_type":"article","og_title":"Tr\u00eas pessoas morrem ap\u00f3s colis\u00e3o entre ve\u00edculos na Mata Sul de PE - Serra FM 87,9","og_description":"Do g1 Caruaru Tr\u00eas pessoas morreram em um acidente envolvendo um carro de passeio e uma van na rodovia que d\u00e1 acesso ao munic\u00edpio de\u00a0Quipap\u00e1, na Mata Sul de Pernambuco. Uma quarta v\u00edtima foi levada para uma unidade de sa\u00fade pelo Servi\u00e7o de atendimento M\u00f3vel de Urg\u00eancia, o Samu. Ao\u00a0g1, a Guarda Municipal de Quipap\u00e1, disse que o caso foi registrado por volta das 7h da manh\u00e3 deste s\u00e1bado (7). Todas as v\u00edtimas estavam no carro de passeio. Uma delas ficou presa as ferragens do ve\u00edculo. Ainda n\u00e3o se sabe as causas do acidente, tamb\u00e9m n\u00e3o foram divulgados os nomes [&hellip;]","og_url":"https:\/\/serrafm879.com.br\/serrafm\/2024\/09\/tres-pessoas-morrem-apos-colisao-entre-veiculos-na-mata-sul-de-pe\/","og_site_name":"Serra FM 87,9","article_published_time":"2024-09-08T18:15:31+00:00","og_image":[{"width":491,"height":336,"url":"https:\/\/serrafm879.com.br\/serrafm\/wp-content\/uploads\/2024\/09\/Captura-de-tela-2024-09-08-151402.png","type":"image\/png"}],"author":"serrafm87","twitter_card":"summary_large_image","twitter_misc":{"Escrito por":"serrafm87","Est. tempo de leitura":"1 minuto"},"schema":{"@context":"https:\/\/schema.org","@graph":[{"@type":"WebPage","@id":"https:\/\/serrafm879.com.br\/serrafm\/2024\/09\/tres-pessoas-morrem-apos-colisao-entre-veiculos-na-mata-sul-de-pe\/","url":"https:\/\/serrafm879.com.br\/serrafm\/2024\/09\/tres-pessoas-morrem-apos-colisao-entre-veiculos-na-mata-sul-de-pe\/","name":"Tr\u00eas pessoas morrem ap\u00f3s colis\u00e3o entre ve\u00edculos na Mata Sul de PE - Serra FM 87,9","isPartOf":{"@id":"https:\/\/serrafm879.com.br\/serrafm\/#website"},"primaryImageOfPage":{"@id":"https:\/\/serrafm879.com.br\/serrafm\/2024\/09\/tres-pessoas-morrem-apos-colisao-entre-veiculos-na-mata-sul-de-pe\/#primaryimage"},"image":{"@id":"https:\/\/serrafm879.com.br\/serrafm\/2024\/09\/tres-pessoas-morrem-apos-colisao-entre-veiculos-na-mata-sul-de-pe\/#primaryimage"},"thumbnailUrl":"https:\/\/serrafm879.com.br\/serrafm\/wp-content\/uploads\/2024\/09\/Captura-de-tela-2024-09-08-151402.png","datePublished":"2024-09-08T18:15:31+00:00","author":{"@id":"https:\/\/serrafm879.com.br\/serrafm\/#\/schema\/person\/c028a197030ff8b1c03c68dfba4a787a"},"breadcrumb":{"@id":"https:\/\/serrafm879.com.br\/serrafm\/2024\/09\/tres-pessoas-morrem-apos-colisao-entre-veiculos-na-mata-sul-de-pe\/#breadcrumb"},"inLanguage":"pt-BR","potentialAction":[{"@type":"ReadAction","target":["https:\/\/serrafm879.com.br\/serrafm\/2024\/09\/tres-pessoas-morrem-apos-colisao-entre-veiculos-na-mata-sul-de-pe\/"]}]},{"@type":"ImageObject","inLanguage":"pt-BR","@id":"https:\/\/serrafm879.com.br\/serrafm\/2024\/09\/tres-pessoas-morrem-apos-colisao-entre-veiculos-na-mata-sul-de-pe\/#primaryimage","url":"https:\/\/serrafm879.com.br\/serrafm\/wp-content\/uploads\/2024\/09\/Captura-de-tela-2024-09-08-151402.png","contentUrl":"https:\/\/serrafm879.com.br\/serrafm\/wp-content\/uploads\/2024\/09\/Captura-de-tela-2024-09-08-151402.png","width":491,"height":336},{"@type":"BreadcrumbList","@id":"https:\/\/serrafm879.com.br\/serrafm\/2024\/09\/tres-pessoas-morrem-apos-colisao-entre-veiculos-na-mata-sul-de-pe\/#breadcrumb","itemListElement":[{"@type":"ListItem","position":1,"name":"In\u00edcio","item":"https:\/\/serrafm879.com.br\/serrafm\/"},{"@type":"ListItem","position":2,"name":"Tr\u00eas pessoas morrem ap\u00f3s colis\u00e3o entre ve\u00edculos na Mata Sul de PE"}]},{"@type":"WebSite","@id":"https:\/\/serrafm879.com.br\/serrafm\/#website","url":"https:\/\/serrafm879.com.br\/serrafm\/","name":"Serra FM 87,9","description":"O seu novo amor!","potentialAction":[{"@type":"SearchAction","target":{"@type":"EntryPoint","urlTemplate":"https:\/\/serrafm879.com.br\/serrafm\/?s={search_term_string}"},"query-input":{"@type":"PropertyValueSpecification","valueRequired":true,"valueName":"search_term_string"}}],"inLanguage":"pt-BR"},{"@type":"Person","@id":"https:\/\/serrafm879.com.br\/serrafm\/#\/schema\/person\/c028a197030ff8b1c03c68dfba4a787a","name":"serrafm87","image":{"@type":"ImageObject","inLanguage":"pt-BR","@id":"https:\/\/serrafm879.com.br\/serrafm\/#\/schema\/person\/image\/","url":"https:\/\/secure.gravatar.com\/avatar\/a743233f1112d34f48bb3dc9559b76eb930bab8b27175856cba6362608736235?s=96&d=mm&r=g","contentUrl":"https:\/\/secure.gravatar.com\/avatar\/a743233f1112d34f48bb3dc9559b76eb930bab8b27175856cba6362608736235?s=96&d=mm&r=g","caption":"serrafm87"},"sameAs":["http:\/\/serrafm879.com.br\/"],"url":"https:\/\/serrafm879.com.br\/serrafm\/author\/serrafm87\/"}]}},"jetpack_featured_media_url":"https:\/\/serrafm879.com.br\/serrafm\/wp-content\/uploads\/2024\/09\/Captura-de-tela-2024-09-08-151402.png","jetpack_shortlink":"https:\/\/wp.me\/p7HyXg-4Ba","jetpack_sharing_enabled":true,"_links":{"self":[{"href":"https:\/\/serrafm879.com.br\/serrafm\/wp-json\/wp\/v2\/posts\/17680","targetHints":{"allow":["GET"]}}],"collection":[{"href":"https:\/\/serrafm879.com.br\/serrafm\/wp-json\/wp\/v2\/posts"}],"about":[{"href":"https:\/\/serrafm879.com.br\/serrafm\/wp-json\/wp\/v2\/types\/post"}],"author":[{"embeddable":true,"href":"https:\/\/serrafm879.com.br\/serrafm\/wp-json\/wp\/v2\/users\/2"}],"replies":[{"embeddable":true,"href":"https:\/\/serrafm879.com.br\/serrafm\/wp-json\/wp\/v2\/comments?post=17680"}],"version-history":[{"count":1,"href":"https:\/\/serrafm879.com.br\/serrafm\/wp-json\/wp\/v2\/posts\/17680\/revisions"}],"predecessor-version":[{"id":17682,"href":"https:\/\/serrafm879.com.br\/serrafm\/wp-json\/wp\/v2\/posts\/17680\/revisions\/17682"}],"wp:featuredmedia":[{"embeddable":true,"href":"https:\/\/serrafm879.com.br\/serrafm\/wp-json\/wp\/v2\/media\/17681"}],"wp:attachment":[{"href":"https:\/\/serrafm879.com.br\/serrafm\/wp-json\/wp\/v2\/media?parent=17680"}],"wp:term":[{"taxonomy":"category","embeddable":true,"href":"https:\/\/serrafm879.com.br\/serrafm\/wp-json\/wp\/v2\/categories?post=17680"},{"taxonomy":"post_tag","embeddable":true,"href":"https:\/\/serrafm879.com.br\/serrafm\/wp-json\/wp\/v2\/tags?post=17680"}],"curies":[{"name":"wp","href":"https:\/\/api.w.org\/{rel}","templated":true}]}}