{"id":17683,"date":"2024-09-08T15:52:48","date_gmt":"2024-09-08T18:52:48","guid":{"rendered":"https:\/?p=17683"},"modified":"2024-09-08T15:52:48","modified_gmt":"2024-09-08T18:52:48","slug":"primeiro-emprego-para-enfermagem-vira-lei","status":"publish","type":"post","link":"https:\/\/serrafm879.com.br\/serrafm\/2024\/09\/primeiro-emprego-para-enfermagem-vira-lei\/","title":{"rendered":"Primeiro emprego para enfermagem vira lei"},"content":{"rendered":"<p>A maior categoria profissional da sa\u00fade do\u00a0Brasil\u00a0ganha refor\u00e7o na legisla\u00e7\u00e3o pernambucana. A Lei 18.667, publicada nesta quarta-feira (04), versa sobre empregabilidade e valoriza\u00e7\u00e3o dos profissionais de enfermagem rec\u00e9m-formados.<\/p>\n<p>A t\u00e3o esperada lei do primeiro emprego para a enfermagem estabelece objetivos e diretrizes para a inser\u00e7\u00e3o de auxiliares, t\u00e9cnicos e enfermeiros no mercado de trabalho.<\/p>\n<p>A normativa visa estimular parcerias com entidades do terceiro setor para promover a contrata\u00e7\u00e3o desses profissionais; consolidar uma cultura de respeito aos direitos trabalhistas, a exemplo de piso salarial e carga hor\u00e1ria compat\u00edvel; a busca pela prote\u00e7\u00e3o da legisla\u00e7\u00e3o trabalhista e das conven\u00e7\u00f5es ou acordos coletivos; a regularidade das rela\u00e7\u00f5es de emprego. N\u00e3o bastasse o vasto espectro de lei, ela ainda pontua a necessidade de incentivar a contrata\u00e7\u00e3o de profissionais de fam\u00edlias em situa\u00e7\u00e3o de pobreza e\/ou vulnerabilidade.<\/p>\n<p>O propositor da legisla\u00e7\u00e3o foi o deputado estadual Gilmar J\u00fanior (PV), que \u00e9 enfermeiro: \u201cO primeiro emprego para a Enfermagem \u00e9 sempre muito dif\u00edcil, uma vez que a exig\u00eancia de experi\u00eancia exclui muita gente do mundo do trabalho.<\/p>\n<p>Considerando que precisamos de mais profissionais para atender a nossa popula\u00e7\u00e3o e que esses trabalhadores merecem receber uma aten\u00e7\u00e3o maior, nas esferas p\u00fablica e privada, devido ao trabalho minucioso e de grande responsabilidade com a vida humana, a Lei \u00e9 de extrema import\u00e2ncia. O meu desejo \u00e9 que a aplica\u00e7\u00e3o dela promova o desenvolvimento profissional, o empreendedorismo e o cooperativismo em favor desses profissionais rec\u00e9m-formados\u201d.<\/p>\n<p>O parlamentar comemorou a publica\u00e7\u00e3o da Lei, em meio \u00e0 luta de muitos anos pelo piso salarial da enfermagem: \u201cDepois de tanta humilha\u00e7\u00e3o e sofrimento em rela\u00e7\u00e3o ao nosso piso, conquistado com muita luta, muitos profissionais de enfermagem est\u00e3o doentes e exaustos.<\/p>\n<p>Precisamos vibrar com essa conquista em favor dos rec\u00e9m-formados e pela constru\u00e7\u00e3o de uma enfermagem mais valorizada. Felizmente temos voz no legislativo pernambucano e eu sigo lutando pelos meus colegas e por toda a popula\u00e7\u00e3o!\u201d.<\/p>\n<p>&nbsp;<\/p>\n","protected":false},"excerpt":{"rendered":"<p>A maior categoria profissional da sa\u00fade do\u00a0Brasil\u00a0ganha refor\u00e7o na legisla\u00e7\u00e3o pernambucana. A Lei 18.667, publicada nesta quarta-feira (04), versa sobre empregabilidade e valoriza\u00e7\u00e3o dos profissionais de enfermagem rec\u00e9m-formados. A t\u00e3o esperada lei do primeiro emprego para a enfermagem estabelece objetivos e diretrizes para a inser\u00e7\u00e3o de auxiliares, t\u00e9cnicos e enfermeiros no mercado de trabalho. A normativa visa estimular parcerias com entidades do terceiro setor para promover a contrata\u00e7\u00e3o desses profissionais; consolidar uma cultura de respeito aos direitos trabalhistas, a exemplo de piso salarial e carga hor\u00e1ria compat\u00edvel; a busca pela prote\u00e7\u00e3o da legisla\u00e7\u00e3o trabalhista e das conven\u00e7\u00f5es ou acordos coletivos; [&hellip;]<\/p>\n","protected":false},"author":2,"featured_media":17684,"comment_status":"open","ping_status":"open","sticky":false,"template":"","format":"standard","meta":{"_jetpack_memberships_contains_paid_content":false,"footnotes":"","jetpack_publicize_message":"","jetpack_publicize_feature_enabled":true,"jetpack_social_post_already_shared":true,"jetpack_social_options":{"image_generator_settings":{"template":"highway","enabled":false},"version":2}},"categories":[1],"tags":[],"class_list":["post-17683","post","type-post","status-publish","format-standard","has-post-thumbnail","hentry","category-uncategorized"],"jetpack_publicize_connections":[],"yoast_head":"<!-- This site is optimized with the Yoast SEO plugin v24.7 - https:\/\/yoast.com\/wordpress\/plugins\/seo\/ -->\n<title>Primeiro emprego para enfermagem vira lei - Serra FM 87,9<\/title>\n<meta name=\"robots\" content=\"index, follow, max-snippet:-1, max-image-preview:large, max-video-preview:-1\" \/>\n<link rel=\"canonical\" href=\"https:\/\/serrafm879.com.br\/serrafm\/2024\/09\/primeiro-emprego-para-enfermagem-vira-lei\/\" \/>\n<meta property=\"og:locale\" content=\"pt_BR\" \/>\n<meta property=\"og:type\" content=\"article\" \/>\n<meta property=\"og:title\" content=\"Primeiro emprego para enfermagem vira lei - Serra FM 87,9\" \/>\n<meta property=\"og:description\" content=\"A maior categoria profissional da sa\u00fade do\u00a0Brasil\u00a0ganha refor\u00e7o na legisla\u00e7\u00e3o pernambucana. A Lei 18.667, publicada nesta quarta-feira (04), versa sobre empregabilidade e valoriza\u00e7\u00e3o dos profissionais de enfermagem rec\u00e9m-formados. A t\u00e3o esperada lei do primeiro emprego para a enfermagem estabelece objetivos e diretrizes para a inser\u00e7\u00e3o de auxiliares, t\u00e9cnicos e enfermeiros no mercado de trabalho. A normativa visa estimular parcerias com entidades do terceiro setor para promover a contrata\u00e7\u00e3o desses profissionais; consolidar uma cultura de respeito aos direitos trabalhistas, a exemplo de piso salarial e carga hor\u00e1ria compat\u00edvel; a busca pela prote\u00e7\u00e3o da legisla\u00e7\u00e3o trabalhista e das conven\u00e7\u00f5es ou acordos coletivos; [&hellip;]\" \/>\n<meta property=\"og:url\" content=\"https:\/\/serrafm879.com.br\/serrafm\/2024\/09\/primeiro-emprego-para-enfermagem-vira-lei\/\" \/>\n<meta property=\"og:site_name\" content=\"Serra FM 87,9\" \/>\n<meta property=\"article:published_time\" content=\"2024-09-08T18:52:48+00:00\" \/>\n<meta property=\"og:image\" content=\"https:\/\/serrafm879.com.br\/serrafm\/wp-content\/uploads\/2024\/09\/Captura-de-tela-2024-09-08-155201.png\" \/>\n\t<meta property=\"og:image:width\" content=\"548\" \/>\n\t<meta property=\"og:image:height\" content=\"376\" \/>\n\t<meta property=\"og:image:type\" content=\"image\/png\" \/>\n<meta name=\"author\" content=\"serrafm87\" \/>\n<meta name=\"twitter:card\" content=\"summary_large_image\" \/>\n<meta name=\"twitter:label1\" content=\"Escrito por\" \/>\n\t<meta name=\"twitter:data1\" content=\"serrafm87\" \/>\n\t<meta name=\"twitter:label2\" content=\"Est. tempo de leitura\" \/>\n\t<meta name=\"twitter:data2\" content=\"2 minutos\" \/>\n<script type=\"application\/ld+json\" class=\"yoast-schema-graph\">{\"@context\":\"https:\/\/schema.org\",\"@graph\":[{\"@type\":\"WebPage\",\"@id\":\"https:\/\/serrafm879.com.br\/serrafm\/2024\/09\/primeiro-emprego-para-enfermagem-vira-lei\/\",\"url\":\"https:\/\/serrafm879.com.br\/serrafm\/2024\/09\/primeiro-emprego-para-enfermagem-vira-lei\/\",\"name\":\"Primeiro emprego para enfermagem vira lei - Serra FM 87,9\",\"isPartOf\":{\"@id\":\"https:\/\/serrafm879.com.br\/serrafm\/#website\"},\"primaryImageOfPage\":{\"@id\":\"https:\/\/serrafm879.com.br\/serrafm\/2024\/09\/primeiro-emprego-para-enfermagem-vira-lei\/#primaryimage\"},\"image\":{\"@id\":\"https:\/\/serrafm879.com.br\/serrafm\/2024\/09\/primeiro-emprego-para-enfermagem-vira-lei\/#primaryimage\"},\"thumbnailUrl\":\"https:\/\/serrafm879.com.br\/serrafm\/wp-content\/uploads\/2024\/09\/Captura-de-tela-2024-09-08-155201.png\",\"datePublished\":\"2024-09-08T18:52:48+00:00\",\"author\":{\"@id\":\"https:\/\/serrafm879.com.br\/serrafm\/#\/schema\/person\/c028a197030ff8b1c03c68dfba4a787a\"},\"breadcrumb\":{\"@id\":\"https:\/\/serrafm879.com.br\/serrafm\/2024\/09\/primeiro-emprego-para-enfermagem-vira-lei\/#breadcrumb\"},\"inLanguage\":\"pt-BR\",\"potentialAction\":[{\"@type\":\"ReadAction\",\"target\":[\"https:\/\/serrafm879.com.br\/serrafm\/2024\/09\/primeiro-emprego-para-enfermagem-vira-lei\/\"]}]},{\"@type\":\"ImageObject\",\"inLanguage\":\"pt-BR\",\"@id\":\"https:\/\/serrafm879.com.br\/serrafm\/2024\/09\/primeiro-emprego-para-enfermagem-vira-lei\/#primaryimage\",\"url\":\"https:\/\/serrafm879.com.br\/serrafm\/wp-content\/uploads\/2024\/09\/Captura-de-tela-2024-09-08-155201.png\",\"contentUrl\":\"https:\/\/serrafm879.com.br\/serrafm\/wp-content\/uploads\/2024\/09\/Captura-de-tela-2024-09-08-155201.png\",\"width\":548,\"height\":376},{\"@type\":\"BreadcrumbList\",\"@id\":\"https:\/\/serrafm879.com.br\/serrafm\/2024\/09\/primeiro-emprego-para-enfermagem-vira-lei\/#breadcrumb\",\"itemListElement\":[{\"@type\":\"ListItem\",\"position\":1,\"name\":\"In\u00edcio\",\"item\":\"https:\/\/serrafm879.com.br\/serrafm\/\"},{\"@type\":\"ListItem\",\"position\":2,\"name\":\"Primeiro emprego para enfermagem vira lei\"}]},{\"@type\":\"WebSite\",\"@id\":\"https:\/\/serrafm879.com.br\/serrafm\/#website\",\"url\":\"https:\/\/serrafm879.com.br\/serrafm\/\",\"name\":\"Serra FM 87,9\",\"description\":\"O seu novo amor!\",\"potentialAction\":[{\"@type\":\"SearchAction\",\"target\":{\"@type\":\"EntryPoint\",\"urlTemplate\":\"https:\/\/serrafm879.com.br\/serrafm\/?s={search_term_string}\"},\"query-input\":{\"@type\":\"PropertyValueSpecification\",\"valueRequired\":true,\"valueName\":\"search_term_string\"}}],\"inLanguage\":\"pt-BR\"},{\"@type\":\"Person\",\"@id\":\"https:\/\/serrafm879.com.br\/serrafm\/#\/schema\/person\/c028a197030ff8b1c03c68dfba4a787a\",\"name\":\"serrafm87\",\"image\":{\"@type\":\"ImageObject\",\"inLanguage\":\"pt-BR\",\"@id\":\"https:\/\/serrafm879.com.br\/serrafm\/#\/schema\/person\/image\/\",\"url\":\"https:\/\/secure.gravatar.com\/avatar\/a743233f1112d34f48bb3dc9559b76eb930bab8b27175856cba6362608736235?s=96&d=mm&r=g\",\"contentUrl\":\"https:\/\/secure.gravatar.com\/avatar\/a743233f1112d34f48bb3dc9559b76eb930bab8b27175856cba6362608736235?s=96&d=mm&r=g\",\"caption\":\"serrafm87\"},\"sameAs\":[\"http:\/\/serrafm879.com.br\/\"],\"url\":\"https:\/\/serrafm879.com.br\/serrafm\/author\/serrafm87\/\"}]}<\/script>\n<!-- \/ Yoast SEO plugin. -->","yoast_head_json":{"title":"Primeiro emprego para enfermagem vira lei - Serra FM 87,9","robots":{"index":"index","follow":"follow","max-snippet":"max-snippet:-1","max-image-preview":"max-image-preview:large","max-video-preview":"max-video-preview:-1"},"canonical":"https:\/\/serrafm879.com.br\/serrafm\/2024\/09\/primeiro-emprego-para-enfermagem-vira-lei\/","og_locale":"pt_BR","og_type":"article","og_title":"Primeiro emprego para enfermagem vira lei - Serra FM 87,9","og_description":"A maior categoria profissional da sa\u00fade do\u00a0Brasil\u00a0ganha refor\u00e7o na legisla\u00e7\u00e3o pernambucana. A Lei 18.667, publicada nesta quarta-feira (04), versa sobre empregabilidade e valoriza\u00e7\u00e3o dos profissionais de enfermagem rec\u00e9m-formados. A t\u00e3o esperada lei do primeiro emprego para a enfermagem estabelece objetivos e diretrizes para a inser\u00e7\u00e3o de auxiliares, t\u00e9cnicos e enfermeiros no mercado de trabalho. A normativa visa estimular parcerias com entidades do terceiro setor para promover a contrata\u00e7\u00e3o desses profissionais; consolidar uma cultura de respeito aos direitos trabalhistas, a exemplo de piso salarial e carga hor\u00e1ria compat\u00edvel; a busca pela prote\u00e7\u00e3o da legisla\u00e7\u00e3o trabalhista e das conven\u00e7\u00f5es ou acordos coletivos; [&hellip;]","og_url":"https:\/\/serrafm879.com.br\/serrafm\/2024\/09\/primeiro-emprego-para-enfermagem-vira-lei\/","og_site_name":"Serra FM 87,9","article_published_time":"2024-09-08T18:52:48+00:00","og_image":[{"width":548,"height":376,"url":"https:\/\/serrafm879.com.br\/serrafm\/wp-content\/uploads\/2024\/09\/Captura-de-tela-2024-09-08-155201.png","type":"image\/png"}],"author":"serrafm87","twitter_card":"summary_large_image","twitter_misc":{"Escrito por":"serrafm87","Est. tempo de leitura":"2 minutos"},"schema":{"@context":"https:\/\/schema.org","@graph":[{"@type":"WebPage","@id":"https:\/\/serrafm879.com.br\/serrafm\/2024\/09\/primeiro-emprego-para-enfermagem-vira-lei\/","url":"https:\/\/serrafm879.com.br\/serrafm\/2024\/09\/primeiro-emprego-para-enfermagem-vira-lei\/","name":"Primeiro emprego para enfermagem vira lei - Serra FM 87,9","isPartOf":{"@id":"https:\/\/serrafm879.com.br\/serrafm\/#website"},"primaryImageOfPage":{"@id":"https:\/\/serrafm879.com.br\/serrafm\/2024\/09\/primeiro-emprego-para-enfermagem-vira-lei\/#primaryimage"},"image":{"@id":"https:\/\/serrafm879.com.br\/serrafm\/2024\/09\/primeiro-emprego-para-enfermagem-vira-lei\/#primaryimage"},"thumbnailUrl":"https:\/\/serrafm879.com.br\/serrafm\/wp-content\/uploads\/2024\/09\/Captura-de-tela-2024-09-08-155201.png","datePublished":"2024-09-08T18:52:48+00:00","author":{"@id":"https:\/\/serrafm879.com.br\/serrafm\/#\/schema\/person\/c028a197030ff8b1c03c68dfba4a787a"},"breadcrumb":{"@id":"https:\/\/serrafm879.com.br\/serrafm\/2024\/09\/primeiro-emprego-para-enfermagem-vira-lei\/#breadcrumb"},"inLanguage":"pt-BR","potentialAction":[{"@type":"ReadAction","target":["https:\/\/serrafm879.com.br\/serrafm\/2024\/09\/primeiro-emprego-para-enfermagem-vira-lei\/"]}]},{"@type":"ImageObject","inLanguage":"pt-BR","@id":"https:\/\/serrafm879.com.br\/serrafm\/2024\/09\/primeiro-emprego-para-enfermagem-vira-lei\/#primaryimage","url":"https:\/\/serrafm879.com.br\/serrafm\/wp-content\/uploads\/2024\/09\/Captura-de-tela-2024-09-08-155201.png","contentUrl":"https:\/\/serrafm879.com.br\/serrafm\/wp-content\/uploads\/2024\/09\/Captura-de-tela-2024-09-08-155201.png","width":548,"height":376},{"@type":"BreadcrumbList","@id":"https:\/\/serrafm879.com.br\/serrafm\/2024\/09\/primeiro-emprego-para-enfermagem-vira-lei\/#breadcrumb","itemListElement":[{"@type":"ListItem","position":1,"name":"In\u00edcio","item":"https:\/\/serrafm879.com.br\/serrafm\/"},{"@type":"ListItem","position":2,"name":"Primeiro emprego para enfermagem vira lei"}]},{"@type":"WebSite","@id":"https:\/\/serrafm879.com.br\/serrafm\/#website","url":"https:\/\/serrafm879.com.br\/serrafm\/","name":"Serra FM 87,9","description":"O seu novo amor!","potentialAction":[{"@type":"SearchAction","target":{"@type":"EntryPoint","urlTemplate":"https:\/\/serrafm879.com.br\/serrafm\/?s={search_term_string}"},"query-input":{"@type":"PropertyValueSpecification","valueRequired":true,"valueName":"search_term_string"}}],"inLanguage":"pt-BR"},{"@type":"Person","@id":"https:\/\/serrafm879.com.br\/serrafm\/#\/schema\/person\/c028a197030ff8b1c03c68dfba4a787a","name":"serrafm87","image":{"@type":"ImageObject","inLanguage":"pt-BR","@id":"https:\/\/serrafm879.com.br\/serrafm\/#\/schema\/person\/image\/","url":"https:\/\/secure.gravatar.com\/avatar\/a743233f1112d34f48bb3dc9559b76eb930bab8b27175856cba6362608736235?s=96&d=mm&r=g","contentUrl":"https:\/\/secure.gravatar.com\/avatar\/a743233f1112d34f48bb3dc9559b76eb930bab8b27175856cba6362608736235?s=96&d=mm&r=g","caption":"serrafm87"},"sameAs":["http:\/\/serrafm879.com.br\/"],"url":"https:\/\/serrafm879.com.br\/serrafm\/author\/serrafm87\/"}]}},"jetpack_featured_media_url":"https:\/\/serrafm879.com.br\/serrafm\/wp-content\/uploads\/2024\/09\/Captura-de-tela-2024-09-08-155201.png","jetpack_shortlink":"https:\/\/wp.me\/p7HyXg-4Bd","jetpack_sharing_enabled":true,"_links":{"self":[{"href":"https:\/\/serrafm879.com.br\/serrafm\/wp-json\/wp\/v2\/posts\/17683","targetHints":{"allow":["GET"]}}],"collection":[{"href":"https:\/\/serrafm879.com.br\/serrafm\/wp-json\/wp\/v2\/posts"}],"about":[{"href":"https:\/\/serrafm879.com.br\/serrafm\/wp-json\/wp\/v2\/types\/post"}],"author":[{"embeddable":true,"href":"https:\/\/serrafm879.com.br\/serrafm\/wp-json\/wp\/v2\/users\/2"}],"replies":[{"embeddable":true,"href":"https:\/\/serrafm879.com.br\/serrafm\/wp-json\/wp\/v2\/comments?post=17683"}],"version-history":[{"count":1,"href":"https:\/\/serrafm879.com.br\/serrafm\/wp-json\/wp\/v2\/posts\/17683\/revisions"}],"predecessor-version":[{"id":17685,"href":"https:\/\/serrafm879.com.br\/serrafm\/wp-json\/wp\/v2\/posts\/17683\/revisions\/17685"}],"wp:featuredmedia":[{"embeddable":true,"href":"https:\/\/serrafm879.com.br\/serrafm\/wp-json\/wp\/v2\/media\/17684"}],"wp:attachment":[{"href":"https:\/\/serrafm879.com.br\/serrafm\/wp-json\/wp\/v2\/media?parent=17683"}],"wp:term":[{"taxonomy":"category","embeddable":true,"href":"https:\/\/serrafm879.com.br\/serrafm\/wp-json\/wp\/v2\/categories?post=17683"},{"taxonomy":"post_tag","embeddable":true,"href":"https:\/\/serrafm879.com.br\/serrafm\/wp-json\/wp\/v2\/tags?post=17683"}],"curies":[{"name":"wp","href":"https:\/\/api.w.org\/{rel}","templated":true}]}}