{"id":17689,"date":"2024-09-09T09:10:29","date_gmt":"2024-09-09T12:10:29","guid":{"rendered":"https:\/?p=17689"},"modified":"2024-09-09T09:10:29","modified_gmt":"2024-09-09T12:10:29","slug":"ifsertaope-abre-selecao-para-professor-substituto-em-st","status":"publish","type":"post","link":"https:\/\/serrafm879.com.br\/serrafm\/2024\/09\/ifsertaope-abre-selecao-para-professor-substituto-em-st\/","title":{"rendered":"IFSert\u00e3oPE abre sele\u00e7\u00e3o para professor substituto em ST"},"content":{"rendered":"<p>O Instituto Federal do Sert\u00e3o Pernambucano (IFSert\u00e3oPE) publicou, nesta sexta-feira (06), o edital n.\u00ba 17\/2024, referente ao processo seletivo simplificado para a contrata\u00e7\u00e3o de Professor Substituto. Est\u00e1 dispon\u00edvel uma vaga na \u00e1rea de Libras, para contrata\u00e7\u00e3o imediata e atua\u00e7\u00e3o no campus Serra Talhada.<\/p>\n<p>Os interessados em participar da sele\u00e7\u00e3o devem se inscrever atrav\u00e9s do site (<a href=\"https:\/\/concurso.ifsertao-pe.edu.br\/copese\/\" target=\"_blank\" rel=\"noopener\" data-saferedirecturl=\"https:\/\/www.google.com\/url?q=https:\/\/concurso.ifsertao-pe.edu.br\/copese\/&amp;source=gmail&amp;ust=1725733872685000&amp;usg=AOvVaw046pI6I9ziai6t4Zwf4G7B\">clique aqui<\/a>) entre os dias 10 e 18 de setembro. A taxa de inscri\u00e7\u00e3o custa R$60 e deve ser paga at\u00e9 o dia 19 de setembro. \u00c9 poss\u00edvel ainda pedir isen\u00e7\u00e3o do pagamento da taxa de inscri\u00e7\u00e3o, no per\u00edodo de 10 a 14 de setembro.<\/p>\n<p>A sele\u00e7\u00e3o acontece em duas etapas: na primeira fase, ser\u00e1 realizada a Prova de Desempenho Did\u00e1tico; na segunda etapa, ser\u00e1 realizada a Prova de T\u00edtulos. As provas devem ser realizadas no dia 08 de outubro e o resultado final ser\u00e1 divulgado a partir do dia 12 de outubro, conforme o cronograma do edital.<\/p>\n<p>Todas as informa\u00e7\u00f5es referentes a requisitos da vaga, documenta\u00e7\u00e3o necess\u00e1ria, din\u00e2mica das provas, cronograma podem ser conferidas no\u00a0<a href=\"https:\/\/ifsertaope.edu.br\/serra\/editais\/edital-no-17-2024-processo-seletivo-simplificado-para-contratacao-de-professor-substituto\/\" target=\"_blank\" rel=\"noopener\" data-saferedirecturl=\"https:\/\/www.google.com\/url?q=https:\/\/ifsertaope.edu.br\/serra\/editais\/edital-no-17-2024-processo-seletivo-simplificado-para-contratacao-de-professor-substituto\/&amp;source=gmail&amp;ust=1725733872685000&amp;usg=AOvVaw0HPrT_rWSopqKRJaQxMv1_\">Edital n\u00ba 17\/2024<\/a>.<\/p>\n<h4><em>Fonte : Andr\u00e9 Naz\u00e1rio &#8211; Jornalista DRT\/BA 48 76\u00a0<\/em><\/h4>\n<h4><em>Instituto Federal de Educa\u00e7\u00e3o, Ci\u00eancia e Tecnologia do Sert\u00e3o Pernambucano<br \/>\n<\/em><\/h4>\n<h4><em>Campus Serra Talhada\u00a0<\/em><\/h4>\n","protected":false},"excerpt":{"rendered":"<p>O Instituto Federal do Sert\u00e3o Pernambucano (IFSert\u00e3oPE) publicou, nesta sexta-feira (06), o edital n.\u00ba 17\/2024, referente ao processo seletivo simplificado para a contrata\u00e7\u00e3o de Professor Substituto. Est\u00e1 dispon\u00edvel uma vaga na \u00e1rea de Libras, para contrata\u00e7\u00e3o imediata e atua\u00e7\u00e3o no campus Serra Talhada. Os interessados em participar da sele\u00e7\u00e3o devem se inscrever atrav\u00e9s do site (clique aqui) entre os dias 10 e 18 de setembro. A taxa de inscri\u00e7\u00e3o custa R$60 e deve ser paga at\u00e9 o dia 19 de setembro. \u00c9 poss\u00edvel ainda pedir isen\u00e7\u00e3o do pagamento da taxa de inscri\u00e7\u00e3o, no per\u00edodo de 10 a 14 de setembro. [&hellip;]<\/p>\n","protected":false},"author":2,"featured_media":17690,"comment_status":"open","ping_status":"open","sticky":false,"template":"","format":"standard","meta":{"_jetpack_memberships_contains_paid_content":false,"footnotes":"","jetpack_publicize_message":"","jetpack_publicize_feature_enabled":true,"jetpack_social_post_already_shared":true,"jetpack_social_options":{"image_generator_settings":{"template":"highway","enabled":false},"version":2}},"categories":[1],"tags":[],"class_list":["post-17689","post","type-post","status-publish","format-standard","has-post-thumbnail","hentry","category-uncategorized"],"jetpack_publicize_connections":[],"yoast_head":"<!-- This site is optimized with the Yoast SEO plugin v24.7 - https:\/\/yoast.com\/wordpress\/plugins\/seo\/ -->\n<title>IFSert\u00e3oPE abre sele\u00e7\u00e3o para professor substituto em ST - Serra FM 87,9<\/title>\n<meta name=\"robots\" content=\"index, follow, max-snippet:-1, max-image-preview:large, max-video-preview:-1\" \/>\n<link rel=\"canonical\" href=\"https:\/\/serrafm879.com.br\/serrafm\/2024\/09\/ifsertaope-abre-selecao-para-professor-substituto-em-st\/\" \/>\n<meta property=\"og:locale\" content=\"pt_BR\" \/>\n<meta property=\"og:type\" content=\"article\" \/>\n<meta property=\"og:title\" content=\"IFSert\u00e3oPE abre sele\u00e7\u00e3o para professor substituto em ST - Serra FM 87,9\" \/>\n<meta property=\"og:description\" content=\"O Instituto Federal do Sert\u00e3o Pernambucano (IFSert\u00e3oPE) publicou, nesta sexta-feira (06), o edital n.\u00ba 17\/2024, referente ao processo seletivo simplificado para a contrata\u00e7\u00e3o de Professor Substituto. Est\u00e1 dispon\u00edvel uma vaga na \u00e1rea de Libras, para contrata\u00e7\u00e3o imediata e atua\u00e7\u00e3o no campus Serra Talhada. Os interessados em participar da sele\u00e7\u00e3o devem se inscrever atrav\u00e9s do site (clique aqui) entre os dias 10 e 18 de setembro. A taxa de inscri\u00e7\u00e3o custa R$60 e deve ser paga at\u00e9 o dia 19 de setembro. \u00c9 poss\u00edvel ainda pedir isen\u00e7\u00e3o do pagamento da taxa de inscri\u00e7\u00e3o, no per\u00edodo de 10 a 14 de setembro. [&hellip;]\" \/>\n<meta property=\"og:url\" content=\"https:\/\/serrafm879.com.br\/serrafm\/2024\/09\/ifsertaope-abre-selecao-para-professor-substituto-em-st\/\" \/>\n<meta property=\"og:site_name\" content=\"Serra FM 87,9\" \/>\n<meta property=\"article:published_time\" content=\"2024-09-09T12:10:29+00:00\" \/>\n<meta property=\"og:image\" content=\"https:\/\/serrafm879.com.br\/serrafm\/wp-content\/uploads\/2024\/09\/unnamed-11-768x768-1.jpg\" \/>\n\t<meta property=\"og:image:width\" content=\"768\" \/>\n\t<meta property=\"og:image:height\" content=\"768\" \/>\n\t<meta property=\"og:image:type\" content=\"image\/jpeg\" \/>\n<meta name=\"author\" content=\"serrafm87\" \/>\n<meta name=\"twitter:card\" content=\"summary_large_image\" \/>\n<meta name=\"twitter:label1\" content=\"Escrito por\" \/>\n\t<meta name=\"twitter:data1\" content=\"serrafm87\" \/>\n\t<meta name=\"twitter:label2\" content=\"Est. tempo de leitura\" \/>\n\t<meta name=\"twitter:data2\" content=\"2 minutos\" \/>\n<script type=\"application\/ld+json\" class=\"yoast-schema-graph\">{\"@context\":\"https:\/\/schema.org\",\"@graph\":[{\"@type\":\"WebPage\",\"@id\":\"https:\/\/serrafm879.com.br\/serrafm\/2024\/09\/ifsertaope-abre-selecao-para-professor-substituto-em-st\/\",\"url\":\"https:\/\/serrafm879.com.br\/serrafm\/2024\/09\/ifsertaope-abre-selecao-para-professor-substituto-em-st\/\",\"name\":\"IFSert\u00e3oPE abre sele\u00e7\u00e3o para professor substituto em ST - Serra FM 87,9\",\"isPartOf\":{\"@id\":\"https:\/\/serrafm879.com.br\/serrafm\/#website\"},\"primaryImageOfPage\":{\"@id\":\"https:\/\/serrafm879.com.br\/serrafm\/2024\/09\/ifsertaope-abre-selecao-para-professor-substituto-em-st\/#primaryimage\"},\"image\":{\"@id\":\"https:\/\/serrafm879.com.br\/serrafm\/2024\/09\/ifsertaope-abre-selecao-para-professor-substituto-em-st\/#primaryimage\"},\"thumbnailUrl\":\"https:\/\/serrafm879.com.br\/serrafm\/wp-content\/uploads\/2024\/09\/unnamed-11-768x768-1.jpg\",\"datePublished\":\"2024-09-09T12:10:29+00:00\",\"author\":{\"@id\":\"https:\/\/serrafm879.com.br\/serrafm\/#\/schema\/person\/c028a197030ff8b1c03c68dfba4a787a\"},\"breadcrumb\":{\"@id\":\"https:\/\/serrafm879.com.br\/serrafm\/2024\/09\/ifsertaope-abre-selecao-para-professor-substituto-em-st\/#breadcrumb\"},\"inLanguage\":\"pt-BR\",\"potentialAction\":[{\"@type\":\"ReadAction\",\"target\":[\"https:\/\/serrafm879.com.br\/serrafm\/2024\/09\/ifsertaope-abre-selecao-para-professor-substituto-em-st\/\"]}]},{\"@type\":\"ImageObject\",\"inLanguage\":\"pt-BR\",\"@id\":\"https:\/\/serrafm879.com.br\/serrafm\/2024\/09\/ifsertaope-abre-selecao-para-professor-substituto-em-st\/#primaryimage\",\"url\":\"https:\/\/serrafm879.com.br\/serrafm\/wp-content\/uploads\/2024\/09\/unnamed-11-768x768-1.jpg\",\"contentUrl\":\"https:\/\/serrafm879.com.br\/serrafm\/wp-content\/uploads\/2024\/09\/unnamed-11-768x768-1.jpg\",\"width\":768,\"height\":768},{\"@type\":\"BreadcrumbList\",\"@id\":\"https:\/\/serrafm879.com.br\/serrafm\/2024\/09\/ifsertaope-abre-selecao-para-professor-substituto-em-st\/#breadcrumb\",\"itemListElement\":[{\"@type\":\"ListItem\",\"position\":1,\"name\":\"In\u00edcio\",\"item\":\"https:\/\/serrafm879.com.br\/serrafm\/\"},{\"@type\":\"ListItem\",\"position\":2,\"name\":\"IFSert\u00e3oPE abre sele\u00e7\u00e3o para professor substituto em ST\"}]},{\"@type\":\"WebSite\",\"@id\":\"https:\/\/serrafm879.com.br\/serrafm\/#website\",\"url\":\"https:\/\/serrafm879.com.br\/serrafm\/\",\"name\":\"Serra FM 87,9\",\"description\":\"O seu novo amor!\",\"potentialAction\":[{\"@type\":\"SearchAction\",\"target\":{\"@type\":\"EntryPoint\",\"urlTemplate\":\"https:\/\/serrafm879.com.br\/serrafm\/?s={search_term_string}\"},\"query-input\":{\"@type\":\"PropertyValueSpecification\",\"valueRequired\":true,\"valueName\":\"search_term_string\"}}],\"inLanguage\":\"pt-BR\"},{\"@type\":\"Person\",\"@id\":\"https:\/\/serrafm879.com.br\/serrafm\/#\/schema\/person\/c028a197030ff8b1c03c68dfba4a787a\",\"name\":\"serrafm87\",\"image\":{\"@type\":\"ImageObject\",\"inLanguage\":\"pt-BR\",\"@id\":\"https:\/\/serrafm879.com.br\/serrafm\/#\/schema\/person\/image\/\",\"url\":\"https:\/\/secure.gravatar.com\/avatar\/a743233f1112d34f48bb3dc9559b76eb930bab8b27175856cba6362608736235?s=96&d=mm&r=g\",\"contentUrl\":\"https:\/\/secure.gravatar.com\/avatar\/a743233f1112d34f48bb3dc9559b76eb930bab8b27175856cba6362608736235?s=96&d=mm&r=g\",\"caption\":\"serrafm87\"},\"sameAs\":[\"http:\/\/serrafm879.com.br\/\"],\"url\":\"https:\/\/serrafm879.com.br\/serrafm\/author\/serrafm87\/\"}]}<\/script>\n<!-- \/ Yoast SEO plugin. -->","yoast_head_json":{"title":"IFSert\u00e3oPE abre sele\u00e7\u00e3o para professor substituto em ST - Serra FM 87,9","robots":{"index":"index","follow":"follow","max-snippet":"max-snippet:-1","max-image-preview":"max-image-preview:large","max-video-preview":"max-video-preview:-1"},"canonical":"https:\/\/serrafm879.com.br\/serrafm\/2024\/09\/ifsertaope-abre-selecao-para-professor-substituto-em-st\/","og_locale":"pt_BR","og_type":"article","og_title":"IFSert\u00e3oPE abre sele\u00e7\u00e3o para professor substituto em ST - Serra FM 87,9","og_description":"O Instituto Federal do Sert\u00e3o Pernambucano (IFSert\u00e3oPE) publicou, nesta sexta-feira (06), o edital n.\u00ba 17\/2024, referente ao processo seletivo simplificado para a contrata\u00e7\u00e3o de Professor Substituto. Est\u00e1 dispon\u00edvel uma vaga na \u00e1rea de Libras, para contrata\u00e7\u00e3o imediata e atua\u00e7\u00e3o no campus Serra Talhada. Os interessados em participar da sele\u00e7\u00e3o devem se inscrever atrav\u00e9s do site (clique aqui) entre os dias 10 e 18 de setembro. A taxa de inscri\u00e7\u00e3o custa R$60 e deve ser paga at\u00e9 o dia 19 de setembro. \u00c9 poss\u00edvel ainda pedir isen\u00e7\u00e3o do pagamento da taxa de inscri\u00e7\u00e3o, no per\u00edodo de 10 a 14 de setembro. [&hellip;]","og_url":"https:\/\/serrafm879.com.br\/serrafm\/2024\/09\/ifsertaope-abre-selecao-para-professor-substituto-em-st\/","og_site_name":"Serra FM 87,9","article_published_time":"2024-09-09T12:10:29+00:00","og_image":[{"width":768,"height":768,"url":"https:\/\/serrafm879.com.br\/serrafm\/wp-content\/uploads\/2024\/09\/unnamed-11-768x768-1.jpg","type":"image\/jpeg"}],"author":"serrafm87","twitter_card":"summary_large_image","twitter_misc":{"Escrito por":"serrafm87","Est. tempo de leitura":"2 minutos"},"schema":{"@context":"https:\/\/schema.org","@graph":[{"@type":"WebPage","@id":"https:\/\/serrafm879.com.br\/serrafm\/2024\/09\/ifsertaope-abre-selecao-para-professor-substituto-em-st\/","url":"https:\/\/serrafm879.com.br\/serrafm\/2024\/09\/ifsertaope-abre-selecao-para-professor-substituto-em-st\/","name":"IFSert\u00e3oPE abre sele\u00e7\u00e3o para professor substituto em ST - Serra FM 87,9","isPartOf":{"@id":"https:\/\/serrafm879.com.br\/serrafm\/#website"},"primaryImageOfPage":{"@id":"https:\/\/serrafm879.com.br\/serrafm\/2024\/09\/ifsertaope-abre-selecao-para-professor-substituto-em-st\/#primaryimage"},"image":{"@id":"https:\/\/serrafm879.com.br\/serrafm\/2024\/09\/ifsertaope-abre-selecao-para-professor-substituto-em-st\/#primaryimage"},"thumbnailUrl":"https:\/\/serrafm879.com.br\/serrafm\/wp-content\/uploads\/2024\/09\/unnamed-11-768x768-1.jpg","datePublished":"2024-09-09T12:10:29+00:00","author":{"@id":"https:\/\/serrafm879.com.br\/serrafm\/#\/schema\/person\/c028a197030ff8b1c03c68dfba4a787a"},"breadcrumb":{"@id":"https:\/\/serrafm879.com.br\/serrafm\/2024\/09\/ifsertaope-abre-selecao-para-professor-substituto-em-st\/#breadcrumb"},"inLanguage":"pt-BR","potentialAction":[{"@type":"ReadAction","target":["https:\/\/serrafm879.com.br\/serrafm\/2024\/09\/ifsertaope-abre-selecao-para-professor-substituto-em-st\/"]}]},{"@type":"ImageObject","inLanguage":"pt-BR","@id":"https:\/\/serrafm879.com.br\/serrafm\/2024\/09\/ifsertaope-abre-selecao-para-professor-substituto-em-st\/#primaryimage","url":"https:\/\/serrafm879.com.br\/serrafm\/wp-content\/uploads\/2024\/09\/unnamed-11-768x768-1.jpg","contentUrl":"https:\/\/serrafm879.com.br\/serrafm\/wp-content\/uploads\/2024\/09\/unnamed-11-768x768-1.jpg","width":768,"height":768},{"@type":"BreadcrumbList","@id":"https:\/\/serrafm879.com.br\/serrafm\/2024\/09\/ifsertaope-abre-selecao-para-professor-substituto-em-st\/#breadcrumb","itemListElement":[{"@type":"ListItem","position":1,"name":"In\u00edcio","item":"https:\/\/serrafm879.com.br\/serrafm\/"},{"@type":"ListItem","position":2,"name":"IFSert\u00e3oPE abre sele\u00e7\u00e3o para professor substituto em ST"}]},{"@type":"WebSite","@id":"https:\/\/serrafm879.com.br\/serrafm\/#website","url":"https:\/\/serrafm879.com.br\/serrafm\/","name":"Serra FM 87,9","description":"O seu novo amor!","potentialAction":[{"@type":"SearchAction","target":{"@type":"EntryPoint","urlTemplate":"https:\/\/serrafm879.com.br\/serrafm\/?s={search_term_string}"},"query-input":{"@type":"PropertyValueSpecification","valueRequired":true,"valueName":"search_term_string"}}],"inLanguage":"pt-BR"},{"@type":"Person","@id":"https:\/\/serrafm879.com.br\/serrafm\/#\/schema\/person\/c028a197030ff8b1c03c68dfba4a787a","name":"serrafm87","image":{"@type":"ImageObject","inLanguage":"pt-BR","@id":"https:\/\/serrafm879.com.br\/serrafm\/#\/schema\/person\/image\/","url":"https:\/\/secure.gravatar.com\/avatar\/a743233f1112d34f48bb3dc9559b76eb930bab8b27175856cba6362608736235?s=96&d=mm&r=g","contentUrl":"https:\/\/secure.gravatar.com\/avatar\/a743233f1112d34f48bb3dc9559b76eb930bab8b27175856cba6362608736235?s=96&d=mm&r=g","caption":"serrafm87"},"sameAs":["http:\/\/serrafm879.com.br\/"],"url":"https:\/\/serrafm879.com.br\/serrafm\/author\/serrafm87\/"}]}},"jetpack_featured_media_url":"https:\/\/serrafm879.com.br\/serrafm\/wp-content\/uploads\/2024\/09\/unnamed-11-768x768-1.jpg","jetpack_shortlink":"https:\/\/wp.me\/p7HyXg-4Bj","jetpack_sharing_enabled":true,"_links":{"self":[{"href":"https:\/\/serrafm879.com.br\/serrafm\/wp-json\/wp\/v2\/posts\/17689","targetHints":{"allow":["GET"]}}],"collection":[{"href":"https:\/\/serrafm879.com.br\/serrafm\/wp-json\/wp\/v2\/posts"}],"about":[{"href":"https:\/\/serrafm879.com.br\/serrafm\/wp-json\/wp\/v2\/types\/post"}],"author":[{"embeddable":true,"href":"https:\/\/serrafm879.com.br\/serrafm\/wp-json\/wp\/v2\/users\/2"}],"replies":[{"embeddable":true,"href":"https:\/\/serrafm879.com.br\/serrafm\/wp-json\/wp\/v2\/comments?post=17689"}],"version-history":[{"count":1,"href":"https:\/\/serrafm879.com.br\/serrafm\/wp-json\/wp\/v2\/posts\/17689\/revisions"}],"predecessor-version":[{"id":17691,"href":"https:\/\/serrafm879.com.br\/serrafm\/wp-json\/wp\/v2\/posts\/17689\/revisions\/17691"}],"wp:featuredmedia":[{"embeddable":true,"href":"https:\/\/serrafm879.com.br\/serrafm\/wp-json\/wp\/v2\/media\/17690"}],"wp:attachment":[{"href":"https:\/\/serrafm879.com.br\/serrafm\/wp-json\/wp\/v2\/media?parent=17689"}],"wp:term":[{"taxonomy":"category","embeddable":true,"href":"https:\/\/serrafm879.com.br\/serrafm\/wp-json\/wp\/v2\/categories?post=17689"},{"taxonomy":"post_tag","embeddable":true,"href":"https:\/\/serrafm879.com.br\/serrafm\/wp-json\/wp\/v2\/tags?post=17689"}],"curies":[{"name":"wp","href":"https:\/\/api.w.org\/{rel}","templated":true}]}}