{"id":17698,"date":"2024-09-09T18:21:41","date_gmt":"2024-09-09T21:21:41","guid":{"rendered":"https:\/?p=17698"},"modified":"2024-09-09T18:21:41","modified_gmt":"2024-09-09T21:21:41","slug":"deputada-macae-evaristo-sera-nova-ministra-dos-direitos-humanos","status":"publish","type":"post","link":"https:\/\/serrafm879.com.br\/serrafm\/2024\/09\/deputada-macae-evaristo-sera-nova-ministra-dos-direitos-humanos\/","title":{"rendered":"Deputada Maca\u00e9 Evaristo ser\u00e1 nova ministra dos Direitos Humanos"},"content":{"rendered":"<div class=\"tituloNoticia\">\n<h2 class=\"subTituloDet\">Parlamentar mineira tem trajet\u00f3ria ligada a educa\u00e7\u00e3o e diversidade<\/h2>\n<\/div>\n<div class=\"descricaoNoticia\">\n<aside class=\"dataAutor\">Por<strong>\u00a0Ag\u00eancia Brasil<\/strong><small>09\/09\/24 \u00e0s 16H13\u00a0atualizado em 09\/09\/24 \u00e0s 16H29<\/small><\/aside>\n<\/div>\n<aside>O presidente\u00a0<strong><a href=\"https:\/\/www.folhape.com.br\/noticia\/detalhe\/lula-se-reune-com-favorita-para-substituir-silvio-almeida-na-tarde\/359456\/\">Luiz In\u00e1cio Lula da Silva<\/a><\/strong>\u00a0vai nomear a deputada estadual mineira<strong>\u00a0Maca\u00e9 Evaristo<\/strong> (PT) para o Minist\u00e9rio dos Direitos Humanos e da Cidadania. A parlamentar esteve no Pal\u00e1cio do Planalto nesta segunda-feira (09) e j\u00e1 come\u00e7a a se inteirar da transi\u00e7\u00e3o no minist\u00e9rio.<\/p>\n<p>O Minist\u00e9rio dos Direitos Humanos e da Cidadania estava interinamente sob a responsabilidade da ministra da Gest\u00e3o e Inova\u00e7\u00e3o em Servi\u00e7os P\u00fablicos, Esther Dweck. Na sexta-feira (6), o ent\u00e3o titular da pasta,\u00a0<a href=\"https:\/\/www.folhape.com.br\/noticia\/detalhe\/ministro-silvio-almeida-e-demitido-apos-denuncias-de-assedio\/359185\/\">Silvio Almeida, foi exonerado ap\u00f3s den\u00fancias de ass\u00e9dio moral e sexual<\/a>. Almeida nega as acusa\u00e7\u00f5es.<\/p>\n<p>Maca\u00e9 Evaristo \u00e9 graduada em Servi\u00e7o Social, tem mestrado em Educa\u00e7\u00e3o e \u00e9 doutoranda na mesma \u00e1rea pela Universidade Federal de Minas Gerais. A nova ministra dos Direitos Humanos \u00e9 professora da Rede Municipal de Educa\u00e7\u00e3o de Belo Horizonte, onde atuou na coordena\u00e7\u00e3o e dire\u00e7\u00e3o de escola p\u00fablica.<\/p>\n<p>A parlamentar atuou como Gerente de Coordena\u00e7\u00e3o da Pol\u00edtica Pedag\u00f3gica, Secret\u00e1ria Adjunta e Secret\u00e1ria Municipal de Educa\u00e7\u00e3o, no per\u00edodo de 2004 a 2012. Foi professora do Curso de Magist\u00e9rio Intercultural Ind\u00edgena e coordenou o Programa de Implanta\u00e7\u00e3o de Escolas Ind\u00edgenas de Minas Gerais no per\u00edodo de 1997 a 2003.<\/p>\n<p>Maca\u00e9 Evaristo tamb\u00e9m atuou como Secret\u00e1ria de Alfabetiza\u00e7\u00e3o, Diversidade e Inclus\u00e3o do Minist\u00e9rio da Educa\u00e7\u00e3o e foi Secret\u00e1ria de Educa\u00e7\u00e3o de Minas Gerais no per\u00edodo de 2015 a 2018.<\/p>\n<p>Fonte: Folha PE<\/p>\n<div>\n<div>\n<div><\/div>\n<div><\/div>\n<\/div>\n<\/div>\n<div><\/div>\n<div><\/div>\n<div><\/div>\n<div><\/div>\n<div>\n<div>\n<div><\/div>\n<div><\/div>\n<div><\/div>\n<\/div>\n<div>\n<div><\/div>\n<div><\/div>\n<\/div>\n<div>\n<div><\/div>\n<div><\/div>\n<div><\/div>\n<\/div>\n<\/div>\n<div>\n<div><\/div>\n<div><\/div>\n<\/div>\n<p><a href=\"https:\/\/www.instagram.com\/p\/C_tRPBPvDqL\/?utm_source=ig_embed&amp;utm_campaign=loading\" target=\"_blank\" rel=\"noopener\">Uma publica\u00e7\u00e3o compartilhada por Luiz Ina\u0301cio Lula da Silva (@lulaoficial)<\/a><\/p>\n<p>O Minist\u00e9rio dos Direitos Humanos e da Cidadania estava interinamente sob a responsabilidade da ministra da Gest\u00e3o e Inova\u00e7\u00e3o em Servi\u00e7os P\u00fablicos, Esther Dweck. Na sexta-feira (6), o ent\u00e3o titular da pasta,\u00a0<a href=\"https:\/\/www.folhape.com.br\/noticia\/detalhe\/ministro-silvio-almeida-e-demitido-apos-denuncias-de-assedio\/359185\/\">Silvio Almeida, foi exonerado ap\u00f3s den\u00fancias de ass\u00e9dio moral e sexual<\/a>. Almeida nega as acusa\u00e7\u00f5es.<\/p>\n<\/aside>\n","protected":false},"excerpt":{"rendered":"<p>Parlamentar mineira tem trajet\u00f3ria ligada a educa\u00e7\u00e3o e diversidade Por\u00a0Ag\u00eancia Brasil09\/09\/24 \u00e0s 16H13\u00a0atualizado em 09\/09\/24 \u00e0s 16H29 O presidente\u00a0Luiz In\u00e1cio Lula da Silva\u00a0vai nomear a deputada estadual mineira\u00a0Maca\u00e9 Evaristo (PT) para o Minist\u00e9rio dos Direitos Humanos e da Cidadania. A parlamentar esteve no Pal\u00e1cio do Planalto nesta segunda-feira (09) e j\u00e1 come\u00e7a a se inteirar da transi\u00e7\u00e3o no minist\u00e9rio. O Minist\u00e9rio dos Direitos Humanos e da Cidadania estava interinamente sob a responsabilidade da ministra da Gest\u00e3o e Inova\u00e7\u00e3o em Servi\u00e7os P\u00fablicos, Esther Dweck. Na sexta-feira (6), o ent\u00e3o titular da pasta,\u00a0Silvio Almeida, foi exonerado ap\u00f3s den\u00fancias de ass\u00e9dio moral e [&hellip;]<\/p>\n","protected":false},"author":2,"featured_media":17701,"comment_status":"open","ping_status":"open","sticky":false,"template":"","format":"standard","meta":{"_jetpack_memberships_contains_paid_content":false,"footnotes":"","jetpack_publicize_message":"","jetpack_publicize_feature_enabled":true,"jetpack_social_post_already_shared":true,"jetpack_social_options":{"image_generator_settings":{"template":"highway","enabled":false},"version":2}},"categories":[2],"tags":[],"class_list":["post-17698","post","type-post","status-publish","format-standard","has-post-thumbnail","hentry","category-noticias"],"jetpack_publicize_connections":[],"yoast_head":"<!-- This site is optimized with the Yoast SEO plugin v24.7 - https:\/\/yoast.com\/wordpress\/plugins\/seo\/ -->\n<title>Deputada Maca\u00e9 Evaristo ser\u00e1 nova ministra dos Direitos Humanos - Serra FM 87,9<\/title>\n<meta name=\"robots\" content=\"index, follow, max-snippet:-1, max-image-preview:large, max-video-preview:-1\" \/>\n<link rel=\"canonical\" href=\"https:\/\/serrafm879.com.br\/serrafm\/2024\/09\/deputada-macae-evaristo-sera-nova-ministra-dos-direitos-humanos\/\" \/>\n<meta property=\"og:locale\" content=\"pt_BR\" \/>\n<meta property=\"og:type\" content=\"article\" \/>\n<meta property=\"og:title\" content=\"Deputada Maca\u00e9 Evaristo ser\u00e1 nova ministra dos Direitos Humanos - Serra FM 87,9\" \/>\n<meta property=\"og:description\" content=\"Parlamentar mineira tem trajet\u00f3ria ligada a educa\u00e7\u00e3o e diversidade Por\u00a0Ag\u00eancia Brasil09\/09\/24 \u00e0s 16H13\u00a0atualizado em 09\/09\/24 \u00e0s 16H29 O presidente\u00a0Luiz In\u00e1cio Lula da Silva\u00a0vai nomear a deputada estadual mineira\u00a0Maca\u00e9 Evaristo (PT) para o Minist\u00e9rio dos Direitos Humanos e da Cidadania. A parlamentar esteve no Pal\u00e1cio do Planalto nesta segunda-feira (09) e j\u00e1 come\u00e7a a se inteirar da transi\u00e7\u00e3o no minist\u00e9rio. O Minist\u00e9rio dos Direitos Humanos e da Cidadania estava interinamente sob a responsabilidade da ministra da Gest\u00e3o e Inova\u00e7\u00e3o em Servi\u00e7os P\u00fablicos, Esther Dweck. Na sexta-feira (6), o ent\u00e3o titular da pasta,\u00a0Silvio Almeida, foi exonerado ap\u00f3s den\u00fancias de ass\u00e9dio moral e [&hellip;]\" \/>\n<meta property=\"og:url\" content=\"https:\/\/serrafm879.com.br\/serrafm\/2024\/09\/deputada-macae-evaristo-sera-nova-ministra-dos-direitos-humanos\/\" \/>\n<meta property=\"og:site_name\" content=\"Serra FM 87,9\" \/>\n<meta property=\"article:published_time\" content=\"2024-09-09T21:21:41+00:00\" \/>\n<meta property=\"og:image\" content=\"https:\/\/serrafm879.com.br\/serrafm\/wp-content\/uploads\/2024\/09\/design-sem-nome-1_3.jpg\" \/>\n\t<meta property=\"og:image:width\" content=\"1100\" \/>\n\t<meta property=\"og:image:height\" content=\"734\" \/>\n\t<meta property=\"og:image:type\" content=\"image\/jpeg\" \/>\n<meta name=\"author\" content=\"serrafm87\" \/>\n<meta name=\"twitter:card\" content=\"summary_large_image\" \/>\n<meta name=\"twitter:label1\" content=\"Escrito por\" \/>\n\t<meta name=\"twitter:data1\" content=\"serrafm87\" \/>\n\t<meta name=\"twitter:label2\" content=\"Est. tempo de leitura\" \/>\n\t<meta name=\"twitter:data2\" content=\"2 minutos\" \/>\n<script type=\"application\/ld+json\" class=\"yoast-schema-graph\">{\"@context\":\"https:\/\/schema.org\",\"@graph\":[{\"@type\":\"WebPage\",\"@id\":\"https:\/\/serrafm879.com.br\/serrafm\/2024\/09\/deputada-macae-evaristo-sera-nova-ministra-dos-direitos-humanos\/\",\"url\":\"https:\/\/serrafm879.com.br\/serrafm\/2024\/09\/deputada-macae-evaristo-sera-nova-ministra-dos-direitos-humanos\/\",\"name\":\"Deputada Maca\u00e9 Evaristo ser\u00e1 nova ministra dos Direitos Humanos - Serra FM 87,9\",\"isPartOf\":{\"@id\":\"https:\/\/serrafm879.com.br\/serrafm\/#website\"},\"primaryImageOfPage\":{\"@id\":\"https:\/\/serrafm879.com.br\/serrafm\/2024\/09\/deputada-macae-evaristo-sera-nova-ministra-dos-direitos-humanos\/#primaryimage\"},\"image\":{\"@id\":\"https:\/\/serrafm879.com.br\/serrafm\/2024\/09\/deputada-macae-evaristo-sera-nova-ministra-dos-direitos-humanos\/#primaryimage\"},\"thumbnailUrl\":\"https:\/\/serrafm879.com.br\/serrafm\/wp-content\/uploads\/2024\/09\/design-sem-nome-1_3.jpg\",\"datePublished\":\"2024-09-09T21:21:41+00:00\",\"author\":{\"@id\":\"https:\/\/serrafm879.com.br\/serrafm\/#\/schema\/person\/c028a197030ff8b1c03c68dfba4a787a\"},\"breadcrumb\":{\"@id\":\"https:\/\/serrafm879.com.br\/serrafm\/2024\/09\/deputada-macae-evaristo-sera-nova-ministra-dos-direitos-humanos\/#breadcrumb\"},\"inLanguage\":\"pt-BR\",\"potentialAction\":[{\"@type\":\"ReadAction\",\"target\":[\"https:\/\/serrafm879.com.br\/serrafm\/2024\/09\/deputada-macae-evaristo-sera-nova-ministra-dos-direitos-humanos\/\"]}]},{\"@type\":\"ImageObject\",\"inLanguage\":\"pt-BR\",\"@id\":\"https:\/\/serrafm879.com.br\/serrafm\/2024\/09\/deputada-macae-evaristo-sera-nova-ministra-dos-direitos-humanos\/#primaryimage\",\"url\":\"https:\/\/serrafm879.com.br\/serrafm\/wp-content\/uploads\/2024\/09\/design-sem-nome-1_3.jpg\",\"contentUrl\":\"https:\/\/serrafm879.com.br\/serrafm\/wp-content\/uploads\/2024\/09\/design-sem-nome-1_3.jpg\",\"width\":1100,\"height\":734},{\"@type\":\"BreadcrumbList\",\"@id\":\"https:\/\/serrafm879.com.br\/serrafm\/2024\/09\/deputada-macae-evaristo-sera-nova-ministra-dos-direitos-humanos\/#breadcrumb\",\"itemListElement\":[{\"@type\":\"ListItem\",\"position\":1,\"name\":\"In\u00edcio\",\"item\":\"https:\/\/serrafm879.com.br\/serrafm\/\"},{\"@type\":\"ListItem\",\"position\":2,\"name\":\"Deputada Maca\u00e9 Evaristo ser\u00e1 nova ministra dos Direitos Humanos\"}]},{\"@type\":\"WebSite\",\"@id\":\"https:\/\/serrafm879.com.br\/serrafm\/#website\",\"url\":\"https:\/\/serrafm879.com.br\/serrafm\/\",\"name\":\"Serra FM 87,9\",\"description\":\"O seu novo amor!\",\"potentialAction\":[{\"@type\":\"SearchAction\",\"target\":{\"@type\":\"EntryPoint\",\"urlTemplate\":\"https:\/\/serrafm879.com.br\/serrafm\/?s={search_term_string}\"},\"query-input\":{\"@type\":\"PropertyValueSpecification\",\"valueRequired\":true,\"valueName\":\"search_term_string\"}}],\"inLanguage\":\"pt-BR\"},{\"@type\":\"Person\",\"@id\":\"https:\/\/serrafm879.com.br\/serrafm\/#\/schema\/person\/c028a197030ff8b1c03c68dfba4a787a\",\"name\":\"serrafm87\",\"image\":{\"@type\":\"ImageObject\",\"inLanguage\":\"pt-BR\",\"@id\":\"https:\/\/serrafm879.com.br\/serrafm\/#\/schema\/person\/image\/\",\"url\":\"https:\/\/secure.gravatar.com\/avatar\/a743233f1112d34f48bb3dc9559b76eb930bab8b27175856cba6362608736235?s=96&d=mm&r=g\",\"contentUrl\":\"https:\/\/secure.gravatar.com\/avatar\/a743233f1112d34f48bb3dc9559b76eb930bab8b27175856cba6362608736235?s=96&d=mm&r=g\",\"caption\":\"serrafm87\"},\"sameAs\":[\"http:\/\/serrafm879.com.br\/\"],\"url\":\"https:\/\/serrafm879.com.br\/serrafm\/author\/serrafm87\/\"}]}<\/script>\n<!-- \/ Yoast SEO plugin. -->","yoast_head_json":{"title":"Deputada Maca\u00e9 Evaristo ser\u00e1 nova ministra dos Direitos Humanos - Serra FM 87,9","robots":{"index":"index","follow":"follow","max-snippet":"max-snippet:-1","max-image-preview":"max-image-preview:large","max-video-preview":"max-video-preview:-1"},"canonical":"https:\/\/serrafm879.com.br\/serrafm\/2024\/09\/deputada-macae-evaristo-sera-nova-ministra-dos-direitos-humanos\/","og_locale":"pt_BR","og_type":"article","og_title":"Deputada Maca\u00e9 Evaristo ser\u00e1 nova ministra dos Direitos Humanos - Serra FM 87,9","og_description":"Parlamentar mineira tem trajet\u00f3ria ligada a educa\u00e7\u00e3o e diversidade Por\u00a0Ag\u00eancia Brasil09\/09\/24 \u00e0s 16H13\u00a0atualizado em 09\/09\/24 \u00e0s 16H29 O presidente\u00a0Luiz In\u00e1cio Lula da Silva\u00a0vai nomear a deputada estadual mineira\u00a0Maca\u00e9 Evaristo (PT) para o Minist\u00e9rio dos Direitos Humanos e da Cidadania. A parlamentar esteve no Pal\u00e1cio do Planalto nesta segunda-feira (09) e j\u00e1 come\u00e7a a se inteirar da transi\u00e7\u00e3o no minist\u00e9rio. O Minist\u00e9rio dos Direitos Humanos e da Cidadania estava interinamente sob a responsabilidade da ministra da Gest\u00e3o e Inova\u00e7\u00e3o em Servi\u00e7os P\u00fablicos, Esther Dweck. Na sexta-feira (6), o ent\u00e3o titular da pasta,\u00a0Silvio Almeida, foi exonerado ap\u00f3s den\u00fancias de ass\u00e9dio moral e [&hellip;]","og_url":"https:\/\/serrafm879.com.br\/serrafm\/2024\/09\/deputada-macae-evaristo-sera-nova-ministra-dos-direitos-humanos\/","og_site_name":"Serra FM 87,9","article_published_time":"2024-09-09T21:21:41+00:00","og_image":[{"width":1100,"height":734,"url":"https:\/\/serrafm879.com.br\/serrafm\/wp-content\/uploads\/2024\/09\/design-sem-nome-1_3.jpg","type":"image\/jpeg"}],"author":"serrafm87","twitter_card":"summary_large_image","twitter_misc":{"Escrito por":"serrafm87","Est. tempo de leitura":"2 minutos"},"schema":{"@context":"https:\/\/schema.org","@graph":[{"@type":"WebPage","@id":"https:\/\/serrafm879.com.br\/serrafm\/2024\/09\/deputada-macae-evaristo-sera-nova-ministra-dos-direitos-humanos\/","url":"https:\/\/serrafm879.com.br\/serrafm\/2024\/09\/deputada-macae-evaristo-sera-nova-ministra-dos-direitos-humanos\/","name":"Deputada Maca\u00e9 Evaristo ser\u00e1 nova ministra dos Direitos Humanos - Serra FM 87,9","isPartOf":{"@id":"https:\/\/serrafm879.com.br\/serrafm\/#website"},"primaryImageOfPage":{"@id":"https:\/\/serrafm879.com.br\/serrafm\/2024\/09\/deputada-macae-evaristo-sera-nova-ministra-dos-direitos-humanos\/#primaryimage"},"image":{"@id":"https:\/\/serrafm879.com.br\/serrafm\/2024\/09\/deputada-macae-evaristo-sera-nova-ministra-dos-direitos-humanos\/#primaryimage"},"thumbnailUrl":"https:\/\/serrafm879.com.br\/serrafm\/wp-content\/uploads\/2024\/09\/design-sem-nome-1_3.jpg","datePublished":"2024-09-09T21:21:41+00:00","author":{"@id":"https:\/\/serrafm879.com.br\/serrafm\/#\/schema\/person\/c028a197030ff8b1c03c68dfba4a787a"},"breadcrumb":{"@id":"https:\/\/serrafm879.com.br\/serrafm\/2024\/09\/deputada-macae-evaristo-sera-nova-ministra-dos-direitos-humanos\/#breadcrumb"},"inLanguage":"pt-BR","potentialAction":[{"@type":"ReadAction","target":["https:\/\/serrafm879.com.br\/serrafm\/2024\/09\/deputada-macae-evaristo-sera-nova-ministra-dos-direitos-humanos\/"]}]},{"@type":"ImageObject","inLanguage":"pt-BR","@id":"https:\/\/serrafm879.com.br\/serrafm\/2024\/09\/deputada-macae-evaristo-sera-nova-ministra-dos-direitos-humanos\/#primaryimage","url":"https:\/\/serrafm879.com.br\/serrafm\/wp-content\/uploads\/2024\/09\/design-sem-nome-1_3.jpg","contentUrl":"https:\/\/serrafm879.com.br\/serrafm\/wp-content\/uploads\/2024\/09\/design-sem-nome-1_3.jpg","width":1100,"height":734},{"@type":"BreadcrumbList","@id":"https:\/\/serrafm879.com.br\/serrafm\/2024\/09\/deputada-macae-evaristo-sera-nova-ministra-dos-direitos-humanos\/#breadcrumb","itemListElement":[{"@type":"ListItem","position":1,"name":"In\u00edcio","item":"https:\/\/serrafm879.com.br\/serrafm\/"},{"@type":"ListItem","position":2,"name":"Deputada Maca\u00e9 Evaristo ser\u00e1 nova ministra dos Direitos Humanos"}]},{"@type":"WebSite","@id":"https:\/\/serrafm879.com.br\/serrafm\/#website","url":"https:\/\/serrafm879.com.br\/serrafm\/","name":"Serra FM 87,9","description":"O seu novo amor!","potentialAction":[{"@type":"SearchAction","target":{"@type":"EntryPoint","urlTemplate":"https:\/\/serrafm879.com.br\/serrafm\/?s={search_term_string}"},"query-input":{"@type":"PropertyValueSpecification","valueRequired":true,"valueName":"search_term_string"}}],"inLanguage":"pt-BR"},{"@type":"Person","@id":"https:\/\/serrafm879.com.br\/serrafm\/#\/schema\/person\/c028a197030ff8b1c03c68dfba4a787a","name":"serrafm87","image":{"@type":"ImageObject","inLanguage":"pt-BR","@id":"https:\/\/serrafm879.com.br\/serrafm\/#\/schema\/person\/image\/","url":"https:\/\/secure.gravatar.com\/avatar\/a743233f1112d34f48bb3dc9559b76eb930bab8b27175856cba6362608736235?s=96&d=mm&r=g","contentUrl":"https:\/\/secure.gravatar.com\/avatar\/a743233f1112d34f48bb3dc9559b76eb930bab8b27175856cba6362608736235?s=96&d=mm&r=g","caption":"serrafm87"},"sameAs":["http:\/\/serrafm879.com.br\/"],"url":"https:\/\/serrafm879.com.br\/serrafm\/author\/serrafm87\/"}]}},"jetpack_featured_media_url":"https:\/\/serrafm879.com.br\/serrafm\/wp-content\/uploads\/2024\/09\/design-sem-nome-1_3.jpg","jetpack_shortlink":"https:\/\/wp.me\/p7HyXg-4Bs","jetpack_sharing_enabled":true,"_links":{"self":[{"href":"https:\/\/serrafm879.com.br\/serrafm\/wp-json\/wp\/v2\/posts\/17698","targetHints":{"allow":["GET"]}}],"collection":[{"href":"https:\/\/serrafm879.com.br\/serrafm\/wp-json\/wp\/v2\/posts"}],"about":[{"href":"https:\/\/serrafm879.com.br\/serrafm\/wp-json\/wp\/v2\/types\/post"}],"author":[{"embeddable":true,"href":"https:\/\/serrafm879.com.br\/serrafm\/wp-json\/wp\/v2\/users\/2"}],"replies":[{"embeddable":true,"href":"https:\/\/serrafm879.com.br\/serrafm\/wp-json\/wp\/v2\/comments?post=17698"}],"version-history":[{"count":1,"href":"https:\/\/serrafm879.com.br\/serrafm\/wp-json\/wp\/v2\/posts\/17698\/revisions"}],"predecessor-version":[{"id":17703,"href":"https:\/\/serrafm879.com.br\/serrafm\/wp-json\/wp\/v2\/posts\/17698\/revisions\/17703"}],"wp:featuredmedia":[{"embeddable":true,"href":"https:\/\/serrafm879.com.br\/serrafm\/wp-json\/wp\/v2\/media\/17701"}],"wp:attachment":[{"href":"https:\/\/serrafm879.com.br\/serrafm\/wp-json\/wp\/v2\/media?parent=17698"}],"wp:term":[{"taxonomy":"category","embeddable":true,"href":"https:\/\/serrafm879.com.br\/serrafm\/wp-json\/wp\/v2\/categories?post=17698"},{"taxonomy":"post_tag","embeddable":true,"href":"https:\/\/serrafm879.com.br\/serrafm\/wp-json\/wp\/v2\/tags?post=17698"}],"curies":[{"name":"wp","href":"https:\/\/api.w.org\/{rel}","templated":true}]}}