{"id":17710,"date":"2024-09-10T10:07:28","date_gmt":"2024-09-10T13:07:28","guid":{"rendered":"https:\/?p=17710"},"modified":"2024-09-10T10:07:28","modified_gmt":"2024-09-10T13:07:28","slug":"prf-flagra-transporte-de-10-pessoas-em-caminhao","status":"publish","type":"post","link":"https:\/\/serrafm879.com.br\/serrafm\/2024\/09\/prf-flagra-transporte-de-10-pessoas-em-caminhao\/","title":{"rendered":"PRF flagra transporte de 10 pessoas em caminh\u00e3o"},"content":{"rendered":"<p>Um motorista de um caminh\u00e3o que transportava dez trabalhadores na carroceria do ve\u00edculo foi autuado, na segunda-feira (9), pela Pol\u00edcia Rodovi\u00e1ria Federal (PRF). O flagrante aconteceu no Km 121 da BR 407, em Petrolina, no Sert\u00e3o de\u00a0Pernambuco.<\/p>\n<p>Policiais do Grupo de Patrulhamento T\u00e1tico da PRF realizavam uma fiscaliza\u00e7\u00e3o na rodovia, quando avistaram um caminh\u00e3o com trabalhadores em cima da lona. O ve\u00edculo havia sa\u00eddo da Zona Rural do munic\u00edpio e iria percorrer 10 Km at\u00e9 um posto de combust\u00edvel.<\/p>\n<p>Os trabalhadores desembarcaram do caminh\u00e3o e a equipe emitiu autua\u00e7\u00f5es pelo transporte de pessoas no compartimento de carga, pelo desrespeito \u00e0 Lei do Descanso do motorista e por altera\u00e7\u00e3o no sistema de ilumina\u00e7\u00e3o. A equipe ainda emitiu um Termo Circunstanciado de Ocorr\u00eancia (TCO) por expor a vida a perigo e acionou o Minist\u00e9rio do Trabalho e Emprego (MTE) para adotar as medidas legais cab\u00edveis.<\/p>\n","protected":false},"excerpt":{"rendered":"<p>Um motorista de um caminh\u00e3o que transportava dez trabalhadores na carroceria do ve\u00edculo foi autuado, na segunda-feira (9), pela Pol\u00edcia Rodovi\u00e1ria Federal (PRF). O flagrante aconteceu no Km 121 da BR 407, em Petrolina, no Sert\u00e3o de\u00a0Pernambuco. Policiais do Grupo de Patrulhamento T\u00e1tico da PRF realizavam uma fiscaliza\u00e7\u00e3o na rodovia, quando avistaram um caminh\u00e3o com trabalhadores em cima da lona. O ve\u00edculo havia sa\u00eddo da Zona Rural do munic\u00edpio e iria percorrer 10 Km at\u00e9 um posto de combust\u00edvel. Os trabalhadores desembarcaram do caminh\u00e3o e a equipe emitiu autua\u00e7\u00f5es pelo transporte de pessoas no compartimento de carga, pelo desrespeito \u00e0 [&hellip;]<\/p>\n","protected":false},"author":2,"featured_media":17711,"comment_status":"open","ping_status":"open","sticky":false,"template":"","format":"standard","meta":{"_jetpack_memberships_contains_paid_content":false,"footnotes":"","jetpack_publicize_message":"","jetpack_publicize_feature_enabled":true,"jetpack_social_post_already_shared":true,"jetpack_social_options":{"image_generator_settings":{"template":"highway","enabled":false},"version":2}},"categories":[151],"tags":[],"class_list":["post-17710","post","type-post","status-publish","format-standard","has-post-thumbnail","hentry","category-policia"],"jetpack_publicize_connections":[],"yoast_head":"<!-- This site is optimized with the Yoast SEO plugin v24.7 - https:\/\/yoast.com\/wordpress\/plugins\/seo\/ -->\n<title>PRF flagra transporte de 10 pessoas em caminh\u00e3o - Serra FM 87,9<\/title>\n<meta name=\"description\" content=\"Um motorista de um caminh\u00e3o que transportava dez trabalhadores na carroceria do ve\u00edculo foi autuado, na segunda-feira (9).\" \/>\n<meta name=\"robots\" content=\"index, follow, max-snippet:-1, max-image-preview:large, max-video-preview:-1\" \/>\n<link rel=\"canonical\" href=\"https:\/\/serrafm879.com.br\/serrafm\/2024\/09\/prf-flagra-transporte-de-10-pessoas-em-caminhao\/\" \/>\n<meta property=\"og:locale\" content=\"pt_BR\" \/>\n<meta property=\"og:type\" content=\"article\" \/>\n<meta property=\"og:title\" content=\"PRF flagra transporte de 10 pessoas em caminh\u00e3o - Serra FM 87,9\" \/>\n<meta property=\"og:description\" content=\"Um motorista de um caminh\u00e3o que transportava dez trabalhadores na carroceria do ve\u00edculo foi autuado, na segunda-feira (9).\" \/>\n<meta property=\"og:url\" content=\"https:\/\/serrafm879.com.br\/serrafm\/2024\/09\/prf-flagra-transporte-de-10-pessoas-em-caminhao\/\" \/>\n<meta property=\"og:site_name\" content=\"Serra FM 87,9\" \/>\n<meta property=\"article:published_time\" content=\"2024-09-10T13:07:28+00:00\" \/>\n<meta property=\"og:image\" content=\"https:\/\/serrafm879.com.br\/serrafm\/wp-content\/uploads\/2024\/09\/Anotacao-2024-09-10-100638.png\" \/>\n\t<meta property=\"og:image:width\" content=\"458\" \/>\n\t<meta property=\"og:image:height\" content=\"356\" \/>\n\t<meta property=\"og:image:type\" content=\"image\/png\" \/>\n<meta name=\"author\" content=\"serrafm87\" \/>\n<meta name=\"twitter:card\" content=\"summary_large_image\" \/>\n<meta name=\"twitter:label1\" content=\"Escrito por\" \/>\n\t<meta name=\"twitter:data1\" content=\"serrafm87\" \/>\n\t<meta name=\"twitter:label2\" content=\"Est. tempo de leitura\" \/>\n\t<meta name=\"twitter:data2\" content=\"1 minuto\" \/>\n<script type=\"application\/ld+json\" class=\"yoast-schema-graph\">{\"@context\":\"https:\/\/schema.org\",\"@graph\":[{\"@type\":\"WebPage\",\"@id\":\"https:\/\/serrafm879.com.br\/serrafm\/2024\/09\/prf-flagra-transporte-de-10-pessoas-em-caminhao\/\",\"url\":\"https:\/\/serrafm879.com.br\/serrafm\/2024\/09\/prf-flagra-transporte-de-10-pessoas-em-caminhao\/\",\"name\":\"PRF flagra transporte de 10 pessoas em caminh\u00e3o - Serra FM 87,9\",\"isPartOf\":{\"@id\":\"https:\/\/serrafm879.com.br\/serrafm\/#website\"},\"primaryImageOfPage\":{\"@id\":\"https:\/\/serrafm879.com.br\/serrafm\/2024\/09\/prf-flagra-transporte-de-10-pessoas-em-caminhao\/#primaryimage\"},\"image\":{\"@id\":\"https:\/\/serrafm879.com.br\/serrafm\/2024\/09\/prf-flagra-transporte-de-10-pessoas-em-caminhao\/#primaryimage\"},\"thumbnailUrl\":\"https:\/\/serrafm879.com.br\/serrafm\/wp-content\/uploads\/2024\/09\/Anotacao-2024-09-10-100638.png\",\"datePublished\":\"2024-09-10T13:07:28+00:00\",\"author\":{\"@id\":\"https:\/\/serrafm879.com.br\/serrafm\/#\/schema\/person\/c028a197030ff8b1c03c68dfba4a787a\"},\"description\":\"Um motorista de um caminh\u00e3o que transportava dez trabalhadores na carroceria do ve\u00edculo foi autuado, na segunda-feira (9).\",\"breadcrumb\":{\"@id\":\"https:\/\/serrafm879.com.br\/serrafm\/2024\/09\/prf-flagra-transporte-de-10-pessoas-em-caminhao\/#breadcrumb\"},\"inLanguage\":\"pt-BR\",\"potentialAction\":[{\"@type\":\"ReadAction\",\"target\":[\"https:\/\/serrafm879.com.br\/serrafm\/2024\/09\/prf-flagra-transporte-de-10-pessoas-em-caminhao\/\"]}]},{\"@type\":\"ImageObject\",\"inLanguage\":\"pt-BR\",\"@id\":\"https:\/\/serrafm879.com.br\/serrafm\/2024\/09\/prf-flagra-transporte-de-10-pessoas-em-caminhao\/#primaryimage\",\"url\":\"https:\/\/serrafm879.com.br\/serrafm\/wp-content\/uploads\/2024\/09\/Anotacao-2024-09-10-100638.png\",\"contentUrl\":\"https:\/\/serrafm879.com.br\/serrafm\/wp-content\/uploads\/2024\/09\/Anotacao-2024-09-10-100638.png\",\"width\":458,\"height\":356},{\"@type\":\"BreadcrumbList\",\"@id\":\"https:\/\/serrafm879.com.br\/serrafm\/2024\/09\/prf-flagra-transporte-de-10-pessoas-em-caminhao\/#breadcrumb\",\"itemListElement\":[{\"@type\":\"ListItem\",\"position\":1,\"name\":\"In\u00edcio\",\"item\":\"https:\/\/serrafm879.com.br\/serrafm\/\"},{\"@type\":\"ListItem\",\"position\":2,\"name\":\"PRF flagra transporte de 10 pessoas em caminh\u00e3o\"}]},{\"@type\":\"WebSite\",\"@id\":\"https:\/\/serrafm879.com.br\/serrafm\/#website\",\"url\":\"https:\/\/serrafm879.com.br\/serrafm\/\",\"name\":\"Serra FM 87,9\",\"description\":\"O seu novo amor!\",\"potentialAction\":[{\"@type\":\"SearchAction\",\"target\":{\"@type\":\"EntryPoint\",\"urlTemplate\":\"https:\/\/serrafm879.com.br\/serrafm\/?s={search_term_string}\"},\"query-input\":{\"@type\":\"PropertyValueSpecification\",\"valueRequired\":true,\"valueName\":\"search_term_string\"}}],\"inLanguage\":\"pt-BR\"},{\"@type\":\"Person\",\"@id\":\"https:\/\/serrafm879.com.br\/serrafm\/#\/schema\/person\/c028a197030ff8b1c03c68dfba4a787a\",\"name\":\"serrafm87\",\"image\":{\"@type\":\"ImageObject\",\"inLanguage\":\"pt-BR\",\"@id\":\"https:\/\/serrafm879.com.br\/serrafm\/#\/schema\/person\/image\/\",\"url\":\"https:\/\/secure.gravatar.com\/avatar\/a743233f1112d34f48bb3dc9559b76eb930bab8b27175856cba6362608736235?s=96&d=mm&r=g\",\"contentUrl\":\"https:\/\/secure.gravatar.com\/avatar\/a743233f1112d34f48bb3dc9559b76eb930bab8b27175856cba6362608736235?s=96&d=mm&r=g\",\"caption\":\"serrafm87\"},\"sameAs\":[\"http:\/\/serrafm879.com.br\/\"],\"url\":\"https:\/\/serrafm879.com.br\/serrafm\/author\/serrafm87\/\"}]}<\/script>\n<!-- \/ Yoast SEO plugin. -->","yoast_head_json":{"title":"PRF flagra transporte de 10 pessoas em caminh\u00e3o - Serra FM 87,9","description":"Um motorista de um caminh\u00e3o que transportava dez trabalhadores na carroceria do ve\u00edculo foi autuado, na segunda-feira (9).","robots":{"index":"index","follow":"follow","max-snippet":"max-snippet:-1","max-image-preview":"max-image-preview:large","max-video-preview":"max-video-preview:-1"},"canonical":"https:\/\/serrafm879.com.br\/serrafm\/2024\/09\/prf-flagra-transporte-de-10-pessoas-em-caminhao\/","og_locale":"pt_BR","og_type":"article","og_title":"PRF flagra transporte de 10 pessoas em caminh\u00e3o - Serra FM 87,9","og_description":"Um motorista de um caminh\u00e3o que transportava dez trabalhadores na carroceria do ve\u00edculo foi autuado, na segunda-feira (9).","og_url":"https:\/\/serrafm879.com.br\/serrafm\/2024\/09\/prf-flagra-transporte-de-10-pessoas-em-caminhao\/","og_site_name":"Serra FM 87,9","article_published_time":"2024-09-10T13:07:28+00:00","og_image":[{"width":458,"height":356,"url":"https:\/\/serrafm879.com.br\/serrafm\/wp-content\/uploads\/2024\/09\/Anotacao-2024-09-10-100638.png","type":"image\/png"}],"author":"serrafm87","twitter_card":"summary_large_image","twitter_misc":{"Escrito por":"serrafm87","Est. tempo de leitura":"1 minuto"},"schema":{"@context":"https:\/\/schema.org","@graph":[{"@type":"WebPage","@id":"https:\/\/serrafm879.com.br\/serrafm\/2024\/09\/prf-flagra-transporte-de-10-pessoas-em-caminhao\/","url":"https:\/\/serrafm879.com.br\/serrafm\/2024\/09\/prf-flagra-transporte-de-10-pessoas-em-caminhao\/","name":"PRF flagra transporte de 10 pessoas em caminh\u00e3o - Serra FM 87,9","isPartOf":{"@id":"https:\/\/serrafm879.com.br\/serrafm\/#website"},"primaryImageOfPage":{"@id":"https:\/\/serrafm879.com.br\/serrafm\/2024\/09\/prf-flagra-transporte-de-10-pessoas-em-caminhao\/#primaryimage"},"image":{"@id":"https:\/\/serrafm879.com.br\/serrafm\/2024\/09\/prf-flagra-transporte-de-10-pessoas-em-caminhao\/#primaryimage"},"thumbnailUrl":"https:\/\/serrafm879.com.br\/serrafm\/wp-content\/uploads\/2024\/09\/Anotacao-2024-09-10-100638.png","datePublished":"2024-09-10T13:07:28+00:00","author":{"@id":"https:\/\/serrafm879.com.br\/serrafm\/#\/schema\/person\/c028a197030ff8b1c03c68dfba4a787a"},"description":"Um motorista de um caminh\u00e3o que transportava dez trabalhadores na carroceria do ve\u00edculo foi autuado, na segunda-feira (9).","breadcrumb":{"@id":"https:\/\/serrafm879.com.br\/serrafm\/2024\/09\/prf-flagra-transporte-de-10-pessoas-em-caminhao\/#breadcrumb"},"inLanguage":"pt-BR","potentialAction":[{"@type":"ReadAction","target":["https:\/\/serrafm879.com.br\/serrafm\/2024\/09\/prf-flagra-transporte-de-10-pessoas-em-caminhao\/"]}]},{"@type":"ImageObject","inLanguage":"pt-BR","@id":"https:\/\/serrafm879.com.br\/serrafm\/2024\/09\/prf-flagra-transporte-de-10-pessoas-em-caminhao\/#primaryimage","url":"https:\/\/serrafm879.com.br\/serrafm\/wp-content\/uploads\/2024\/09\/Anotacao-2024-09-10-100638.png","contentUrl":"https:\/\/serrafm879.com.br\/serrafm\/wp-content\/uploads\/2024\/09\/Anotacao-2024-09-10-100638.png","width":458,"height":356},{"@type":"BreadcrumbList","@id":"https:\/\/serrafm879.com.br\/serrafm\/2024\/09\/prf-flagra-transporte-de-10-pessoas-em-caminhao\/#breadcrumb","itemListElement":[{"@type":"ListItem","position":1,"name":"In\u00edcio","item":"https:\/\/serrafm879.com.br\/serrafm\/"},{"@type":"ListItem","position":2,"name":"PRF flagra transporte de 10 pessoas em caminh\u00e3o"}]},{"@type":"WebSite","@id":"https:\/\/serrafm879.com.br\/serrafm\/#website","url":"https:\/\/serrafm879.com.br\/serrafm\/","name":"Serra FM 87,9","description":"O seu novo amor!","potentialAction":[{"@type":"SearchAction","target":{"@type":"EntryPoint","urlTemplate":"https:\/\/serrafm879.com.br\/serrafm\/?s={search_term_string}"},"query-input":{"@type":"PropertyValueSpecification","valueRequired":true,"valueName":"search_term_string"}}],"inLanguage":"pt-BR"},{"@type":"Person","@id":"https:\/\/serrafm879.com.br\/serrafm\/#\/schema\/person\/c028a197030ff8b1c03c68dfba4a787a","name":"serrafm87","image":{"@type":"ImageObject","inLanguage":"pt-BR","@id":"https:\/\/serrafm879.com.br\/serrafm\/#\/schema\/person\/image\/","url":"https:\/\/secure.gravatar.com\/avatar\/a743233f1112d34f48bb3dc9559b76eb930bab8b27175856cba6362608736235?s=96&d=mm&r=g","contentUrl":"https:\/\/secure.gravatar.com\/avatar\/a743233f1112d34f48bb3dc9559b76eb930bab8b27175856cba6362608736235?s=96&d=mm&r=g","caption":"serrafm87"},"sameAs":["http:\/\/serrafm879.com.br\/"],"url":"https:\/\/serrafm879.com.br\/serrafm\/author\/serrafm87\/"}]}},"jetpack_featured_media_url":"https:\/\/serrafm879.com.br\/serrafm\/wp-content\/uploads\/2024\/09\/Anotacao-2024-09-10-100638.png","jetpack_shortlink":"https:\/\/wp.me\/p7HyXg-4BE","jetpack_sharing_enabled":true,"_links":{"self":[{"href":"https:\/\/serrafm879.com.br\/serrafm\/wp-json\/wp\/v2\/posts\/17710","targetHints":{"allow":["GET"]}}],"collection":[{"href":"https:\/\/serrafm879.com.br\/serrafm\/wp-json\/wp\/v2\/posts"}],"about":[{"href":"https:\/\/serrafm879.com.br\/serrafm\/wp-json\/wp\/v2\/types\/post"}],"author":[{"embeddable":true,"href":"https:\/\/serrafm879.com.br\/serrafm\/wp-json\/wp\/v2\/users\/2"}],"replies":[{"embeddable":true,"href":"https:\/\/serrafm879.com.br\/serrafm\/wp-json\/wp\/v2\/comments?post=17710"}],"version-history":[{"count":1,"href":"https:\/\/serrafm879.com.br\/serrafm\/wp-json\/wp\/v2\/posts\/17710\/revisions"}],"predecessor-version":[{"id":17712,"href":"https:\/\/serrafm879.com.br\/serrafm\/wp-json\/wp\/v2\/posts\/17710\/revisions\/17712"}],"wp:featuredmedia":[{"embeddable":true,"href":"https:\/\/serrafm879.com.br\/serrafm\/wp-json\/wp\/v2\/media\/17711"}],"wp:attachment":[{"href":"https:\/\/serrafm879.com.br\/serrafm\/wp-json\/wp\/v2\/media?parent=17710"}],"wp:term":[{"taxonomy":"category","embeddable":true,"href":"https:\/\/serrafm879.com.br\/serrafm\/wp-json\/wp\/v2\/categories?post=17710"},{"taxonomy":"post_tag","embeddable":true,"href":"https:\/\/serrafm879.com.br\/serrafm\/wp-json\/wp\/v2\/tags?post=17710"}],"curies":[{"name":"wp","href":"https:\/\/api.w.org\/{rel}","templated":true}]}}